{"id":3500,"date":"2017-04-13T12:34:27","date_gmt":"2017-04-13T12:34:27","guid":{"rendered":"http:\/\/vientosur.top\/museo\/\/?p=3500"},"modified":"2017-04-13T12:34:27","modified_gmt":"2017-04-13T12:34:27","slug":"isabel-parra-y-la-fundacion-victor-jara-recibiran-el-premio-barnasants-2017","status":"publish","type":"post","link":"http:\/\/vientosur.top\/museo\/isabel-parra-y-la-fundacion-victor-jara-recibiran-el-premio-barnasants-2017\/","title":{"rendered":"Isabel Parra recibir\u00e1 el Premio BarnaSants 2017"},"content":{"rendered":"<p>El mi\u00e9rcoles 12 de abril, en conferencia de prensa en la sede de la Sociedad General de Autores y Editores (SGAE) en Barcelona; el director del Festival BarnaSants, Pere Camps, ha anunciado que\u00a0la cantautora chilena Isabel Parra y la Fundaci\u00f3n V\u00edctor Jara recibir\u00e1n el Premio Barnasants a la trayectoria art\u00edstica 2017 y el Premio Barnasants al activismo cultural 2017, respectivamente.<\/p>\n<p>&nbsp;<\/p>\n<p>&nbsp;<\/p>\n<p>El Premio Barnasants a la trayectoria art\u00edstica se entrega este a\u00f1o a Isabel Parra, hija de Violeta Parra y una de las principales representantes de la Nueva Canci\u00f3n Chilena. Cantautora e int\u00e9rprete, Parra es principal responsable de la difusi\u00f3n del legado de su madre a trav\u00e9s de la Fundaci\u00f3n Violeta Parra. Adem\u00e1s, su trayectoria habla por s\u00ed sola y tiene una fruct\u00edfera discograf\u00eda que incluye m\u00e1s de una veintena de discos como solista a los que hay que sumar los que public\u00f3 junto a su hermano \u00c1ngel Parra (1943-2017), as\u00ed como los \u00e1lbumes con los que ha colaborado con otros artistas.<\/p>\n<p>&nbsp;<\/p>\n<p>Hasta el momento, han recibido el Premio Barnasants a la trayectoria art\u00edstica <a href=\"http:\/\/www.cancioneros.com\/aa\/604\/0\/canciones-de-roberto-vecchioni\">Roberto Vecchioni<\/a> (2010), <a href=\"http:\/\/www.cancioneros.com\/ct\/13\/0\/raimon\">Raimon<\/a> (2011), <a href=\"http:\/\/www.cancioneros.com\/ct\/28\/0\/daniel-viglietti\">Daniel Viglietti<\/a> (2012); <a href=\"http:\/\/www.cancioneros.com\/aa\/294\/0\/canciones-de-francesc-pi-de-la-serra\">Francesc Pi de la Serra<\/a> (2013), Silvio Rodr\u00edguez (2014), Maria del Mar Bonet (2015) y Luis Eduardo Aute (2016).<\/p>\n<p>&nbsp;<\/p>\n<p>Por otra parte, el Premio Barnasants al activismo cultural ha sido para la Fundaci\u00f3n V\u00edctor Jara, en reconocimiento al valor incuestionable de su tarea que pretende recuperar, conservar y difundir el legado art\u00edstico de V\u00edctor Jara.<\/p>\n<p>&nbsp;<\/p>\n<p>El <em>Premio activismo cultural BarnaSants<\/em> fue creado en 2010 para dar visibilidad y reconocimiento a iniciativas comprometidas con la cultura en general y la canci\u00f3n de autor en particular. Han recibido este premio El Club Tenco de Sanremo (2010); Antonio Franco Estadella (2011); <a href=\"http:\/\/www.cancioneros.com\/aa\/224\/0\/canciones-de-victor-casaus\">V\u00edctor Casaus<\/a>, como director del Centro Pablo de la Torriente Brau de Cuba (2012); Joan Manuel Parisi, director de las Cotxeres de Sants \u2014lugar donde naci\u00f3 el BarnaSants\u2014 (2013); Fernando Gonz\u00e1lez Lucini (2014); Josep Llu\u00eds Marc\u00e8 (2015) y el Colectivo Ovidi Montllor (2016).<\/p>\n","protected":false},"excerpt":{"rendered":"<p>El mi\u00e9rcoles 12 de abril, en conferencia de prensa en la sede de la Sociedad General de Autores y Editores (SGAE) en Barcelona; el director del Festival BarnaSants, Pere Camps, ha anunciado que\u00a0la cantautora chilena Isabel Parra y la Fundaci\u00f3n V\u00edctor Jara recibir\u00e1n el Premio Barnasants a la trayectoria art\u00edstica 2017 y el Premio Barnasants [&hellip;]<\/p>\n","protected":false},"author":5,"featured_media":3501,"comment_status":"open","ping_status":"open","sticky":false,"template":"","format":"standard","meta":{"site-sidebar-layout":"default","site-content-layout":"","ast-site-content-layout":"default","site-content-style":"default","site-sidebar-style":"default","ast-global-header-display":"","ast-banner-title-visibility":"","ast-main-header-display":"","ast-hfb-above-header-display":"","ast-hfb-below-header-display":"","ast-hfb-mobile-header-display":"","site-post-title":"","ast-breadcrumbs-content":"","ast-featured-img":"","footer-sml-layout":"","theme-transparent-header-meta":"","adv-header-id-meta":"","stick-header-meta":"","header-above-stick-meta":"","header-main-stick-meta":"","header-below-stick-meta":"","astra-migrate-meta-layouts":"default","ast-page-background-enabled":"default","ast-page-background-meta":{"desktop":{"background-color":"var(--ast-global-color-4)","background-image":"","background-repeat":"repeat","background-position":"center center","background-size":"auto","background-attachment":"scroll","background-type":"","background-media":"","overlay-type":"","overlay-color":"","overlay-opacity":"","overlay-gradient":""},"tablet":{"background-color":"","background-image":"","background-repeat":"repeat","background-position":"center center","background-size":"auto","background-attachment":"scroll","background-type":"","background-media":"","overlay-type":"","overlay-color":"","overlay-opacity":"","overlay-gradient":""},"mobile":{"background-color":"","background-image":"","background-repeat":"repeat","background-position":"center center","background-size":"auto","background-attachment":"scroll","background-type":"","background-media":"","overlay-type":"","overlay-color":"","overlay-opacity":"","overlay-gradient":""}},"ast-content-background-meta":{"desktop":{"background-color":"var(--ast-global-color-5)","background-image":"","background-repeat":"repeat","background-position":"center center","background-size":"auto","background-attachment":"scroll","background-type":"","background-media":"","overlay-type":"","overlay-color":"","overlay-opacity":"","overlay-gradient":""},"tablet":{"background-color":"var(--ast-global-color-5)","background-image":"","background-repeat":"repeat","background-position":"center center","background-size":"auto","background-attachment":"scroll","background-type":"","background-media":"","overlay-type":"","overlay-color":"","overlay-opacity":"","overlay-gradient":""},"mobile":{"background-color":"var(--ast-global-color-5)","background-image":"","background-repeat":"repeat","background-position":"center center","background-size":"auto","background-attachment":"scroll","background-type":"","background-media":"","overlay-type":"","overlay-color":"","overlay-opacity":"","overlay-gradient":""}},"footnotes":""},"categories":[59,8,61],"tags":[],"class_list":["post-3500","post","type-post","status-publish","format-standard","has-post-thumbnail","hentry","category-destacado-noticia","category-noticias","category-novedades"],"yoast_head":"<!-- This site is optimized with the Yoast SEO plugin v25.4 - https:\/\/yoast.com\/wordpress\/plugins\/seo\/ -->\n<title>Isabel Parra recibir\u00e1 el Premio BarnaSants 2017 - Museo Violeta Parra<\/title>\n<meta name=\"robots\" content=\"index, follow, max-snippet:-1, max-image-preview:large, max-video-preview:-1\" \/>\n<link rel=\"canonical\" href=\"http:\/\/vientosur.top\/museo\/isabel-parra-y-la-fundacion-victor-jara-recibiran-el-premio-barnasants-2017\/\" \/>\n<meta property=\"og:locale\" content=\"es_ES\" \/>\n<meta property=\"og:type\" content=\"article\" \/>\n<meta property=\"og:title\" content=\"Isabel Parra recibir\u00e1 el Premio BarnaSants 2017 - Museo Violeta Parra\" \/>\n<meta property=\"og:description\" content=\"El mi\u00e9rcoles 12 de abril, en conferencia de prensa en la sede de la Sociedad General de Autores y Editores (SGAE) en Barcelona; el director del Festival BarnaSants, Pere Camps, ha anunciado que\u00a0la cantautora chilena Isabel Parra y la Fundaci\u00f3n V\u00edctor Jara recibir\u00e1n el Premio Barnasants a la trayectoria art\u00edstica 2017 y el Premio Barnasants [&hellip;]\" \/>\n<meta property=\"og:url\" content=\"http:\/\/vientosur.top\/museo\/isabel-parra-y-la-fundacion-victor-jara-recibiran-el-premio-barnasants-2017\/\" \/>\n<meta property=\"og:site_name\" content=\"Museo Violeta Parra\" \/>\n<meta property=\"article:published_time\" content=\"2017-04-13T12:34:27+00:00\" \/>\n<meta property=\"og:image\" content=\"http:\/\/vientosur.top\/museo\/wp-content\/uploads\/2017\/04\/isabelparra.png\" \/>\n\t<meta property=\"og:image:width\" content=\"1200\" \/>\n\t<meta property=\"og:image:height\" content=\"632\" \/>\n\t<meta property=\"og:image:type\" content=\"image\/png\" \/>\n<meta name=\"author\" content=\"admin\" \/>\n<meta name=\"twitter:card\" content=\"summary_large_image\" \/>\n<meta name=\"twitter:label1\" content=\"Escrito por\" \/>\n\t<meta name=\"twitter:data1\" content=\"admin\" \/>\n\t<meta name=\"twitter:label2\" content=\"Tiempo de lectura\" \/>\n\t<meta name=\"twitter:data2\" content=\"2 minutos\" \/>\n<script type=\"application\/ld+json\" class=\"yoast-schema-graph\">{\"@context\":\"https:\/\/schema.org\",\"@graph\":[{\"@type\":\"WebPage\",\"@id\":\"http:\/\/vientosur.top\/museo\/isabel-parra-y-la-fundacion-victor-jara-recibiran-el-premio-barnasants-2017\/\",\"url\":\"http:\/\/vientosur.top\/museo\/isabel-parra-y-la-fundacion-victor-jara-recibiran-el-premio-barnasants-2017\/\",\"name\":\"Isabel Parra recibir\u00e1 el Premio BarnaSants 2017 - Museo Violeta Parra\",\"isPartOf\":{\"@id\":\"http:\/\/vientosur.top\/museo\/#website\"},\"primaryImageOfPage\":{\"@id\":\"http:\/\/vientosur.top\/museo\/isabel-parra-y-la-fundacion-victor-jara-recibiran-el-premio-barnasants-2017\/#primaryimage\"},\"image\":{\"@id\":\"http:\/\/vientosur.top\/museo\/isabel-parra-y-la-fundacion-victor-jara-recibiran-el-premio-barnasants-2017\/#primaryimage\"},\"thumbnailUrl\":\"http:\/\/vientosur.top\/museo\/wp-content\/uploads\/2017\/04\/isabelparra.png\",\"datePublished\":\"2017-04-13T12:34:27+00:00\",\"author\":{\"@id\":\"http:\/\/vientosur.top\/museo\/#\/schema\/person\/20c79d3c38800971feec8c2693c3dd9c\"},\"breadcrumb\":{\"@id\":\"http:\/\/vientosur.top\/museo\/isabel-parra-y-la-fundacion-victor-jara-recibiran-el-premio-barnasants-2017\/#breadcrumb\"},\"inLanguage\":\"es\",\"potentialAction\":[{\"@type\":\"ReadAction\",\"target\":[\"http:\/\/vientosur.top\/museo\/isabel-parra-y-la-fundacion-victor-jara-recibiran-el-premio-barnasants-2017\/\"]}]},{\"@type\":\"ImageObject\",\"inLanguage\":\"es\",\"@id\":\"http:\/\/vientosur.top\/museo\/isabel-parra-y-la-fundacion-victor-jara-recibiran-el-premio-barnasants-2017\/#primaryimage\",\"url\":\"http:\/\/vientosur.top\/museo\/wp-content\/uploads\/2017\/04\/isabelparra.png\",\"contentUrl\":\"http:\/\/vientosur.top\/museo\/wp-content\/uploads\/2017\/04\/isabelparra.png\",\"width\":1200,\"height\":632},{\"@type\":\"BreadcrumbList\",\"@id\":\"http:\/\/vientosur.top\/museo\/isabel-parra-y-la-fundacion-victor-jara-recibiran-el-premio-barnasants-2017\/#breadcrumb\",\"itemListElement\":[{\"@type\":\"ListItem\",\"position\":1,\"name\":\"Portada\",\"item\":\"http:\/\/vientosur.top\/museo\/\"},{\"@type\":\"ListItem\",\"position\":2,\"name\":\"Isabel Parra recibir\u00e1 el Premio BarnaSants 2017\"}]},{\"@type\":\"WebSite\",\"@id\":\"http:\/\/vientosur.top\/museo\/#website\",\"url\":\"http:\/\/vientosur.top\/museo\/\",\"name\":\"Museo Violeta Parra\",\"description\":\"Espacio que alberga tanto la memoria y legado creativo de la artista\",\"potentialAction\":[{\"@type\":\"SearchAction\",\"target\":{\"@type\":\"EntryPoint\",\"urlTemplate\":\"http:\/\/vientosur.top\/museo\/?s={search_term_string}\"},\"query-input\":{\"@type\":\"PropertyValueSpecification\",\"valueRequired\":true,\"valueName\":\"search_term_string\"}}],\"inLanguage\":\"es\"},{\"@type\":\"Person\",\"@id\":\"http:\/\/vientosur.top\/museo\/#\/schema\/person\/20c79d3c38800971feec8c2693c3dd9c\",\"name\":\"admin\",\"image\":{\"@type\":\"ImageObject\",\"inLanguage\":\"es\",\"@id\":\"http:\/\/vientosur.top\/museo\/#\/schema\/person\/image\/\",\"url\":\"https:\/\/secure.gravatar.com\/avatar\/713677ece3ffa642287213a80e5b773bce9ab81c269dd6d95102a990951c922f?s=96&d=mm&r=g\",\"contentUrl\":\"https:\/\/secure.gravatar.com\/avatar\/713677ece3ffa642287213a80e5b773bce9ab81c269dd6d95102a990951c922f?s=96&d=mm&r=g\",\"caption\":\"admin\"},\"sameAs\":[\"http:\/\/vientosur.top\/museo\"],\"url\":\"http:\/\/vientosur.top\/museo\/author\/comunicacionesmvp\/\"}]}<\/script>\n<!-- \/ Yoast SEO plugin. -->","yoast_head_json":{"title":"Isabel Parra recibir\u00e1 el Premio BarnaSants 2017 - Museo Violeta Parra","robots":{"index":"index","follow":"follow","max-snippet":"max-snippet:-1","max-image-preview":"max-image-preview:large","max-video-preview":"max-video-preview:-1"},"canonical":"http:\/\/vientosur.top\/museo\/isabel-parra-y-la-fundacion-victor-jara-recibiran-el-premio-barnasants-2017\/","og_locale":"es_ES","og_type":"article","og_title":"Isabel Parra recibir\u00e1 el Premio BarnaSants 2017 - Museo Violeta Parra","og_description":"El mi\u00e9rcoles 12 de abril, en conferencia de prensa en la sede de la Sociedad General de Autores y Editores (SGAE) en Barcelona; el director del Festival BarnaSants, Pere Camps, ha anunciado que\u00a0la cantautora chilena Isabel Parra y la Fundaci\u00f3n V\u00edctor Jara recibir\u00e1n el Premio Barnasants a la trayectoria art\u00edstica 2017 y el Premio Barnasants [&hellip;]","og_url":"http:\/\/vientosur.top\/museo\/isabel-parra-y-la-fundacion-victor-jara-recibiran-el-premio-barnasants-2017\/","og_site_name":"Museo Violeta Parra","article_published_time":"2017-04-13T12:34:27+00:00","og_image":[{"width":1200,"height":632,"url":"http:\/\/vientosur.top\/museo\/wp-content\/uploads\/2017\/04\/isabelparra.png","type":"image\/png"}],"author":"admin","twitter_card":"summary_large_image","twitter_misc":{"Escrito por":"admin","Tiempo de lectura":"2 minutos"},"schema":{"@context":"https:\/\/schema.org","@graph":[{"@type":"WebPage","@id":"http:\/\/vientosur.top\/museo\/isabel-parra-y-la-fundacion-victor-jara-recibiran-el-premio-barnasants-2017\/","url":"http:\/\/vientosur.top\/museo\/isabel-parra-y-la-fundacion-victor-jara-recibiran-el-premio-barnasants-2017\/","name":"Isabel Parra recibir\u00e1 el Premio BarnaSants 2017 - Museo Violeta Parra","isPartOf":{"@id":"http:\/\/vientosur.top\/museo\/#website"},"primaryImageOfPage":{"@id":"http:\/\/vientosur.top\/museo\/isabel-parra-y-la-fundacion-victor-jara-recibiran-el-premio-barnasants-2017\/#primaryimage"},"image":{"@id":"http:\/\/vientosur.top\/museo\/isabel-parra-y-la-fundacion-victor-jara-recibiran-el-premio-barnasants-2017\/#primaryimage"},"thumbnailUrl":"http:\/\/vientosur.top\/museo\/wp-content\/uploads\/2017\/04\/isabelparra.png","datePublished":"2017-04-13T12:34:27+00:00","author":{"@id":"http:\/\/vientosur.top\/museo\/#\/schema\/person\/20c79d3c38800971feec8c2693c3dd9c"},"breadcrumb":{"@id":"http:\/\/vientosur.top\/museo\/isabel-parra-y-la-fundacion-victor-jara-recibiran-el-premio-barnasants-2017\/#breadcrumb"},"inLanguage":"es","potentialAction":[{"@type":"ReadAction","target":["http:\/\/vientosur.top\/museo\/isabel-parra-y-la-fundacion-victor-jara-recibiran-el-premio-barnasants-2017\/"]}]},{"@type":"ImageObject","inLanguage":"es","@id":"http:\/\/vientosur.top\/museo\/isabel-parra-y-la-fundacion-victor-jara-recibiran-el-premio-barnasants-2017\/#primaryimage","url":"http:\/\/vientosur.top\/museo\/wp-content\/uploads\/2017\/04\/isabelparra.png","contentUrl":"http:\/\/vientosur.top\/museo\/wp-content\/uploads\/2017\/04\/isabelparra.png","width":1200,"height":632},{"@type":"BreadcrumbList","@id":"http:\/\/vientosur.top\/museo\/isabel-parra-y-la-fundacion-victor-jara-recibiran-el-premio-barnasants-2017\/#breadcrumb","itemListElement":[{"@type":"ListItem","position":1,"name":"Portada","item":"http:\/\/vientosur.top\/museo\/"},{"@type":"ListItem","position":2,"name":"Isabel Parra recibir\u00e1 el Premio BarnaSants 2017"}]},{"@type":"WebSite","@id":"http:\/\/vientosur.top\/museo\/#website","url":"http:\/\/vientosur.top\/museo\/","name":"Museo Violeta Parra","description":"Espacio que alberga tanto la memoria y legado creativo de la artista","potentialAction":[{"@type":"SearchAction","target":{"@type":"EntryPoint","urlTemplate":"http:\/\/vientosur.top\/museo\/?s={search_term_string}"},"query-input":{"@type":"PropertyValueSpecification","valueRequired":true,"valueName":"search_term_string"}}],"inLanguage":"es"},{"@type":"Person","@id":"http:\/\/vientosur.top\/museo\/#\/schema\/person\/20c79d3c38800971feec8c2693c3dd9c","name":"admin","image":{"@type":"ImageObject","inLanguage":"es","@id":"http:\/\/vientosur.top\/museo\/#\/schema\/person\/image\/","url":"https:\/\/secure.gravatar.com\/avatar\/713677ece3ffa642287213a80e5b773bce9ab81c269dd6d95102a990951c922f?s=96&d=mm&r=g","contentUrl":"https:\/\/secure.gravatar.com\/avatar\/713677ece3ffa642287213a80e5b773bce9ab81c269dd6d95102a990951c922f?s=96&d=mm&r=g","caption":"admin"},"sameAs":["http:\/\/vientosur.top\/museo"],"url":"http:\/\/vientosur.top\/museo\/author\/comunicacionesmvp\/"}]}},"_links":{"self":[{"href":"http:\/\/vientosur.top\/museo\/wp-json\/wp\/v2\/posts\/3500","targetHints":{"allow":["GET"]}}],"collection":[{"href":"http:\/\/vientosur.top\/museo\/wp-json\/wp\/v2\/posts"}],"about":[{"href":"http:\/\/vientosur.top\/museo\/wp-json\/wp\/v2\/types\/post"}],"author":[{"embeddable":true,"href":"http:\/\/vientosur.top\/museo\/wp-json\/wp\/v2\/users\/5"}],"replies":[{"embeddable":true,"href":"http:\/\/vientosur.top\/museo\/wp-json\/wp\/v2\/comments?post=3500"}],"version-history":[{"count":0,"href":"http:\/\/vientosur.top\/museo\/wp-json\/wp\/v2\/posts\/3500\/revisions"}],"wp:featuredmedia":[{"embeddable":true,"href":"http:\/\/vientosur.top\/museo\/wp-json\/wp\/v2\/media\/3501"}],"wp:attachment":[{"href":"http:\/\/vientosur.top\/museo\/wp-json\/wp\/v2\/media?parent=3500"}],"wp:term":[{"taxonomy":"category","embeddable":true,"href":"http:\/\/vientosur.top\/museo\/wp-json\/wp\/v2\/categories?post=3500"},{"taxonomy":"post_tag","embeddable":true,"href":"http:\/\/vientosur.top\/museo\/wp-json\/wp\/v2\/tags?post=3500"}],"curies":[{"name":"wp","href":"https:\/\/api.w.org\/{rel}","templated":true}]}}