{"id":3506,"date":"2017-04-13T13:04:05","date_gmt":"2017-04-13T13:04:05","guid":{"rendered":"http:\/\/vientosur.top\/museo\/\/?p=3506"},"modified":"2017-04-13T13:04:05","modified_gmt":"2017-04-13T13:04:05","slug":"la-maleta-de-violeta-visito-tres-escuelas-en-san-fabian-de-alico-tierra-natal-de-la-artista","status":"publish","type":"post","link":"http:\/\/vientosur.top\/museo\/la-maleta-de-violeta-visito-tres-escuelas-en-san-fabian-de-alico-tierra-natal-de-la-artista\/","title":{"rendered":"\u201cLa Maleta de Violeta\u201d visit\u00f3 tres escuelas en San Fabi\u00e1n de Alico, tierra natal de la artista"},"content":{"rendered":"<p><strong>\u00a0<\/strong>El lunes 10 y martes 11 de abril arrib\u00f3 por primera vez el equipo de educaci\u00f3n del Museo Violeta Parra a la comuna de San Fabi\u00e1n de Alico, tierra natal de cantautora nacida el 4 de octubre de 1917, con el objetivo de mostrar la exposici\u00f3n itinerante \u201cLa Maleta de Violeta\u201d. Esta visita cont\u00f3 con el apoyo de la Ilustre Municipalidad de San Fabi\u00e1n de Alico y el Comit\u00e9 de Cultura Nido de Parras.<\/p>\n<p>&nbsp;<\/p>\n<p>El Liceo Jorge Alessandri Rodr\u00edguez y las escuelas b\u00e1sicas Paso Ancho y Trabuncura fueron part\u00edcipes de este evento cultural que permiti\u00f3 conocer con mayor profundidad la vida y obra de la artista. Adem\u00e1s, los profesionales realizaron una presentaci\u00f3n en la sede comunitaria ubicada en la calle 21 de Mayo. La maleta, fabricada en madera y cuero, contiene elementos visuales, t\u00e1ctiles y sonoros, que exponen de manera did\u00e1ctica los acontecimientos relacionados a Violeta Parra.<\/p>\n<p>&nbsp;<\/p>\n<p>\u201cPara nosotros fue una experiencia muy importante y valiosa porque valid\u00f3 el esp\u00edritu del proyecto, que tiene por esencia un enfoque social. Tuvimos un contacto s\u00faper cercano y enriquecedor con la comunidad de San Fabi\u00e1n, quienes se mostraron muy interesados por conocer la vida y obra de Violeta\u201d, explica Esteban Torres, Jefe del \u00e1rea de Educaci\u00f3n, Mediaci\u00f3n y Audiencias del Museo Violeta Parra.<\/p>\n<p>&nbsp;<\/p>\n<p>Como parte de la conmemoraci\u00f3n de los 100 a\u00f1os del nacimiento de Violeta, la maleta recorrer\u00e1 durante este a\u00f1o ocho ciudades de Chile gracias al financiamiento del Consejo Nacional de la Cultura y las Artes. Este proyecto visit\u00f3 cinco establecimientos en 2016, ubicados en las regiones Metropolitana, de Valpara\u00edso y del Libertador Bernardo O\u2019Higgins.<\/p>\n<p>&nbsp;<\/p>\n<p><strong><a href=\"https:\/\/www.facebook.com\/pg\/MuseoVioletaParra\/photos\/?tab=album&amp;album_id=1913717662204979\" target=\"_blank\" rel=\"noopener noreferrer\">Ver galer\u00eda de im\u00e1genes\u00a0<\/a><\/strong><\/p>\n<p>&nbsp;<\/p>\n","protected":false},"excerpt":{"rendered":"<p>\u00a0El lunes 10 y martes 11 de abril arrib\u00f3 por primera vez el equipo de educaci\u00f3n del Museo Violeta Parra a la comuna de San Fabi\u00e1n de Alico, tierra natal de cantautora nacida el 4 de octubre de 1917, con el objetivo de mostrar la exposici\u00f3n itinerante \u201cLa Maleta de Violeta\u201d. Esta visita cont\u00f3 con [&hellip;]<\/p>\n","protected":false},"author":5,"featured_media":3507,"comment_status":"open","ping_status":"open","sticky":false,"template":"","format":"standard","meta":{"site-sidebar-layout":"default","site-content-layout":"","ast-site-content-layout":"default","site-content-style":"default","site-sidebar-style":"default","ast-global-header-display":"","ast-banner-title-visibility":"","ast-main-header-display":"","ast-hfb-above-header-display":"","ast-hfb-below-header-display":"","ast-hfb-mobile-header-display":"","site-post-title":"","ast-breadcrumbs-content":"","ast-featured-img":"","footer-sml-layout":"","theme-transparent-header-meta":"","adv-header-id-meta":"","stick-header-meta":"","header-above-stick-meta":"","header-main-stick-meta":"","header-below-stick-meta":"","astra-migrate-meta-layouts":"default","ast-page-background-enabled":"default","ast-page-background-meta":{"desktop":{"background-color":"var(--ast-global-color-4)","background-image":"","background-repeat":"repeat","background-position":"center center","background-size":"auto","background-attachment":"scroll","background-type":"","background-media":"","overlay-type":"","overlay-color":"","overlay-opacity":"","overlay-gradient":""},"tablet":{"background-color":"","background-image":"","background-repeat":"repeat","background-position":"center center","background-size":"auto","background-attachment":"scroll","background-type":"","background-media":"","overlay-type":"","overlay-color":"","overlay-opacity":"","overlay-gradient":""},"mobile":{"background-color":"","background-image":"","background-repeat":"repeat","background-position":"center center","background-size":"auto","background-attachment":"scroll","background-type":"","background-media":"","overlay-type":"","overlay-color":"","overlay-opacity":"","overlay-gradient":""}},"ast-content-background-meta":{"desktop":{"background-color":"var(--ast-global-color-5)","background-image":"","background-repeat":"repeat","background-position":"center center","background-size":"auto","background-attachment":"scroll","background-type":"","background-media":"","overlay-type":"","overlay-color":"","overlay-opacity":"","overlay-gradient":""},"tablet":{"background-color":"var(--ast-global-color-5)","background-image":"","background-repeat":"repeat","background-position":"center center","background-size":"auto","background-attachment":"scroll","background-type":"","background-media":"","overlay-type":"","overlay-color":"","overlay-opacity":"","overlay-gradient":""},"mobile":{"background-color":"var(--ast-global-color-5)","background-image":"","background-repeat":"repeat","background-position":"center center","background-size":"auto","background-attachment":"scroll","background-type":"","background-media":"","overlay-type":"","overlay-color":"","overlay-opacity":"","overlay-gradient":""}},"footnotes":""},"categories":[59,8,61],"tags":[],"class_list":["post-3506","post","type-post","status-publish","format-standard","has-post-thumbnail","hentry","category-destacado-noticia","category-noticias","category-novedades"],"yoast_head":"<!-- This site is optimized with the Yoast SEO plugin v25.4 - https:\/\/yoast.com\/wordpress\/plugins\/seo\/ -->\n<title>\u201cLa Maleta de Violeta\u201d visit\u00f3 tres escuelas en San Fabi\u00e1n de Alico, tierra natal de la artista - Museo Violeta Parra<\/title>\n<meta name=\"robots\" content=\"index, follow, max-snippet:-1, max-image-preview:large, max-video-preview:-1\" \/>\n<link rel=\"canonical\" href=\"http:\/\/vientosur.top\/museo\/la-maleta-de-violeta-visito-tres-escuelas-en-san-fabian-de-alico-tierra-natal-de-la-artista\/\" \/>\n<meta property=\"og:locale\" content=\"es_ES\" \/>\n<meta property=\"og:type\" content=\"article\" \/>\n<meta property=\"og:title\" content=\"\u201cLa Maleta de Violeta\u201d visit\u00f3 tres escuelas en San Fabi\u00e1n de Alico, tierra natal de la artista - Museo Violeta Parra\" \/>\n<meta property=\"og:description\" content=\"\u00a0El lunes 10 y martes 11 de abril arrib\u00f3 por primera vez el equipo de educaci\u00f3n del Museo Violeta Parra a la comuna de San Fabi\u00e1n de Alico, tierra natal de cantautora nacida el 4 de octubre de 1917, con el objetivo de mostrar la exposici\u00f3n itinerante \u201cLa Maleta de Violeta\u201d. Esta visita cont\u00f3 con [&hellip;]\" \/>\n<meta property=\"og:url\" content=\"http:\/\/vientosur.top\/museo\/la-maleta-de-violeta-visito-tres-escuelas-en-san-fabian-de-alico-tierra-natal-de-la-artista\/\" \/>\n<meta property=\"og:site_name\" content=\"Museo Violeta Parra\" \/>\n<meta property=\"article:published_time\" content=\"2017-04-13T13:04:05+00:00\" \/>\n<meta property=\"og:image\" content=\"http:\/\/vientosur.top\/museo\/wp-content\/uploads\/2017\/04\/sanfabian-1024x593.png\" \/>\n\t<meta property=\"og:image:width\" content=\"1024\" \/>\n\t<meta property=\"og:image:height\" content=\"593\" \/>\n\t<meta property=\"og:image:type\" content=\"image\/png\" \/>\n<meta name=\"author\" content=\"admin\" \/>\n<meta name=\"twitter:card\" content=\"summary_large_image\" \/>\n<meta name=\"twitter:label1\" content=\"Escrito por\" \/>\n\t<meta name=\"twitter:data1\" content=\"admin\" \/>\n\t<meta name=\"twitter:label2\" content=\"Tiempo de lectura\" \/>\n\t<meta name=\"twitter:data2\" content=\"1 minuto\" \/>\n<script type=\"application\/ld+json\" class=\"yoast-schema-graph\">{\"@context\":\"https:\/\/schema.org\",\"@graph\":[{\"@type\":\"WebPage\",\"@id\":\"http:\/\/vientosur.top\/museo\/la-maleta-de-violeta-visito-tres-escuelas-en-san-fabian-de-alico-tierra-natal-de-la-artista\/\",\"url\":\"http:\/\/vientosur.top\/museo\/la-maleta-de-violeta-visito-tres-escuelas-en-san-fabian-de-alico-tierra-natal-de-la-artista\/\",\"name\":\"\u201cLa Maleta de Violeta\u201d visit\u00f3 tres escuelas en San Fabi\u00e1n de Alico, tierra natal de la artista - Museo Violeta Parra\",\"isPartOf\":{\"@id\":\"http:\/\/vientosur.top\/museo\/#website\"},\"primaryImageOfPage\":{\"@id\":\"http:\/\/vientosur.top\/museo\/la-maleta-de-violeta-visito-tres-escuelas-en-san-fabian-de-alico-tierra-natal-de-la-artista\/#primaryimage\"},\"image\":{\"@id\":\"http:\/\/vientosur.top\/museo\/la-maleta-de-violeta-visito-tres-escuelas-en-san-fabian-de-alico-tierra-natal-de-la-artista\/#primaryimage\"},\"thumbnailUrl\":\"http:\/\/vientosur.top\/museo\/wp-content\/uploads\/2017\/04\/sanfabian.png\",\"datePublished\":\"2017-04-13T13:04:05+00:00\",\"author\":{\"@id\":\"http:\/\/vientosur.top\/museo\/#\/schema\/person\/20c79d3c38800971feec8c2693c3dd9c\"},\"breadcrumb\":{\"@id\":\"http:\/\/vientosur.top\/museo\/la-maleta-de-violeta-visito-tres-escuelas-en-san-fabian-de-alico-tierra-natal-de-la-artista\/#breadcrumb\"},\"inLanguage\":\"es\",\"potentialAction\":[{\"@type\":\"ReadAction\",\"target\":[\"http:\/\/vientosur.top\/museo\/la-maleta-de-violeta-visito-tres-escuelas-en-san-fabian-de-alico-tierra-natal-de-la-artista\/\"]}]},{\"@type\":\"ImageObject\",\"inLanguage\":\"es\",\"@id\":\"http:\/\/vientosur.top\/museo\/la-maleta-de-violeta-visito-tres-escuelas-en-san-fabian-de-alico-tierra-natal-de-la-artista\/#primaryimage\",\"url\":\"http:\/\/vientosur.top\/museo\/wp-content\/uploads\/2017\/04\/sanfabian.png\",\"contentUrl\":\"http:\/\/vientosur.top\/museo\/wp-content\/uploads\/2017\/04\/sanfabian.png\",\"width\":1600,\"height\":927},{\"@type\":\"BreadcrumbList\",\"@id\":\"http:\/\/vientosur.top\/museo\/la-maleta-de-violeta-visito-tres-escuelas-en-san-fabian-de-alico-tierra-natal-de-la-artista\/#breadcrumb\",\"itemListElement\":[{\"@type\":\"ListItem\",\"position\":1,\"name\":\"Portada\",\"item\":\"http:\/\/vientosur.top\/museo\/\"},{\"@type\":\"ListItem\",\"position\":2,\"name\":\"\u201cLa Maleta de Violeta\u201d visit\u00f3 tres escuelas en San Fabi\u00e1n de Alico, tierra natal de la artista\"}]},{\"@type\":\"WebSite\",\"@id\":\"http:\/\/vientosur.top\/museo\/#website\",\"url\":\"http:\/\/vientosur.top\/museo\/\",\"name\":\"Museo Violeta Parra\",\"description\":\"Espacio que alberga tanto la memoria y legado creativo de la artista\",\"potentialAction\":[{\"@type\":\"SearchAction\",\"target\":{\"@type\":\"EntryPoint\",\"urlTemplate\":\"http:\/\/vientosur.top\/museo\/?s={search_term_string}\"},\"query-input\":{\"@type\":\"PropertyValueSpecification\",\"valueRequired\":true,\"valueName\":\"search_term_string\"}}],\"inLanguage\":\"es\"},{\"@type\":\"Person\",\"@id\":\"http:\/\/vientosur.top\/museo\/#\/schema\/person\/20c79d3c38800971feec8c2693c3dd9c\",\"name\":\"admin\",\"image\":{\"@type\":\"ImageObject\",\"inLanguage\":\"es\",\"@id\":\"http:\/\/vientosur.top\/museo\/#\/schema\/person\/image\/\",\"url\":\"https:\/\/secure.gravatar.com\/avatar\/713677ece3ffa642287213a80e5b773bce9ab81c269dd6d95102a990951c922f?s=96&d=mm&r=g\",\"contentUrl\":\"https:\/\/secure.gravatar.com\/avatar\/713677ece3ffa642287213a80e5b773bce9ab81c269dd6d95102a990951c922f?s=96&d=mm&r=g\",\"caption\":\"admin\"},\"sameAs\":[\"http:\/\/vientosur.top\/museo\"],\"url\":\"http:\/\/vientosur.top\/museo\/author\/comunicacionesmvp\/\"}]}<\/script>\n<!-- \/ Yoast SEO plugin. -->","yoast_head_json":{"title":"\u201cLa Maleta de Violeta\u201d visit\u00f3 tres escuelas en San Fabi\u00e1n de Alico, tierra natal de la artista - Museo Violeta Parra","robots":{"index":"index","follow":"follow","max-snippet":"max-snippet:-1","max-image-preview":"max-image-preview:large","max-video-preview":"max-video-preview:-1"},"canonical":"http:\/\/vientosur.top\/museo\/la-maleta-de-violeta-visito-tres-escuelas-en-san-fabian-de-alico-tierra-natal-de-la-artista\/","og_locale":"es_ES","og_type":"article","og_title":"\u201cLa Maleta de Violeta\u201d visit\u00f3 tres escuelas en San Fabi\u00e1n de Alico, tierra natal de la artista - Museo Violeta Parra","og_description":"\u00a0El lunes 10 y martes 11 de abril arrib\u00f3 por primera vez el equipo de educaci\u00f3n del Museo Violeta Parra a la comuna de San Fabi\u00e1n de Alico, tierra natal de cantautora nacida el 4 de octubre de 1917, con el objetivo de mostrar la exposici\u00f3n itinerante \u201cLa Maleta de Violeta\u201d. Esta visita cont\u00f3 con [&hellip;]","og_url":"http:\/\/vientosur.top\/museo\/la-maleta-de-violeta-visito-tres-escuelas-en-san-fabian-de-alico-tierra-natal-de-la-artista\/","og_site_name":"Museo Violeta Parra","article_published_time":"2017-04-13T13:04:05+00:00","og_image":[{"width":1024,"height":593,"url":"http:\/\/vientosur.top\/museo\/wp-content\/uploads\/2017\/04\/sanfabian-1024x593.png","type":"image\/png"}],"author":"admin","twitter_card":"summary_large_image","twitter_misc":{"Escrito por":"admin","Tiempo de lectura":"1 minuto"},"schema":{"@context":"https:\/\/schema.org","@graph":[{"@type":"WebPage","@id":"http:\/\/vientosur.top\/museo\/la-maleta-de-violeta-visito-tres-escuelas-en-san-fabian-de-alico-tierra-natal-de-la-artista\/","url":"http:\/\/vientosur.top\/museo\/la-maleta-de-violeta-visito-tres-escuelas-en-san-fabian-de-alico-tierra-natal-de-la-artista\/","name":"\u201cLa Maleta de Violeta\u201d visit\u00f3 tres escuelas en San Fabi\u00e1n de Alico, tierra natal de la artista - Museo Violeta Parra","isPartOf":{"@id":"http:\/\/vientosur.top\/museo\/#website"},"primaryImageOfPage":{"@id":"http:\/\/vientosur.top\/museo\/la-maleta-de-violeta-visito-tres-escuelas-en-san-fabian-de-alico-tierra-natal-de-la-artista\/#primaryimage"},"image":{"@id":"http:\/\/vientosur.top\/museo\/la-maleta-de-violeta-visito-tres-escuelas-en-san-fabian-de-alico-tierra-natal-de-la-artista\/#primaryimage"},"thumbnailUrl":"http:\/\/vientosur.top\/museo\/wp-content\/uploads\/2017\/04\/sanfabian.png","datePublished":"2017-04-13T13:04:05+00:00","author":{"@id":"http:\/\/vientosur.top\/museo\/#\/schema\/person\/20c79d3c38800971feec8c2693c3dd9c"},"breadcrumb":{"@id":"http:\/\/vientosur.top\/museo\/la-maleta-de-violeta-visito-tres-escuelas-en-san-fabian-de-alico-tierra-natal-de-la-artista\/#breadcrumb"},"inLanguage":"es","potentialAction":[{"@type":"ReadAction","target":["http:\/\/vientosur.top\/museo\/la-maleta-de-violeta-visito-tres-escuelas-en-san-fabian-de-alico-tierra-natal-de-la-artista\/"]}]},{"@type":"ImageObject","inLanguage":"es","@id":"http:\/\/vientosur.top\/museo\/la-maleta-de-violeta-visito-tres-escuelas-en-san-fabian-de-alico-tierra-natal-de-la-artista\/#primaryimage","url":"http:\/\/vientosur.top\/museo\/wp-content\/uploads\/2017\/04\/sanfabian.png","contentUrl":"http:\/\/vientosur.top\/museo\/wp-content\/uploads\/2017\/04\/sanfabian.png","width":1600,"height":927},{"@type":"BreadcrumbList","@id":"http:\/\/vientosur.top\/museo\/la-maleta-de-violeta-visito-tres-escuelas-en-san-fabian-de-alico-tierra-natal-de-la-artista\/#breadcrumb","itemListElement":[{"@type":"ListItem","position":1,"name":"Portada","item":"http:\/\/vientosur.top\/museo\/"},{"@type":"ListItem","position":2,"name":"\u201cLa Maleta de Violeta\u201d visit\u00f3 tres escuelas en San Fabi\u00e1n de Alico, tierra natal de la artista"}]},{"@type":"WebSite","@id":"http:\/\/vientosur.top\/museo\/#website","url":"http:\/\/vientosur.top\/museo\/","name":"Museo Violeta Parra","description":"Espacio que alberga tanto la memoria y legado creativo de la artista","potentialAction":[{"@type":"SearchAction","target":{"@type":"EntryPoint","urlTemplate":"http:\/\/vientosur.top\/museo\/?s={search_term_string}"},"query-input":{"@type":"PropertyValueSpecification","valueRequired":true,"valueName":"search_term_string"}}],"inLanguage":"es"},{"@type":"Person","@id":"http:\/\/vientosur.top\/museo\/#\/schema\/person\/20c79d3c38800971feec8c2693c3dd9c","name":"admin","image":{"@type":"ImageObject","inLanguage":"es","@id":"http:\/\/vientosur.top\/museo\/#\/schema\/person\/image\/","url":"https:\/\/secure.gravatar.com\/avatar\/713677ece3ffa642287213a80e5b773bce9ab81c269dd6d95102a990951c922f?s=96&d=mm&r=g","contentUrl":"https:\/\/secure.gravatar.com\/avatar\/713677ece3ffa642287213a80e5b773bce9ab81c269dd6d95102a990951c922f?s=96&d=mm&r=g","caption":"admin"},"sameAs":["http:\/\/vientosur.top\/museo"],"url":"http:\/\/vientosur.top\/museo\/author\/comunicacionesmvp\/"}]}},"_links":{"self":[{"href":"http:\/\/vientosur.top\/museo\/wp-json\/wp\/v2\/posts\/3506","targetHints":{"allow":["GET"]}}],"collection":[{"href":"http:\/\/vientosur.top\/museo\/wp-json\/wp\/v2\/posts"}],"about":[{"href":"http:\/\/vientosur.top\/museo\/wp-json\/wp\/v2\/types\/post"}],"author":[{"embeddable":true,"href":"http:\/\/vientosur.top\/museo\/wp-json\/wp\/v2\/users\/5"}],"replies":[{"embeddable":true,"href":"http:\/\/vientosur.top\/museo\/wp-json\/wp\/v2\/comments?post=3506"}],"version-history":[{"count":0,"href":"http:\/\/vientosur.top\/museo\/wp-json\/wp\/v2\/posts\/3506\/revisions"}],"wp:featuredmedia":[{"embeddable":true,"href":"http:\/\/vientosur.top\/museo\/wp-json\/wp\/v2\/media\/3507"}],"wp:attachment":[{"href":"http:\/\/vientosur.top\/museo\/wp-json\/wp\/v2\/media?parent=3506"}],"wp:term":[{"taxonomy":"category","embeddable":true,"href":"http:\/\/vientosur.top\/museo\/wp-json\/wp\/v2\/categories?post=3506"},{"taxonomy":"post_tag","embeddable":true,"href":"http:\/\/vientosur.top\/museo\/wp-json\/wp\/v2\/tags?post=3506"}],"curies":[{"name":"wp","href":"https:\/\/api.w.org\/{rel}","templated":true}]}}