{"id":3533,"date":"2017-04-18T13:12:54","date_gmt":"2017-04-18T13:12:54","guid":{"rendered":"http:\/\/vientosur.top\/museo\/\/?p=3533"},"modified":"2017-04-18T13:12:54","modified_gmt":"2017-04-18T13:12:54","slug":"basco-vazko-realiza-mural-en-el-frontis-del-museo-violeta-parra","status":"publish","type":"post","link":"http:\/\/vientosur.top\/museo\/basco-vazko-realiza-mural-en-el-frontis-del-museo-violeta-parra\/","title":{"rendered":"Basco Vazko realiza mural en el frontis del Museo Violeta Parra"},"content":{"rendered":"<p><em>La semana pasada el artista visual \u00a0Basco Vazko inici\u00f3 un mural en el\u00a0frontis del Museo Violeta Parra. La obra, a cargo del curador Paul Birke de la Galer\u00eda Die Ecke, constituye la respuesta del Museo a los constantes rayados que ha sufrido en su acceso principal.\u00a0<\/em><\/p>\n<p>&nbsp;<\/p>\n<p>La irrupci\u00f3n de graffitis y rayados en la entrada por Avenida Vicu\u00f1a Mackenna ha sido un problema que ha preocupado al equipo del Museo desde su inauguraci\u00f3n, en octubre de 2015. La ubicaci\u00f3n central junto a la poca iluminaci\u00f3n del espacio motiv\u00f3 en diversas ocasiones que el port\u00f3n de acceso fuera intervenido por desconocidos. En respuesta a esta situaci\u00f3n, el Museo inici\u00f3 un proceso que consisti\u00f3, en su primera etapa, en la implementaci\u00f3n de luminarias en la entrada, a cargo del curador Paul Birke.<\/p>\n<p>&nbsp;<\/p>\n<p>\u201cFue muy certero el tema de la iluminaci\u00f3n, porque la entrada, al estar oscura, pod\u00eda ser f\u00e1cilmente rayada. Con la implementaci\u00f3n de focos se comprob\u00f3 que al estar con luz no se provoca la tentaci\u00f3n de hacer un graffiti\u201d, explica Cecilia Garc\u00eda-Huidobro, Directora del Museo Violeta Parra.<\/p>\n<p>&nbsp;<\/p>\n<p>La \u00a0realizaci\u00f3n del mural que dar\u00e1 la bienvenida al Museo recay\u00f3 en el destacado artista visual Basco Vazko, quien ha expuesto su trabajo en China, Estados Unidos y Europa. La investigaci\u00f3n previa, que comenz\u00f3 en diciembre de 2016, consisti\u00f3 en el an\u00e1lisis del trabajo multifac\u00e9tico de Violeta Parra.<\/p>\n<p>&nbsp;<\/p>\n<p>&nbsp;<\/p>\n<p>\u201cEs un trabajo interesante que nos hemos propuesto como museo. Nos motiva que la obra de Violeta sea una fuente de inspiraci\u00f3n para j\u00f3venes, ni\u00f1os o adultos. Basco Vazko es un artista contempor\u00e1neo con mucho conocimiento del <em>Street Art<\/em>, o Arte Callejero. Fue la persona id\u00f3nea para el objetivo que persegu\u00edamos\u201d, agrega la Directora del Museo.<\/p>\n<p>&nbsp;<\/p>\n<p>La propuesta de Basco Vazko, en conjunto con el curador Paul Birke de la Galer\u00eda Die Ecke, fue generar una \u00a0iconograf\u00eda vinculada con el esp\u00edritu de Violeta Parra, para as\u00ed tambi\u00e9n otorgar m\u00e1s notoriedad a la instituci\u00f3n que conserva su acervo. El di\u00e1logo de la calle e interacci\u00f3n de la ciudad fue precisamente la inspiraci\u00f3n de este mural ubicado a pasos de la Plaza Baquedano.<\/p>\n<p>&nbsp;<\/p>\n<p>\u201cQuise hacer una invitaci\u00f3n al museo. Tratar de generar inter\u00e9s en las personas. La idea era crear un di\u00e1logo que vinculara ambas partes, la colecci\u00f3n del museo y lo de afuera, la calle. Los colores tienen que ver con eso, no son exactamente los que usaba Violeta, pero s\u00ed existen algunos gui\u00f1os a la iconograf\u00eda de su trabajo\u201d, se\u00f1ala Basco Vazko, quien terminar\u00e1 de trabajar en su mural\u00a0este fin de semana.<\/p>\n<p>&nbsp;<\/p>\n<p>&nbsp;<\/p>\n<p><iframe src=\"https:\/\/www.youtube.com\/embed\/hER10ETh6BA\" width=\"560\" height=\"315\" frameborder=\"0\" allowfullscreen=\"allowfullscreen\"><\/iframe><\/p>\n<p>&nbsp;<\/p>\n<p>&nbsp;<\/p>\n<figure id=\"attachment_3551\" aria-describedby=\"caption-attachment-3551\" style=\"width: 681px\" class=\"wp-caption alignleft\"><a href=\"http:\/\/vientosur.top\/museo\/\/wp-content\/uploads\/2017\/04\/3.jpg\"><img fetchpriority=\"high\" decoding=\"async\" class=\"wp-image-3551 size-large\" src=\"http:\/\/vientosur.top\/museo\/\/wp-content\/uploads\/2017\/04\/3-681x1024.jpg\" alt=\"Cecilia Garc\u00eda-Huidobro, Directora del Museo Violeta Parra, junto al curador Paul Birke, de la Galer\u00eda Die Ecke. \" width=\"681\" height=\"1024\" \/><\/a><figcaption id=\"caption-attachment-3551\" class=\"wp-caption-text\">Cecilia Garc\u00eda-Huidobro, Directora del Museo Violeta Parra, junto al curador Paul Birke, de la Galer\u00eda Die Ecke.<\/figcaption><\/figure>\n<p><a href=\"http:\/\/vientosur.top\/museo\/\/wp-content\/uploads\/2017\/04\/3.jpg\"><br \/>\n<\/a><\/p>\n<p>&nbsp;<\/p>\n<p>&nbsp;<\/p>\n<div class=\"mceTemp\"><\/div>\n","protected":false},"excerpt":{"rendered":"<p>La semana pasada el artista visual \u00a0Basco Vazko inici\u00f3 un mural en el\u00a0frontis del Museo Violeta Parra. La obra, a cargo del curador Paul Birke de la Galer\u00eda Die Ecke, constituye la respuesta del Museo a los constantes rayados que ha sufrido en su acceso principal.\u00a0 &nbsp; La irrupci\u00f3n de graffitis y rayados en la [&hellip;]<\/p>\n","protected":false},"author":5,"featured_media":3534,"comment_status":"open","ping_status":"open","sticky":false,"template":"","format":"standard","meta":{"site-sidebar-layout":"default","site-content-layout":"","ast-site-content-layout":"default","site-content-style":"default","site-sidebar-style":"default","ast-global-header-display":"","ast-banner-title-visibility":"","ast-main-header-display":"","ast-hfb-above-header-display":"","ast-hfb-below-header-display":"","ast-hfb-mobile-header-display":"","site-post-title":"","ast-breadcrumbs-content":"","ast-featured-img":"","footer-sml-layout":"","theme-transparent-header-meta":"","adv-header-id-meta":"","stick-header-meta":"","header-above-stick-meta":"","header-main-stick-meta":"","header-below-stick-meta":"","astra-migrate-meta-layouts":"default","ast-page-background-enabled":"default","ast-page-background-meta":{"desktop":{"background-color":"var(--ast-global-color-4)","background-image":"","background-repeat":"repeat","background-position":"center center","background-size":"auto","background-attachment":"scroll","background-type":"","background-media":"","overlay-type":"","overlay-color":"","overlay-opacity":"","overlay-gradient":""},"tablet":{"background-color":"","background-image":"","background-repeat":"repeat","background-position":"center center","background-size":"auto","background-attachment":"scroll","background-type":"","background-media":"","overlay-type":"","overlay-color":"","overlay-opacity":"","overlay-gradient":""},"mobile":{"background-color":"","background-image":"","background-repeat":"repeat","background-position":"center center","background-size":"auto","background-attachment":"scroll","background-type":"","background-media":"","overlay-type":"","overlay-color":"","overlay-opacity":"","overlay-gradient":""}},"ast-content-background-meta":{"desktop":{"background-color":"var(--ast-global-color-5)","background-image":"","background-repeat":"repeat","background-position":"center center","background-size":"auto","background-attachment":"scroll","background-type":"","background-media":"","overlay-type":"","overlay-color":"","overlay-opacity":"","overlay-gradient":""},"tablet":{"background-color":"var(--ast-global-color-5)","background-image":"","background-repeat":"repeat","background-position":"center center","background-size":"auto","background-attachment":"scroll","background-type":"","background-media":"","overlay-type":"","overlay-color":"","overlay-opacity":"","overlay-gradient":""},"mobile":{"background-color":"var(--ast-global-color-5)","background-image":"","background-repeat":"repeat","background-position":"center center","background-size":"auto","background-attachment":"scroll","background-type":"","background-media":"","overlay-type":"","overlay-color":"","overlay-opacity":"","overlay-gradient":""}},"footnotes":""},"categories":[59,8,61],"tags":[],"class_list":["post-3533","post","type-post","status-publish","format-standard","has-post-thumbnail","hentry","category-destacado-noticia","category-noticias","category-novedades"],"yoast_head":"<!-- This site is optimized with the Yoast SEO plugin v25.4 - https:\/\/yoast.com\/wordpress\/plugins\/seo\/ -->\n<title>Basco Vazko realiza mural en el frontis del Museo Violeta Parra - Museo Violeta Parra<\/title>\n<meta name=\"robots\" content=\"index, follow, max-snippet:-1, max-image-preview:large, max-video-preview:-1\" \/>\n<link rel=\"canonical\" href=\"http:\/\/vientosur.top\/museo\/basco-vazko-realiza-mural-en-el-frontis-del-museo-violeta-parra\/\" \/>\n<meta property=\"og:locale\" content=\"es_ES\" \/>\n<meta property=\"og:type\" content=\"article\" \/>\n<meta property=\"og:title\" content=\"Basco Vazko realiza mural en el frontis del Museo Violeta Parra - Museo Violeta Parra\" \/>\n<meta property=\"og:description\" content=\"La semana pasada el artista visual \u00a0Basco Vazko inici\u00f3 un mural en el\u00a0frontis del Museo Violeta Parra. La obra, a cargo del curador Paul Birke de la Galer\u00eda Die Ecke, constituye la respuesta del Museo a los constantes rayados que ha sufrido en su acceso principal.\u00a0 &nbsp; La irrupci\u00f3n de graffitis y rayados en la [&hellip;]\" \/>\n<meta property=\"og:url\" content=\"http:\/\/vientosur.top\/museo\/basco-vazko-realiza-mural-en-el-frontis-del-museo-violeta-parra\/\" \/>\n<meta property=\"og:site_name\" content=\"Museo Violeta Parra\" \/>\n<meta property=\"article:published_time\" content=\"2017-04-18T13:12:54+00:00\" \/>\n<meta property=\"og:image\" content=\"http:\/\/vientosur.top\/museo\/wp-content\/uploads\/2017\/04\/MURALBASCO.jpg\" \/>\n\t<meta property=\"og:image:width\" content=\"1083\" \/>\n\t<meta property=\"og:image:height\" content=\"636\" \/>\n\t<meta property=\"og:image:type\" content=\"image\/jpeg\" \/>\n<meta name=\"author\" content=\"admin\" \/>\n<meta name=\"twitter:card\" content=\"summary_large_image\" \/>\n<meta name=\"twitter:label1\" content=\"Escrito por\" \/>\n\t<meta name=\"twitter:data1\" content=\"admin\" \/>\n\t<meta name=\"twitter:label2\" content=\"Tiempo de lectura\" \/>\n\t<meta name=\"twitter:data2\" content=\"2 minutos\" \/>\n<script type=\"application\/ld+json\" class=\"yoast-schema-graph\">{\"@context\":\"https:\/\/schema.org\",\"@graph\":[{\"@type\":\"WebPage\",\"@id\":\"http:\/\/vientosur.top\/museo\/basco-vazko-realiza-mural-en-el-frontis-del-museo-violeta-parra\/\",\"url\":\"http:\/\/vientosur.top\/museo\/basco-vazko-realiza-mural-en-el-frontis-del-museo-violeta-parra\/\",\"name\":\"Basco Vazko realiza mural en el frontis del Museo Violeta Parra - Museo Violeta Parra\",\"isPartOf\":{\"@id\":\"http:\/\/vientosur.top\/museo\/#website\"},\"primaryImageOfPage\":{\"@id\":\"http:\/\/vientosur.top\/museo\/basco-vazko-realiza-mural-en-el-frontis-del-museo-violeta-parra\/#primaryimage\"},\"image\":{\"@id\":\"http:\/\/vientosur.top\/museo\/basco-vazko-realiza-mural-en-el-frontis-del-museo-violeta-parra\/#primaryimage\"},\"thumbnailUrl\":\"http:\/\/vientosur.top\/museo\/wp-content\/uploads\/2017\/04\/MURALBASCO.jpg\",\"datePublished\":\"2017-04-18T13:12:54+00:00\",\"author\":{\"@id\":\"http:\/\/vientosur.top\/museo\/#\/schema\/person\/20c79d3c38800971feec8c2693c3dd9c\"},\"breadcrumb\":{\"@id\":\"http:\/\/vientosur.top\/museo\/basco-vazko-realiza-mural-en-el-frontis-del-museo-violeta-parra\/#breadcrumb\"},\"inLanguage\":\"es\",\"potentialAction\":[{\"@type\":\"ReadAction\",\"target\":[\"http:\/\/vientosur.top\/museo\/basco-vazko-realiza-mural-en-el-frontis-del-museo-violeta-parra\/\"]}]},{\"@type\":\"ImageObject\",\"inLanguage\":\"es\",\"@id\":\"http:\/\/vientosur.top\/museo\/basco-vazko-realiza-mural-en-el-frontis-del-museo-violeta-parra\/#primaryimage\",\"url\":\"http:\/\/vientosur.top\/museo\/wp-content\/uploads\/2017\/04\/MURALBASCO.jpg\",\"contentUrl\":\"http:\/\/vientosur.top\/museo\/wp-content\/uploads\/2017\/04\/MURALBASCO.jpg\",\"width\":1083,\"height\":636},{\"@type\":\"BreadcrumbList\",\"@id\":\"http:\/\/vientosur.top\/museo\/basco-vazko-realiza-mural-en-el-frontis-del-museo-violeta-parra\/#breadcrumb\",\"itemListElement\":[{\"@type\":\"ListItem\",\"position\":1,\"name\":\"Portada\",\"item\":\"http:\/\/vientosur.top\/museo\/\"},{\"@type\":\"ListItem\",\"position\":2,\"name\":\"Basco Vazko realiza mural en el frontis del Museo Violeta Parra\"}]},{\"@type\":\"WebSite\",\"@id\":\"http:\/\/vientosur.top\/museo\/#website\",\"url\":\"http:\/\/vientosur.top\/museo\/\",\"name\":\"Museo Violeta Parra\",\"description\":\"Espacio que alberga tanto la memoria y legado creativo de la artista\",\"potentialAction\":[{\"@type\":\"SearchAction\",\"target\":{\"@type\":\"EntryPoint\",\"urlTemplate\":\"http:\/\/vientosur.top\/museo\/?s={search_term_string}\"},\"query-input\":{\"@type\":\"PropertyValueSpecification\",\"valueRequired\":true,\"valueName\":\"search_term_string\"}}],\"inLanguage\":\"es\"},{\"@type\":\"Person\",\"@id\":\"http:\/\/vientosur.top\/museo\/#\/schema\/person\/20c79d3c38800971feec8c2693c3dd9c\",\"name\":\"admin\",\"image\":{\"@type\":\"ImageObject\",\"inLanguage\":\"es\",\"@id\":\"http:\/\/vientosur.top\/museo\/#\/schema\/person\/image\/\",\"url\":\"https:\/\/secure.gravatar.com\/avatar\/713677ece3ffa642287213a80e5b773bce9ab81c269dd6d95102a990951c922f?s=96&d=mm&r=g\",\"contentUrl\":\"https:\/\/secure.gravatar.com\/avatar\/713677ece3ffa642287213a80e5b773bce9ab81c269dd6d95102a990951c922f?s=96&d=mm&r=g\",\"caption\":\"admin\"},\"sameAs\":[\"http:\/\/vientosur.top\/museo\"],\"url\":\"http:\/\/vientosur.top\/museo\/author\/comunicacionesmvp\/\"}]}<\/script>\n<!-- \/ Yoast SEO plugin. -->","yoast_head_json":{"title":"Basco Vazko realiza mural en el frontis del Museo Violeta Parra - Museo Violeta Parra","robots":{"index":"index","follow":"follow","max-snippet":"max-snippet:-1","max-image-preview":"max-image-preview:large","max-video-preview":"max-video-preview:-1"},"canonical":"http:\/\/vientosur.top\/museo\/basco-vazko-realiza-mural-en-el-frontis-del-museo-violeta-parra\/","og_locale":"es_ES","og_type":"article","og_title":"Basco Vazko realiza mural en el frontis del Museo Violeta Parra - Museo Violeta Parra","og_description":"La semana pasada el artista visual \u00a0Basco Vazko inici\u00f3 un mural en el\u00a0frontis del Museo Violeta Parra. La obra, a cargo del curador Paul Birke de la Galer\u00eda Die Ecke, constituye la respuesta del Museo a los constantes rayados que ha sufrido en su acceso principal.\u00a0 &nbsp; La irrupci\u00f3n de graffitis y rayados en la [&hellip;]","og_url":"http:\/\/vientosur.top\/museo\/basco-vazko-realiza-mural-en-el-frontis-del-museo-violeta-parra\/","og_site_name":"Museo Violeta Parra","article_published_time":"2017-04-18T13:12:54+00:00","og_image":[{"width":1083,"height":636,"url":"http:\/\/vientosur.top\/museo\/wp-content\/uploads\/2017\/04\/MURALBASCO.jpg","type":"image\/jpeg"}],"author":"admin","twitter_card":"summary_large_image","twitter_misc":{"Escrito por":"admin","Tiempo de lectura":"2 minutos"},"schema":{"@context":"https:\/\/schema.org","@graph":[{"@type":"WebPage","@id":"http:\/\/vientosur.top\/museo\/basco-vazko-realiza-mural-en-el-frontis-del-museo-violeta-parra\/","url":"http:\/\/vientosur.top\/museo\/basco-vazko-realiza-mural-en-el-frontis-del-museo-violeta-parra\/","name":"Basco Vazko realiza mural en el frontis del Museo Violeta Parra - Museo Violeta Parra","isPartOf":{"@id":"http:\/\/vientosur.top\/museo\/#website"},"primaryImageOfPage":{"@id":"http:\/\/vientosur.top\/museo\/basco-vazko-realiza-mural-en-el-frontis-del-museo-violeta-parra\/#primaryimage"},"image":{"@id":"http:\/\/vientosur.top\/museo\/basco-vazko-realiza-mural-en-el-frontis-del-museo-violeta-parra\/#primaryimage"},"thumbnailUrl":"http:\/\/vientosur.top\/museo\/wp-content\/uploads\/2017\/04\/MURALBASCO.jpg","datePublished":"2017-04-18T13:12:54+00:00","author":{"@id":"http:\/\/vientosur.top\/museo\/#\/schema\/person\/20c79d3c38800971feec8c2693c3dd9c"},"breadcrumb":{"@id":"http:\/\/vientosur.top\/museo\/basco-vazko-realiza-mural-en-el-frontis-del-museo-violeta-parra\/#breadcrumb"},"inLanguage":"es","potentialAction":[{"@type":"ReadAction","target":["http:\/\/vientosur.top\/museo\/basco-vazko-realiza-mural-en-el-frontis-del-museo-violeta-parra\/"]}]},{"@type":"ImageObject","inLanguage":"es","@id":"http:\/\/vientosur.top\/museo\/basco-vazko-realiza-mural-en-el-frontis-del-museo-violeta-parra\/#primaryimage","url":"http:\/\/vientosur.top\/museo\/wp-content\/uploads\/2017\/04\/MURALBASCO.jpg","contentUrl":"http:\/\/vientosur.top\/museo\/wp-content\/uploads\/2017\/04\/MURALBASCO.jpg","width":1083,"height":636},{"@type":"BreadcrumbList","@id":"http:\/\/vientosur.top\/museo\/basco-vazko-realiza-mural-en-el-frontis-del-museo-violeta-parra\/#breadcrumb","itemListElement":[{"@type":"ListItem","position":1,"name":"Portada","item":"http:\/\/vientosur.top\/museo\/"},{"@type":"ListItem","position":2,"name":"Basco Vazko realiza mural en el frontis del Museo Violeta Parra"}]},{"@type":"WebSite","@id":"http:\/\/vientosur.top\/museo\/#website","url":"http:\/\/vientosur.top\/museo\/","name":"Museo Violeta Parra","description":"Espacio que alberga tanto la memoria y legado creativo de la artista","potentialAction":[{"@type":"SearchAction","target":{"@type":"EntryPoint","urlTemplate":"http:\/\/vientosur.top\/museo\/?s={search_term_string}"},"query-input":{"@type":"PropertyValueSpecification","valueRequired":true,"valueName":"search_term_string"}}],"inLanguage":"es"},{"@type":"Person","@id":"http:\/\/vientosur.top\/museo\/#\/schema\/person\/20c79d3c38800971feec8c2693c3dd9c","name":"admin","image":{"@type":"ImageObject","inLanguage":"es","@id":"http:\/\/vientosur.top\/museo\/#\/schema\/person\/image\/","url":"https:\/\/secure.gravatar.com\/avatar\/713677ece3ffa642287213a80e5b773bce9ab81c269dd6d95102a990951c922f?s=96&d=mm&r=g","contentUrl":"https:\/\/secure.gravatar.com\/avatar\/713677ece3ffa642287213a80e5b773bce9ab81c269dd6d95102a990951c922f?s=96&d=mm&r=g","caption":"admin"},"sameAs":["http:\/\/vientosur.top\/museo"],"url":"http:\/\/vientosur.top\/museo\/author\/comunicacionesmvp\/"}]}},"_links":{"self":[{"href":"http:\/\/vientosur.top\/museo\/wp-json\/wp\/v2\/posts\/3533","targetHints":{"allow":["GET"]}}],"collection":[{"href":"http:\/\/vientosur.top\/museo\/wp-json\/wp\/v2\/posts"}],"about":[{"href":"http:\/\/vientosur.top\/museo\/wp-json\/wp\/v2\/types\/post"}],"author":[{"embeddable":true,"href":"http:\/\/vientosur.top\/museo\/wp-json\/wp\/v2\/users\/5"}],"replies":[{"embeddable":true,"href":"http:\/\/vientosur.top\/museo\/wp-json\/wp\/v2\/comments?post=3533"}],"version-history":[{"count":0,"href":"http:\/\/vientosur.top\/museo\/wp-json\/wp\/v2\/posts\/3533\/revisions"}],"wp:featuredmedia":[{"embeddable":true,"href":"http:\/\/vientosur.top\/museo\/wp-json\/wp\/v2\/media\/3534"}],"wp:attachment":[{"href":"http:\/\/vientosur.top\/museo\/wp-json\/wp\/v2\/media?parent=3533"}],"wp:term":[{"taxonomy":"category","embeddable":true,"href":"http:\/\/vientosur.top\/museo\/wp-json\/wp\/v2\/categories?post=3533"},{"taxonomy":"post_tag","embeddable":true,"href":"http:\/\/vientosur.top\/museo\/wp-json\/wp\/v2\/tags?post=3533"}],"curies":[{"name":"wp","href":"https:\/\/api.w.org\/{rel}","templated":true}]}}