{"id":3577,"date":"2017-04-21T20:24:41","date_gmt":"2017-04-21T20:24:41","guid":{"rendered":"http:\/\/vientosur.top\/museo\/\/?p=3577"},"modified":"2017-04-21T20:24:41","modified_gmt":"2017-04-21T20:24:41","slug":"directora-del-museo-violeta-parra-participo-en-plenaria-de-coloquios-regionales-de-patrimonio-cultural","status":"publish","type":"post","link":"http:\/\/vientosur.top\/museo\/directora-del-museo-violeta-parra-participo-en-plenaria-de-coloquios-regionales-de-patrimonio-cultural\/","title":{"rendered":"Directora del Museo Violeta Parra particip\u00f3 en plenaria de Coloquios Regionales de Patrimonio Cultural"},"content":{"rendered":"<p><em>El encuentro se realiz\u00f3 los d\u00edas 6 y 7 de abril en el Museo de la Educaci\u00f3n Gabriela Mistral. En representaci\u00f3n del Museo Violeta Parra asisti\u00f3 su directora, Cecilia Garc\u00eda-Huidobro.<br \/>\n<\/em><\/p>\n<p>&nbsp;<\/p>\n<p>El Consejo Nacional de la Cultura y las Artes, a trav\u00e9s de su Departamento de Patrimonio Cultural y con la colaboraci\u00f3n de las principales universidades p\u00fablicas del pa\u00eds, implement\u00f3 en 2016 un ciclo de Coloquios sobre Patrimonio en once regiones del pa\u00eds. En este marco, se realizaron doce coloquios en las ciudades de Arica, Antofagasta, La Serena, Valpara\u00edso, Santiago, Talca, Concepci\u00f3n, Temuco, Valdivia, Castro, Punta Arenas e Isla de Pascua.<\/p>\n<p>&nbsp;<\/p>\n<p>Se cont\u00f3 con la participaci\u00f3n de doce conferencistas, destacados\/as intelectuales y acad\u00e9micos\/as, expertos\/as en diversos \u00e1mbitos del patrimonio cultural; y cuarenta y tres connotados\/as panelistas regionales -con representaci\u00f3n de pueblos originarios, en equidad de g\u00e9nero y con cobertura territorial-, quienes aportaron desde su experiencia, conocimiento y\/o especialidad en distintos \u00e1mbitos del patrimonio regional y local.<\/p>\n<p>&nbsp;<\/p>\n<p>A comienzos de abril se realiz\u00f3 la plenaria metropolitana de los Coloquios Regionales, en la que se organizaron mesas de trabajo por ejes tem\u00e1ticos. Cecilia Garc\u00eda-Huidobro, directora del Museo Violeta Parra, particip\u00f3 en la mesa sobre \u201cPaisaje, territorio, descentralizaci\u00f3n y desarrollo local\u201d. Sobre su experiencia comenta: \u201cMe llam\u00f3 mucho la atenci\u00f3n la calidad del programa, pero adem\u00e1s la buena energ\u00eda que hab\u00eda en los participantes. Yo, que llevo bastante tiempo en el patrimonio, dir\u00eda que ahora las comunidades, organizaciones e instituciones est\u00e1n mucho m\u00e1s empoderadas con el tema del patrimonio. El paso que contin\u00faa es hacer que ese mundo pueda realmente confluir con el mundo del poder econ\u00f3mico, ejecutivo, legislativo, etc\u00e9tera\u201d.<\/p>\n<p>&nbsp;<\/p>\n<p>\u201cFue una conversaci\u00f3n muy enriquecedora en cada mesa. Est\u00e1bamos todos en una corriente de consenso, con una energ\u00eda muy positiva hacia el patrimonio. A m\u00ed me da la sensaci\u00f3n de que si este tipo de coloquios llega a terminar en una legislaci\u00f3n estamos por el buen camino\u201d, a\u00f1ade la ex vicepresidenta ejecutiva de la Corporaci\u00f3n Patrimonio Cultural de Chile.<\/p>\n<p>&nbsp;<\/p>\n<p>&nbsp;<\/p>\n<p>&nbsp;<\/p>\n<p>&nbsp;<\/p>\n<figure id=\"attachment_3579\" aria-describedby=\"caption-attachment-3579\" style=\"width: 480px\" class=\"wp-caption alignleft\"><a href=\"http:\/\/vientosur.top\/museo\/\/wp-content\/uploads\/2017\/04\/ceciliasonia.png\"><img fetchpriority=\"high\" decoding=\"async\" class=\"wp-image-3579 size-full\" src=\"http:\/\/vientosur.top\/museo\/\/wp-content\/uploads\/2017\/04\/ceciliasonia.png\" alt=\"ceciliasonia\" width=\"480\" height=\"392\" \/><\/a><figcaption id=\"caption-attachment-3579\" class=\"wp-caption-text\">Cecilia Garc\u00eda-Huidobro, directora del Museo Violeta Parra, junto a Sonia Montecino, Premio Nacional de Humanidades y Ciencias Sociales (2013).<\/figcaption><\/figure>\n","protected":false},"excerpt":{"rendered":"<p>El encuentro se realiz\u00f3 los d\u00edas 6 y 7 de abril en el Museo de la Educaci\u00f3n Gabriela Mistral. En representaci\u00f3n del Museo Violeta Parra asisti\u00f3 su directora, Cecilia Garc\u00eda-Huidobro. &nbsp; El Consejo Nacional de la Cultura y las Artes, a trav\u00e9s de su Departamento de Patrimonio Cultural y con la colaboraci\u00f3n de las principales [&hellip;]<\/p>\n","protected":false},"author":5,"featured_media":3578,"comment_status":"open","ping_status":"open","sticky":false,"template":"","format":"standard","meta":{"site-sidebar-layout":"default","site-content-layout":"","ast-site-content-layout":"default","site-content-style":"default","site-sidebar-style":"default","ast-global-header-display":"","ast-banner-title-visibility":"","ast-main-header-display":"","ast-hfb-above-header-display":"","ast-hfb-below-header-display":"","ast-hfb-mobile-header-display":"","site-post-title":"","ast-breadcrumbs-content":"","ast-featured-img":"","footer-sml-layout":"","theme-transparent-header-meta":"","adv-header-id-meta":"","stick-header-meta":"","header-above-stick-meta":"","header-main-stick-meta":"","header-below-stick-meta":"","astra-migrate-meta-layouts":"default","ast-page-background-enabled":"default","ast-page-background-meta":{"desktop":{"background-color":"var(--ast-global-color-4)","background-image":"","background-repeat":"repeat","background-position":"center center","background-size":"auto","background-attachment":"scroll","background-type":"","background-media":"","overlay-type":"","overlay-color":"","overlay-opacity":"","overlay-gradient":""},"tablet":{"background-color":"","background-image":"","background-repeat":"repeat","background-position":"center center","background-size":"auto","background-attachment":"scroll","background-type":"","background-media":"","overlay-type":"","overlay-color":"","overlay-opacity":"","overlay-gradient":""},"mobile":{"background-color":"","background-image":"","background-repeat":"repeat","background-position":"center center","background-size":"auto","background-attachment":"scroll","background-type":"","background-media":"","overlay-type":"","overlay-color":"","overlay-opacity":"","overlay-gradient":""}},"ast-content-background-meta":{"desktop":{"background-color":"var(--ast-global-color-5)","background-image":"","background-repeat":"repeat","background-position":"center center","background-size":"auto","background-attachment":"scroll","background-type":"","background-media":"","overlay-type":"","overlay-color":"","overlay-opacity":"","overlay-gradient":""},"tablet":{"background-color":"var(--ast-global-color-5)","background-image":"","background-repeat":"repeat","background-position":"center center","background-size":"auto","background-attachment":"scroll","background-type":"","background-media":"","overlay-type":"","overlay-color":"","overlay-opacity":"","overlay-gradient":""},"mobile":{"background-color":"var(--ast-global-color-5)","background-image":"","background-repeat":"repeat","background-position":"center center","background-size":"auto","background-attachment":"scroll","background-type":"","background-media":"","overlay-type":"","overlay-color":"","overlay-opacity":"","overlay-gradient":""}},"footnotes":""},"categories":[59,8,61,1],"tags":[],"class_list":["post-3577","post","type-post","status-publish","format-standard","has-post-thumbnail","hentry","category-destacado-noticia","category-noticias","category-novedades","category-sin-categoria"],"yoast_head":"<!-- This site is optimized with the Yoast SEO plugin v25.4 - https:\/\/yoast.com\/wordpress\/plugins\/seo\/ -->\n<title>Directora del Museo Violeta Parra particip\u00f3 en plenaria de Coloquios Regionales de Patrimonio Cultural - Museo Violeta Parra<\/title>\n<meta name=\"robots\" content=\"index, follow, max-snippet:-1, max-image-preview:large, max-video-preview:-1\" \/>\n<link rel=\"canonical\" href=\"http:\/\/vientosur.top\/museo\/directora-del-museo-violeta-parra-participo-en-plenaria-de-coloquios-regionales-de-patrimonio-cultural\/\" \/>\n<meta property=\"og:locale\" content=\"es_ES\" \/>\n<meta property=\"og:type\" content=\"article\" \/>\n<meta property=\"og:title\" content=\"Directora del Museo Violeta Parra particip\u00f3 en plenaria de Coloquios Regionales de Patrimonio Cultural - Museo Violeta Parra\" \/>\n<meta property=\"og:description\" content=\"El encuentro se realiz\u00f3 los d\u00edas 6 y 7 de abril en el Museo de la Educaci\u00f3n Gabriela Mistral. En representaci\u00f3n del Museo Violeta Parra asisti\u00f3 su directora, Cecilia Garc\u00eda-Huidobro. &nbsp; El Consejo Nacional de la Cultura y las Artes, a trav\u00e9s de su Departamento de Patrimonio Cultural y con la colaboraci\u00f3n de las principales [&hellip;]\" \/>\n<meta property=\"og:url\" content=\"http:\/\/vientosur.top\/museo\/directora-del-museo-violeta-parra-participo-en-plenaria-de-coloquios-regionales-de-patrimonio-cultural\/\" \/>\n<meta property=\"og:site_name\" content=\"Museo Violeta Parra\" \/>\n<meta property=\"article:published_time\" content=\"2017-04-21T20:24:41+00:00\" \/>\n<meta property=\"og:image\" content=\"http:\/\/vientosur.top\/museo\/wp-content\/uploads\/2017\/04\/33875557235_99889a7a68_o-scaled.jpg\" \/>\n\t<meta property=\"og:image:width\" content=\"2560\" \/>\n\t<meta property=\"og:image:height\" content=\"1707\" \/>\n\t<meta property=\"og:image:type\" content=\"image\/jpeg\" \/>\n<meta name=\"author\" content=\"admin\" \/>\n<meta name=\"twitter:card\" content=\"summary_large_image\" \/>\n<meta name=\"twitter:label1\" content=\"Escrito por\" \/>\n\t<meta name=\"twitter:data1\" content=\"admin\" \/>\n\t<meta name=\"twitter:label2\" content=\"Tiempo de lectura\" \/>\n\t<meta name=\"twitter:data2\" content=\"2 minutos\" \/>\n<script type=\"application\/ld+json\" class=\"yoast-schema-graph\">{\"@context\":\"https:\/\/schema.org\",\"@graph\":[{\"@type\":\"WebPage\",\"@id\":\"http:\/\/vientosur.top\/museo\/directora-del-museo-violeta-parra-participo-en-plenaria-de-coloquios-regionales-de-patrimonio-cultural\/\",\"url\":\"http:\/\/vientosur.top\/museo\/directora-del-museo-violeta-parra-participo-en-plenaria-de-coloquios-regionales-de-patrimonio-cultural\/\",\"name\":\"Directora del Museo Violeta Parra particip\u00f3 en plenaria de Coloquios Regionales de Patrimonio Cultural - Museo Violeta Parra\",\"isPartOf\":{\"@id\":\"http:\/\/vientosur.top\/museo\/#website\"},\"primaryImageOfPage\":{\"@id\":\"http:\/\/vientosur.top\/museo\/directora-del-museo-violeta-parra-participo-en-plenaria-de-coloquios-regionales-de-patrimonio-cultural\/#primaryimage\"},\"image\":{\"@id\":\"http:\/\/vientosur.top\/museo\/directora-del-museo-violeta-parra-participo-en-plenaria-de-coloquios-regionales-de-patrimonio-cultural\/#primaryimage\"},\"thumbnailUrl\":\"http:\/\/vientosur.top\/museo\/wp-content\/uploads\/2017\/04\/33875557235_99889a7a68_o-scaled.jpg\",\"datePublished\":\"2017-04-21T20:24:41+00:00\",\"author\":{\"@id\":\"http:\/\/vientosur.top\/museo\/#\/schema\/person\/20c79d3c38800971feec8c2693c3dd9c\"},\"breadcrumb\":{\"@id\":\"http:\/\/vientosur.top\/museo\/directora-del-museo-violeta-parra-participo-en-plenaria-de-coloquios-regionales-de-patrimonio-cultural\/#breadcrumb\"},\"inLanguage\":\"es\",\"potentialAction\":[{\"@type\":\"ReadAction\",\"target\":[\"http:\/\/vientosur.top\/museo\/directora-del-museo-violeta-parra-participo-en-plenaria-de-coloquios-regionales-de-patrimonio-cultural\/\"]}]},{\"@type\":\"ImageObject\",\"inLanguage\":\"es\",\"@id\":\"http:\/\/vientosur.top\/museo\/directora-del-museo-violeta-parra-participo-en-plenaria-de-coloquios-regionales-de-patrimonio-cultural\/#primaryimage\",\"url\":\"http:\/\/vientosur.top\/museo\/wp-content\/uploads\/2017\/04\/33875557235_99889a7a68_o-scaled.jpg\",\"contentUrl\":\"http:\/\/vientosur.top\/museo\/wp-content\/uploads\/2017\/04\/33875557235_99889a7a68_o-scaled.jpg\",\"width\":2560,\"height\":1707},{\"@type\":\"BreadcrumbList\",\"@id\":\"http:\/\/vientosur.top\/museo\/directora-del-museo-violeta-parra-participo-en-plenaria-de-coloquios-regionales-de-patrimonio-cultural\/#breadcrumb\",\"itemListElement\":[{\"@type\":\"ListItem\",\"position\":1,\"name\":\"Portada\",\"item\":\"http:\/\/vientosur.top\/museo\/\"},{\"@type\":\"ListItem\",\"position\":2,\"name\":\"Directora del Museo Violeta Parra particip\u00f3 en plenaria de Coloquios Regionales de Patrimonio Cultural\"}]},{\"@type\":\"WebSite\",\"@id\":\"http:\/\/vientosur.top\/museo\/#website\",\"url\":\"http:\/\/vientosur.top\/museo\/\",\"name\":\"Museo Violeta Parra\",\"description\":\"Espacio que alberga tanto la memoria y legado creativo de la artista\",\"potentialAction\":[{\"@type\":\"SearchAction\",\"target\":{\"@type\":\"EntryPoint\",\"urlTemplate\":\"http:\/\/vientosur.top\/museo\/?s={search_term_string}\"},\"query-input\":{\"@type\":\"PropertyValueSpecification\",\"valueRequired\":true,\"valueName\":\"search_term_string\"}}],\"inLanguage\":\"es\"},{\"@type\":\"Person\",\"@id\":\"http:\/\/vientosur.top\/museo\/#\/schema\/person\/20c79d3c38800971feec8c2693c3dd9c\",\"name\":\"admin\",\"image\":{\"@type\":\"ImageObject\",\"inLanguage\":\"es\",\"@id\":\"http:\/\/vientosur.top\/museo\/#\/schema\/person\/image\/\",\"url\":\"https:\/\/secure.gravatar.com\/avatar\/713677ece3ffa642287213a80e5b773bce9ab81c269dd6d95102a990951c922f?s=96&d=mm&r=g\",\"contentUrl\":\"https:\/\/secure.gravatar.com\/avatar\/713677ece3ffa642287213a80e5b773bce9ab81c269dd6d95102a990951c922f?s=96&d=mm&r=g\",\"caption\":\"admin\"},\"sameAs\":[\"http:\/\/vientosur.top\/museo\"],\"url\":\"http:\/\/vientosur.top\/museo\/author\/comunicacionesmvp\/\"}]}<\/script>\n<!-- \/ Yoast SEO plugin. -->","yoast_head_json":{"title":"Directora del Museo Violeta Parra particip\u00f3 en plenaria de Coloquios Regionales de Patrimonio Cultural - Museo Violeta Parra","robots":{"index":"index","follow":"follow","max-snippet":"max-snippet:-1","max-image-preview":"max-image-preview:large","max-video-preview":"max-video-preview:-1"},"canonical":"http:\/\/vientosur.top\/museo\/directora-del-museo-violeta-parra-participo-en-plenaria-de-coloquios-regionales-de-patrimonio-cultural\/","og_locale":"es_ES","og_type":"article","og_title":"Directora del Museo Violeta Parra particip\u00f3 en plenaria de Coloquios Regionales de Patrimonio Cultural - Museo Violeta Parra","og_description":"El encuentro se realiz\u00f3 los d\u00edas 6 y 7 de abril en el Museo de la Educaci\u00f3n Gabriela Mistral. En representaci\u00f3n del Museo Violeta Parra asisti\u00f3 su directora, Cecilia Garc\u00eda-Huidobro. &nbsp; El Consejo Nacional de la Cultura y las Artes, a trav\u00e9s de su Departamento de Patrimonio Cultural y con la colaboraci\u00f3n de las principales [&hellip;]","og_url":"http:\/\/vientosur.top\/museo\/directora-del-museo-violeta-parra-participo-en-plenaria-de-coloquios-regionales-de-patrimonio-cultural\/","og_site_name":"Museo Violeta Parra","article_published_time":"2017-04-21T20:24:41+00:00","og_image":[{"width":2560,"height":1707,"url":"http:\/\/vientosur.top\/museo\/wp-content\/uploads\/2017\/04\/33875557235_99889a7a68_o-scaled.jpg","type":"image\/jpeg"}],"author":"admin","twitter_card":"summary_large_image","twitter_misc":{"Escrito por":"admin","Tiempo de lectura":"2 minutos"},"schema":{"@context":"https:\/\/schema.org","@graph":[{"@type":"WebPage","@id":"http:\/\/vientosur.top\/museo\/directora-del-museo-violeta-parra-participo-en-plenaria-de-coloquios-regionales-de-patrimonio-cultural\/","url":"http:\/\/vientosur.top\/museo\/directora-del-museo-violeta-parra-participo-en-plenaria-de-coloquios-regionales-de-patrimonio-cultural\/","name":"Directora del Museo Violeta Parra particip\u00f3 en plenaria de Coloquios Regionales de Patrimonio Cultural - Museo Violeta Parra","isPartOf":{"@id":"http:\/\/vientosur.top\/museo\/#website"},"primaryImageOfPage":{"@id":"http:\/\/vientosur.top\/museo\/directora-del-museo-violeta-parra-participo-en-plenaria-de-coloquios-regionales-de-patrimonio-cultural\/#primaryimage"},"image":{"@id":"http:\/\/vientosur.top\/museo\/directora-del-museo-violeta-parra-participo-en-plenaria-de-coloquios-regionales-de-patrimonio-cultural\/#primaryimage"},"thumbnailUrl":"http:\/\/vientosur.top\/museo\/wp-content\/uploads\/2017\/04\/33875557235_99889a7a68_o-scaled.jpg","datePublished":"2017-04-21T20:24:41+00:00","author":{"@id":"http:\/\/vientosur.top\/museo\/#\/schema\/person\/20c79d3c38800971feec8c2693c3dd9c"},"breadcrumb":{"@id":"http:\/\/vientosur.top\/museo\/directora-del-museo-violeta-parra-participo-en-plenaria-de-coloquios-regionales-de-patrimonio-cultural\/#breadcrumb"},"inLanguage":"es","potentialAction":[{"@type":"ReadAction","target":["http:\/\/vientosur.top\/museo\/directora-del-museo-violeta-parra-participo-en-plenaria-de-coloquios-regionales-de-patrimonio-cultural\/"]}]},{"@type":"ImageObject","inLanguage":"es","@id":"http:\/\/vientosur.top\/museo\/directora-del-museo-violeta-parra-participo-en-plenaria-de-coloquios-regionales-de-patrimonio-cultural\/#primaryimage","url":"http:\/\/vientosur.top\/museo\/wp-content\/uploads\/2017\/04\/33875557235_99889a7a68_o-scaled.jpg","contentUrl":"http:\/\/vientosur.top\/museo\/wp-content\/uploads\/2017\/04\/33875557235_99889a7a68_o-scaled.jpg","width":2560,"height":1707},{"@type":"BreadcrumbList","@id":"http:\/\/vientosur.top\/museo\/directora-del-museo-violeta-parra-participo-en-plenaria-de-coloquios-regionales-de-patrimonio-cultural\/#breadcrumb","itemListElement":[{"@type":"ListItem","position":1,"name":"Portada","item":"http:\/\/vientosur.top\/museo\/"},{"@type":"ListItem","position":2,"name":"Directora del Museo Violeta Parra particip\u00f3 en plenaria de Coloquios Regionales de Patrimonio Cultural"}]},{"@type":"WebSite","@id":"http:\/\/vientosur.top\/museo\/#website","url":"http:\/\/vientosur.top\/museo\/","name":"Museo Violeta Parra","description":"Espacio que alberga tanto la memoria y legado creativo de la artista","potentialAction":[{"@type":"SearchAction","target":{"@type":"EntryPoint","urlTemplate":"http:\/\/vientosur.top\/museo\/?s={search_term_string}"},"query-input":{"@type":"PropertyValueSpecification","valueRequired":true,"valueName":"search_term_string"}}],"inLanguage":"es"},{"@type":"Person","@id":"http:\/\/vientosur.top\/museo\/#\/schema\/person\/20c79d3c38800971feec8c2693c3dd9c","name":"admin","image":{"@type":"ImageObject","inLanguage":"es","@id":"http:\/\/vientosur.top\/museo\/#\/schema\/person\/image\/","url":"https:\/\/secure.gravatar.com\/avatar\/713677ece3ffa642287213a80e5b773bce9ab81c269dd6d95102a990951c922f?s=96&d=mm&r=g","contentUrl":"https:\/\/secure.gravatar.com\/avatar\/713677ece3ffa642287213a80e5b773bce9ab81c269dd6d95102a990951c922f?s=96&d=mm&r=g","caption":"admin"},"sameAs":["http:\/\/vientosur.top\/museo"],"url":"http:\/\/vientosur.top\/museo\/author\/comunicacionesmvp\/"}]}},"_links":{"self":[{"href":"http:\/\/vientosur.top\/museo\/wp-json\/wp\/v2\/posts\/3577","targetHints":{"allow":["GET"]}}],"collection":[{"href":"http:\/\/vientosur.top\/museo\/wp-json\/wp\/v2\/posts"}],"about":[{"href":"http:\/\/vientosur.top\/museo\/wp-json\/wp\/v2\/types\/post"}],"author":[{"embeddable":true,"href":"http:\/\/vientosur.top\/museo\/wp-json\/wp\/v2\/users\/5"}],"replies":[{"embeddable":true,"href":"http:\/\/vientosur.top\/museo\/wp-json\/wp\/v2\/comments?post=3577"}],"version-history":[{"count":0,"href":"http:\/\/vientosur.top\/museo\/wp-json\/wp\/v2\/posts\/3577\/revisions"}],"wp:featuredmedia":[{"embeddable":true,"href":"http:\/\/vientosur.top\/museo\/wp-json\/wp\/v2\/media\/3578"}],"wp:attachment":[{"href":"http:\/\/vientosur.top\/museo\/wp-json\/wp\/v2\/media?parent=3577"}],"wp:term":[{"taxonomy":"category","embeddable":true,"href":"http:\/\/vientosur.top\/museo\/wp-json\/wp\/v2\/categories?post=3577"},{"taxonomy":"post_tag","embeddable":true,"href":"http:\/\/vientosur.top\/museo\/wp-json\/wp\/v2\/tags?post=3577"}],"curies":[{"name":"wp","href":"https:\/\/api.w.org\/{rel}","templated":true}]}}