{"id":3602,"date":"2017-04-21T18:00:55","date_gmt":"2017-04-21T18:00:55","guid":{"rendered":"http:\/\/vientosur.top\/museo\/\/?p=3602"},"modified":"2017-04-21T18:00:55","modified_gmt":"2017-04-21T18:00:55","slug":"16-voluntarios-iniciaron-sus-funciones-en-museo-violeta-parra","status":"publish","type":"post","link":"http:\/\/vientosur.top\/museo\/16-voluntarios-iniciaron-sus-funciones-en-museo-violeta-parra\/","title":{"rendered":"16 voluntarios iniciaron sus funciones en Museo Violeta Parra"},"content":{"rendered":"<p>Con la finalidad de difundir el legado art\u00edstico, visual y musical de Violeta Parra,\u00a0el s\u00e1bado 15 de abril se dio comienzo al programa de \u00abVoluntariado Centenario Violeta Parra\u00bb a cargo del \u00e1rea de Educaci\u00f3n, Mediaci\u00f3n, Audiencias y Voluntariado del Museo. Este a\u00f1o, 16 personas fueron seleccionadas para apoyar la funci\u00f3n educativa y transmitir los valores que la artista proyect\u00f3 durante su vida.<\/p>\n<p>&nbsp;<\/p>\n<p>El voluntariado convoc\u00f3 a\u00a0profesionales de las \u00e1reas del arte, dise\u00f1o, comunicaci\u00f3n audiovisual, sociolog\u00eda, m\u00fasica e historia de Chile dispuestos a \u00a0prestar apoyo y participar de la propuesta, desarrollo y ejecuci\u00f3n de diversas actividades de mediaci\u00f3n, visitas guiadas, talleres, entre otras funciones espec\u00edficas del departamento, cumpliendo un valioso rol durante un a\u00f1o.<\/p>\n<p>&nbsp;<\/p>\n<p>\u201cEn t\u00e9rminos de convocatoria el voluntariado fue s\u00faper exitoso, recibimos muchas postulaciones, la gente estaba muy interesada. Tenemos altas expectativas para este a\u00f1o porque estar\u00e1 lleno de actividades en torno al Centenario de Violeta\u201d, se\u00f1ala Esteban Torres, Jefe de Educaci\u00f3n, Mediaci\u00f3n y Voluntariado del Museo Violeta Parra.<\/p>\n<p>&nbsp;<\/p>\n<p>Los participantes experimentar\u00e1n un aprendizaje continuo, conocer\u00e1n detalles del trabajo que desarrolla el equipo de profesionales de la instituci\u00f3n, aport\u00e1ndoles experiencia en diversos quehaceres del \u00e1mbito museol\u00f3gico. Al finalizar el programa y, a modo de retribuci\u00f3n, los voluntarios recibir\u00e1n un certificado de desempe\u00f1o y una carta de recomendaci\u00f3n, que respalde su gesti\u00f3n en futuras experiencias laborales.<\/p>\n","protected":false},"excerpt":{"rendered":"<p>Con la finalidad de difundir el legado art\u00edstico, visual y musical de Violeta Parra,\u00a0el s\u00e1bado 15 de abril se dio comienzo al programa de \u00abVoluntariado Centenario Violeta Parra\u00bb a cargo del \u00e1rea de Educaci\u00f3n, Mediaci\u00f3n, Audiencias y Voluntariado del Museo. Este a\u00f1o, 16 personas fueron seleccionadas para apoyar la funci\u00f3n educativa y transmitir los valores [&hellip;]<\/p>\n","protected":false},"author":5,"featured_media":3603,"comment_status":"open","ping_status":"open","sticky":false,"template":"","format":"standard","meta":{"site-sidebar-layout":"default","site-content-layout":"","ast-site-content-layout":"default","site-content-style":"default","site-sidebar-style":"default","ast-global-header-display":"","ast-banner-title-visibility":"","ast-main-header-display":"","ast-hfb-above-header-display":"","ast-hfb-below-header-display":"","ast-hfb-mobile-header-display":"","site-post-title":"","ast-breadcrumbs-content":"","ast-featured-img":"","footer-sml-layout":"","theme-transparent-header-meta":"","adv-header-id-meta":"","stick-header-meta":"","header-above-stick-meta":"","header-main-stick-meta":"","header-below-stick-meta":"","astra-migrate-meta-layouts":"default","ast-page-background-enabled":"default","ast-page-background-meta":{"desktop":{"background-color":"var(--ast-global-color-4)","background-image":"","background-repeat":"repeat","background-position":"center center","background-size":"auto","background-attachment":"scroll","background-type":"","background-media":"","overlay-type":"","overlay-color":"","overlay-opacity":"","overlay-gradient":""},"tablet":{"background-color":"","background-image":"","background-repeat":"repeat","background-position":"center center","background-size":"auto","background-attachment":"scroll","background-type":"","background-media":"","overlay-type":"","overlay-color":"","overlay-opacity":"","overlay-gradient":""},"mobile":{"background-color":"","background-image":"","background-repeat":"repeat","background-position":"center center","background-size":"auto","background-attachment":"scroll","background-type":"","background-media":"","overlay-type":"","overlay-color":"","overlay-opacity":"","overlay-gradient":""}},"ast-content-background-meta":{"desktop":{"background-color":"var(--ast-global-color-5)","background-image":"","background-repeat":"repeat","background-position":"center center","background-size":"auto","background-attachment":"scroll","background-type":"","background-media":"","overlay-type":"","overlay-color":"","overlay-opacity":"","overlay-gradient":""},"tablet":{"background-color":"var(--ast-global-color-5)","background-image":"","background-repeat":"repeat","background-position":"center center","background-size":"auto","background-attachment":"scroll","background-type":"","background-media":"","overlay-type":"","overlay-color":"","overlay-opacity":"","overlay-gradient":""},"mobile":{"background-color":"var(--ast-global-color-5)","background-image":"","background-repeat":"repeat","background-position":"center center","background-size":"auto","background-attachment":"scroll","background-type":"","background-media":"","overlay-type":"","overlay-color":"","overlay-opacity":"","overlay-gradient":""}},"footnotes":""},"categories":[59,8,61],"tags":[],"class_list":["post-3602","post","type-post","status-publish","format-standard","has-post-thumbnail","hentry","category-destacado-noticia","category-noticias","category-novedades"],"yoast_head":"<!-- This site is optimized with the Yoast SEO plugin v25.4 - https:\/\/yoast.com\/wordpress\/plugins\/seo\/ -->\n<title>16 voluntarios iniciaron sus funciones en Museo Violeta Parra - Museo Violeta Parra<\/title>\n<meta name=\"robots\" content=\"index, follow, max-snippet:-1, max-image-preview:large, max-video-preview:-1\" \/>\n<link rel=\"canonical\" href=\"http:\/\/vientosur.top\/museo\/16-voluntarios-iniciaron-sus-funciones-en-museo-violeta-parra\/\" \/>\n<meta property=\"og:locale\" content=\"es_ES\" \/>\n<meta property=\"og:type\" content=\"article\" \/>\n<meta property=\"og:title\" content=\"16 voluntarios iniciaron sus funciones en Museo Violeta Parra - Museo Violeta Parra\" \/>\n<meta property=\"og:description\" content=\"Con la finalidad de difundir el legado art\u00edstico, visual y musical de Violeta Parra,\u00a0el s\u00e1bado 15 de abril se dio comienzo al programa de \u00abVoluntariado Centenario Violeta Parra\u00bb a cargo del \u00e1rea de Educaci\u00f3n, Mediaci\u00f3n, Audiencias y Voluntariado del Museo. Este a\u00f1o, 16 personas fueron seleccionadas para apoyar la funci\u00f3n educativa y transmitir los valores [&hellip;]\" \/>\n<meta property=\"og:url\" content=\"http:\/\/vientosur.top\/museo\/16-voluntarios-iniciaron-sus-funciones-en-museo-violeta-parra\/\" \/>\n<meta property=\"og:site_name\" content=\"Museo Violeta Parra\" \/>\n<meta property=\"article:published_time\" content=\"2017-04-21T18:00:55+00:00\" \/>\n<meta property=\"og:image\" content=\"http:\/\/vientosur.top\/museo\/wp-content\/uploads\/2017\/04\/20170415_120234.jpg\" \/>\n\t<meta property=\"og:image:width\" content=\"2000\" \/>\n\t<meta property=\"og:image:height\" content=\"1125\" \/>\n\t<meta property=\"og:image:type\" content=\"image\/jpeg\" \/>\n<meta name=\"author\" content=\"admin\" \/>\n<meta name=\"twitter:card\" content=\"summary_large_image\" \/>\n<meta name=\"twitter:label1\" content=\"Escrito por\" \/>\n\t<meta name=\"twitter:data1\" content=\"admin\" \/>\n\t<meta name=\"twitter:label2\" content=\"Tiempo de lectura\" \/>\n\t<meta name=\"twitter:data2\" content=\"1 minuto\" \/>\n<script type=\"application\/ld+json\" class=\"yoast-schema-graph\">{\"@context\":\"https:\/\/schema.org\",\"@graph\":[{\"@type\":\"WebPage\",\"@id\":\"http:\/\/vientosur.top\/museo\/16-voluntarios-iniciaron-sus-funciones-en-museo-violeta-parra\/\",\"url\":\"http:\/\/vientosur.top\/museo\/16-voluntarios-iniciaron-sus-funciones-en-museo-violeta-parra\/\",\"name\":\"16 voluntarios iniciaron sus funciones en Museo Violeta Parra - Museo Violeta Parra\",\"isPartOf\":{\"@id\":\"http:\/\/vientosur.top\/museo\/#website\"},\"primaryImageOfPage\":{\"@id\":\"http:\/\/vientosur.top\/museo\/16-voluntarios-iniciaron-sus-funciones-en-museo-violeta-parra\/#primaryimage\"},\"image\":{\"@id\":\"http:\/\/vientosur.top\/museo\/16-voluntarios-iniciaron-sus-funciones-en-museo-violeta-parra\/#primaryimage\"},\"thumbnailUrl\":\"http:\/\/vientosur.top\/museo\/wp-content\/uploads\/2017\/04\/20170415_120234.jpg\",\"datePublished\":\"2017-04-21T18:00:55+00:00\",\"author\":{\"@id\":\"http:\/\/vientosur.top\/museo\/#\/schema\/person\/20c79d3c38800971feec8c2693c3dd9c\"},\"breadcrumb\":{\"@id\":\"http:\/\/vientosur.top\/museo\/16-voluntarios-iniciaron-sus-funciones-en-museo-violeta-parra\/#breadcrumb\"},\"inLanguage\":\"es\",\"potentialAction\":[{\"@type\":\"ReadAction\",\"target\":[\"http:\/\/vientosur.top\/museo\/16-voluntarios-iniciaron-sus-funciones-en-museo-violeta-parra\/\"]}]},{\"@type\":\"ImageObject\",\"inLanguage\":\"es\",\"@id\":\"http:\/\/vientosur.top\/museo\/16-voluntarios-iniciaron-sus-funciones-en-museo-violeta-parra\/#primaryimage\",\"url\":\"http:\/\/vientosur.top\/museo\/wp-content\/uploads\/2017\/04\/20170415_120234.jpg\",\"contentUrl\":\"http:\/\/vientosur.top\/museo\/wp-content\/uploads\/2017\/04\/20170415_120234.jpg\",\"width\":2000,\"height\":1125},{\"@type\":\"BreadcrumbList\",\"@id\":\"http:\/\/vientosur.top\/museo\/16-voluntarios-iniciaron-sus-funciones-en-museo-violeta-parra\/#breadcrumb\",\"itemListElement\":[{\"@type\":\"ListItem\",\"position\":1,\"name\":\"Portada\",\"item\":\"http:\/\/vientosur.top\/museo\/\"},{\"@type\":\"ListItem\",\"position\":2,\"name\":\"16 voluntarios iniciaron sus funciones en Museo Violeta Parra\"}]},{\"@type\":\"WebSite\",\"@id\":\"http:\/\/vientosur.top\/museo\/#website\",\"url\":\"http:\/\/vientosur.top\/museo\/\",\"name\":\"Museo Violeta Parra\",\"description\":\"Espacio que alberga tanto la memoria y legado creativo de la artista\",\"potentialAction\":[{\"@type\":\"SearchAction\",\"target\":{\"@type\":\"EntryPoint\",\"urlTemplate\":\"http:\/\/vientosur.top\/museo\/?s={search_term_string}\"},\"query-input\":{\"@type\":\"PropertyValueSpecification\",\"valueRequired\":true,\"valueName\":\"search_term_string\"}}],\"inLanguage\":\"es\"},{\"@type\":\"Person\",\"@id\":\"http:\/\/vientosur.top\/museo\/#\/schema\/person\/20c79d3c38800971feec8c2693c3dd9c\",\"name\":\"admin\",\"image\":{\"@type\":\"ImageObject\",\"inLanguage\":\"es\",\"@id\":\"http:\/\/vientosur.top\/museo\/#\/schema\/person\/image\/\",\"url\":\"https:\/\/secure.gravatar.com\/avatar\/713677ece3ffa642287213a80e5b773bce9ab81c269dd6d95102a990951c922f?s=96&d=mm&r=g\",\"contentUrl\":\"https:\/\/secure.gravatar.com\/avatar\/713677ece3ffa642287213a80e5b773bce9ab81c269dd6d95102a990951c922f?s=96&d=mm&r=g\",\"caption\":\"admin\"},\"sameAs\":[\"http:\/\/vientosur.top\/museo\"],\"url\":\"http:\/\/vientosur.top\/museo\/author\/comunicacionesmvp\/\"}]}<\/script>\n<!-- \/ Yoast SEO plugin. -->","yoast_head_json":{"title":"16 voluntarios iniciaron sus funciones en Museo Violeta Parra - Museo Violeta Parra","robots":{"index":"index","follow":"follow","max-snippet":"max-snippet:-1","max-image-preview":"max-image-preview:large","max-video-preview":"max-video-preview:-1"},"canonical":"http:\/\/vientosur.top\/museo\/16-voluntarios-iniciaron-sus-funciones-en-museo-violeta-parra\/","og_locale":"es_ES","og_type":"article","og_title":"16 voluntarios iniciaron sus funciones en Museo Violeta Parra - Museo Violeta Parra","og_description":"Con la finalidad de difundir el legado art\u00edstico, visual y musical de Violeta Parra,\u00a0el s\u00e1bado 15 de abril se dio comienzo al programa de \u00abVoluntariado Centenario Violeta Parra\u00bb a cargo del \u00e1rea de Educaci\u00f3n, Mediaci\u00f3n, Audiencias y Voluntariado del Museo. Este a\u00f1o, 16 personas fueron seleccionadas para apoyar la funci\u00f3n educativa y transmitir los valores [&hellip;]","og_url":"http:\/\/vientosur.top\/museo\/16-voluntarios-iniciaron-sus-funciones-en-museo-violeta-parra\/","og_site_name":"Museo Violeta Parra","article_published_time":"2017-04-21T18:00:55+00:00","og_image":[{"width":2000,"height":1125,"url":"http:\/\/vientosur.top\/museo\/wp-content\/uploads\/2017\/04\/20170415_120234.jpg","type":"image\/jpeg"}],"author":"admin","twitter_card":"summary_large_image","twitter_misc":{"Escrito por":"admin","Tiempo de lectura":"1 minuto"},"schema":{"@context":"https:\/\/schema.org","@graph":[{"@type":"WebPage","@id":"http:\/\/vientosur.top\/museo\/16-voluntarios-iniciaron-sus-funciones-en-museo-violeta-parra\/","url":"http:\/\/vientosur.top\/museo\/16-voluntarios-iniciaron-sus-funciones-en-museo-violeta-parra\/","name":"16 voluntarios iniciaron sus funciones en Museo Violeta Parra - Museo Violeta Parra","isPartOf":{"@id":"http:\/\/vientosur.top\/museo\/#website"},"primaryImageOfPage":{"@id":"http:\/\/vientosur.top\/museo\/16-voluntarios-iniciaron-sus-funciones-en-museo-violeta-parra\/#primaryimage"},"image":{"@id":"http:\/\/vientosur.top\/museo\/16-voluntarios-iniciaron-sus-funciones-en-museo-violeta-parra\/#primaryimage"},"thumbnailUrl":"http:\/\/vientosur.top\/museo\/wp-content\/uploads\/2017\/04\/20170415_120234.jpg","datePublished":"2017-04-21T18:00:55+00:00","author":{"@id":"http:\/\/vientosur.top\/museo\/#\/schema\/person\/20c79d3c38800971feec8c2693c3dd9c"},"breadcrumb":{"@id":"http:\/\/vientosur.top\/museo\/16-voluntarios-iniciaron-sus-funciones-en-museo-violeta-parra\/#breadcrumb"},"inLanguage":"es","potentialAction":[{"@type":"ReadAction","target":["http:\/\/vientosur.top\/museo\/16-voluntarios-iniciaron-sus-funciones-en-museo-violeta-parra\/"]}]},{"@type":"ImageObject","inLanguage":"es","@id":"http:\/\/vientosur.top\/museo\/16-voluntarios-iniciaron-sus-funciones-en-museo-violeta-parra\/#primaryimage","url":"http:\/\/vientosur.top\/museo\/wp-content\/uploads\/2017\/04\/20170415_120234.jpg","contentUrl":"http:\/\/vientosur.top\/museo\/wp-content\/uploads\/2017\/04\/20170415_120234.jpg","width":2000,"height":1125},{"@type":"BreadcrumbList","@id":"http:\/\/vientosur.top\/museo\/16-voluntarios-iniciaron-sus-funciones-en-museo-violeta-parra\/#breadcrumb","itemListElement":[{"@type":"ListItem","position":1,"name":"Portada","item":"http:\/\/vientosur.top\/museo\/"},{"@type":"ListItem","position":2,"name":"16 voluntarios iniciaron sus funciones en Museo Violeta Parra"}]},{"@type":"WebSite","@id":"http:\/\/vientosur.top\/museo\/#website","url":"http:\/\/vientosur.top\/museo\/","name":"Museo Violeta Parra","description":"Espacio que alberga tanto la memoria y legado creativo de la artista","potentialAction":[{"@type":"SearchAction","target":{"@type":"EntryPoint","urlTemplate":"http:\/\/vientosur.top\/museo\/?s={search_term_string}"},"query-input":{"@type":"PropertyValueSpecification","valueRequired":true,"valueName":"search_term_string"}}],"inLanguage":"es"},{"@type":"Person","@id":"http:\/\/vientosur.top\/museo\/#\/schema\/person\/20c79d3c38800971feec8c2693c3dd9c","name":"admin","image":{"@type":"ImageObject","inLanguage":"es","@id":"http:\/\/vientosur.top\/museo\/#\/schema\/person\/image\/","url":"https:\/\/secure.gravatar.com\/avatar\/713677ece3ffa642287213a80e5b773bce9ab81c269dd6d95102a990951c922f?s=96&d=mm&r=g","contentUrl":"https:\/\/secure.gravatar.com\/avatar\/713677ece3ffa642287213a80e5b773bce9ab81c269dd6d95102a990951c922f?s=96&d=mm&r=g","caption":"admin"},"sameAs":["http:\/\/vientosur.top\/museo"],"url":"http:\/\/vientosur.top\/museo\/author\/comunicacionesmvp\/"}]}},"_links":{"self":[{"href":"http:\/\/vientosur.top\/museo\/wp-json\/wp\/v2\/posts\/3602","targetHints":{"allow":["GET"]}}],"collection":[{"href":"http:\/\/vientosur.top\/museo\/wp-json\/wp\/v2\/posts"}],"about":[{"href":"http:\/\/vientosur.top\/museo\/wp-json\/wp\/v2\/types\/post"}],"author":[{"embeddable":true,"href":"http:\/\/vientosur.top\/museo\/wp-json\/wp\/v2\/users\/5"}],"replies":[{"embeddable":true,"href":"http:\/\/vientosur.top\/museo\/wp-json\/wp\/v2\/comments?post=3602"}],"version-history":[{"count":0,"href":"http:\/\/vientosur.top\/museo\/wp-json\/wp\/v2\/posts\/3602\/revisions"}],"wp:featuredmedia":[{"embeddable":true,"href":"http:\/\/vientosur.top\/museo\/wp-json\/wp\/v2\/media\/3603"}],"wp:attachment":[{"href":"http:\/\/vientosur.top\/museo\/wp-json\/wp\/v2\/media?parent=3602"}],"wp:term":[{"taxonomy":"category","embeddable":true,"href":"http:\/\/vientosur.top\/museo\/wp-json\/wp\/v2\/categories?post=3602"},{"taxonomy":"post_tag","embeddable":true,"href":"http:\/\/vientosur.top\/museo\/wp-json\/wp\/v2\/tags?post=3602"}],"curies":[{"name":"wp","href":"https:\/\/api.w.org\/{rel}","templated":true}]}}