{"id":3660,"date":"2017-05-08T10:25:26","date_gmt":"2017-05-08T10:25:26","guid":{"rendered":"http:\/\/vientosur.top\/museo\/\/?p=3660"},"modified":"2017-05-08T10:25:26","modified_gmt":"2017-05-08T10:25:26","slug":"3x7-veintiuna-se-presentara-gratis-este-sabado-en-museo-violeta-parra","status":"publish","type":"post","link":"http:\/\/vientosur.top\/museo\/3x7-veintiuna-se-presentara-gratis-este-sabado-en-museo-violeta-parra\/","title":{"rendered":"3&#215;7 Veintiuna se present\u00f3 gratis en el Museo Violeta Parra"},"content":{"rendered":"<p>Todo un \u00e9xito fue la presentaci\u00f3n de la agrupaci\u00f3n nacional <strong>3\u00d77 Veintiuna<\/strong>, quienes tocaron\u00a0gratis el\u00a0<strong>s\u00e1bado 6 de mayo\u00a0<\/strong>en la explanada del Museo Violeta Parra, en el marco del ciclo de cuecas del Centenario Violeta Parra.<\/p>\n<p>3&#215;7 Veintiuna, nace el a\u00f1o 2005 luego que su fundador, el m\u00fasico y profesor mapuche F\u00e9lix Llancafil, colaborara como acordeonista en el m\u00edtico grupo cuequero \u201cLos Chileneros\u201d. Esta cercana relaci\u00f3n\u00a0con los padres de \u201cLa Cueca Brava\u201d, despierta en \u00e9l la pasi\u00f3n por la creaci\u00f3n, investigaci\u00f3n y difusi\u00f3n del folclore como uno de los tesoros del Patrimonio Cultural Chileno.<\/p>\n<p>Debido al desarrollo de su particular estilo y al \u00e9nfasis en la creaci\u00f3n de \u201cCuecas Urbanas\u201d originales, tras m\u00e1s de una d\u00e9cada de trayectoria, la agrupaci\u00f3n ha obtenido gran reconocimiento a nivel nacional y una calurosa acogida del p\u00fablico, siendo invitados diversos festivales en Chile y el extranjero. Ganadores en 2007 del Premio APES por la producci\u00f3n musical \u201cLa Otra Patita\u201d.<\/p>\n","protected":false},"excerpt":{"rendered":"<p>Todo un \u00e9xito fue la presentaci\u00f3n de la agrupaci\u00f3n nacional 3\u00d77 Veintiuna, quienes tocaron\u00a0gratis el\u00a0s\u00e1bado 6 de mayo\u00a0en la explanada del Museo Violeta Parra, en el marco del ciclo de cuecas del Centenario Violeta Parra. 3&#215;7 Veintiuna, nace el a\u00f1o 2005 luego que su fundador, el m\u00fasico y profesor mapuche F\u00e9lix Llancafil, colaborara como acordeonista [&hellip;]<\/p>\n","protected":false},"author":5,"featured_media":3893,"comment_status":"open","ping_status":"open","sticky":false,"template":"","format":"standard","meta":{"site-sidebar-layout":"default","site-content-layout":"","ast-site-content-layout":"default","site-content-style":"default","site-sidebar-style":"default","ast-global-header-display":"","ast-banner-title-visibility":"","ast-main-header-display":"","ast-hfb-above-header-display":"","ast-hfb-below-header-display":"","ast-hfb-mobile-header-display":"","site-post-title":"","ast-breadcrumbs-content":"","ast-featured-img":"","footer-sml-layout":"","theme-transparent-header-meta":"","adv-header-id-meta":"","stick-header-meta":"","header-above-stick-meta":"","header-main-stick-meta":"","header-below-stick-meta":"","astra-migrate-meta-layouts":"default","ast-page-background-enabled":"default","ast-page-background-meta":{"desktop":{"background-color":"var(--ast-global-color-4)","background-image":"","background-repeat":"repeat","background-position":"center center","background-size":"auto","background-attachment":"scroll","background-type":"","background-media":"","overlay-type":"","overlay-color":"","overlay-opacity":"","overlay-gradient":""},"tablet":{"background-color":"","background-image":"","background-repeat":"repeat","background-position":"center center","background-size":"auto","background-attachment":"scroll","background-type":"","background-media":"","overlay-type":"","overlay-color":"","overlay-opacity":"","overlay-gradient":""},"mobile":{"background-color":"","background-image":"","background-repeat":"repeat","background-position":"center center","background-size":"auto","background-attachment":"scroll","background-type":"","background-media":"","overlay-type":"","overlay-color":"","overlay-opacity":"","overlay-gradient":""}},"ast-content-background-meta":{"desktop":{"background-color":"var(--ast-global-color-5)","background-image":"","background-repeat":"repeat","background-position":"center center","background-size":"auto","background-attachment":"scroll","background-type":"","background-media":"","overlay-type":"","overlay-color":"","overlay-opacity":"","overlay-gradient":""},"tablet":{"background-color":"var(--ast-global-color-5)","background-image":"","background-repeat":"repeat","background-position":"center center","background-size":"auto","background-attachment":"scroll","background-type":"","background-media":"","overlay-type":"","overlay-color":"","overlay-opacity":"","overlay-gradient":""},"mobile":{"background-color":"var(--ast-global-color-5)","background-image":"","background-repeat":"repeat","background-position":"center center","background-size":"auto","background-attachment":"scroll","background-type":"","background-media":"","overlay-type":"","overlay-color":"","overlay-opacity":"","overlay-gradient":""}},"footnotes":""},"categories":[59,8,1],"tags":[],"class_list":["post-3660","post","type-post","status-publish","format-standard","has-post-thumbnail","hentry","category-destacado-noticia","category-noticias","category-sin-categoria"],"yoast_head":"<!-- This site is optimized with the Yoast SEO plugin v25.4 - https:\/\/yoast.com\/wordpress\/plugins\/seo\/ -->\n<title>3x7 Veintiuna se present\u00f3 gratis en el Museo Violeta Parra - Museo Violeta Parra<\/title>\n<meta name=\"robots\" content=\"index, follow, max-snippet:-1, max-image-preview:large, max-video-preview:-1\" \/>\n<link rel=\"canonical\" href=\"http:\/\/vientosur.top\/museo\/3x7-veintiuna-se-presentara-gratis-este-sabado-en-museo-violeta-parra\/\" \/>\n<meta property=\"og:locale\" content=\"es_ES\" \/>\n<meta property=\"og:type\" content=\"article\" \/>\n<meta property=\"og:title\" content=\"3x7 Veintiuna se present\u00f3 gratis en el Museo Violeta Parra - Museo Violeta Parra\" \/>\n<meta property=\"og:description\" content=\"Todo un \u00e9xito fue la presentaci\u00f3n de la agrupaci\u00f3n nacional 3\u00d77 Veintiuna, quienes tocaron\u00a0gratis el\u00a0s\u00e1bado 6 de mayo\u00a0en la explanada del Museo Violeta Parra, en el marco del ciclo de cuecas del Centenario Violeta Parra. 3&#215;7 Veintiuna, nace el a\u00f1o 2005 luego que su fundador, el m\u00fasico y profesor mapuche F\u00e9lix Llancafil, colaborara como acordeonista [&hellip;]\" \/>\n<meta property=\"og:url\" content=\"http:\/\/vientosur.top\/museo\/3x7-veintiuna-se-presentara-gratis-este-sabado-en-museo-violeta-parra\/\" \/>\n<meta property=\"og:site_name\" content=\"Museo Violeta Parra\" \/>\n<meta property=\"article:published_time\" content=\"2017-05-08T10:25:26+00:00\" \/>\n<meta property=\"og:image\" content=\"http:\/\/vientosur.top\/museo\/wp-content\/uploads\/2017\/05\/3x7-veintiuna.jpg\" \/>\n\t<meta property=\"og:image:width\" content=\"1054\" \/>\n\t<meta property=\"og:image:height\" content=\"614\" \/>\n\t<meta property=\"og:image:type\" content=\"image\/jpeg\" \/>\n<meta name=\"author\" content=\"admin\" \/>\n<meta name=\"twitter:card\" content=\"summary_large_image\" \/>\n<meta name=\"twitter:label1\" content=\"Escrito por\" \/>\n\t<meta name=\"twitter:data1\" content=\"admin\" \/>\n\t<meta name=\"twitter:label2\" content=\"Tiempo de lectura\" \/>\n\t<meta name=\"twitter:data2\" content=\"1 minuto\" \/>\n<script type=\"application\/ld+json\" class=\"yoast-schema-graph\">{\"@context\":\"https:\/\/schema.org\",\"@graph\":[{\"@type\":\"WebPage\",\"@id\":\"http:\/\/vientosur.top\/museo\/3x7-veintiuna-se-presentara-gratis-este-sabado-en-museo-violeta-parra\/\",\"url\":\"http:\/\/vientosur.top\/museo\/3x7-veintiuna-se-presentara-gratis-este-sabado-en-museo-violeta-parra\/\",\"name\":\"3x7 Veintiuna se present\u00f3 gratis en el Museo Violeta Parra - Museo Violeta Parra\",\"isPartOf\":{\"@id\":\"http:\/\/vientosur.top\/museo\/#website\"},\"primaryImageOfPage\":{\"@id\":\"http:\/\/vientosur.top\/museo\/3x7-veintiuna-se-presentara-gratis-este-sabado-en-museo-violeta-parra\/#primaryimage\"},\"image\":{\"@id\":\"http:\/\/vientosur.top\/museo\/3x7-veintiuna-se-presentara-gratis-este-sabado-en-museo-violeta-parra\/#primaryimage\"},\"thumbnailUrl\":\"http:\/\/vientosur.top\/museo\/wp-content\/uploads\/2017\/05\/3x7-veintiuna.jpg\",\"datePublished\":\"2017-05-08T10:25:26+00:00\",\"author\":{\"@id\":\"http:\/\/vientosur.top\/museo\/#\/schema\/person\/20c79d3c38800971feec8c2693c3dd9c\"},\"breadcrumb\":{\"@id\":\"http:\/\/vientosur.top\/museo\/3x7-veintiuna-se-presentara-gratis-este-sabado-en-museo-violeta-parra\/#breadcrumb\"},\"inLanguage\":\"es\",\"potentialAction\":[{\"@type\":\"ReadAction\",\"target\":[\"http:\/\/vientosur.top\/museo\/3x7-veintiuna-se-presentara-gratis-este-sabado-en-museo-violeta-parra\/\"]}]},{\"@type\":\"ImageObject\",\"inLanguage\":\"es\",\"@id\":\"http:\/\/vientosur.top\/museo\/3x7-veintiuna-se-presentara-gratis-este-sabado-en-museo-violeta-parra\/#primaryimage\",\"url\":\"http:\/\/vientosur.top\/museo\/wp-content\/uploads\/2017\/05\/3x7-veintiuna.jpg\",\"contentUrl\":\"http:\/\/vientosur.top\/museo\/wp-content\/uploads\/2017\/05\/3x7-veintiuna.jpg\",\"width\":1054,\"height\":614},{\"@type\":\"BreadcrumbList\",\"@id\":\"http:\/\/vientosur.top\/museo\/3x7-veintiuna-se-presentara-gratis-este-sabado-en-museo-violeta-parra\/#breadcrumb\",\"itemListElement\":[{\"@type\":\"ListItem\",\"position\":1,\"name\":\"Portada\",\"item\":\"http:\/\/vientosur.top\/museo\/\"},{\"@type\":\"ListItem\",\"position\":2,\"name\":\"3&#215;7 Veintiuna se present\u00f3 gratis en el Museo Violeta Parra\"}]},{\"@type\":\"WebSite\",\"@id\":\"http:\/\/vientosur.top\/museo\/#website\",\"url\":\"http:\/\/vientosur.top\/museo\/\",\"name\":\"Museo Violeta Parra\",\"description\":\"Espacio que alberga tanto la memoria y legado creativo de la artista\",\"potentialAction\":[{\"@type\":\"SearchAction\",\"target\":{\"@type\":\"EntryPoint\",\"urlTemplate\":\"http:\/\/vientosur.top\/museo\/?s={search_term_string}\"},\"query-input\":{\"@type\":\"PropertyValueSpecification\",\"valueRequired\":true,\"valueName\":\"search_term_string\"}}],\"inLanguage\":\"es\"},{\"@type\":\"Person\",\"@id\":\"http:\/\/vientosur.top\/museo\/#\/schema\/person\/20c79d3c38800971feec8c2693c3dd9c\",\"name\":\"admin\",\"image\":{\"@type\":\"ImageObject\",\"inLanguage\":\"es\",\"@id\":\"http:\/\/vientosur.top\/museo\/#\/schema\/person\/image\/\",\"url\":\"https:\/\/secure.gravatar.com\/avatar\/713677ece3ffa642287213a80e5b773bce9ab81c269dd6d95102a990951c922f?s=96&d=mm&r=g\",\"contentUrl\":\"https:\/\/secure.gravatar.com\/avatar\/713677ece3ffa642287213a80e5b773bce9ab81c269dd6d95102a990951c922f?s=96&d=mm&r=g\",\"caption\":\"admin\"},\"sameAs\":[\"http:\/\/vientosur.top\/museo\"],\"url\":\"http:\/\/vientosur.top\/museo\/author\/comunicacionesmvp\/\"}]}<\/script>\n<!-- \/ Yoast SEO plugin. -->","yoast_head_json":{"title":"3x7 Veintiuna se present\u00f3 gratis en el Museo Violeta Parra - Museo Violeta Parra","robots":{"index":"index","follow":"follow","max-snippet":"max-snippet:-1","max-image-preview":"max-image-preview:large","max-video-preview":"max-video-preview:-1"},"canonical":"http:\/\/vientosur.top\/museo\/3x7-veintiuna-se-presentara-gratis-este-sabado-en-museo-violeta-parra\/","og_locale":"es_ES","og_type":"article","og_title":"3x7 Veintiuna se present\u00f3 gratis en el Museo Violeta Parra - Museo Violeta Parra","og_description":"Todo un \u00e9xito fue la presentaci\u00f3n de la agrupaci\u00f3n nacional 3\u00d77 Veintiuna, quienes tocaron\u00a0gratis el\u00a0s\u00e1bado 6 de mayo\u00a0en la explanada del Museo Violeta Parra, en el marco del ciclo de cuecas del Centenario Violeta Parra. 3&#215;7 Veintiuna, nace el a\u00f1o 2005 luego que su fundador, el m\u00fasico y profesor mapuche F\u00e9lix Llancafil, colaborara como acordeonista [&hellip;]","og_url":"http:\/\/vientosur.top\/museo\/3x7-veintiuna-se-presentara-gratis-este-sabado-en-museo-violeta-parra\/","og_site_name":"Museo Violeta Parra","article_published_time":"2017-05-08T10:25:26+00:00","og_image":[{"width":1054,"height":614,"url":"http:\/\/vientosur.top\/museo\/wp-content\/uploads\/2017\/05\/3x7-veintiuna.jpg","type":"image\/jpeg"}],"author":"admin","twitter_card":"summary_large_image","twitter_misc":{"Escrito por":"admin","Tiempo de lectura":"1 minuto"},"schema":{"@context":"https:\/\/schema.org","@graph":[{"@type":"WebPage","@id":"http:\/\/vientosur.top\/museo\/3x7-veintiuna-se-presentara-gratis-este-sabado-en-museo-violeta-parra\/","url":"http:\/\/vientosur.top\/museo\/3x7-veintiuna-se-presentara-gratis-este-sabado-en-museo-violeta-parra\/","name":"3x7 Veintiuna se present\u00f3 gratis en el Museo Violeta Parra - Museo Violeta Parra","isPartOf":{"@id":"http:\/\/vientosur.top\/museo\/#website"},"primaryImageOfPage":{"@id":"http:\/\/vientosur.top\/museo\/3x7-veintiuna-se-presentara-gratis-este-sabado-en-museo-violeta-parra\/#primaryimage"},"image":{"@id":"http:\/\/vientosur.top\/museo\/3x7-veintiuna-se-presentara-gratis-este-sabado-en-museo-violeta-parra\/#primaryimage"},"thumbnailUrl":"http:\/\/vientosur.top\/museo\/wp-content\/uploads\/2017\/05\/3x7-veintiuna.jpg","datePublished":"2017-05-08T10:25:26+00:00","author":{"@id":"http:\/\/vientosur.top\/museo\/#\/schema\/person\/20c79d3c38800971feec8c2693c3dd9c"},"breadcrumb":{"@id":"http:\/\/vientosur.top\/museo\/3x7-veintiuna-se-presentara-gratis-este-sabado-en-museo-violeta-parra\/#breadcrumb"},"inLanguage":"es","potentialAction":[{"@type":"ReadAction","target":["http:\/\/vientosur.top\/museo\/3x7-veintiuna-se-presentara-gratis-este-sabado-en-museo-violeta-parra\/"]}]},{"@type":"ImageObject","inLanguage":"es","@id":"http:\/\/vientosur.top\/museo\/3x7-veintiuna-se-presentara-gratis-este-sabado-en-museo-violeta-parra\/#primaryimage","url":"http:\/\/vientosur.top\/museo\/wp-content\/uploads\/2017\/05\/3x7-veintiuna.jpg","contentUrl":"http:\/\/vientosur.top\/museo\/wp-content\/uploads\/2017\/05\/3x7-veintiuna.jpg","width":1054,"height":614},{"@type":"BreadcrumbList","@id":"http:\/\/vientosur.top\/museo\/3x7-veintiuna-se-presentara-gratis-este-sabado-en-museo-violeta-parra\/#breadcrumb","itemListElement":[{"@type":"ListItem","position":1,"name":"Portada","item":"http:\/\/vientosur.top\/museo\/"},{"@type":"ListItem","position":2,"name":"3&#215;7 Veintiuna se present\u00f3 gratis en el Museo Violeta Parra"}]},{"@type":"WebSite","@id":"http:\/\/vientosur.top\/museo\/#website","url":"http:\/\/vientosur.top\/museo\/","name":"Museo Violeta Parra","description":"Espacio que alberga tanto la memoria y legado creativo de la artista","potentialAction":[{"@type":"SearchAction","target":{"@type":"EntryPoint","urlTemplate":"http:\/\/vientosur.top\/museo\/?s={search_term_string}"},"query-input":{"@type":"PropertyValueSpecification","valueRequired":true,"valueName":"search_term_string"}}],"inLanguage":"es"},{"@type":"Person","@id":"http:\/\/vientosur.top\/museo\/#\/schema\/person\/20c79d3c38800971feec8c2693c3dd9c","name":"admin","image":{"@type":"ImageObject","inLanguage":"es","@id":"http:\/\/vientosur.top\/museo\/#\/schema\/person\/image\/","url":"https:\/\/secure.gravatar.com\/avatar\/713677ece3ffa642287213a80e5b773bce9ab81c269dd6d95102a990951c922f?s=96&d=mm&r=g","contentUrl":"https:\/\/secure.gravatar.com\/avatar\/713677ece3ffa642287213a80e5b773bce9ab81c269dd6d95102a990951c922f?s=96&d=mm&r=g","caption":"admin"},"sameAs":["http:\/\/vientosur.top\/museo"],"url":"http:\/\/vientosur.top\/museo\/author\/comunicacionesmvp\/"}]}},"_links":{"self":[{"href":"http:\/\/vientosur.top\/museo\/wp-json\/wp\/v2\/posts\/3660","targetHints":{"allow":["GET"]}}],"collection":[{"href":"http:\/\/vientosur.top\/museo\/wp-json\/wp\/v2\/posts"}],"about":[{"href":"http:\/\/vientosur.top\/museo\/wp-json\/wp\/v2\/types\/post"}],"author":[{"embeddable":true,"href":"http:\/\/vientosur.top\/museo\/wp-json\/wp\/v2\/users\/5"}],"replies":[{"embeddable":true,"href":"http:\/\/vientosur.top\/museo\/wp-json\/wp\/v2\/comments?post=3660"}],"version-history":[{"count":0,"href":"http:\/\/vientosur.top\/museo\/wp-json\/wp\/v2\/posts\/3660\/revisions"}],"wp:featuredmedia":[{"embeddable":true,"href":"http:\/\/vientosur.top\/museo\/wp-json\/wp\/v2\/media\/3893"}],"wp:attachment":[{"href":"http:\/\/vientosur.top\/museo\/wp-json\/wp\/v2\/media?parent=3660"}],"wp:term":[{"taxonomy":"category","embeddable":true,"href":"http:\/\/vientosur.top\/museo\/wp-json\/wp\/v2\/categories?post=3660"},{"taxonomy":"post_tag","embeddable":true,"href":"http:\/\/vientosur.top\/museo\/wp-json\/wp\/v2\/tags?post=3660"}],"curies":[{"name":"wp","href":"https:\/\/api.w.org\/{rel}","templated":true}]}}