{"id":3680,"date":"2017-04-25T15:46:11","date_gmt":"2017-04-25T15:46:11","guid":{"rendered":"http:\/\/vientosur.top\/museo\/\/?p=3680"},"modified":"2017-04-25T15:46:11","modified_gmt":"2017-04-25T15:46:11","slug":"descarga-el-cancionero-popular-de-violeta-parra","status":"publish","type":"post","link":"http:\/\/vientosur.top\/museo\/descarga-el-cancionero-popular-de-violeta-parra\/","title":{"rendered":"Descarga el \u201cCancionero popular\u201d de Violeta Parra"},"content":{"rendered":"<p><em>Encabezado por el Ministro de Cultura, Ernesto Ottone, este domingo se celebr\u00f3 el D\u00eda del Libro en la Plaza Gabriela Mistral del Parque Metropolitano de Santiago. Entre las actividades asociadas al Plan Nacional de la Lectura, campa\u00f1a educativa creada por el CNCA, se lanz\u00f3 el cancionero de Violeta Parra, obra que forma parte del esfuerzo por difundir el legado de la cantautora nacional.<br \/>\n<\/em><\/p>\n<p>&nbsp;<\/p>\n<p>La\u00a0publicaci\u00f3n contiene las canciones que fueron seleccionadas por la ciudadan\u00eda, a trav\u00e9s de las redes sociales, entre el 16 de noviembre y 31 de enero de este a\u00f1o. En el proceso participaron m\u00e1s de 11 mil personas para votar las diez piezas m\u00e1s populares, las que se sumaron a otras diez obras escogidas por la propia Fundaci\u00f3n Violeta Parra.<\/p>\n<p>&nbsp;<\/p>\n<p>En el trabajo est\u00e1n las partituras de\u00a0\u201c<em>Volver a los 17\u201d, \u201cArauco tiene una pena\u201d, \u201cGracias a la vida\u201d, \u201cLa Jardinera\u201d, \u201cMaldigo el alto cielo\u201d<\/em>, entre otras. Ser\u00e1n 140 mil ejemplares que a partir del lunes 23 de abril se distribuir\u00e1n de manera gratuita en todo el pa\u00eds, los que adem\u00e1s estar\u00e1n dedicados a \u00c1ngel Parra (1943-2017).<\/p>\n<p><a href=\"http:\/\/www.cultura.gob.cl\/wp-content\/uploads\/2017\/04\/cancionero-popular-violeta-parra-2017.pdf\"><br \/>\n<strong>Descargar cancionero<\/strong><br \/>\n<\/a>Fotograf\u00eda por Natalia Espina (CNCA)<\/p>\n","protected":false},"excerpt":{"rendered":"<p>Encabezado por el Ministro de Cultura, Ernesto Ottone, este domingo se celebr\u00f3 el D\u00eda del Libro en la Plaza Gabriela Mistral del Parque Metropolitano de Santiago. Entre las actividades asociadas al Plan Nacional de la Lectura, campa\u00f1a educativa creada por el CNCA, se lanz\u00f3 el cancionero de Violeta Parra, obra que forma parte del esfuerzo [&hellip;]<\/p>\n","protected":false},"author":5,"featured_media":3681,"comment_status":"open","ping_status":"open","sticky":false,"template":"","format":"standard","meta":{"site-sidebar-layout":"default","site-content-layout":"","ast-site-content-layout":"default","site-content-style":"default","site-sidebar-style":"default","ast-global-header-display":"","ast-banner-title-visibility":"","ast-main-header-display":"","ast-hfb-above-header-display":"","ast-hfb-below-header-display":"","ast-hfb-mobile-header-display":"","site-post-title":"","ast-breadcrumbs-content":"","ast-featured-img":"","footer-sml-layout":"","theme-transparent-header-meta":"","adv-header-id-meta":"","stick-header-meta":"","header-above-stick-meta":"","header-main-stick-meta":"","header-below-stick-meta":"","astra-migrate-meta-layouts":"default","ast-page-background-enabled":"default","ast-page-background-meta":{"desktop":{"background-color":"var(--ast-global-color-4)","background-image":"","background-repeat":"repeat","background-position":"center center","background-size":"auto","background-attachment":"scroll","background-type":"","background-media":"","overlay-type":"","overlay-color":"","overlay-opacity":"","overlay-gradient":""},"tablet":{"background-color":"","background-image":"","background-repeat":"repeat","background-position":"center center","background-size":"auto","background-attachment":"scroll","background-type":"","background-media":"","overlay-type":"","overlay-color":"","overlay-opacity":"","overlay-gradient":""},"mobile":{"background-color":"","background-image":"","background-repeat":"repeat","background-position":"center center","background-size":"auto","background-attachment":"scroll","background-type":"","background-media":"","overlay-type":"","overlay-color":"","overlay-opacity":"","overlay-gradient":""}},"ast-content-background-meta":{"desktop":{"background-color":"var(--ast-global-color-5)","background-image":"","background-repeat":"repeat","background-position":"center center","background-size":"auto","background-attachment":"scroll","background-type":"","background-media":"","overlay-type":"","overlay-color":"","overlay-opacity":"","overlay-gradient":""},"tablet":{"background-color":"var(--ast-global-color-5)","background-image":"","background-repeat":"repeat","background-position":"center center","background-size":"auto","background-attachment":"scroll","background-type":"","background-media":"","overlay-type":"","overlay-color":"","overlay-opacity":"","overlay-gradient":""},"mobile":{"background-color":"var(--ast-global-color-5)","background-image":"","background-repeat":"repeat","background-position":"center center","background-size":"auto","background-attachment":"scroll","background-type":"","background-media":"","overlay-type":"","overlay-color":"","overlay-opacity":"","overlay-gradient":""}},"footnotes":""},"categories":[59,8,61],"tags":[],"class_list":["post-3680","post","type-post","status-publish","format-standard","has-post-thumbnail","hentry","category-destacado-noticia","category-noticias","category-novedades"],"yoast_head":"<!-- This site is optimized with the Yoast SEO plugin v25.4 - https:\/\/yoast.com\/wordpress\/plugins\/seo\/ -->\n<title>Descarga el \u201cCancionero popular\u201d de Violeta Parra - Museo Violeta Parra<\/title>\n<meta name=\"robots\" content=\"index, follow, max-snippet:-1, max-image-preview:large, max-video-preview:-1\" \/>\n<link rel=\"canonical\" href=\"http:\/\/vientosur.top\/museo\/descarga-el-cancionero-popular-de-violeta-parra\/\" \/>\n<meta property=\"og:locale\" content=\"es_ES\" \/>\n<meta property=\"og:type\" content=\"article\" \/>\n<meta property=\"og:title\" content=\"Descarga el \u201cCancionero popular\u201d de Violeta Parra - Museo Violeta Parra\" \/>\n<meta property=\"og:description\" content=\"Encabezado por el Ministro de Cultura, Ernesto Ottone, este domingo se celebr\u00f3 el D\u00eda del Libro en la Plaza Gabriela Mistral del Parque Metropolitano de Santiago. Entre las actividades asociadas al Plan Nacional de la Lectura, campa\u00f1a educativa creada por el CNCA, se lanz\u00f3 el cancionero de Violeta Parra, obra que forma parte del esfuerzo [&hellip;]\" \/>\n<meta property=\"og:url\" content=\"http:\/\/vientosur.top\/museo\/descarga-el-cancionero-popular-de-violeta-parra\/\" \/>\n<meta property=\"og:site_name\" content=\"Museo Violeta Parra\" \/>\n<meta property=\"article:published_time\" content=\"2017-04-25T15:46:11+00:00\" \/>\n<meta property=\"og:image\" content=\"http:\/\/vientosur.top\/museo\/wp-content\/uploads\/2017\/04\/34093921521_74b74a2382_o-scaled.jpg\" \/>\n\t<meta property=\"og:image:width\" content=\"2560\" \/>\n\t<meta property=\"og:image:height\" content=\"1707\" \/>\n\t<meta property=\"og:image:type\" content=\"image\/jpeg\" \/>\n<meta name=\"author\" content=\"admin\" \/>\n<meta name=\"twitter:card\" content=\"summary_large_image\" \/>\n<meta name=\"twitter:label1\" content=\"Escrito por\" \/>\n\t<meta name=\"twitter:data1\" content=\"admin\" \/>\n\t<meta name=\"twitter:label2\" content=\"Tiempo de lectura\" \/>\n\t<meta name=\"twitter:data2\" content=\"1 minuto\" \/>\n<script type=\"application\/ld+json\" class=\"yoast-schema-graph\">{\"@context\":\"https:\/\/schema.org\",\"@graph\":[{\"@type\":\"WebPage\",\"@id\":\"http:\/\/vientosur.top\/museo\/descarga-el-cancionero-popular-de-violeta-parra\/\",\"url\":\"http:\/\/vientosur.top\/museo\/descarga-el-cancionero-popular-de-violeta-parra\/\",\"name\":\"Descarga el \u201cCancionero popular\u201d de Violeta Parra - Museo Violeta Parra\",\"isPartOf\":{\"@id\":\"http:\/\/vientosur.top\/museo\/#website\"},\"primaryImageOfPage\":{\"@id\":\"http:\/\/vientosur.top\/museo\/descarga-el-cancionero-popular-de-violeta-parra\/#primaryimage\"},\"image\":{\"@id\":\"http:\/\/vientosur.top\/museo\/descarga-el-cancionero-popular-de-violeta-parra\/#primaryimage\"},\"thumbnailUrl\":\"http:\/\/vientosur.top\/museo\/wp-content\/uploads\/2017\/04\/34093921521_74b74a2382_o-scaled.jpg\",\"datePublished\":\"2017-04-25T15:46:11+00:00\",\"author\":{\"@id\":\"http:\/\/vientosur.top\/museo\/#\/schema\/person\/20c79d3c38800971feec8c2693c3dd9c\"},\"breadcrumb\":{\"@id\":\"http:\/\/vientosur.top\/museo\/descarga-el-cancionero-popular-de-violeta-parra\/#breadcrumb\"},\"inLanguage\":\"es\",\"potentialAction\":[{\"@type\":\"ReadAction\",\"target\":[\"http:\/\/vientosur.top\/museo\/descarga-el-cancionero-popular-de-violeta-parra\/\"]}]},{\"@type\":\"ImageObject\",\"inLanguage\":\"es\",\"@id\":\"http:\/\/vientosur.top\/museo\/descarga-el-cancionero-popular-de-violeta-parra\/#primaryimage\",\"url\":\"http:\/\/vientosur.top\/museo\/wp-content\/uploads\/2017\/04\/34093921521_74b74a2382_o-scaled.jpg\",\"contentUrl\":\"http:\/\/vientosur.top\/museo\/wp-content\/uploads\/2017\/04\/34093921521_74b74a2382_o-scaled.jpg\",\"width\":2560,\"height\":1707},{\"@type\":\"BreadcrumbList\",\"@id\":\"http:\/\/vientosur.top\/museo\/descarga-el-cancionero-popular-de-violeta-parra\/#breadcrumb\",\"itemListElement\":[{\"@type\":\"ListItem\",\"position\":1,\"name\":\"Portada\",\"item\":\"http:\/\/vientosur.top\/museo\/\"},{\"@type\":\"ListItem\",\"position\":2,\"name\":\"Descarga el \u201cCancionero popular\u201d de Violeta Parra\"}]},{\"@type\":\"WebSite\",\"@id\":\"http:\/\/vientosur.top\/museo\/#website\",\"url\":\"http:\/\/vientosur.top\/museo\/\",\"name\":\"Museo Violeta Parra\",\"description\":\"Espacio que alberga tanto la memoria y legado creativo de la artista\",\"potentialAction\":[{\"@type\":\"SearchAction\",\"target\":{\"@type\":\"EntryPoint\",\"urlTemplate\":\"http:\/\/vientosur.top\/museo\/?s={search_term_string}\"},\"query-input\":{\"@type\":\"PropertyValueSpecification\",\"valueRequired\":true,\"valueName\":\"search_term_string\"}}],\"inLanguage\":\"es\"},{\"@type\":\"Person\",\"@id\":\"http:\/\/vientosur.top\/museo\/#\/schema\/person\/20c79d3c38800971feec8c2693c3dd9c\",\"name\":\"admin\",\"image\":{\"@type\":\"ImageObject\",\"inLanguage\":\"es\",\"@id\":\"http:\/\/vientosur.top\/museo\/#\/schema\/person\/image\/\",\"url\":\"https:\/\/secure.gravatar.com\/avatar\/713677ece3ffa642287213a80e5b773bce9ab81c269dd6d95102a990951c922f?s=96&d=mm&r=g\",\"contentUrl\":\"https:\/\/secure.gravatar.com\/avatar\/713677ece3ffa642287213a80e5b773bce9ab81c269dd6d95102a990951c922f?s=96&d=mm&r=g\",\"caption\":\"admin\"},\"sameAs\":[\"http:\/\/vientosur.top\/museo\"],\"url\":\"http:\/\/vientosur.top\/museo\/author\/comunicacionesmvp\/\"}]}<\/script>\n<!-- \/ Yoast SEO plugin. -->","yoast_head_json":{"title":"Descarga el \u201cCancionero popular\u201d de Violeta Parra - Museo Violeta Parra","robots":{"index":"index","follow":"follow","max-snippet":"max-snippet:-1","max-image-preview":"max-image-preview:large","max-video-preview":"max-video-preview:-1"},"canonical":"http:\/\/vientosur.top\/museo\/descarga-el-cancionero-popular-de-violeta-parra\/","og_locale":"es_ES","og_type":"article","og_title":"Descarga el \u201cCancionero popular\u201d de Violeta Parra - Museo Violeta Parra","og_description":"Encabezado por el Ministro de Cultura, Ernesto Ottone, este domingo se celebr\u00f3 el D\u00eda del Libro en la Plaza Gabriela Mistral del Parque Metropolitano de Santiago. Entre las actividades asociadas al Plan Nacional de la Lectura, campa\u00f1a educativa creada por el CNCA, se lanz\u00f3 el cancionero de Violeta Parra, obra que forma parte del esfuerzo [&hellip;]","og_url":"http:\/\/vientosur.top\/museo\/descarga-el-cancionero-popular-de-violeta-parra\/","og_site_name":"Museo Violeta Parra","article_published_time":"2017-04-25T15:46:11+00:00","og_image":[{"width":2560,"height":1707,"url":"http:\/\/vientosur.top\/museo\/wp-content\/uploads\/2017\/04\/34093921521_74b74a2382_o-scaled.jpg","type":"image\/jpeg"}],"author":"admin","twitter_card":"summary_large_image","twitter_misc":{"Escrito por":"admin","Tiempo de lectura":"1 minuto"},"schema":{"@context":"https:\/\/schema.org","@graph":[{"@type":"WebPage","@id":"http:\/\/vientosur.top\/museo\/descarga-el-cancionero-popular-de-violeta-parra\/","url":"http:\/\/vientosur.top\/museo\/descarga-el-cancionero-popular-de-violeta-parra\/","name":"Descarga el \u201cCancionero popular\u201d de Violeta Parra - Museo Violeta Parra","isPartOf":{"@id":"http:\/\/vientosur.top\/museo\/#website"},"primaryImageOfPage":{"@id":"http:\/\/vientosur.top\/museo\/descarga-el-cancionero-popular-de-violeta-parra\/#primaryimage"},"image":{"@id":"http:\/\/vientosur.top\/museo\/descarga-el-cancionero-popular-de-violeta-parra\/#primaryimage"},"thumbnailUrl":"http:\/\/vientosur.top\/museo\/wp-content\/uploads\/2017\/04\/34093921521_74b74a2382_o-scaled.jpg","datePublished":"2017-04-25T15:46:11+00:00","author":{"@id":"http:\/\/vientosur.top\/museo\/#\/schema\/person\/20c79d3c38800971feec8c2693c3dd9c"},"breadcrumb":{"@id":"http:\/\/vientosur.top\/museo\/descarga-el-cancionero-popular-de-violeta-parra\/#breadcrumb"},"inLanguage":"es","potentialAction":[{"@type":"ReadAction","target":["http:\/\/vientosur.top\/museo\/descarga-el-cancionero-popular-de-violeta-parra\/"]}]},{"@type":"ImageObject","inLanguage":"es","@id":"http:\/\/vientosur.top\/museo\/descarga-el-cancionero-popular-de-violeta-parra\/#primaryimage","url":"http:\/\/vientosur.top\/museo\/wp-content\/uploads\/2017\/04\/34093921521_74b74a2382_o-scaled.jpg","contentUrl":"http:\/\/vientosur.top\/museo\/wp-content\/uploads\/2017\/04\/34093921521_74b74a2382_o-scaled.jpg","width":2560,"height":1707},{"@type":"BreadcrumbList","@id":"http:\/\/vientosur.top\/museo\/descarga-el-cancionero-popular-de-violeta-parra\/#breadcrumb","itemListElement":[{"@type":"ListItem","position":1,"name":"Portada","item":"http:\/\/vientosur.top\/museo\/"},{"@type":"ListItem","position":2,"name":"Descarga el \u201cCancionero popular\u201d de Violeta Parra"}]},{"@type":"WebSite","@id":"http:\/\/vientosur.top\/museo\/#website","url":"http:\/\/vientosur.top\/museo\/","name":"Museo Violeta Parra","description":"Espacio que alberga tanto la memoria y legado creativo de la artista","potentialAction":[{"@type":"SearchAction","target":{"@type":"EntryPoint","urlTemplate":"http:\/\/vientosur.top\/museo\/?s={search_term_string}"},"query-input":{"@type":"PropertyValueSpecification","valueRequired":true,"valueName":"search_term_string"}}],"inLanguage":"es"},{"@type":"Person","@id":"http:\/\/vientosur.top\/museo\/#\/schema\/person\/20c79d3c38800971feec8c2693c3dd9c","name":"admin","image":{"@type":"ImageObject","inLanguage":"es","@id":"http:\/\/vientosur.top\/museo\/#\/schema\/person\/image\/","url":"https:\/\/secure.gravatar.com\/avatar\/713677ece3ffa642287213a80e5b773bce9ab81c269dd6d95102a990951c922f?s=96&d=mm&r=g","contentUrl":"https:\/\/secure.gravatar.com\/avatar\/713677ece3ffa642287213a80e5b773bce9ab81c269dd6d95102a990951c922f?s=96&d=mm&r=g","caption":"admin"},"sameAs":["http:\/\/vientosur.top\/museo"],"url":"http:\/\/vientosur.top\/museo\/author\/comunicacionesmvp\/"}]}},"_links":{"self":[{"href":"http:\/\/vientosur.top\/museo\/wp-json\/wp\/v2\/posts\/3680","targetHints":{"allow":["GET"]}}],"collection":[{"href":"http:\/\/vientosur.top\/museo\/wp-json\/wp\/v2\/posts"}],"about":[{"href":"http:\/\/vientosur.top\/museo\/wp-json\/wp\/v2\/types\/post"}],"author":[{"embeddable":true,"href":"http:\/\/vientosur.top\/museo\/wp-json\/wp\/v2\/users\/5"}],"replies":[{"embeddable":true,"href":"http:\/\/vientosur.top\/museo\/wp-json\/wp\/v2\/comments?post=3680"}],"version-history":[{"count":0,"href":"http:\/\/vientosur.top\/museo\/wp-json\/wp\/v2\/posts\/3680\/revisions"}],"wp:featuredmedia":[{"embeddable":true,"href":"http:\/\/vientosur.top\/museo\/wp-json\/wp\/v2\/media\/3681"}],"wp:attachment":[{"href":"http:\/\/vientosur.top\/museo\/wp-json\/wp\/v2\/media?parent=3680"}],"wp:term":[{"taxonomy":"category","embeddable":true,"href":"http:\/\/vientosur.top\/museo\/wp-json\/wp\/v2\/categories?post=3680"},{"taxonomy":"post_tag","embeddable":true,"href":"http:\/\/vientosur.top\/museo\/wp-json\/wp\/v2\/tags?post=3680"}],"curies":[{"name":"wp","href":"https:\/\/api.w.org\/{rel}","templated":true}]}}