{"id":3702,"date":"2017-05-02T15:43:09","date_gmt":"2017-05-02T15:43:09","guid":{"rendered":"http:\/\/vientosur.top\/museo\/\/?p=3702"},"modified":"2017-05-02T15:43:09","modified_gmt":"2017-05-02T15:43:09","slug":"violeta-parra-sera-recibida-por-gabriela-mistral-para-conmemorar-su-centenario","status":"publish","type":"post","link":"http:\/\/vientosur.top\/museo\/violeta-parra-sera-recibida-por-gabriela-mistral-para-conmemorar-su-centenario\/","title":{"rendered":"GAM present\u00f3 webserie \u00abGabriela &#038; Violeta\u00bb con el apoyo del Museo Violeta Parra"},"content":{"rendered":"<p>Se trata \u201cGabriela &amp; Violeta\u201d, una webserie que surgi\u00f3 como iniciativa del Centro Cultural Gabriela Mistral (GAM), y a la que se sum\u00f3 el Museo Violeta Parra, con el fin de conmemorar los 100 a\u00f1os de la cantautora nacida el 4 de octubre de 1917. La campa\u00f1a tendr\u00e1 seis episodios y saldr\u00e1n publicados una vez al mes.<\/p>\n<p>&nbsp;<\/p>\n<p>En el primer cap\u00edtulo titulado #NuncaNosFuimos, que ya est\u00e1 disponible en el Facebook y Canal de Youtube del GAM, se ve c\u00f3mo\u00a0Gabriela invita a trav\u00e9s de una carta a Violeta a que la visite al centro cultural.<\/p>\n<p>&nbsp;<\/p>\n<p>Gabriela Mistral y Violeta Parra son dos mujeres relevantes en la cultura de Chile. Esta conmemoraci\u00f3n es un acontecimiento que las trae al presente como personajes vivos a estas dos mujeres, cuyas instituciones culturales se ubican en el mismo vecindario.<\/p>\n<p>&nbsp;<\/p>\n<p><iframe src=\"https:\/\/www.youtube.com\/embed\/FKnaYF7bMIE\" width=\"560\" height=\"315\" frameborder=\"0\" allowfullscreen=\"allowfullscreen\"><\/iframe><\/p>\n","protected":false},"excerpt":{"rendered":"<p>Se trata \u201cGabriela &amp; Violeta\u201d, una webserie que surgi\u00f3 como iniciativa del Centro Cultural Gabriela Mistral (GAM), y a la que se sum\u00f3 el Museo Violeta Parra, con el fin de conmemorar los 100 a\u00f1os de la cantautora nacida el 4 de octubre de 1917. La campa\u00f1a tendr\u00e1 seis episodios y saldr\u00e1n publicados una vez [&hellip;]<\/p>\n","protected":false},"author":5,"featured_media":3704,"comment_status":"open","ping_status":"open","sticky":false,"template":"","format":"standard","meta":{"site-sidebar-layout":"default","site-content-layout":"","ast-site-content-layout":"default","site-content-style":"default","site-sidebar-style":"default","ast-global-header-display":"","ast-banner-title-visibility":"","ast-main-header-display":"","ast-hfb-above-header-display":"","ast-hfb-below-header-display":"","ast-hfb-mobile-header-display":"","site-post-title":"","ast-breadcrumbs-content":"","ast-featured-img":"","footer-sml-layout":"","theme-transparent-header-meta":"","adv-header-id-meta":"","stick-header-meta":"","header-above-stick-meta":"","header-main-stick-meta":"","header-below-stick-meta":"","astra-migrate-meta-layouts":"default","ast-page-background-enabled":"default","ast-page-background-meta":{"desktop":{"background-color":"var(--ast-global-color-4)","background-image":"","background-repeat":"repeat","background-position":"center center","background-size":"auto","background-attachment":"scroll","background-type":"","background-media":"","overlay-type":"","overlay-color":"","overlay-opacity":"","overlay-gradient":""},"tablet":{"background-color":"","background-image":"","background-repeat":"repeat","background-position":"center center","background-size":"auto","background-attachment":"scroll","background-type":"","background-media":"","overlay-type":"","overlay-color":"","overlay-opacity":"","overlay-gradient":""},"mobile":{"background-color":"","background-image":"","background-repeat":"repeat","background-position":"center center","background-size":"auto","background-attachment":"scroll","background-type":"","background-media":"","overlay-type":"","overlay-color":"","overlay-opacity":"","overlay-gradient":""}},"ast-content-background-meta":{"desktop":{"background-color":"var(--ast-global-color-5)","background-image":"","background-repeat":"repeat","background-position":"center center","background-size":"auto","background-attachment":"scroll","background-type":"","background-media":"","overlay-type":"","overlay-color":"","overlay-opacity":"","overlay-gradient":""},"tablet":{"background-color":"var(--ast-global-color-5)","background-image":"","background-repeat":"repeat","background-position":"center center","background-size":"auto","background-attachment":"scroll","background-type":"","background-media":"","overlay-type":"","overlay-color":"","overlay-opacity":"","overlay-gradient":""},"mobile":{"background-color":"var(--ast-global-color-5)","background-image":"","background-repeat":"repeat","background-position":"center center","background-size":"auto","background-attachment":"scroll","background-type":"","background-media":"","overlay-type":"","overlay-color":"","overlay-opacity":"","overlay-gradient":""}},"footnotes":""},"categories":[59,8,61],"tags":[],"class_list":["post-3702","post","type-post","status-publish","format-standard","has-post-thumbnail","hentry","category-destacado-noticia","category-noticias","category-novedades"],"yoast_head":"<!-- This site is optimized with the Yoast SEO plugin v25.4 - https:\/\/yoast.com\/wordpress\/plugins\/seo\/ -->\n<title>GAM present\u00f3 webserie &quot;Gabriela &amp; Violeta&quot; con el apoyo del Museo Violeta Parra - Museo Violeta Parra<\/title>\n<meta name=\"robots\" content=\"index, follow, max-snippet:-1, max-image-preview:large, max-video-preview:-1\" \/>\n<link rel=\"canonical\" href=\"http:\/\/vientosur.top\/museo\/violeta-parra-sera-recibida-por-gabriela-mistral-para-conmemorar-su-centenario\/\" \/>\n<meta property=\"og:locale\" content=\"es_ES\" \/>\n<meta property=\"og:type\" content=\"article\" \/>\n<meta property=\"og:title\" content=\"GAM present\u00f3 webserie &quot;Gabriela &amp; Violeta&quot; con el apoyo del Museo Violeta Parra - Museo Violeta Parra\" \/>\n<meta property=\"og:description\" content=\"Se trata \u201cGabriela &amp; Violeta\u201d, una webserie que surgi\u00f3 como iniciativa del Centro Cultural Gabriela Mistral (GAM), y a la que se sum\u00f3 el Museo Violeta Parra, con el fin de conmemorar los 100 a\u00f1os de la cantautora nacida el 4 de octubre de 1917. La campa\u00f1a tendr\u00e1 seis episodios y saldr\u00e1n publicados una vez [&hellip;]\" \/>\n<meta property=\"og:url\" content=\"http:\/\/vientosur.top\/museo\/violeta-parra-sera-recibida-por-gabriela-mistral-para-conmemorar-su-centenario\/\" \/>\n<meta property=\"og:site_name\" content=\"Museo Violeta Parra\" \/>\n<meta property=\"article:published_time\" content=\"2017-05-02T15:43:09+00:00\" \/>\n<meta property=\"og:image\" content=\"http:\/\/vientosur.top\/museo\/wp-content\/uploads\/2017\/05\/Gabriela-y-Violeta-1200x500-1.png\" \/>\n\t<meta property=\"og:image:width\" content=\"1200\" \/>\n\t<meta property=\"og:image:height\" content=\"500\" \/>\n\t<meta property=\"og:image:type\" content=\"image\/png\" \/>\n<meta name=\"author\" content=\"admin\" \/>\n<meta name=\"twitter:card\" content=\"summary_large_image\" \/>\n<meta name=\"twitter:label1\" content=\"Escrito por\" \/>\n\t<meta name=\"twitter:data1\" content=\"admin\" \/>\n\t<meta name=\"twitter:label2\" content=\"Tiempo de lectura\" \/>\n\t<meta name=\"twitter:data2\" content=\"1 minuto\" \/>\n<script type=\"application\/ld+json\" class=\"yoast-schema-graph\">{\"@context\":\"https:\/\/schema.org\",\"@graph\":[{\"@type\":\"WebPage\",\"@id\":\"http:\/\/vientosur.top\/museo\/violeta-parra-sera-recibida-por-gabriela-mistral-para-conmemorar-su-centenario\/\",\"url\":\"http:\/\/vientosur.top\/museo\/violeta-parra-sera-recibida-por-gabriela-mistral-para-conmemorar-su-centenario\/\",\"name\":\"GAM present\u00f3 webserie \\\"Gabriela & Violeta\\\" con el apoyo del Museo Violeta Parra - Museo Violeta Parra\",\"isPartOf\":{\"@id\":\"http:\/\/vientosur.top\/museo\/#website\"},\"primaryImageOfPage\":{\"@id\":\"http:\/\/vientosur.top\/museo\/violeta-parra-sera-recibida-por-gabriela-mistral-para-conmemorar-su-centenario\/#primaryimage\"},\"image\":{\"@id\":\"http:\/\/vientosur.top\/museo\/violeta-parra-sera-recibida-por-gabriela-mistral-para-conmemorar-su-centenario\/#primaryimage\"},\"thumbnailUrl\":\"http:\/\/vientosur.top\/museo\/wp-content\/uploads\/2017\/05\/Gabriela-y-Violeta-1200x500-1.png\",\"datePublished\":\"2017-05-02T15:43:09+00:00\",\"author\":{\"@id\":\"http:\/\/vientosur.top\/museo\/#\/schema\/person\/20c79d3c38800971feec8c2693c3dd9c\"},\"breadcrumb\":{\"@id\":\"http:\/\/vientosur.top\/museo\/violeta-parra-sera-recibida-por-gabriela-mistral-para-conmemorar-su-centenario\/#breadcrumb\"},\"inLanguage\":\"es\",\"potentialAction\":[{\"@type\":\"ReadAction\",\"target\":[\"http:\/\/vientosur.top\/museo\/violeta-parra-sera-recibida-por-gabriela-mistral-para-conmemorar-su-centenario\/\"]}]},{\"@type\":\"ImageObject\",\"inLanguage\":\"es\",\"@id\":\"http:\/\/vientosur.top\/museo\/violeta-parra-sera-recibida-por-gabriela-mistral-para-conmemorar-su-centenario\/#primaryimage\",\"url\":\"http:\/\/vientosur.top\/museo\/wp-content\/uploads\/2017\/05\/Gabriela-y-Violeta-1200x500-1.png\",\"contentUrl\":\"http:\/\/vientosur.top\/museo\/wp-content\/uploads\/2017\/05\/Gabriela-y-Violeta-1200x500-1.png\",\"width\":1200,\"height\":500},{\"@type\":\"BreadcrumbList\",\"@id\":\"http:\/\/vientosur.top\/museo\/violeta-parra-sera-recibida-por-gabriela-mistral-para-conmemorar-su-centenario\/#breadcrumb\",\"itemListElement\":[{\"@type\":\"ListItem\",\"position\":1,\"name\":\"Portada\",\"item\":\"http:\/\/vientosur.top\/museo\/\"},{\"@type\":\"ListItem\",\"position\":2,\"name\":\"GAM present\u00f3 webserie \u00abGabriela &#038; Violeta\u00bb con el apoyo del Museo Violeta Parra\"}]},{\"@type\":\"WebSite\",\"@id\":\"http:\/\/vientosur.top\/museo\/#website\",\"url\":\"http:\/\/vientosur.top\/museo\/\",\"name\":\"Museo Violeta Parra\",\"description\":\"Espacio que alberga tanto la memoria y legado creativo de la artista\",\"potentialAction\":[{\"@type\":\"SearchAction\",\"target\":{\"@type\":\"EntryPoint\",\"urlTemplate\":\"http:\/\/vientosur.top\/museo\/?s={search_term_string}\"},\"query-input\":{\"@type\":\"PropertyValueSpecification\",\"valueRequired\":true,\"valueName\":\"search_term_string\"}}],\"inLanguage\":\"es\"},{\"@type\":\"Person\",\"@id\":\"http:\/\/vientosur.top\/museo\/#\/schema\/person\/20c79d3c38800971feec8c2693c3dd9c\",\"name\":\"admin\",\"image\":{\"@type\":\"ImageObject\",\"inLanguage\":\"es\",\"@id\":\"http:\/\/vientosur.top\/museo\/#\/schema\/person\/image\/\",\"url\":\"https:\/\/secure.gravatar.com\/avatar\/713677ece3ffa642287213a80e5b773bce9ab81c269dd6d95102a990951c922f?s=96&d=mm&r=g\",\"contentUrl\":\"https:\/\/secure.gravatar.com\/avatar\/713677ece3ffa642287213a80e5b773bce9ab81c269dd6d95102a990951c922f?s=96&d=mm&r=g\",\"caption\":\"admin\"},\"sameAs\":[\"http:\/\/vientosur.top\/museo\"],\"url\":\"http:\/\/vientosur.top\/museo\/author\/comunicacionesmvp\/\"}]}<\/script>\n<!-- \/ Yoast SEO plugin. -->","yoast_head_json":{"title":"GAM present\u00f3 webserie \"Gabriela & Violeta\" con el apoyo del Museo Violeta Parra - Museo Violeta Parra","robots":{"index":"index","follow":"follow","max-snippet":"max-snippet:-1","max-image-preview":"max-image-preview:large","max-video-preview":"max-video-preview:-1"},"canonical":"http:\/\/vientosur.top\/museo\/violeta-parra-sera-recibida-por-gabriela-mistral-para-conmemorar-su-centenario\/","og_locale":"es_ES","og_type":"article","og_title":"GAM present\u00f3 webserie \"Gabriela & Violeta\" con el apoyo del Museo Violeta Parra - Museo Violeta Parra","og_description":"Se trata \u201cGabriela &amp; Violeta\u201d, una webserie que surgi\u00f3 como iniciativa del Centro Cultural Gabriela Mistral (GAM), y a la que se sum\u00f3 el Museo Violeta Parra, con el fin de conmemorar los 100 a\u00f1os de la cantautora nacida el 4 de octubre de 1917. La campa\u00f1a tendr\u00e1 seis episodios y saldr\u00e1n publicados una vez [&hellip;]","og_url":"http:\/\/vientosur.top\/museo\/violeta-parra-sera-recibida-por-gabriela-mistral-para-conmemorar-su-centenario\/","og_site_name":"Museo Violeta Parra","article_published_time":"2017-05-02T15:43:09+00:00","og_image":[{"width":1200,"height":500,"url":"http:\/\/vientosur.top\/museo\/wp-content\/uploads\/2017\/05\/Gabriela-y-Violeta-1200x500-1.png","type":"image\/png"}],"author":"admin","twitter_card":"summary_large_image","twitter_misc":{"Escrito por":"admin","Tiempo de lectura":"1 minuto"},"schema":{"@context":"https:\/\/schema.org","@graph":[{"@type":"WebPage","@id":"http:\/\/vientosur.top\/museo\/violeta-parra-sera-recibida-por-gabriela-mistral-para-conmemorar-su-centenario\/","url":"http:\/\/vientosur.top\/museo\/violeta-parra-sera-recibida-por-gabriela-mistral-para-conmemorar-su-centenario\/","name":"GAM present\u00f3 webserie \"Gabriela & Violeta\" con el apoyo del Museo Violeta Parra - Museo Violeta Parra","isPartOf":{"@id":"http:\/\/vientosur.top\/museo\/#website"},"primaryImageOfPage":{"@id":"http:\/\/vientosur.top\/museo\/violeta-parra-sera-recibida-por-gabriela-mistral-para-conmemorar-su-centenario\/#primaryimage"},"image":{"@id":"http:\/\/vientosur.top\/museo\/violeta-parra-sera-recibida-por-gabriela-mistral-para-conmemorar-su-centenario\/#primaryimage"},"thumbnailUrl":"http:\/\/vientosur.top\/museo\/wp-content\/uploads\/2017\/05\/Gabriela-y-Violeta-1200x500-1.png","datePublished":"2017-05-02T15:43:09+00:00","author":{"@id":"http:\/\/vientosur.top\/museo\/#\/schema\/person\/20c79d3c38800971feec8c2693c3dd9c"},"breadcrumb":{"@id":"http:\/\/vientosur.top\/museo\/violeta-parra-sera-recibida-por-gabriela-mistral-para-conmemorar-su-centenario\/#breadcrumb"},"inLanguage":"es","potentialAction":[{"@type":"ReadAction","target":["http:\/\/vientosur.top\/museo\/violeta-parra-sera-recibida-por-gabriela-mistral-para-conmemorar-su-centenario\/"]}]},{"@type":"ImageObject","inLanguage":"es","@id":"http:\/\/vientosur.top\/museo\/violeta-parra-sera-recibida-por-gabriela-mistral-para-conmemorar-su-centenario\/#primaryimage","url":"http:\/\/vientosur.top\/museo\/wp-content\/uploads\/2017\/05\/Gabriela-y-Violeta-1200x500-1.png","contentUrl":"http:\/\/vientosur.top\/museo\/wp-content\/uploads\/2017\/05\/Gabriela-y-Violeta-1200x500-1.png","width":1200,"height":500},{"@type":"BreadcrumbList","@id":"http:\/\/vientosur.top\/museo\/violeta-parra-sera-recibida-por-gabriela-mistral-para-conmemorar-su-centenario\/#breadcrumb","itemListElement":[{"@type":"ListItem","position":1,"name":"Portada","item":"http:\/\/vientosur.top\/museo\/"},{"@type":"ListItem","position":2,"name":"GAM present\u00f3 webserie \u00abGabriela &#038; Violeta\u00bb con el apoyo del Museo Violeta Parra"}]},{"@type":"WebSite","@id":"http:\/\/vientosur.top\/museo\/#website","url":"http:\/\/vientosur.top\/museo\/","name":"Museo Violeta Parra","description":"Espacio que alberga tanto la memoria y legado creativo de la artista","potentialAction":[{"@type":"SearchAction","target":{"@type":"EntryPoint","urlTemplate":"http:\/\/vientosur.top\/museo\/?s={search_term_string}"},"query-input":{"@type":"PropertyValueSpecification","valueRequired":true,"valueName":"search_term_string"}}],"inLanguage":"es"},{"@type":"Person","@id":"http:\/\/vientosur.top\/museo\/#\/schema\/person\/20c79d3c38800971feec8c2693c3dd9c","name":"admin","image":{"@type":"ImageObject","inLanguage":"es","@id":"http:\/\/vientosur.top\/museo\/#\/schema\/person\/image\/","url":"https:\/\/secure.gravatar.com\/avatar\/713677ece3ffa642287213a80e5b773bce9ab81c269dd6d95102a990951c922f?s=96&d=mm&r=g","contentUrl":"https:\/\/secure.gravatar.com\/avatar\/713677ece3ffa642287213a80e5b773bce9ab81c269dd6d95102a990951c922f?s=96&d=mm&r=g","caption":"admin"},"sameAs":["http:\/\/vientosur.top\/museo"],"url":"http:\/\/vientosur.top\/museo\/author\/comunicacionesmvp\/"}]}},"_links":{"self":[{"href":"http:\/\/vientosur.top\/museo\/wp-json\/wp\/v2\/posts\/3702","targetHints":{"allow":["GET"]}}],"collection":[{"href":"http:\/\/vientosur.top\/museo\/wp-json\/wp\/v2\/posts"}],"about":[{"href":"http:\/\/vientosur.top\/museo\/wp-json\/wp\/v2\/types\/post"}],"author":[{"embeddable":true,"href":"http:\/\/vientosur.top\/museo\/wp-json\/wp\/v2\/users\/5"}],"replies":[{"embeddable":true,"href":"http:\/\/vientosur.top\/museo\/wp-json\/wp\/v2\/comments?post=3702"}],"version-history":[{"count":0,"href":"http:\/\/vientosur.top\/museo\/wp-json\/wp\/v2\/posts\/3702\/revisions"}],"wp:featuredmedia":[{"embeddable":true,"href":"http:\/\/vientosur.top\/museo\/wp-json\/wp\/v2\/media\/3704"}],"wp:attachment":[{"href":"http:\/\/vientosur.top\/museo\/wp-json\/wp\/v2\/media?parent=3702"}],"wp:term":[{"taxonomy":"category","embeddable":true,"href":"http:\/\/vientosur.top\/museo\/wp-json\/wp\/v2\/categories?post=3702"},{"taxonomy":"post_tag","embeddable":true,"href":"http:\/\/vientosur.top\/museo\/wp-json\/wp\/v2\/tags?post=3702"}],"curies":[{"name":"wp","href":"https:\/\/api.w.org\/{rel}","templated":true}]}}