{"id":3758,"date":"2017-05-04T15:45:31","date_gmt":"2017-05-04T15:45:31","guid":{"rendered":"http:\/\/vientosur.top\/museo\/\/?p=3758"},"modified":"2017-05-04T15:45:31","modified_gmt":"2017-05-04T15:45:31","slug":"basco-vazko-pinta-el-frontis-del-museo-violeta-parra-en-el-diario-la-tercera","status":"publish","type":"post","link":"http:\/\/vientosur.top\/museo\/basco-vazko-pinta-el-frontis-del-museo-violeta-parra-en-el-diario-la-tercera\/","title":{"rendered":"\u00abBasco Vazko pinta el frontis del Museo Violeta Parra\u00bb en La Tercera"},"content":{"rendered":"<p class=\"mainp\"><em>El mural se realiz\u00f3 para combatir los constantes rayados y para darle mayor visibilidad al recinto.<\/em><\/p>\n<p>\u201cLo que m\u00e1s he aprendido de Violeta Parra es la econom\u00eda material, c\u00f3mo hacer obras importantes con pocos recursos. Esa simpleza me parece atractiva, y creo que el graffiti se conecta con eso: ocupar los materiales y el espacio disponibles de la mejor manera\u201d, explica el pintor Basco Vazko (33), quien hace pocos d\u00edas finaliz\u00f3 un mural de 18 metros de longitud en el frontis del Museo Violeta Parra, ubicado en Vicu\u00f1a Mackena 37. El proyecto, que ya est\u00e1 listo para ser apreciado por los transe\u00fantes, se comenz\u00f3 a gestar en 2016, cuando la administraci\u00f3n del centro cultural diagnostic\u00f3 un problema de dif\u00edcil soluci\u00f3n: los rayados que aparec\u00edan cada ma\u00f1ana en el port\u00f3n de lata del acceso principal. \u201cPor estar ubicados en una zona tan central y oscura, nos enfrentamos a constantes rayados y graffitis\u201d, comenta Cecilia Garc\u00eda- Huidobro, directora del museo. Paul Birke, galerista que fue convocado para asesorar este proyecto, agrega: \u201cComo el edificio no muestra fachada hacia la calle, es dif\u00edcil de visualizar e identificar, y el mural tambi\u00e9n ayuda a solucionar eso\u201d. En conjunto con el comit\u00e9 del Museo Violeta Parra, decidieron que el artista id\u00f3neo para realizar este mural era Basco Vazko, por su trayectoria en el street art, que lo llev\u00f3 a exponer en EE.UU., Francia y Espa\u00f1a, sin nunca haber pisado una Escuela de Bellas Artes. \u201cQuise generar un di\u00e1logo entre el trabajo de Violeta Parra y lo que pasaba en la calle, y hacer una obra que pueda gustarle tanto a la gente que viene al museo como a la gente que hace graffiti\u201d, dice el pintor.<\/p>\n<p>&nbsp;<\/p>\n<p><strong>Nueva arpillera<\/strong><\/p>\n<p>Otra novedad del espacio es la arpillera \u00abCombate Naval I\u00bb, creada por Parra en 1964. Se expuso por \u00faltima vez hace 10 a\u00f1os en el Centro Cultural La Moneda, y desde entonces ha estado guardada hasta hoy, cuando se integra a la colecci\u00f3n permanente del museo dedicado a la artista.<\/p>\n<p>&nbsp;<\/p>\n<p><a href=\"http:\/\/culto.latercera.com\/2017\/05\/04\/graffiti-patrimonio-basco-vazko-pinta-frontis-del-museo-violeta-parra\/\" target=\"_blank\" rel=\"noopener noreferrer\"><strong>Ver noticia publicada por La Tercera\u00a0<\/strong><\/a><\/p>\n","protected":false},"excerpt":{"rendered":"<p>El mural se realiz\u00f3 para combatir los constantes rayados y para darle mayor visibilidad al recinto. \u201cLo que m\u00e1s he aprendido de Violeta Parra es la econom\u00eda material, c\u00f3mo hacer obras importantes con pocos recursos. Esa simpleza me parece atractiva, y creo que el graffiti se conecta con eso: ocupar los materiales y el espacio [&hellip;]<\/p>\n","protected":false},"author":5,"featured_media":3759,"comment_status":"open","ping_status":"open","sticky":false,"template":"","format":"standard","meta":{"site-sidebar-layout":"default","site-content-layout":"","ast-site-content-layout":"default","site-content-style":"default","site-sidebar-style":"default","ast-global-header-display":"","ast-banner-title-visibility":"","ast-main-header-display":"","ast-hfb-above-header-display":"","ast-hfb-below-header-display":"","ast-hfb-mobile-header-display":"","site-post-title":"","ast-breadcrumbs-content":"","ast-featured-img":"","footer-sml-layout":"","theme-transparent-header-meta":"","adv-header-id-meta":"","stick-header-meta":"","header-above-stick-meta":"","header-main-stick-meta":"","header-below-stick-meta":"","astra-migrate-meta-layouts":"default","ast-page-background-enabled":"default","ast-page-background-meta":{"desktop":{"background-color":"var(--ast-global-color-4)","background-image":"","background-repeat":"repeat","background-position":"center center","background-size":"auto","background-attachment":"scroll","background-type":"","background-media":"","overlay-type":"","overlay-color":"","overlay-opacity":"","overlay-gradient":""},"tablet":{"background-color":"","background-image":"","background-repeat":"repeat","background-position":"center center","background-size":"auto","background-attachment":"scroll","background-type":"","background-media":"","overlay-type":"","overlay-color":"","overlay-opacity":"","overlay-gradient":""},"mobile":{"background-color":"","background-image":"","background-repeat":"repeat","background-position":"center center","background-size":"auto","background-attachment":"scroll","background-type":"","background-media":"","overlay-type":"","overlay-color":"","overlay-opacity":"","overlay-gradient":""}},"ast-content-background-meta":{"desktop":{"background-color":"var(--ast-global-color-5)","background-image":"","background-repeat":"repeat","background-position":"center center","background-size":"auto","background-attachment":"scroll","background-type":"","background-media":"","overlay-type":"","overlay-color":"","overlay-opacity":"","overlay-gradient":""},"tablet":{"background-color":"var(--ast-global-color-5)","background-image":"","background-repeat":"repeat","background-position":"center center","background-size":"auto","background-attachment":"scroll","background-type":"","background-media":"","overlay-type":"","overlay-color":"","overlay-opacity":"","overlay-gradient":""},"mobile":{"background-color":"var(--ast-global-color-5)","background-image":"","background-repeat":"repeat","background-position":"center center","background-size":"auto","background-attachment":"scroll","background-type":"","background-media":"","overlay-type":"","overlay-color":"","overlay-opacity":"","overlay-gradient":""}},"footnotes":""},"categories":[94,8,61],"tags":[],"class_list":["post-3758","post","type-post","status-publish","format-standard","has-post-thumbnail","hentry","category-museo-en-los-medios","category-noticias","category-novedades"],"yoast_head":"<!-- This site is optimized with the Yoast SEO plugin v25.4 - https:\/\/yoast.com\/wordpress\/plugins\/seo\/ -->\n<title>&quot;Basco Vazko pinta el frontis del Museo Violeta Parra&quot; en La Tercera - Museo Violeta Parra<\/title>\n<meta name=\"robots\" content=\"index, follow, max-snippet:-1, max-image-preview:large, max-video-preview:-1\" \/>\n<link rel=\"canonical\" href=\"http:\/\/vientosur.top\/museo\/basco-vazko-pinta-el-frontis-del-museo-violeta-parra-en-el-diario-la-tercera\/\" \/>\n<meta property=\"og:locale\" content=\"es_ES\" \/>\n<meta property=\"og:type\" content=\"article\" \/>\n<meta property=\"og:title\" content=\"&quot;Basco Vazko pinta el frontis del Museo Violeta Parra&quot; en La Tercera - Museo Violeta Parra\" \/>\n<meta property=\"og:description\" content=\"El mural se realiz\u00f3 para combatir los constantes rayados y para darle mayor visibilidad al recinto. \u201cLo que m\u00e1s he aprendido de Violeta Parra es la econom\u00eda material, c\u00f3mo hacer obras importantes con pocos recursos. Esa simpleza me parece atractiva, y creo que el graffiti se conecta con eso: ocupar los materiales y el espacio [&hellip;]\" \/>\n<meta property=\"og:url\" content=\"http:\/\/vientosur.top\/museo\/basco-vazko-pinta-el-frontis-del-museo-violeta-parra-en-el-diario-la-tercera\/\" \/>\n<meta property=\"og:site_name\" content=\"Museo Violeta Parra\" \/>\n<meta property=\"article:published_time\" content=\"2017-05-04T15:45:31+00:00\" \/>\n<meta property=\"og:image\" content=\"http:\/\/vientosur.top\/museo\/wp-content\/uploads\/2017\/05\/basco.png\" \/>\n\t<meta property=\"og:image:width\" content=\"937\" \/>\n\t<meta property=\"og:image:height\" content=\"559\" \/>\n\t<meta property=\"og:image:type\" content=\"image\/png\" \/>\n<meta name=\"author\" content=\"admin\" \/>\n<meta name=\"twitter:card\" content=\"summary_large_image\" \/>\n<meta name=\"twitter:label1\" content=\"Escrito por\" \/>\n\t<meta name=\"twitter:data1\" content=\"admin\" \/>\n\t<meta name=\"twitter:label2\" content=\"Tiempo de lectura\" \/>\n\t<meta name=\"twitter:data2\" content=\"2 minutos\" \/>\n<script type=\"application\/ld+json\" class=\"yoast-schema-graph\">{\"@context\":\"https:\/\/schema.org\",\"@graph\":[{\"@type\":\"WebPage\",\"@id\":\"http:\/\/vientosur.top\/museo\/basco-vazko-pinta-el-frontis-del-museo-violeta-parra-en-el-diario-la-tercera\/\",\"url\":\"http:\/\/vientosur.top\/museo\/basco-vazko-pinta-el-frontis-del-museo-violeta-parra-en-el-diario-la-tercera\/\",\"name\":\"\\\"Basco Vazko pinta el frontis del Museo Violeta Parra\\\" en La Tercera - Museo Violeta Parra\",\"isPartOf\":{\"@id\":\"http:\/\/vientosur.top\/museo\/#website\"},\"primaryImageOfPage\":{\"@id\":\"http:\/\/vientosur.top\/museo\/basco-vazko-pinta-el-frontis-del-museo-violeta-parra-en-el-diario-la-tercera\/#primaryimage\"},\"image\":{\"@id\":\"http:\/\/vientosur.top\/museo\/basco-vazko-pinta-el-frontis-del-museo-violeta-parra-en-el-diario-la-tercera\/#primaryimage\"},\"thumbnailUrl\":\"http:\/\/vientosur.top\/museo\/wp-content\/uploads\/2017\/05\/basco.png\",\"datePublished\":\"2017-05-04T15:45:31+00:00\",\"author\":{\"@id\":\"http:\/\/vientosur.top\/museo\/#\/schema\/person\/20c79d3c38800971feec8c2693c3dd9c\"},\"breadcrumb\":{\"@id\":\"http:\/\/vientosur.top\/museo\/basco-vazko-pinta-el-frontis-del-museo-violeta-parra-en-el-diario-la-tercera\/#breadcrumb\"},\"inLanguage\":\"es\",\"potentialAction\":[{\"@type\":\"ReadAction\",\"target\":[\"http:\/\/vientosur.top\/museo\/basco-vazko-pinta-el-frontis-del-museo-violeta-parra-en-el-diario-la-tercera\/\"]}]},{\"@type\":\"ImageObject\",\"inLanguage\":\"es\",\"@id\":\"http:\/\/vientosur.top\/museo\/basco-vazko-pinta-el-frontis-del-museo-violeta-parra-en-el-diario-la-tercera\/#primaryimage\",\"url\":\"http:\/\/vientosur.top\/museo\/wp-content\/uploads\/2017\/05\/basco.png\",\"contentUrl\":\"http:\/\/vientosur.top\/museo\/wp-content\/uploads\/2017\/05\/basco.png\",\"width\":937,\"height\":559},{\"@type\":\"BreadcrumbList\",\"@id\":\"http:\/\/vientosur.top\/museo\/basco-vazko-pinta-el-frontis-del-museo-violeta-parra-en-el-diario-la-tercera\/#breadcrumb\",\"itemListElement\":[{\"@type\":\"ListItem\",\"position\":1,\"name\":\"Portada\",\"item\":\"http:\/\/vientosur.top\/museo\/\"},{\"@type\":\"ListItem\",\"position\":2,\"name\":\"\u00abBasco Vazko pinta el frontis del Museo Violeta Parra\u00bb en La Tercera\"}]},{\"@type\":\"WebSite\",\"@id\":\"http:\/\/vientosur.top\/museo\/#website\",\"url\":\"http:\/\/vientosur.top\/museo\/\",\"name\":\"Museo Violeta Parra\",\"description\":\"Espacio que alberga tanto la memoria y legado creativo de la artista\",\"potentialAction\":[{\"@type\":\"SearchAction\",\"target\":{\"@type\":\"EntryPoint\",\"urlTemplate\":\"http:\/\/vientosur.top\/museo\/?s={search_term_string}\"},\"query-input\":{\"@type\":\"PropertyValueSpecification\",\"valueRequired\":true,\"valueName\":\"search_term_string\"}}],\"inLanguage\":\"es\"},{\"@type\":\"Person\",\"@id\":\"http:\/\/vientosur.top\/museo\/#\/schema\/person\/20c79d3c38800971feec8c2693c3dd9c\",\"name\":\"admin\",\"image\":{\"@type\":\"ImageObject\",\"inLanguage\":\"es\",\"@id\":\"http:\/\/vientosur.top\/museo\/#\/schema\/person\/image\/\",\"url\":\"https:\/\/secure.gravatar.com\/avatar\/713677ece3ffa642287213a80e5b773bce9ab81c269dd6d95102a990951c922f?s=96&d=mm&r=g\",\"contentUrl\":\"https:\/\/secure.gravatar.com\/avatar\/713677ece3ffa642287213a80e5b773bce9ab81c269dd6d95102a990951c922f?s=96&d=mm&r=g\",\"caption\":\"admin\"},\"sameAs\":[\"http:\/\/vientosur.top\/museo\"],\"url\":\"http:\/\/vientosur.top\/museo\/author\/comunicacionesmvp\/\"}]}<\/script>\n<!-- \/ Yoast SEO plugin. -->","yoast_head_json":{"title":"\"Basco Vazko pinta el frontis del Museo Violeta Parra\" en La Tercera - Museo Violeta Parra","robots":{"index":"index","follow":"follow","max-snippet":"max-snippet:-1","max-image-preview":"max-image-preview:large","max-video-preview":"max-video-preview:-1"},"canonical":"http:\/\/vientosur.top\/museo\/basco-vazko-pinta-el-frontis-del-museo-violeta-parra-en-el-diario-la-tercera\/","og_locale":"es_ES","og_type":"article","og_title":"\"Basco Vazko pinta el frontis del Museo Violeta Parra\" en La Tercera - Museo Violeta Parra","og_description":"El mural se realiz\u00f3 para combatir los constantes rayados y para darle mayor visibilidad al recinto. \u201cLo que m\u00e1s he aprendido de Violeta Parra es la econom\u00eda material, c\u00f3mo hacer obras importantes con pocos recursos. Esa simpleza me parece atractiva, y creo que el graffiti se conecta con eso: ocupar los materiales y el espacio [&hellip;]","og_url":"http:\/\/vientosur.top\/museo\/basco-vazko-pinta-el-frontis-del-museo-violeta-parra-en-el-diario-la-tercera\/","og_site_name":"Museo Violeta Parra","article_published_time":"2017-05-04T15:45:31+00:00","og_image":[{"width":937,"height":559,"url":"http:\/\/vientosur.top\/museo\/wp-content\/uploads\/2017\/05\/basco.png","type":"image\/png"}],"author":"admin","twitter_card":"summary_large_image","twitter_misc":{"Escrito por":"admin","Tiempo de lectura":"2 minutos"},"schema":{"@context":"https:\/\/schema.org","@graph":[{"@type":"WebPage","@id":"http:\/\/vientosur.top\/museo\/basco-vazko-pinta-el-frontis-del-museo-violeta-parra-en-el-diario-la-tercera\/","url":"http:\/\/vientosur.top\/museo\/basco-vazko-pinta-el-frontis-del-museo-violeta-parra-en-el-diario-la-tercera\/","name":"\"Basco Vazko pinta el frontis del Museo Violeta Parra\" en La Tercera - Museo Violeta Parra","isPartOf":{"@id":"http:\/\/vientosur.top\/museo\/#website"},"primaryImageOfPage":{"@id":"http:\/\/vientosur.top\/museo\/basco-vazko-pinta-el-frontis-del-museo-violeta-parra-en-el-diario-la-tercera\/#primaryimage"},"image":{"@id":"http:\/\/vientosur.top\/museo\/basco-vazko-pinta-el-frontis-del-museo-violeta-parra-en-el-diario-la-tercera\/#primaryimage"},"thumbnailUrl":"http:\/\/vientosur.top\/museo\/wp-content\/uploads\/2017\/05\/basco.png","datePublished":"2017-05-04T15:45:31+00:00","author":{"@id":"http:\/\/vientosur.top\/museo\/#\/schema\/person\/20c79d3c38800971feec8c2693c3dd9c"},"breadcrumb":{"@id":"http:\/\/vientosur.top\/museo\/basco-vazko-pinta-el-frontis-del-museo-violeta-parra-en-el-diario-la-tercera\/#breadcrumb"},"inLanguage":"es","potentialAction":[{"@type":"ReadAction","target":["http:\/\/vientosur.top\/museo\/basco-vazko-pinta-el-frontis-del-museo-violeta-parra-en-el-diario-la-tercera\/"]}]},{"@type":"ImageObject","inLanguage":"es","@id":"http:\/\/vientosur.top\/museo\/basco-vazko-pinta-el-frontis-del-museo-violeta-parra-en-el-diario-la-tercera\/#primaryimage","url":"http:\/\/vientosur.top\/museo\/wp-content\/uploads\/2017\/05\/basco.png","contentUrl":"http:\/\/vientosur.top\/museo\/wp-content\/uploads\/2017\/05\/basco.png","width":937,"height":559},{"@type":"BreadcrumbList","@id":"http:\/\/vientosur.top\/museo\/basco-vazko-pinta-el-frontis-del-museo-violeta-parra-en-el-diario-la-tercera\/#breadcrumb","itemListElement":[{"@type":"ListItem","position":1,"name":"Portada","item":"http:\/\/vientosur.top\/museo\/"},{"@type":"ListItem","position":2,"name":"\u00abBasco Vazko pinta el frontis del Museo Violeta Parra\u00bb en La Tercera"}]},{"@type":"WebSite","@id":"http:\/\/vientosur.top\/museo\/#website","url":"http:\/\/vientosur.top\/museo\/","name":"Museo Violeta Parra","description":"Espacio que alberga tanto la memoria y legado creativo de la artista","potentialAction":[{"@type":"SearchAction","target":{"@type":"EntryPoint","urlTemplate":"http:\/\/vientosur.top\/museo\/?s={search_term_string}"},"query-input":{"@type":"PropertyValueSpecification","valueRequired":true,"valueName":"search_term_string"}}],"inLanguage":"es"},{"@type":"Person","@id":"http:\/\/vientosur.top\/museo\/#\/schema\/person\/20c79d3c38800971feec8c2693c3dd9c","name":"admin","image":{"@type":"ImageObject","inLanguage":"es","@id":"http:\/\/vientosur.top\/museo\/#\/schema\/person\/image\/","url":"https:\/\/secure.gravatar.com\/avatar\/713677ece3ffa642287213a80e5b773bce9ab81c269dd6d95102a990951c922f?s=96&d=mm&r=g","contentUrl":"https:\/\/secure.gravatar.com\/avatar\/713677ece3ffa642287213a80e5b773bce9ab81c269dd6d95102a990951c922f?s=96&d=mm&r=g","caption":"admin"},"sameAs":["http:\/\/vientosur.top\/museo"],"url":"http:\/\/vientosur.top\/museo\/author\/comunicacionesmvp\/"}]}},"_links":{"self":[{"href":"http:\/\/vientosur.top\/museo\/wp-json\/wp\/v2\/posts\/3758","targetHints":{"allow":["GET"]}}],"collection":[{"href":"http:\/\/vientosur.top\/museo\/wp-json\/wp\/v2\/posts"}],"about":[{"href":"http:\/\/vientosur.top\/museo\/wp-json\/wp\/v2\/types\/post"}],"author":[{"embeddable":true,"href":"http:\/\/vientosur.top\/museo\/wp-json\/wp\/v2\/users\/5"}],"replies":[{"embeddable":true,"href":"http:\/\/vientosur.top\/museo\/wp-json\/wp\/v2\/comments?post=3758"}],"version-history":[{"count":0,"href":"http:\/\/vientosur.top\/museo\/wp-json\/wp\/v2\/posts\/3758\/revisions"}],"wp:featuredmedia":[{"embeddable":true,"href":"http:\/\/vientosur.top\/museo\/wp-json\/wp\/v2\/media\/3759"}],"wp:attachment":[{"href":"http:\/\/vientosur.top\/museo\/wp-json\/wp\/v2\/media?parent=3758"}],"wp:term":[{"taxonomy":"category","embeddable":true,"href":"http:\/\/vientosur.top\/museo\/wp-json\/wp\/v2\/categories?post=3758"},{"taxonomy":"post_tag","embeddable":true,"href":"http:\/\/vientosur.top\/museo\/wp-json\/wp\/v2\/tags?post=3758"}],"curies":[{"name":"wp","href":"https:\/\/api.w.org\/{rel}","templated":true}]}}