{"id":3837,"date":"2017-05-09T17:05:09","date_gmt":"2017-05-09T17:05:09","guid":{"rendered":"http:\/\/vientosur.top\/museo\/\/?p=3837"},"modified":"2017-05-09T17:05:09","modified_gmt":"2017-05-09T17:05:09","slug":"museo-violeta-parra-participa-en-feria-aqui-hay-en-la-plaza-de-la-constitucion","status":"publish","type":"post","link":"http:\/\/vientosur.top\/museo\/museo-violeta-parra-participa-en-feria-aqui-hay-en-la-plaza-de-la-constitucion\/","title":{"rendered":"Museo y Fundaci\u00f3n Violeta Parra participaron en la Feria \u00abAqu\u00ed Hay\u00bb de la Plaza de la Constituci\u00f3n"},"content":{"rendered":"<p class=\"td-post-sub-title\">El martes 9 de mayo se inaugur\u00f3 la <strong>tercera versi\u00f3n de la Feria Nacional \u00abAqu\u00ed Hay\u00bb<\/strong>, que durante cuatro d\u00edas reunir\u00e1 en la <strong>Plaza de la Constituci\u00f3n\u00a0<\/strong>a artesanos, productores de alimentos campesinos, emprendedores de turismo rural y Tesoros Humanos Vivos.<\/p>\n<div class=\"td-module-meta-info\">\n<p>Para esta ocasi\u00f3n, fueron invitados el Museo y la Fundaci\u00f3n Violeta Parra. En el <em>stand<\/em> se vendieron libros, discos, postales y posters. As\u00ed tambi\u00e9n estuvo la <strong>\u00abMaleta de Violeta\u00bb<\/strong>, exhibici\u00f3n itinerante fabricada en madera y cuero, que contiene elementos visuales, t\u00e1ctiles y sonoros, que exponen de manera did\u00e1ctica los acontecimientos relacionados a la vida de \u00a0Violeta Parra.<\/p>\n<\/div>\n<p>&nbsp;<\/p>\n<p><strong>Actividades gratuitas\u00a0<\/strong><\/p>\n<p>&nbsp;<\/p>\n<p>El viernes 12 de mayo a las 16:30 se present\u00f3 Isabel Parra, Presidenta de la Fundaci\u00f3n Violeta Parra, en el escenario de la feria. Adem\u00e1s, el equipo de educaci\u00f3n del Museo realiz\u00f3 el jueves 11 de mayo a las 16:00 una mediaci\u00f3n con \u00abLa maleta de Violeta Parra\u00bb en conjunto con Fundaci\u00f3n Artesan\u00edas de Chile.<\/p>\n<p>&nbsp;<\/p>\n<div class=\"td-module-meta-info\">\n<p>La feria fue organizada por la Fundaci\u00f3n Artesan\u00edas de Chile, la Subsecretar\u00eda de Turismo y el Servicio Natural de Turismo, con apoyo del Instituto de Desarrollo Agropecuario y el Consejo Nacional de la Cultura y las Artes.<\/p>\n<p>&nbsp;<\/p>\n<\/div>\n<div class=\"td-module-meta-info\"><\/div>\n<p>&nbsp;<\/p>\n<p>&nbsp;<\/p>\n<p><strong><a href=\"https:\/\/www.facebook.com\/pg\/MuseoVioletaParra\/photos\/?tab=album&amp;album_id=1924589097784502\">Ver galer\u00eda de im\u00e1genes<\/a><\/strong><\/p>\n","protected":false},"excerpt":{"rendered":"<p>El martes 9 de mayo se inaugur\u00f3 la tercera versi\u00f3n de la Feria Nacional \u00abAqu\u00ed Hay\u00bb, que durante cuatro d\u00edas reunir\u00e1 en la Plaza de la Constituci\u00f3n\u00a0a artesanos, productores de alimentos campesinos, emprendedores de turismo rural y Tesoros Humanos Vivos. Para esta ocasi\u00f3n, fueron invitados el Museo y la Fundaci\u00f3n Violeta Parra. En el stand [&hellip;]<\/p>\n","protected":false},"author":5,"featured_media":3838,"comment_status":"open","ping_status":"open","sticky":false,"template":"","format":"standard","meta":{"site-sidebar-layout":"default","site-content-layout":"","ast-site-content-layout":"default","site-content-style":"default","site-sidebar-style":"default","ast-global-header-display":"","ast-banner-title-visibility":"","ast-main-header-display":"","ast-hfb-above-header-display":"","ast-hfb-below-header-display":"","ast-hfb-mobile-header-display":"","site-post-title":"","ast-breadcrumbs-content":"","ast-featured-img":"","footer-sml-layout":"","theme-transparent-header-meta":"","adv-header-id-meta":"","stick-header-meta":"","header-above-stick-meta":"","header-main-stick-meta":"","header-below-stick-meta":"","astra-migrate-meta-layouts":"default","ast-page-background-enabled":"default","ast-page-background-meta":{"desktop":{"background-color":"var(--ast-global-color-4)","background-image":"","background-repeat":"repeat","background-position":"center center","background-size":"auto","background-attachment":"scroll","background-type":"","background-media":"","overlay-type":"","overlay-color":"","overlay-opacity":"","overlay-gradient":""},"tablet":{"background-color":"","background-image":"","background-repeat":"repeat","background-position":"center center","background-size":"auto","background-attachment":"scroll","background-type":"","background-media":"","overlay-type":"","overlay-color":"","overlay-opacity":"","overlay-gradient":""},"mobile":{"background-color":"","background-image":"","background-repeat":"repeat","background-position":"center center","background-size":"auto","background-attachment":"scroll","background-type":"","background-media":"","overlay-type":"","overlay-color":"","overlay-opacity":"","overlay-gradient":""}},"ast-content-background-meta":{"desktop":{"background-color":"var(--ast-global-color-5)","background-image":"","background-repeat":"repeat","background-position":"center center","background-size":"auto","background-attachment":"scroll","background-type":"","background-media":"","overlay-type":"","overlay-color":"","overlay-opacity":"","overlay-gradient":""},"tablet":{"background-color":"var(--ast-global-color-5)","background-image":"","background-repeat":"repeat","background-position":"center center","background-size":"auto","background-attachment":"scroll","background-type":"","background-media":"","overlay-type":"","overlay-color":"","overlay-opacity":"","overlay-gradient":""},"mobile":{"background-color":"var(--ast-global-color-5)","background-image":"","background-repeat":"repeat","background-position":"center center","background-size":"auto","background-attachment":"scroll","background-type":"","background-media":"","overlay-type":"","overlay-color":"","overlay-opacity":"","overlay-gradient":""}},"footnotes":""},"categories":[59,8,61],"tags":[],"class_list":["post-3837","post","type-post","status-publish","format-standard","has-post-thumbnail","hentry","category-destacado-noticia","category-noticias","category-novedades"],"yoast_head":"<!-- This site is optimized with the Yoast SEO plugin v25.4 - https:\/\/yoast.com\/wordpress\/plugins\/seo\/ -->\n<title>Museo y Fundaci\u00f3n Violeta Parra participaron en la Feria &quot;Aqu\u00ed Hay&quot; de la Plaza de la Constituci\u00f3n - Museo Violeta Parra<\/title>\n<meta name=\"robots\" content=\"index, follow, max-snippet:-1, max-image-preview:large, max-video-preview:-1\" \/>\n<link rel=\"canonical\" href=\"http:\/\/vientosur.top\/museo\/museo-violeta-parra-participa-en-feria-aqui-hay-en-la-plaza-de-la-constitucion\/\" \/>\n<meta property=\"og:locale\" content=\"es_ES\" \/>\n<meta property=\"og:type\" content=\"article\" \/>\n<meta property=\"og:title\" content=\"Museo y Fundaci\u00f3n Violeta Parra participaron en la Feria &quot;Aqu\u00ed Hay&quot; de la Plaza de la Constituci\u00f3n - Museo Violeta Parra\" \/>\n<meta property=\"og:description\" content=\"El martes 9 de mayo se inaugur\u00f3 la tercera versi\u00f3n de la Feria Nacional \u00abAqu\u00ed Hay\u00bb, que durante cuatro d\u00edas reunir\u00e1 en la Plaza de la Constituci\u00f3n\u00a0a artesanos, productores de alimentos campesinos, emprendedores de turismo rural y Tesoros Humanos Vivos. Para esta ocasi\u00f3n, fueron invitados el Museo y la Fundaci\u00f3n Violeta Parra. En el stand [&hellip;]\" \/>\n<meta property=\"og:url\" content=\"http:\/\/vientosur.top\/museo\/museo-violeta-parra-participa-en-feria-aqui-hay-en-la-plaza-de-la-constitucion\/\" \/>\n<meta property=\"og:site_name\" content=\"Museo Violeta Parra\" \/>\n<meta property=\"article:published_time\" content=\"2017-05-09T17:05:09+00:00\" \/>\n<meta property=\"og:image\" content=\"http:\/\/vientosur.top\/museo\/wp-content\/uploads\/2017\/05\/DSC_0312.jpg\" \/>\n\t<meta property=\"og:image:width\" content=\"1083\" \/>\n\t<meta property=\"og:image:height\" content=\"720\" \/>\n\t<meta property=\"og:image:type\" content=\"image\/jpeg\" \/>\n<meta name=\"author\" content=\"admin\" \/>\n<meta name=\"twitter:card\" content=\"summary_large_image\" \/>\n<meta name=\"twitter:label1\" content=\"Escrito por\" \/>\n\t<meta name=\"twitter:data1\" content=\"admin\" \/>\n\t<meta name=\"twitter:label2\" content=\"Tiempo de lectura\" \/>\n\t<meta name=\"twitter:data2\" content=\"1 minuto\" \/>\n<script type=\"application\/ld+json\" class=\"yoast-schema-graph\">{\"@context\":\"https:\/\/schema.org\",\"@graph\":[{\"@type\":\"WebPage\",\"@id\":\"http:\/\/vientosur.top\/museo\/museo-violeta-parra-participa-en-feria-aqui-hay-en-la-plaza-de-la-constitucion\/\",\"url\":\"http:\/\/vientosur.top\/museo\/museo-violeta-parra-participa-en-feria-aqui-hay-en-la-plaza-de-la-constitucion\/\",\"name\":\"Museo y Fundaci\u00f3n Violeta Parra participaron en la Feria \\\"Aqu\u00ed Hay\\\" de la Plaza de la Constituci\u00f3n - Museo Violeta Parra\",\"isPartOf\":{\"@id\":\"http:\/\/vientosur.top\/museo\/#website\"},\"primaryImageOfPage\":{\"@id\":\"http:\/\/vientosur.top\/museo\/museo-violeta-parra-participa-en-feria-aqui-hay-en-la-plaza-de-la-constitucion\/#primaryimage\"},\"image\":{\"@id\":\"http:\/\/vientosur.top\/museo\/museo-violeta-parra-participa-en-feria-aqui-hay-en-la-plaza-de-la-constitucion\/#primaryimage\"},\"thumbnailUrl\":\"http:\/\/vientosur.top\/museo\/wp-content\/uploads\/2017\/05\/DSC_0312.jpg\",\"datePublished\":\"2017-05-09T17:05:09+00:00\",\"author\":{\"@id\":\"http:\/\/vientosur.top\/museo\/#\/schema\/person\/20c79d3c38800971feec8c2693c3dd9c\"},\"breadcrumb\":{\"@id\":\"http:\/\/vientosur.top\/museo\/museo-violeta-parra-participa-en-feria-aqui-hay-en-la-plaza-de-la-constitucion\/#breadcrumb\"},\"inLanguage\":\"es\",\"potentialAction\":[{\"@type\":\"ReadAction\",\"target\":[\"http:\/\/vientosur.top\/museo\/museo-violeta-parra-participa-en-feria-aqui-hay-en-la-plaza-de-la-constitucion\/\"]}]},{\"@type\":\"ImageObject\",\"inLanguage\":\"es\",\"@id\":\"http:\/\/vientosur.top\/museo\/museo-violeta-parra-participa-en-feria-aqui-hay-en-la-plaza-de-la-constitucion\/#primaryimage\",\"url\":\"http:\/\/vientosur.top\/museo\/wp-content\/uploads\/2017\/05\/DSC_0312.jpg\",\"contentUrl\":\"http:\/\/vientosur.top\/museo\/wp-content\/uploads\/2017\/05\/DSC_0312.jpg\",\"width\":1083,\"height\":720},{\"@type\":\"BreadcrumbList\",\"@id\":\"http:\/\/vientosur.top\/museo\/museo-violeta-parra-participa-en-feria-aqui-hay-en-la-plaza-de-la-constitucion\/#breadcrumb\",\"itemListElement\":[{\"@type\":\"ListItem\",\"position\":1,\"name\":\"Portada\",\"item\":\"http:\/\/vientosur.top\/museo\/\"},{\"@type\":\"ListItem\",\"position\":2,\"name\":\"Museo y Fundaci\u00f3n Violeta Parra participaron en la Feria \u00abAqu\u00ed Hay\u00bb de la Plaza de la Constituci\u00f3n\"}]},{\"@type\":\"WebSite\",\"@id\":\"http:\/\/vientosur.top\/museo\/#website\",\"url\":\"http:\/\/vientosur.top\/museo\/\",\"name\":\"Museo Violeta Parra\",\"description\":\"Espacio que alberga tanto la memoria y legado creativo de la artista\",\"potentialAction\":[{\"@type\":\"SearchAction\",\"target\":{\"@type\":\"EntryPoint\",\"urlTemplate\":\"http:\/\/vientosur.top\/museo\/?s={search_term_string}\"},\"query-input\":{\"@type\":\"PropertyValueSpecification\",\"valueRequired\":true,\"valueName\":\"search_term_string\"}}],\"inLanguage\":\"es\"},{\"@type\":\"Person\",\"@id\":\"http:\/\/vientosur.top\/museo\/#\/schema\/person\/20c79d3c38800971feec8c2693c3dd9c\",\"name\":\"admin\",\"image\":{\"@type\":\"ImageObject\",\"inLanguage\":\"es\",\"@id\":\"http:\/\/vientosur.top\/museo\/#\/schema\/person\/image\/\",\"url\":\"https:\/\/secure.gravatar.com\/avatar\/713677ece3ffa642287213a80e5b773bce9ab81c269dd6d95102a990951c922f?s=96&d=mm&r=g\",\"contentUrl\":\"https:\/\/secure.gravatar.com\/avatar\/713677ece3ffa642287213a80e5b773bce9ab81c269dd6d95102a990951c922f?s=96&d=mm&r=g\",\"caption\":\"admin\"},\"sameAs\":[\"http:\/\/vientosur.top\/museo\"],\"url\":\"http:\/\/vientosur.top\/museo\/author\/comunicacionesmvp\/\"}]}<\/script>\n<!-- \/ Yoast SEO plugin. -->","yoast_head_json":{"title":"Museo y Fundaci\u00f3n Violeta Parra participaron en la Feria \"Aqu\u00ed Hay\" de la Plaza de la Constituci\u00f3n - Museo Violeta Parra","robots":{"index":"index","follow":"follow","max-snippet":"max-snippet:-1","max-image-preview":"max-image-preview:large","max-video-preview":"max-video-preview:-1"},"canonical":"http:\/\/vientosur.top\/museo\/museo-violeta-parra-participa-en-feria-aqui-hay-en-la-plaza-de-la-constitucion\/","og_locale":"es_ES","og_type":"article","og_title":"Museo y Fundaci\u00f3n Violeta Parra participaron en la Feria \"Aqu\u00ed Hay\" de la Plaza de la Constituci\u00f3n - Museo Violeta Parra","og_description":"El martes 9 de mayo se inaugur\u00f3 la tercera versi\u00f3n de la Feria Nacional \u00abAqu\u00ed Hay\u00bb, que durante cuatro d\u00edas reunir\u00e1 en la Plaza de la Constituci\u00f3n\u00a0a artesanos, productores de alimentos campesinos, emprendedores de turismo rural y Tesoros Humanos Vivos. Para esta ocasi\u00f3n, fueron invitados el Museo y la Fundaci\u00f3n Violeta Parra. En el stand [&hellip;]","og_url":"http:\/\/vientosur.top\/museo\/museo-violeta-parra-participa-en-feria-aqui-hay-en-la-plaza-de-la-constitucion\/","og_site_name":"Museo Violeta Parra","article_published_time":"2017-05-09T17:05:09+00:00","og_image":[{"width":1083,"height":720,"url":"http:\/\/vientosur.top\/museo\/wp-content\/uploads\/2017\/05\/DSC_0312.jpg","type":"image\/jpeg"}],"author":"admin","twitter_card":"summary_large_image","twitter_misc":{"Escrito por":"admin","Tiempo de lectura":"1 minuto"},"schema":{"@context":"https:\/\/schema.org","@graph":[{"@type":"WebPage","@id":"http:\/\/vientosur.top\/museo\/museo-violeta-parra-participa-en-feria-aqui-hay-en-la-plaza-de-la-constitucion\/","url":"http:\/\/vientosur.top\/museo\/museo-violeta-parra-participa-en-feria-aqui-hay-en-la-plaza-de-la-constitucion\/","name":"Museo y Fundaci\u00f3n Violeta Parra participaron en la Feria \"Aqu\u00ed Hay\" de la Plaza de la Constituci\u00f3n - Museo Violeta Parra","isPartOf":{"@id":"http:\/\/vientosur.top\/museo\/#website"},"primaryImageOfPage":{"@id":"http:\/\/vientosur.top\/museo\/museo-violeta-parra-participa-en-feria-aqui-hay-en-la-plaza-de-la-constitucion\/#primaryimage"},"image":{"@id":"http:\/\/vientosur.top\/museo\/museo-violeta-parra-participa-en-feria-aqui-hay-en-la-plaza-de-la-constitucion\/#primaryimage"},"thumbnailUrl":"http:\/\/vientosur.top\/museo\/wp-content\/uploads\/2017\/05\/DSC_0312.jpg","datePublished":"2017-05-09T17:05:09+00:00","author":{"@id":"http:\/\/vientosur.top\/museo\/#\/schema\/person\/20c79d3c38800971feec8c2693c3dd9c"},"breadcrumb":{"@id":"http:\/\/vientosur.top\/museo\/museo-violeta-parra-participa-en-feria-aqui-hay-en-la-plaza-de-la-constitucion\/#breadcrumb"},"inLanguage":"es","potentialAction":[{"@type":"ReadAction","target":["http:\/\/vientosur.top\/museo\/museo-violeta-parra-participa-en-feria-aqui-hay-en-la-plaza-de-la-constitucion\/"]}]},{"@type":"ImageObject","inLanguage":"es","@id":"http:\/\/vientosur.top\/museo\/museo-violeta-parra-participa-en-feria-aqui-hay-en-la-plaza-de-la-constitucion\/#primaryimage","url":"http:\/\/vientosur.top\/museo\/wp-content\/uploads\/2017\/05\/DSC_0312.jpg","contentUrl":"http:\/\/vientosur.top\/museo\/wp-content\/uploads\/2017\/05\/DSC_0312.jpg","width":1083,"height":720},{"@type":"BreadcrumbList","@id":"http:\/\/vientosur.top\/museo\/museo-violeta-parra-participa-en-feria-aqui-hay-en-la-plaza-de-la-constitucion\/#breadcrumb","itemListElement":[{"@type":"ListItem","position":1,"name":"Portada","item":"http:\/\/vientosur.top\/museo\/"},{"@type":"ListItem","position":2,"name":"Museo y Fundaci\u00f3n Violeta Parra participaron en la Feria \u00abAqu\u00ed Hay\u00bb de la Plaza de la Constituci\u00f3n"}]},{"@type":"WebSite","@id":"http:\/\/vientosur.top\/museo\/#website","url":"http:\/\/vientosur.top\/museo\/","name":"Museo Violeta Parra","description":"Espacio que alberga tanto la memoria y legado creativo de la artista","potentialAction":[{"@type":"SearchAction","target":{"@type":"EntryPoint","urlTemplate":"http:\/\/vientosur.top\/museo\/?s={search_term_string}"},"query-input":{"@type":"PropertyValueSpecification","valueRequired":true,"valueName":"search_term_string"}}],"inLanguage":"es"},{"@type":"Person","@id":"http:\/\/vientosur.top\/museo\/#\/schema\/person\/20c79d3c38800971feec8c2693c3dd9c","name":"admin","image":{"@type":"ImageObject","inLanguage":"es","@id":"http:\/\/vientosur.top\/museo\/#\/schema\/person\/image\/","url":"https:\/\/secure.gravatar.com\/avatar\/713677ece3ffa642287213a80e5b773bce9ab81c269dd6d95102a990951c922f?s=96&d=mm&r=g","contentUrl":"https:\/\/secure.gravatar.com\/avatar\/713677ece3ffa642287213a80e5b773bce9ab81c269dd6d95102a990951c922f?s=96&d=mm&r=g","caption":"admin"},"sameAs":["http:\/\/vientosur.top\/museo"],"url":"http:\/\/vientosur.top\/museo\/author\/comunicacionesmvp\/"}]}},"_links":{"self":[{"href":"http:\/\/vientosur.top\/museo\/wp-json\/wp\/v2\/posts\/3837","targetHints":{"allow":["GET"]}}],"collection":[{"href":"http:\/\/vientosur.top\/museo\/wp-json\/wp\/v2\/posts"}],"about":[{"href":"http:\/\/vientosur.top\/museo\/wp-json\/wp\/v2\/types\/post"}],"author":[{"embeddable":true,"href":"http:\/\/vientosur.top\/museo\/wp-json\/wp\/v2\/users\/5"}],"replies":[{"embeddable":true,"href":"http:\/\/vientosur.top\/museo\/wp-json\/wp\/v2\/comments?post=3837"}],"version-history":[{"count":0,"href":"http:\/\/vientosur.top\/museo\/wp-json\/wp\/v2\/posts\/3837\/revisions"}],"wp:featuredmedia":[{"embeddable":true,"href":"http:\/\/vientosur.top\/museo\/wp-json\/wp\/v2\/media\/3838"}],"wp:attachment":[{"href":"http:\/\/vientosur.top\/museo\/wp-json\/wp\/v2\/media?parent=3837"}],"wp:term":[{"taxonomy":"category","embeddable":true,"href":"http:\/\/vientosur.top\/museo\/wp-json\/wp\/v2\/categories?post=3837"},{"taxonomy":"post_tag","embeddable":true,"href":"http:\/\/vientosur.top\/museo\/wp-json\/wp\/v2\/tags?post=3837"}],"curies":[{"name":"wp","href":"https:\/\/api.w.org\/{rel}","templated":true}]}}