{"id":3862,"date":"2017-05-10T13:57:33","date_gmt":"2017-05-10T13:57:33","guid":{"rendered":"http:\/\/vientosur.top\/museo\/\/?p=3862"},"modified":"2017-05-10T13:57:33","modified_gmt":"2017-05-10T13:57:33","slug":"programa-cultura-verdadera-realiza-especial-sobre-centenario-de-violeta-parra","status":"publish","type":"post","link":"http:\/\/vientosur.top\/museo\/programa-cultura-verdadera-realiza-especial-sobre-centenario-de-violeta-parra\/","title":{"rendered":"Programa \u00abCultura Verdadera\u00bb realiza especial sobre los 100 a\u00f1os de Violeta Parra"},"content":{"rendered":"<p>Este lunes 8 de mayo a las 22 horas, el programa Cultura Verdadera, transmitido por el Canal La Red y conducido por el periodista Ignacio Franzani, dedic\u00f3 un cap\u00edtulo para conversar sobre la celebraci\u00f3n de los 100 a\u00f1os de Violeta Parra.<\/p>\n<p>&nbsp;<\/p>\n<p>La edici\u00f3n tuvo como invitados al panel a los compositores Manuel Garc\u00eda, Pascuala Ilabaca y Juan Antonio \u00abChicoria\u00bb S\u00e1nchez, y al acad\u00e9mico de la Universidad Alberto Hurtado\u00a0Osiel Vega, quienes comentaron sobre los aspectos m\u00e1s particulares de la artista nacida el 4 de octubre de 1917.<\/p>\n<p>&nbsp;<\/p>\n<p>La influencia de Violeta Parra en los actuales artistas chilenos, la valoraci\u00f3n de Violeta en el extranjero, as\u00ed como detalles de las actividades para celebrar el centenario, fueron algunos de los temas tratados por los expertos.<\/p>\n<p>&nbsp;<\/p>\n<p><iframe src=\"https:\/\/www.youtube.com\/embed\/-A_lz-pIvH0\" width=\"560\" height=\"315\" frameborder=\"0\" allowfullscreen=\"allowfullscreen\"><\/iframe><\/p>\n","protected":false},"excerpt":{"rendered":"<p>Este lunes 8 de mayo a las 22 horas, el programa Cultura Verdadera, transmitido por el Canal La Red y conducido por el periodista Ignacio Franzani, dedic\u00f3 un cap\u00edtulo para conversar sobre la celebraci\u00f3n de los 100 a\u00f1os de Violeta Parra. &nbsp; La edici\u00f3n tuvo como invitados al panel a los compositores Manuel Garc\u00eda, Pascuala [&hellip;]<\/p>\n","protected":false},"author":5,"featured_media":3869,"comment_status":"open","ping_status":"open","sticky":false,"template":"","format":"standard","meta":{"site-sidebar-layout":"default","site-content-layout":"","ast-site-content-layout":"default","site-content-style":"default","site-sidebar-style":"default","ast-global-header-display":"","ast-banner-title-visibility":"","ast-main-header-display":"","ast-hfb-above-header-display":"","ast-hfb-below-header-display":"","ast-hfb-mobile-header-display":"","site-post-title":"","ast-breadcrumbs-content":"","ast-featured-img":"","footer-sml-layout":"","theme-transparent-header-meta":"","adv-header-id-meta":"","stick-header-meta":"","header-above-stick-meta":"","header-main-stick-meta":"","header-below-stick-meta":"","astra-migrate-meta-layouts":"default","ast-page-background-enabled":"default","ast-page-background-meta":{"desktop":{"background-color":"var(--ast-global-color-4)","background-image":"","background-repeat":"repeat","background-position":"center center","background-size":"auto","background-attachment":"scroll","background-type":"","background-media":"","overlay-type":"","overlay-color":"","overlay-opacity":"","overlay-gradient":""},"tablet":{"background-color":"","background-image":"","background-repeat":"repeat","background-position":"center center","background-size":"auto","background-attachment":"scroll","background-type":"","background-media":"","overlay-type":"","overlay-color":"","overlay-opacity":"","overlay-gradient":""},"mobile":{"background-color":"","background-image":"","background-repeat":"repeat","background-position":"center center","background-size":"auto","background-attachment":"scroll","background-type":"","background-media":"","overlay-type":"","overlay-color":"","overlay-opacity":"","overlay-gradient":""}},"ast-content-background-meta":{"desktop":{"background-color":"var(--ast-global-color-5)","background-image":"","background-repeat":"repeat","background-position":"center center","background-size":"auto","background-attachment":"scroll","background-type":"","background-media":"","overlay-type":"","overlay-color":"","overlay-opacity":"","overlay-gradient":""},"tablet":{"background-color":"var(--ast-global-color-5)","background-image":"","background-repeat":"repeat","background-position":"center center","background-size":"auto","background-attachment":"scroll","background-type":"","background-media":"","overlay-type":"","overlay-color":"","overlay-opacity":"","overlay-gradient":""},"mobile":{"background-color":"var(--ast-global-color-5)","background-image":"","background-repeat":"repeat","background-position":"center center","background-size":"auto","background-attachment":"scroll","background-type":"","background-media":"","overlay-type":"","overlay-color":"","overlay-opacity":"","overlay-gradient":""}},"footnotes":""},"categories":[59,94,8],"tags":[],"class_list":["post-3862","post","type-post","status-publish","format-standard","has-post-thumbnail","hentry","category-destacado-noticia","category-museo-en-los-medios","category-noticias"],"yoast_head":"<!-- This site is optimized with the Yoast SEO plugin v25.4 - https:\/\/yoast.com\/wordpress\/plugins\/seo\/ -->\n<title>Programa &quot;Cultura Verdadera&quot; realiza especial sobre los 100 a\u00f1os de Violeta Parra - Museo Violeta Parra<\/title>\n<meta name=\"robots\" content=\"index, follow, max-snippet:-1, max-image-preview:large, max-video-preview:-1\" \/>\n<link rel=\"canonical\" href=\"http:\/\/vientosur.top\/museo\/programa-cultura-verdadera-realiza-especial-sobre-centenario-de-violeta-parra\/\" \/>\n<meta property=\"og:locale\" content=\"es_ES\" \/>\n<meta property=\"og:type\" content=\"article\" \/>\n<meta property=\"og:title\" content=\"Programa &quot;Cultura Verdadera&quot; realiza especial sobre los 100 a\u00f1os de Violeta Parra - Museo Violeta Parra\" \/>\n<meta property=\"og:description\" content=\"Este lunes 8 de mayo a las 22 horas, el programa Cultura Verdadera, transmitido por el Canal La Red y conducido por el periodista Ignacio Franzani, dedic\u00f3 un cap\u00edtulo para conversar sobre la celebraci\u00f3n de los 100 a\u00f1os de Violeta Parra. &nbsp; La edici\u00f3n tuvo como invitados al panel a los compositores Manuel Garc\u00eda, Pascuala [&hellip;]\" \/>\n<meta property=\"og:url\" content=\"http:\/\/vientosur.top\/museo\/programa-cultura-verdadera-realiza-especial-sobre-centenario-de-violeta-parra\/\" \/>\n<meta property=\"og:site_name\" content=\"Museo Violeta Parra\" \/>\n<meta property=\"article:published_time\" content=\"2017-05-10T13:57:33+00:00\" \/>\n<meta property=\"og:image\" content=\"http:\/\/vientosur.top\/museo\/wp-content\/uploads\/2017\/05\/Cultura-verdadera.jpg\" \/>\n\t<meta property=\"og:image:width\" content=\"1351\" \/>\n\t<meta property=\"og:image:height\" content=\"651\" \/>\n\t<meta property=\"og:image:type\" content=\"image\/jpeg\" \/>\n<meta name=\"author\" content=\"admin\" \/>\n<meta name=\"twitter:card\" content=\"summary_large_image\" \/>\n<meta name=\"twitter:label1\" content=\"Escrito por\" \/>\n\t<meta name=\"twitter:data1\" content=\"admin\" \/>\n\t<meta name=\"twitter:label2\" content=\"Tiempo de lectura\" \/>\n\t<meta name=\"twitter:data2\" content=\"1 minuto\" \/>\n<script type=\"application\/ld+json\" class=\"yoast-schema-graph\">{\"@context\":\"https:\/\/schema.org\",\"@graph\":[{\"@type\":\"WebPage\",\"@id\":\"http:\/\/vientosur.top\/museo\/programa-cultura-verdadera-realiza-especial-sobre-centenario-de-violeta-parra\/\",\"url\":\"http:\/\/vientosur.top\/museo\/programa-cultura-verdadera-realiza-especial-sobre-centenario-de-violeta-parra\/\",\"name\":\"Programa \\\"Cultura Verdadera\\\" realiza especial sobre los 100 a\u00f1os de Violeta Parra - Museo Violeta Parra\",\"isPartOf\":{\"@id\":\"http:\/\/vientosur.top\/museo\/#website\"},\"primaryImageOfPage\":{\"@id\":\"http:\/\/vientosur.top\/museo\/programa-cultura-verdadera-realiza-especial-sobre-centenario-de-violeta-parra\/#primaryimage\"},\"image\":{\"@id\":\"http:\/\/vientosur.top\/museo\/programa-cultura-verdadera-realiza-especial-sobre-centenario-de-violeta-parra\/#primaryimage\"},\"thumbnailUrl\":\"http:\/\/vientosur.top\/museo\/wp-content\/uploads\/2017\/05\/Cultura-verdadera.jpg\",\"datePublished\":\"2017-05-10T13:57:33+00:00\",\"author\":{\"@id\":\"http:\/\/vientosur.top\/museo\/#\/schema\/person\/20c79d3c38800971feec8c2693c3dd9c\"},\"breadcrumb\":{\"@id\":\"http:\/\/vientosur.top\/museo\/programa-cultura-verdadera-realiza-especial-sobre-centenario-de-violeta-parra\/#breadcrumb\"},\"inLanguage\":\"es\",\"potentialAction\":[{\"@type\":\"ReadAction\",\"target\":[\"http:\/\/vientosur.top\/museo\/programa-cultura-verdadera-realiza-especial-sobre-centenario-de-violeta-parra\/\"]}]},{\"@type\":\"ImageObject\",\"inLanguage\":\"es\",\"@id\":\"http:\/\/vientosur.top\/museo\/programa-cultura-verdadera-realiza-especial-sobre-centenario-de-violeta-parra\/#primaryimage\",\"url\":\"http:\/\/vientosur.top\/museo\/wp-content\/uploads\/2017\/05\/Cultura-verdadera.jpg\",\"contentUrl\":\"http:\/\/vientosur.top\/museo\/wp-content\/uploads\/2017\/05\/Cultura-verdadera.jpg\",\"width\":1351,\"height\":651},{\"@type\":\"BreadcrumbList\",\"@id\":\"http:\/\/vientosur.top\/museo\/programa-cultura-verdadera-realiza-especial-sobre-centenario-de-violeta-parra\/#breadcrumb\",\"itemListElement\":[{\"@type\":\"ListItem\",\"position\":1,\"name\":\"Portada\",\"item\":\"http:\/\/vientosur.top\/museo\/\"},{\"@type\":\"ListItem\",\"position\":2,\"name\":\"Programa \u00abCultura Verdadera\u00bb realiza especial sobre los 100 a\u00f1os de Violeta Parra\"}]},{\"@type\":\"WebSite\",\"@id\":\"http:\/\/vientosur.top\/museo\/#website\",\"url\":\"http:\/\/vientosur.top\/museo\/\",\"name\":\"Museo Violeta Parra\",\"description\":\"Espacio que alberga tanto la memoria y legado creativo de la artista\",\"potentialAction\":[{\"@type\":\"SearchAction\",\"target\":{\"@type\":\"EntryPoint\",\"urlTemplate\":\"http:\/\/vientosur.top\/museo\/?s={search_term_string}\"},\"query-input\":{\"@type\":\"PropertyValueSpecification\",\"valueRequired\":true,\"valueName\":\"search_term_string\"}}],\"inLanguage\":\"es\"},{\"@type\":\"Person\",\"@id\":\"http:\/\/vientosur.top\/museo\/#\/schema\/person\/20c79d3c38800971feec8c2693c3dd9c\",\"name\":\"admin\",\"image\":{\"@type\":\"ImageObject\",\"inLanguage\":\"es\",\"@id\":\"http:\/\/vientosur.top\/museo\/#\/schema\/person\/image\/\",\"url\":\"https:\/\/secure.gravatar.com\/avatar\/713677ece3ffa642287213a80e5b773bce9ab81c269dd6d95102a990951c922f?s=96&d=mm&r=g\",\"contentUrl\":\"https:\/\/secure.gravatar.com\/avatar\/713677ece3ffa642287213a80e5b773bce9ab81c269dd6d95102a990951c922f?s=96&d=mm&r=g\",\"caption\":\"admin\"},\"sameAs\":[\"http:\/\/vientosur.top\/museo\"],\"url\":\"http:\/\/vientosur.top\/museo\/author\/comunicacionesmvp\/\"}]}<\/script>\n<!-- \/ Yoast SEO plugin. -->","yoast_head_json":{"title":"Programa \"Cultura Verdadera\" realiza especial sobre los 100 a\u00f1os de Violeta Parra - Museo Violeta Parra","robots":{"index":"index","follow":"follow","max-snippet":"max-snippet:-1","max-image-preview":"max-image-preview:large","max-video-preview":"max-video-preview:-1"},"canonical":"http:\/\/vientosur.top\/museo\/programa-cultura-verdadera-realiza-especial-sobre-centenario-de-violeta-parra\/","og_locale":"es_ES","og_type":"article","og_title":"Programa \"Cultura Verdadera\" realiza especial sobre los 100 a\u00f1os de Violeta Parra - Museo Violeta Parra","og_description":"Este lunes 8 de mayo a las 22 horas, el programa Cultura Verdadera, transmitido por el Canal La Red y conducido por el periodista Ignacio Franzani, dedic\u00f3 un cap\u00edtulo para conversar sobre la celebraci\u00f3n de los 100 a\u00f1os de Violeta Parra. &nbsp; La edici\u00f3n tuvo como invitados al panel a los compositores Manuel Garc\u00eda, Pascuala [&hellip;]","og_url":"http:\/\/vientosur.top\/museo\/programa-cultura-verdadera-realiza-especial-sobre-centenario-de-violeta-parra\/","og_site_name":"Museo Violeta Parra","article_published_time":"2017-05-10T13:57:33+00:00","og_image":[{"width":1351,"height":651,"url":"http:\/\/vientosur.top\/museo\/wp-content\/uploads\/2017\/05\/Cultura-verdadera.jpg","type":"image\/jpeg"}],"author":"admin","twitter_card":"summary_large_image","twitter_misc":{"Escrito por":"admin","Tiempo de lectura":"1 minuto"},"schema":{"@context":"https:\/\/schema.org","@graph":[{"@type":"WebPage","@id":"http:\/\/vientosur.top\/museo\/programa-cultura-verdadera-realiza-especial-sobre-centenario-de-violeta-parra\/","url":"http:\/\/vientosur.top\/museo\/programa-cultura-verdadera-realiza-especial-sobre-centenario-de-violeta-parra\/","name":"Programa \"Cultura Verdadera\" realiza especial sobre los 100 a\u00f1os de Violeta Parra - Museo Violeta Parra","isPartOf":{"@id":"http:\/\/vientosur.top\/museo\/#website"},"primaryImageOfPage":{"@id":"http:\/\/vientosur.top\/museo\/programa-cultura-verdadera-realiza-especial-sobre-centenario-de-violeta-parra\/#primaryimage"},"image":{"@id":"http:\/\/vientosur.top\/museo\/programa-cultura-verdadera-realiza-especial-sobre-centenario-de-violeta-parra\/#primaryimage"},"thumbnailUrl":"http:\/\/vientosur.top\/museo\/wp-content\/uploads\/2017\/05\/Cultura-verdadera.jpg","datePublished":"2017-05-10T13:57:33+00:00","author":{"@id":"http:\/\/vientosur.top\/museo\/#\/schema\/person\/20c79d3c38800971feec8c2693c3dd9c"},"breadcrumb":{"@id":"http:\/\/vientosur.top\/museo\/programa-cultura-verdadera-realiza-especial-sobre-centenario-de-violeta-parra\/#breadcrumb"},"inLanguage":"es","potentialAction":[{"@type":"ReadAction","target":["http:\/\/vientosur.top\/museo\/programa-cultura-verdadera-realiza-especial-sobre-centenario-de-violeta-parra\/"]}]},{"@type":"ImageObject","inLanguage":"es","@id":"http:\/\/vientosur.top\/museo\/programa-cultura-verdadera-realiza-especial-sobre-centenario-de-violeta-parra\/#primaryimage","url":"http:\/\/vientosur.top\/museo\/wp-content\/uploads\/2017\/05\/Cultura-verdadera.jpg","contentUrl":"http:\/\/vientosur.top\/museo\/wp-content\/uploads\/2017\/05\/Cultura-verdadera.jpg","width":1351,"height":651},{"@type":"BreadcrumbList","@id":"http:\/\/vientosur.top\/museo\/programa-cultura-verdadera-realiza-especial-sobre-centenario-de-violeta-parra\/#breadcrumb","itemListElement":[{"@type":"ListItem","position":1,"name":"Portada","item":"http:\/\/vientosur.top\/museo\/"},{"@type":"ListItem","position":2,"name":"Programa \u00abCultura Verdadera\u00bb realiza especial sobre los 100 a\u00f1os de Violeta Parra"}]},{"@type":"WebSite","@id":"http:\/\/vientosur.top\/museo\/#website","url":"http:\/\/vientosur.top\/museo\/","name":"Museo Violeta Parra","description":"Espacio que alberga tanto la memoria y legado creativo de la artista","potentialAction":[{"@type":"SearchAction","target":{"@type":"EntryPoint","urlTemplate":"http:\/\/vientosur.top\/museo\/?s={search_term_string}"},"query-input":{"@type":"PropertyValueSpecification","valueRequired":true,"valueName":"search_term_string"}}],"inLanguage":"es"},{"@type":"Person","@id":"http:\/\/vientosur.top\/museo\/#\/schema\/person\/20c79d3c38800971feec8c2693c3dd9c","name":"admin","image":{"@type":"ImageObject","inLanguage":"es","@id":"http:\/\/vientosur.top\/museo\/#\/schema\/person\/image\/","url":"https:\/\/secure.gravatar.com\/avatar\/713677ece3ffa642287213a80e5b773bce9ab81c269dd6d95102a990951c922f?s=96&d=mm&r=g","contentUrl":"https:\/\/secure.gravatar.com\/avatar\/713677ece3ffa642287213a80e5b773bce9ab81c269dd6d95102a990951c922f?s=96&d=mm&r=g","caption":"admin"},"sameAs":["http:\/\/vientosur.top\/museo"],"url":"http:\/\/vientosur.top\/museo\/author\/comunicacionesmvp\/"}]}},"_links":{"self":[{"href":"http:\/\/vientosur.top\/museo\/wp-json\/wp\/v2\/posts\/3862","targetHints":{"allow":["GET"]}}],"collection":[{"href":"http:\/\/vientosur.top\/museo\/wp-json\/wp\/v2\/posts"}],"about":[{"href":"http:\/\/vientosur.top\/museo\/wp-json\/wp\/v2\/types\/post"}],"author":[{"embeddable":true,"href":"http:\/\/vientosur.top\/museo\/wp-json\/wp\/v2\/users\/5"}],"replies":[{"embeddable":true,"href":"http:\/\/vientosur.top\/museo\/wp-json\/wp\/v2\/comments?post=3862"}],"version-history":[{"count":0,"href":"http:\/\/vientosur.top\/museo\/wp-json\/wp\/v2\/posts\/3862\/revisions"}],"wp:featuredmedia":[{"embeddable":true,"href":"http:\/\/vientosur.top\/museo\/wp-json\/wp\/v2\/media\/3869"}],"wp:attachment":[{"href":"http:\/\/vientosur.top\/museo\/wp-json\/wp\/v2\/media?parent=3862"}],"wp:term":[{"taxonomy":"category","embeddable":true,"href":"http:\/\/vientosur.top\/museo\/wp-json\/wp\/v2\/categories?post=3862"},{"taxonomy":"post_tag","embeddable":true,"href":"http:\/\/vientosur.top\/museo\/wp-json\/wp\/v2\/tags?post=3862"}],"curies":[{"name":"wp","href":"https:\/\/api.w.org\/{rel}","templated":true}]}}