{"id":3899,"date":"2017-05-15T18:56:54","date_gmt":"2017-05-15T18:56:54","guid":{"rendered":"http:\/\/vientosur.top\/museo\/\/?p=3899"},"modified":"2017-05-15T18:56:54","modified_gmt":"2017-05-15T18:56:54","slug":"museo-violeta-parra-participo-en-la-inauguracion-de-la-semana-de-la-educacion-artistica-en-la-escuela-isabel-le-brun-de-renca","status":"publish","type":"post","link":"http:\/\/vientosur.top\/museo\/museo-violeta-parra-participo-en-la-inauguracion-de-la-semana-de-la-educacion-artistica-en-la-escuela-isabel-le-brun-de-renca\/","title":{"rendered":"Museo Violeta Parra particip\u00f3 en la inauguraci\u00f3n de la Semana de la Educaci\u00f3n Art\u00edstica en la Escuela Isabel Le Brun de Renca"},"content":{"rendered":"<p>La 5ta Semana de la Educaci\u00f3n Art\u00edstica 2017 (SEA) se inaugur\u00f3 hoy en la Escuela de ni\u00f1as Isabel Le Brun de la comuna de Renca. En la instancia particip\u00f3 el Ministro de Cultura, Ernesto Ottone; el representante de la UNESCO, Andr\u00e9s Pescoe; el alcalde de la Ilustre Municipalidad de Renca, Claudio Castro y la directora del Museo Violeta Parra, Cecilia Garc\u00eda-Huidobro. En la oportunidad, se present\u00f3 el <a href=\"http:\/\/www.violetaparra100.cl\/cuaderno-pedagogico-violeta-parra\/\" target=\"_blank\" rel=\"noopener noreferrer\">\u00abCuaderno Pedag\u00f3gico de Violeta Parra\u00bb<\/a>.<\/p>\n<p>&nbsp;<\/p>\n<p>La inauguraci\u00f3n const\u00f3 de diversas actividades en las salas del Liceo, tales como la presentaci\u00f3n del documental de Ignacio Ag\u00fcero sobre Violeta Parra, cantores y la exhibici\u00f3n de \u00abLa Maleta de Violeta\u00bb.<\/p>\n<p>&nbsp;<\/p>\n<p>Durante esta\u00a0la semana habr\u00e1n diferentes actividades en todo el pa\u00eds, destac\u00e1ndose los coros escolares que homenajear\u00e1n a Violeta Parra en distintas plazas de Chile.<\/p>\n<p>&nbsp;<\/p>\n<p><a href=\"https:\/\/www.facebook.com\/MuseoVioletaParra\/posts\/1927541747489237\"><strong>Ver im\u00e1genes ac\u00e1<\/strong><\/a><\/p>\n","protected":false},"excerpt":{"rendered":"<p>La 5ta Semana de la Educaci\u00f3n Art\u00edstica 2017 (SEA) se inaugur\u00f3 hoy en la Escuela de ni\u00f1as Isabel Le Brun de la comuna de Renca. En la instancia particip\u00f3 el Ministro de Cultura, Ernesto Ottone; el representante de la UNESCO, Andr\u00e9s Pescoe; el alcalde de la Ilustre Municipalidad de Renca, Claudio Castro y la directora [&hellip;]<\/p>\n","protected":false},"author":5,"featured_media":3902,"comment_status":"open","ping_status":"open","sticky":false,"template":"","format":"standard","meta":{"site-sidebar-layout":"default","site-content-layout":"","ast-site-content-layout":"default","site-content-style":"default","site-sidebar-style":"default","ast-global-header-display":"","ast-banner-title-visibility":"","ast-main-header-display":"","ast-hfb-above-header-display":"","ast-hfb-below-header-display":"","ast-hfb-mobile-header-display":"","site-post-title":"","ast-breadcrumbs-content":"","ast-featured-img":"","footer-sml-layout":"","theme-transparent-header-meta":"","adv-header-id-meta":"","stick-header-meta":"","header-above-stick-meta":"","header-main-stick-meta":"","header-below-stick-meta":"","astra-migrate-meta-layouts":"default","ast-page-background-enabled":"default","ast-page-background-meta":{"desktop":{"background-color":"var(--ast-global-color-4)","background-image":"","background-repeat":"repeat","background-position":"center center","background-size":"auto","background-attachment":"scroll","background-type":"","background-media":"","overlay-type":"","overlay-color":"","overlay-opacity":"","overlay-gradient":""},"tablet":{"background-color":"","background-image":"","background-repeat":"repeat","background-position":"center center","background-size":"auto","background-attachment":"scroll","background-type":"","background-media":"","overlay-type":"","overlay-color":"","overlay-opacity":"","overlay-gradient":""},"mobile":{"background-color":"","background-image":"","background-repeat":"repeat","background-position":"center center","background-size":"auto","background-attachment":"scroll","background-type":"","background-media":"","overlay-type":"","overlay-color":"","overlay-opacity":"","overlay-gradient":""}},"ast-content-background-meta":{"desktop":{"background-color":"var(--ast-global-color-5)","background-image":"","background-repeat":"repeat","background-position":"center center","background-size":"auto","background-attachment":"scroll","background-type":"","background-media":"","overlay-type":"","overlay-color":"","overlay-opacity":"","overlay-gradient":""},"tablet":{"background-color":"var(--ast-global-color-5)","background-image":"","background-repeat":"repeat","background-position":"center center","background-size":"auto","background-attachment":"scroll","background-type":"","background-media":"","overlay-type":"","overlay-color":"","overlay-opacity":"","overlay-gradient":""},"mobile":{"background-color":"var(--ast-global-color-5)","background-image":"","background-repeat":"repeat","background-position":"center center","background-size":"auto","background-attachment":"scroll","background-type":"","background-media":"","overlay-type":"","overlay-color":"","overlay-opacity":"","overlay-gradient":""}},"footnotes":""},"categories":[59,8],"tags":[],"class_list":["post-3899","post","type-post","status-publish","format-standard","has-post-thumbnail","hentry","category-destacado-noticia","category-noticias"],"yoast_head":"<!-- This site is optimized with the Yoast SEO plugin v25.4 - https:\/\/yoast.com\/wordpress\/plugins\/seo\/ -->\n<title>Museo Violeta Parra particip\u00f3 en la inauguraci\u00f3n de la Semana de la Educaci\u00f3n Art\u00edstica en la Escuela Isabel Le Brun de Renca - Museo Violeta Parra<\/title>\n<meta name=\"robots\" content=\"index, follow, max-snippet:-1, max-image-preview:large, max-video-preview:-1\" \/>\n<link rel=\"canonical\" href=\"http:\/\/vientosur.top\/museo\/museo-violeta-parra-participo-en-la-inauguracion-de-la-semana-de-la-educacion-artistica-en-la-escuela-isabel-le-brun-de-renca\/\" \/>\n<meta property=\"og:locale\" content=\"es_ES\" \/>\n<meta property=\"og:type\" content=\"article\" \/>\n<meta property=\"og:title\" content=\"Museo Violeta Parra particip\u00f3 en la inauguraci\u00f3n de la Semana de la Educaci\u00f3n Art\u00edstica en la Escuela Isabel Le Brun de Renca - Museo Violeta Parra\" \/>\n<meta property=\"og:description\" content=\"La 5ta Semana de la Educaci\u00f3n Art\u00edstica 2017 (SEA) se inaugur\u00f3 hoy en la Escuela de ni\u00f1as Isabel Le Brun de la comuna de Renca. En la instancia particip\u00f3 el Ministro de Cultura, Ernesto Ottone; el representante de la UNESCO, Andr\u00e9s Pescoe; el alcalde de la Ilustre Municipalidad de Renca, Claudio Castro y la directora [&hellip;]\" \/>\n<meta property=\"og:url\" content=\"http:\/\/vientosur.top\/museo\/museo-violeta-parra-participo-en-la-inauguracion-de-la-semana-de-la-educacion-artistica-en-la-escuela-isabel-le-brun-de-renca\/\" \/>\n<meta property=\"og:site_name\" content=\"Museo Violeta Parra\" \/>\n<meta property=\"article:published_time\" content=\"2017-05-15T18:56:54+00:00\" \/>\n<meta property=\"og:image\" content=\"http:\/\/vientosur.top\/museo\/wp-content\/uploads\/2017\/05\/FullSizeRender-1-scaled.jpg\" \/>\n\t<meta property=\"og:image:width\" content=\"2560\" \/>\n\t<meta property=\"og:image:height\" content=\"1920\" \/>\n\t<meta property=\"og:image:type\" content=\"image\/jpeg\" \/>\n<meta name=\"author\" content=\"admin\" \/>\n<meta name=\"twitter:card\" content=\"summary_large_image\" \/>\n<meta name=\"twitter:label1\" content=\"Escrito por\" \/>\n\t<meta name=\"twitter:data1\" content=\"admin\" \/>\n\t<meta name=\"twitter:label2\" content=\"Tiempo de lectura\" \/>\n\t<meta name=\"twitter:data2\" content=\"1 minuto\" \/>\n<script type=\"application\/ld+json\" class=\"yoast-schema-graph\">{\"@context\":\"https:\/\/schema.org\",\"@graph\":[{\"@type\":\"WebPage\",\"@id\":\"http:\/\/vientosur.top\/museo\/museo-violeta-parra-participo-en-la-inauguracion-de-la-semana-de-la-educacion-artistica-en-la-escuela-isabel-le-brun-de-renca\/\",\"url\":\"http:\/\/vientosur.top\/museo\/museo-violeta-parra-participo-en-la-inauguracion-de-la-semana-de-la-educacion-artistica-en-la-escuela-isabel-le-brun-de-renca\/\",\"name\":\"Museo Violeta Parra particip\u00f3 en la inauguraci\u00f3n de la Semana de la Educaci\u00f3n Art\u00edstica en la Escuela Isabel Le Brun de Renca - Museo Violeta Parra\",\"isPartOf\":{\"@id\":\"http:\/\/vientosur.top\/museo\/#website\"},\"primaryImageOfPage\":{\"@id\":\"http:\/\/vientosur.top\/museo\/museo-violeta-parra-participo-en-la-inauguracion-de-la-semana-de-la-educacion-artistica-en-la-escuela-isabel-le-brun-de-renca\/#primaryimage\"},\"image\":{\"@id\":\"http:\/\/vientosur.top\/museo\/museo-violeta-parra-participo-en-la-inauguracion-de-la-semana-de-la-educacion-artistica-en-la-escuela-isabel-le-brun-de-renca\/#primaryimage\"},\"thumbnailUrl\":\"http:\/\/vientosur.top\/museo\/wp-content\/uploads\/2017\/05\/FullSizeRender-1-scaled.jpg\",\"datePublished\":\"2017-05-15T18:56:54+00:00\",\"author\":{\"@id\":\"http:\/\/vientosur.top\/museo\/#\/schema\/person\/20c79d3c38800971feec8c2693c3dd9c\"},\"breadcrumb\":{\"@id\":\"http:\/\/vientosur.top\/museo\/museo-violeta-parra-participo-en-la-inauguracion-de-la-semana-de-la-educacion-artistica-en-la-escuela-isabel-le-brun-de-renca\/#breadcrumb\"},\"inLanguage\":\"es\",\"potentialAction\":[{\"@type\":\"ReadAction\",\"target\":[\"http:\/\/vientosur.top\/museo\/museo-violeta-parra-participo-en-la-inauguracion-de-la-semana-de-la-educacion-artistica-en-la-escuela-isabel-le-brun-de-renca\/\"]}]},{\"@type\":\"ImageObject\",\"inLanguage\":\"es\",\"@id\":\"http:\/\/vientosur.top\/museo\/museo-violeta-parra-participo-en-la-inauguracion-de-la-semana-de-la-educacion-artistica-en-la-escuela-isabel-le-brun-de-renca\/#primaryimage\",\"url\":\"http:\/\/vientosur.top\/museo\/wp-content\/uploads\/2017\/05\/FullSizeRender-1-scaled.jpg\",\"contentUrl\":\"http:\/\/vientosur.top\/museo\/wp-content\/uploads\/2017\/05\/FullSizeRender-1-scaled.jpg\",\"width\":2560,\"height\":1920},{\"@type\":\"BreadcrumbList\",\"@id\":\"http:\/\/vientosur.top\/museo\/museo-violeta-parra-participo-en-la-inauguracion-de-la-semana-de-la-educacion-artistica-en-la-escuela-isabel-le-brun-de-renca\/#breadcrumb\",\"itemListElement\":[{\"@type\":\"ListItem\",\"position\":1,\"name\":\"Portada\",\"item\":\"http:\/\/vientosur.top\/museo\/\"},{\"@type\":\"ListItem\",\"position\":2,\"name\":\"Museo Violeta Parra particip\u00f3 en la inauguraci\u00f3n de la Semana de la Educaci\u00f3n Art\u00edstica en la Escuela Isabel Le Brun de Renca\"}]},{\"@type\":\"WebSite\",\"@id\":\"http:\/\/vientosur.top\/museo\/#website\",\"url\":\"http:\/\/vientosur.top\/museo\/\",\"name\":\"Museo Violeta Parra\",\"description\":\"Espacio que alberga tanto la memoria y legado creativo de la artista\",\"potentialAction\":[{\"@type\":\"SearchAction\",\"target\":{\"@type\":\"EntryPoint\",\"urlTemplate\":\"http:\/\/vientosur.top\/museo\/?s={search_term_string}\"},\"query-input\":{\"@type\":\"PropertyValueSpecification\",\"valueRequired\":true,\"valueName\":\"search_term_string\"}}],\"inLanguage\":\"es\"},{\"@type\":\"Person\",\"@id\":\"http:\/\/vientosur.top\/museo\/#\/schema\/person\/20c79d3c38800971feec8c2693c3dd9c\",\"name\":\"admin\",\"image\":{\"@type\":\"ImageObject\",\"inLanguage\":\"es\",\"@id\":\"http:\/\/vientosur.top\/museo\/#\/schema\/person\/image\/\",\"url\":\"https:\/\/secure.gravatar.com\/avatar\/713677ece3ffa642287213a80e5b773bce9ab81c269dd6d95102a990951c922f?s=96&d=mm&r=g\",\"contentUrl\":\"https:\/\/secure.gravatar.com\/avatar\/713677ece3ffa642287213a80e5b773bce9ab81c269dd6d95102a990951c922f?s=96&d=mm&r=g\",\"caption\":\"admin\"},\"sameAs\":[\"http:\/\/vientosur.top\/museo\"],\"url\":\"http:\/\/vientosur.top\/museo\/author\/comunicacionesmvp\/\"}]}<\/script>\n<!-- \/ Yoast SEO plugin. -->","yoast_head_json":{"title":"Museo Violeta Parra particip\u00f3 en la inauguraci\u00f3n de la Semana de la Educaci\u00f3n Art\u00edstica en la Escuela Isabel Le Brun de Renca - Museo Violeta Parra","robots":{"index":"index","follow":"follow","max-snippet":"max-snippet:-1","max-image-preview":"max-image-preview:large","max-video-preview":"max-video-preview:-1"},"canonical":"http:\/\/vientosur.top\/museo\/museo-violeta-parra-participo-en-la-inauguracion-de-la-semana-de-la-educacion-artistica-en-la-escuela-isabel-le-brun-de-renca\/","og_locale":"es_ES","og_type":"article","og_title":"Museo Violeta Parra particip\u00f3 en la inauguraci\u00f3n de la Semana de la Educaci\u00f3n Art\u00edstica en la Escuela Isabel Le Brun de Renca - Museo Violeta Parra","og_description":"La 5ta Semana de la Educaci\u00f3n Art\u00edstica 2017 (SEA) se inaugur\u00f3 hoy en la Escuela de ni\u00f1as Isabel Le Brun de la comuna de Renca. En la instancia particip\u00f3 el Ministro de Cultura, Ernesto Ottone; el representante de la UNESCO, Andr\u00e9s Pescoe; el alcalde de la Ilustre Municipalidad de Renca, Claudio Castro y la directora [&hellip;]","og_url":"http:\/\/vientosur.top\/museo\/museo-violeta-parra-participo-en-la-inauguracion-de-la-semana-de-la-educacion-artistica-en-la-escuela-isabel-le-brun-de-renca\/","og_site_name":"Museo Violeta Parra","article_published_time":"2017-05-15T18:56:54+00:00","og_image":[{"width":2560,"height":1920,"url":"http:\/\/vientosur.top\/museo\/wp-content\/uploads\/2017\/05\/FullSizeRender-1-scaled.jpg","type":"image\/jpeg"}],"author":"admin","twitter_card":"summary_large_image","twitter_misc":{"Escrito por":"admin","Tiempo de lectura":"1 minuto"},"schema":{"@context":"https:\/\/schema.org","@graph":[{"@type":"WebPage","@id":"http:\/\/vientosur.top\/museo\/museo-violeta-parra-participo-en-la-inauguracion-de-la-semana-de-la-educacion-artistica-en-la-escuela-isabel-le-brun-de-renca\/","url":"http:\/\/vientosur.top\/museo\/museo-violeta-parra-participo-en-la-inauguracion-de-la-semana-de-la-educacion-artistica-en-la-escuela-isabel-le-brun-de-renca\/","name":"Museo Violeta Parra particip\u00f3 en la inauguraci\u00f3n de la Semana de la Educaci\u00f3n Art\u00edstica en la Escuela Isabel Le Brun de Renca - Museo Violeta Parra","isPartOf":{"@id":"http:\/\/vientosur.top\/museo\/#website"},"primaryImageOfPage":{"@id":"http:\/\/vientosur.top\/museo\/museo-violeta-parra-participo-en-la-inauguracion-de-la-semana-de-la-educacion-artistica-en-la-escuela-isabel-le-brun-de-renca\/#primaryimage"},"image":{"@id":"http:\/\/vientosur.top\/museo\/museo-violeta-parra-participo-en-la-inauguracion-de-la-semana-de-la-educacion-artistica-en-la-escuela-isabel-le-brun-de-renca\/#primaryimage"},"thumbnailUrl":"http:\/\/vientosur.top\/museo\/wp-content\/uploads\/2017\/05\/FullSizeRender-1-scaled.jpg","datePublished":"2017-05-15T18:56:54+00:00","author":{"@id":"http:\/\/vientosur.top\/museo\/#\/schema\/person\/20c79d3c38800971feec8c2693c3dd9c"},"breadcrumb":{"@id":"http:\/\/vientosur.top\/museo\/museo-violeta-parra-participo-en-la-inauguracion-de-la-semana-de-la-educacion-artistica-en-la-escuela-isabel-le-brun-de-renca\/#breadcrumb"},"inLanguage":"es","potentialAction":[{"@type":"ReadAction","target":["http:\/\/vientosur.top\/museo\/museo-violeta-parra-participo-en-la-inauguracion-de-la-semana-de-la-educacion-artistica-en-la-escuela-isabel-le-brun-de-renca\/"]}]},{"@type":"ImageObject","inLanguage":"es","@id":"http:\/\/vientosur.top\/museo\/museo-violeta-parra-participo-en-la-inauguracion-de-la-semana-de-la-educacion-artistica-en-la-escuela-isabel-le-brun-de-renca\/#primaryimage","url":"http:\/\/vientosur.top\/museo\/wp-content\/uploads\/2017\/05\/FullSizeRender-1-scaled.jpg","contentUrl":"http:\/\/vientosur.top\/museo\/wp-content\/uploads\/2017\/05\/FullSizeRender-1-scaled.jpg","width":2560,"height":1920},{"@type":"BreadcrumbList","@id":"http:\/\/vientosur.top\/museo\/museo-violeta-parra-participo-en-la-inauguracion-de-la-semana-de-la-educacion-artistica-en-la-escuela-isabel-le-brun-de-renca\/#breadcrumb","itemListElement":[{"@type":"ListItem","position":1,"name":"Portada","item":"http:\/\/vientosur.top\/museo\/"},{"@type":"ListItem","position":2,"name":"Museo Violeta Parra particip\u00f3 en la inauguraci\u00f3n de la Semana de la Educaci\u00f3n Art\u00edstica en la Escuela Isabel Le Brun de Renca"}]},{"@type":"WebSite","@id":"http:\/\/vientosur.top\/museo\/#website","url":"http:\/\/vientosur.top\/museo\/","name":"Museo Violeta Parra","description":"Espacio que alberga tanto la memoria y legado creativo de la artista","potentialAction":[{"@type":"SearchAction","target":{"@type":"EntryPoint","urlTemplate":"http:\/\/vientosur.top\/museo\/?s={search_term_string}"},"query-input":{"@type":"PropertyValueSpecification","valueRequired":true,"valueName":"search_term_string"}}],"inLanguage":"es"},{"@type":"Person","@id":"http:\/\/vientosur.top\/museo\/#\/schema\/person\/20c79d3c38800971feec8c2693c3dd9c","name":"admin","image":{"@type":"ImageObject","inLanguage":"es","@id":"http:\/\/vientosur.top\/museo\/#\/schema\/person\/image\/","url":"https:\/\/secure.gravatar.com\/avatar\/713677ece3ffa642287213a80e5b773bce9ab81c269dd6d95102a990951c922f?s=96&d=mm&r=g","contentUrl":"https:\/\/secure.gravatar.com\/avatar\/713677ece3ffa642287213a80e5b773bce9ab81c269dd6d95102a990951c922f?s=96&d=mm&r=g","caption":"admin"},"sameAs":["http:\/\/vientosur.top\/museo"],"url":"http:\/\/vientosur.top\/museo\/author\/comunicacionesmvp\/"}]}},"_links":{"self":[{"href":"http:\/\/vientosur.top\/museo\/wp-json\/wp\/v2\/posts\/3899","targetHints":{"allow":["GET"]}}],"collection":[{"href":"http:\/\/vientosur.top\/museo\/wp-json\/wp\/v2\/posts"}],"about":[{"href":"http:\/\/vientosur.top\/museo\/wp-json\/wp\/v2\/types\/post"}],"author":[{"embeddable":true,"href":"http:\/\/vientosur.top\/museo\/wp-json\/wp\/v2\/users\/5"}],"replies":[{"embeddable":true,"href":"http:\/\/vientosur.top\/museo\/wp-json\/wp\/v2\/comments?post=3899"}],"version-history":[{"count":0,"href":"http:\/\/vientosur.top\/museo\/wp-json\/wp\/v2\/posts\/3899\/revisions"}],"wp:featuredmedia":[{"embeddable":true,"href":"http:\/\/vientosur.top\/museo\/wp-json\/wp\/v2\/media\/3902"}],"wp:attachment":[{"href":"http:\/\/vientosur.top\/museo\/wp-json\/wp\/v2\/media?parent=3899"}],"wp:term":[{"taxonomy":"category","embeddable":true,"href":"http:\/\/vientosur.top\/museo\/wp-json\/wp\/v2\/categories?post=3899"},{"taxonomy":"post_tag","embeddable":true,"href":"http:\/\/vientosur.top\/museo\/wp-json\/wp\/v2\/tags?post=3899"}],"curies":[{"name":"wp","href":"https:\/\/api.w.org\/{rel}","templated":true}]}}