{"id":3983,"date":"2017-05-18T22:06:49","date_gmt":"2017-05-18T22:06:49","guid":{"rendered":"http:\/\/vientosur.top\/museo\/\/?p=3983"},"modified":"2017-05-18T22:06:49","modified_gmt":"2017-05-18T22:06:49","slug":"museo-violeta-parra-presenta-sus-nuevos-programas-educativos-en-la-v-semana-de-la-educacion-artistica","status":"publish","type":"post","link":"http:\/\/vientosur.top\/museo\/museo-violeta-parra-presenta-sus-nuevos-programas-educativos-en-la-v-semana-de-la-educacion-artistica\/","title":{"rendered":"Museo Violeta Parra presenta sus nuevos programas educativos en la V Semana de la Educaci\u00f3n Art\u00edstica"},"content":{"rendered":"<p>En el D\u00eda Internacional de los Museos, y en el marco de la V Semana de la Educaci\u00f3n Art\u00edstica, el Museo Violeta Parra presenta sus nuevos programas educativos que se valen del arte como un medio de comunicaci\u00f3n y expresi\u00f3n.<\/p>\n<p>&nbsp;<\/p>\n<p>Los dise\u00f1os de estos programas fueron realizados colectivamente con docentes de todo Chile, quienes acogieron la invitaci\u00f3n del \u00c1rea de Educaci\u00f3n, Mediaci\u00f3n, Audiencias y Voluntariado del Museo para participar en los <em>Desarrollos Pedag\u00f3gicos Participativos<\/em>, desarrollados en febrero de 2017. En esta instancia los profesores aportaron, desde su conocimiento y experiencia, los elementos necesarios para hacerlos interesantes y pertinentes en t\u00e9rminos de contenido para sus pares, como tambi\u00e9n una experiencia l\u00fadica, reflexiva, grupal y multi sensorial de aprendizaje para sus estudiantes.<\/p>\n<p>&nbsp;<\/p>\n<p>Estos 4 programas se suman a nuestra oferta para la educaci\u00f3n formal, que incluye a todos sus niveles, que va desde un p\u00fablico inicial o parvulario, inclusi\u00f3n para personas con discapacidad auditiva, hasta uno dedicado a estudiantes de educaci\u00f3n superior.<\/p>\n<p>&nbsp;<\/p>\n<p><a href=\"http:\/\/vientosur.top\/museo\/\/wp-content\/uploads\/2017\/05\/prog_ed_n_con-violeta-reconozco-mis-derechos.pdf\" target=\"_blank\" rel=\"noopener noreferrer\">Segundo Ciclo B\u00e1sico: \u00abCon Violeta reconozco mis derechos\u00bb<br \/>\n<\/a><a href=\"http:\/\/vientosur.top\/museo\/\/wp-content\/uploads\/2017\/05\/prog_ed_n_divinamente-humana.pdf\" target=\"_blank\" rel=\"noopener noreferrer\">Ense\u00f1anza Media: \u00abDivinamente humana, Violeta Parra<\/a>\u00bb<br \/>\n<a href=\"http:\/\/vientosur.top\/museo\/\/wp-content\/uploads\/2017\/05\/prog_ed_n_yo-canto-a-la-diferencia.pdf\" target=\"_blank\" rel=\"noopener noreferrer\">Programa de Integraci\u00f3n: \u00abYo canto a la diferencia\u00bb<br \/>\n<\/a><a href=\"http:\/\/vientosur.top\/museo\/\/wp-content\/uploads\/2017\/05\/prog_ed_n_el-\u00e1rbol-de-la-vida.pdf\" target=\"_blank\" rel=\"noopener noreferrer\">Educaci\u00f3n Inicial\/Parvularia: \u00abEl \u00e1rbol de la vida<\/a><a href=\"http:\/\/vientosur.top\/museo\/\/wp-content\/uploads\/2017\/05\/prog_ed_n_el-\u00e1rbol-de-la-vida.pdf\">\u00ab<\/a><\/p>\n<p>&nbsp;<\/p>\n<p>&nbsp;<\/p>\n","protected":false},"excerpt":{"rendered":"<p>En el D\u00eda Internacional de los Museos, y en el marco de la V Semana de la Educaci\u00f3n Art\u00edstica, el Museo Violeta Parra presenta sus nuevos programas educativos que se valen del arte como un medio de comunicaci\u00f3n y expresi\u00f3n. &nbsp; Los dise\u00f1os de estos programas fueron realizados colectivamente con docentes de todo Chile, quienes [&hellip;]<\/p>\n","protected":false},"author":5,"featured_media":3988,"comment_status":"open","ping_status":"open","sticky":false,"template":"","format":"standard","meta":{"site-sidebar-layout":"default","site-content-layout":"","ast-site-content-layout":"default","site-content-style":"default","site-sidebar-style":"default","ast-global-header-display":"","ast-banner-title-visibility":"","ast-main-header-display":"","ast-hfb-above-header-display":"","ast-hfb-below-header-display":"","ast-hfb-mobile-header-display":"","site-post-title":"","ast-breadcrumbs-content":"","ast-featured-img":"","footer-sml-layout":"","theme-transparent-header-meta":"","adv-header-id-meta":"","stick-header-meta":"","header-above-stick-meta":"","header-main-stick-meta":"","header-below-stick-meta":"","astra-migrate-meta-layouts":"default","ast-page-background-enabled":"default","ast-page-background-meta":{"desktop":{"background-color":"var(--ast-global-color-4)","background-image":"","background-repeat":"repeat","background-position":"center center","background-size":"auto","background-attachment":"scroll","background-type":"","background-media":"","overlay-type":"","overlay-color":"","overlay-opacity":"","overlay-gradient":""},"tablet":{"background-color":"","background-image":"","background-repeat":"repeat","background-position":"center center","background-size":"auto","background-attachment":"scroll","background-type":"","background-media":"","overlay-type":"","overlay-color":"","overlay-opacity":"","overlay-gradient":""},"mobile":{"background-color":"","background-image":"","background-repeat":"repeat","background-position":"center center","background-size":"auto","background-attachment":"scroll","background-type":"","background-media":"","overlay-type":"","overlay-color":"","overlay-opacity":"","overlay-gradient":""}},"ast-content-background-meta":{"desktop":{"background-color":"var(--ast-global-color-5)","background-image":"","background-repeat":"repeat","background-position":"center center","background-size":"auto","background-attachment":"scroll","background-type":"","background-media":"","overlay-type":"","overlay-color":"","overlay-opacity":"","overlay-gradient":""},"tablet":{"background-color":"var(--ast-global-color-5)","background-image":"","background-repeat":"repeat","background-position":"center center","background-size":"auto","background-attachment":"scroll","background-type":"","background-media":"","overlay-type":"","overlay-color":"","overlay-opacity":"","overlay-gradient":""},"mobile":{"background-color":"var(--ast-global-color-5)","background-image":"","background-repeat":"repeat","background-position":"center center","background-size":"auto","background-attachment":"scroll","background-type":"","background-media":"","overlay-type":"","overlay-color":"","overlay-opacity":"","overlay-gradient":""}},"footnotes":""},"categories":[59,8,61],"tags":[],"class_list":["post-3983","post","type-post","status-publish","format-standard","has-post-thumbnail","hentry","category-destacado-noticia","category-noticias","category-novedades"],"yoast_head":"<!-- This site is optimized with the Yoast SEO plugin v25.4 - https:\/\/yoast.com\/wordpress\/plugins\/seo\/ -->\n<title>Museo Violeta Parra presenta sus nuevos programas educativos en la V Semana de la Educaci\u00f3n Art\u00edstica - Museo Violeta Parra<\/title>\n<meta name=\"robots\" content=\"index, follow, max-snippet:-1, max-image-preview:large, max-video-preview:-1\" \/>\n<link rel=\"canonical\" href=\"http:\/\/vientosur.top\/museo\/museo-violeta-parra-presenta-sus-nuevos-programas-educativos-en-la-v-semana-de-la-educacion-artistica\/\" \/>\n<meta property=\"og:locale\" content=\"es_ES\" \/>\n<meta property=\"og:type\" content=\"article\" \/>\n<meta property=\"og:title\" content=\"Museo Violeta Parra presenta sus nuevos programas educativos en la V Semana de la Educaci\u00f3n Art\u00edstica - Museo Violeta Parra\" \/>\n<meta property=\"og:description\" content=\"En el D\u00eda Internacional de los Museos, y en el marco de la V Semana de la Educaci\u00f3n Art\u00edstica, el Museo Violeta Parra presenta sus nuevos programas educativos que se valen del arte como un medio de comunicaci\u00f3n y expresi\u00f3n. &nbsp; Los dise\u00f1os de estos programas fueron realizados colectivamente con docentes de todo Chile, quienes [&hellip;]\" \/>\n<meta property=\"og:url\" content=\"http:\/\/vientosur.top\/museo\/museo-violeta-parra-presenta-sus-nuevos-programas-educativos-en-la-v-semana-de-la-educacion-artistica\/\" \/>\n<meta property=\"og:site_name\" content=\"Museo Violeta Parra\" \/>\n<meta property=\"article:published_time\" content=\"2017-05-18T22:06:49+00:00\" \/>\n<meta property=\"og:image\" content=\"http:\/\/vientosur.top\/museo\/wp-content\/uploads\/2017\/05\/DSC_0121.jpg\" \/>\n\t<meta property=\"og:image:width\" content=\"1444\" \/>\n\t<meta property=\"og:image:height\" content=\"960\" \/>\n\t<meta property=\"og:image:type\" content=\"image\/jpeg\" \/>\n<meta name=\"author\" content=\"admin\" \/>\n<meta name=\"twitter:card\" content=\"summary_large_image\" \/>\n<meta name=\"twitter:label1\" content=\"Escrito por\" \/>\n\t<meta name=\"twitter:data1\" content=\"admin\" \/>\n\t<meta name=\"twitter:label2\" content=\"Tiempo de lectura\" \/>\n\t<meta name=\"twitter:data2\" content=\"1 minuto\" \/>\n<script type=\"application\/ld+json\" class=\"yoast-schema-graph\">{\"@context\":\"https:\/\/schema.org\",\"@graph\":[{\"@type\":\"WebPage\",\"@id\":\"http:\/\/vientosur.top\/museo\/museo-violeta-parra-presenta-sus-nuevos-programas-educativos-en-la-v-semana-de-la-educacion-artistica\/\",\"url\":\"http:\/\/vientosur.top\/museo\/museo-violeta-parra-presenta-sus-nuevos-programas-educativos-en-la-v-semana-de-la-educacion-artistica\/\",\"name\":\"Museo Violeta Parra presenta sus nuevos programas educativos en la V Semana de la Educaci\u00f3n Art\u00edstica - Museo Violeta Parra\",\"isPartOf\":{\"@id\":\"http:\/\/vientosur.top\/museo\/#website\"},\"primaryImageOfPage\":{\"@id\":\"http:\/\/vientosur.top\/museo\/museo-violeta-parra-presenta-sus-nuevos-programas-educativos-en-la-v-semana-de-la-educacion-artistica\/#primaryimage\"},\"image\":{\"@id\":\"http:\/\/vientosur.top\/museo\/museo-violeta-parra-presenta-sus-nuevos-programas-educativos-en-la-v-semana-de-la-educacion-artistica\/#primaryimage\"},\"thumbnailUrl\":\"http:\/\/vientosur.top\/museo\/wp-content\/uploads\/2017\/05\/DSC_0121.jpg\",\"datePublished\":\"2017-05-18T22:06:49+00:00\",\"author\":{\"@id\":\"http:\/\/vientosur.top\/museo\/#\/schema\/person\/20c79d3c38800971feec8c2693c3dd9c\"},\"breadcrumb\":{\"@id\":\"http:\/\/vientosur.top\/museo\/museo-violeta-parra-presenta-sus-nuevos-programas-educativos-en-la-v-semana-de-la-educacion-artistica\/#breadcrumb\"},\"inLanguage\":\"es\",\"potentialAction\":[{\"@type\":\"ReadAction\",\"target\":[\"http:\/\/vientosur.top\/museo\/museo-violeta-parra-presenta-sus-nuevos-programas-educativos-en-la-v-semana-de-la-educacion-artistica\/\"]}]},{\"@type\":\"ImageObject\",\"inLanguage\":\"es\",\"@id\":\"http:\/\/vientosur.top\/museo\/museo-violeta-parra-presenta-sus-nuevos-programas-educativos-en-la-v-semana-de-la-educacion-artistica\/#primaryimage\",\"url\":\"http:\/\/vientosur.top\/museo\/wp-content\/uploads\/2017\/05\/DSC_0121.jpg\",\"contentUrl\":\"http:\/\/vientosur.top\/museo\/wp-content\/uploads\/2017\/05\/DSC_0121.jpg\",\"width\":1444,\"height\":960},{\"@type\":\"BreadcrumbList\",\"@id\":\"http:\/\/vientosur.top\/museo\/museo-violeta-parra-presenta-sus-nuevos-programas-educativos-en-la-v-semana-de-la-educacion-artistica\/#breadcrumb\",\"itemListElement\":[{\"@type\":\"ListItem\",\"position\":1,\"name\":\"Portada\",\"item\":\"http:\/\/vientosur.top\/museo\/\"},{\"@type\":\"ListItem\",\"position\":2,\"name\":\"Museo Violeta Parra presenta sus nuevos programas educativos en la V Semana de la Educaci\u00f3n Art\u00edstica\"}]},{\"@type\":\"WebSite\",\"@id\":\"http:\/\/vientosur.top\/museo\/#website\",\"url\":\"http:\/\/vientosur.top\/museo\/\",\"name\":\"Museo Violeta Parra\",\"description\":\"Espacio que alberga tanto la memoria y legado creativo de la artista\",\"potentialAction\":[{\"@type\":\"SearchAction\",\"target\":{\"@type\":\"EntryPoint\",\"urlTemplate\":\"http:\/\/vientosur.top\/museo\/?s={search_term_string}\"},\"query-input\":{\"@type\":\"PropertyValueSpecification\",\"valueRequired\":true,\"valueName\":\"search_term_string\"}}],\"inLanguage\":\"es\"},{\"@type\":\"Person\",\"@id\":\"http:\/\/vientosur.top\/museo\/#\/schema\/person\/20c79d3c38800971feec8c2693c3dd9c\",\"name\":\"admin\",\"image\":{\"@type\":\"ImageObject\",\"inLanguage\":\"es\",\"@id\":\"http:\/\/vientosur.top\/museo\/#\/schema\/person\/image\/\",\"url\":\"https:\/\/secure.gravatar.com\/avatar\/713677ece3ffa642287213a80e5b773bce9ab81c269dd6d95102a990951c922f?s=96&d=mm&r=g\",\"contentUrl\":\"https:\/\/secure.gravatar.com\/avatar\/713677ece3ffa642287213a80e5b773bce9ab81c269dd6d95102a990951c922f?s=96&d=mm&r=g\",\"caption\":\"admin\"},\"sameAs\":[\"http:\/\/vientosur.top\/museo\"],\"url\":\"http:\/\/vientosur.top\/museo\/author\/comunicacionesmvp\/\"}]}<\/script>\n<!-- \/ Yoast SEO plugin. -->","yoast_head_json":{"title":"Museo Violeta Parra presenta sus nuevos programas educativos en la V Semana de la Educaci\u00f3n Art\u00edstica - Museo Violeta Parra","robots":{"index":"index","follow":"follow","max-snippet":"max-snippet:-1","max-image-preview":"max-image-preview:large","max-video-preview":"max-video-preview:-1"},"canonical":"http:\/\/vientosur.top\/museo\/museo-violeta-parra-presenta-sus-nuevos-programas-educativos-en-la-v-semana-de-la-educacion-artistica\/","og_locale":"es_ES","og_type":"article","og_title":"Museo Violeta Parra presenta sus nuevos programas educativos en la V Semana de la Educaci\u00f3n Art\u00edstica - Museo Violeta Parra","og_description":"En el D\u00eda Internacional de los Museos, y en el marco de la V Semana de la Educaci\u00f3n Art\u00edstica, el Museo Violeta Parra presenta sus nuevos programas educativos que se valen del arte como un medio de comunicaci\u00f3n y expresi\u00f3n. &nbsp; Los dise\u00f1os de estos programas fueron realizados colectivamente con docentes de todo Chile, quienes [&hellip;]","og_url":"http:\/\/vientosur.top\/museo\/museo-violeta-parra-presenta-sus-nuevos-programas-educativos-en-la-v-semana-de-la-educacion-artistica\/","og_site_name":"Museo Violeta Parra","article_published_time":"2017-05-18T22:06:49+00:00","og_image":[{"width":1444,"height":960,"url":"http:\/\/vientosur.top\/museo\/wp-content\/uploads\/2017\/05\/DSC_0121.jpg","type":"image\/jpeg"}],"author":"admin","twitter_card":"summary_large_image","twitter_misc":{"Escrito por":"admin","Tiempo de lectura":"1 minuto"},"schema":{"@context":"https:\/\/schema.org","@graph":[{"@type":"WebPage","@id":"http:\/\/vientosur.top\/museo\/museo-violeta-parra-presenta-sus-nuevos-programas-educativos-en-la-v-semana-de-la-educacion-artistica\/","url":"http:\/\/vientosur.top\/museo\/museo-violeta-parra-presenta-sus-nuevos-programas-educativos-en-la-v-semana-de-la-educacion-artistica\/","name":"Museo Violeta Parra presenta sus nuevos programas educativos en la V Semana de la Educaci\u00f3n Art\u00edstica - Museo Violeta Parra","isPartOf":{"@id":"http:\/\/vientosur.top\/museo\/#website"},"primaryImageOfPage":{"@id":"http:\/\/vientosur.top\/museo\/museo-violeta-parra-presenta-sus-nuevos-programas-educativos-en-la-v-semana-de-la-educacion-artistica\/#primaryimage"},"image":{"@id":"http:\/\/vientosur.top\/museo\/museo-violeta-parra-presenta-sus-nuevos-programas-educativos-en-la-v-semana-de-la-educacion-artistica\/#primaryimage"},"thumbnailUrl":"http:\/\/vientosur.top\/museo\/wp-content\/uploads\/2017\/05\/DSC_0121.jpg","datePublished":"2017-05-18T22:06:49+00:00","author":{"@id":"http:\/\/vientosur.top\/museo\/#\/schema\/person\/20c79d3c38800971feec8c2693c3dd9c"},"breadcrumb":{"@id":"http:\/\/vientosur.top\/museo\/museo-violeta-parra-presenta-sus-nuevos-programas-educativos-en-la-v-semana-de-la-educacion-artistica\/#breadcrumb"},"inLanguage":"es","potentialAction":[{"@type":"ReadAction","target":["http:\/\/vientosur.top\/museo\/museo-violeta-parra-presenta-sus-nuevos-programas-educativos-en-la-v-semana-de-la-educacion-artistica\/"]}]},{"@type":"ImageObject","inLanguage":"es","@id":"http:\/\/vientosur.top\/museo\/museo-violeta-parra-presenta-sus-nuevos-programas-educativos-en-la-v-semana-de-la-educacion-artistica\/#primaryimage","url":"http:\/\/vientosur.top\/museo\/wp-content\/uploads\/2017\/05\/DSC_0121.jpg","contentUrl":"http:\/\/vientosur.top\/museo\/wp-content\/uploads\/2017\/05\/DSC_0121.jpg","width":1444,"height":960},{"@type":"BreadcrumbList","@id":"http:\/\/vientosur.top\/museo\/museo-violeta-parra-presenta-sus-nuevos-programas-educativos-en-la-v-semana-de-la-educacion-artistica\/#breadcrumb","itemListElement":[{"@type":"ListItem","position":1,"name":"Portada","item":"http:\/\/vientosur.top\/museo\/"},{"@type":"ListItem","position":2,"name":"Museo Violeta Parra presenta sus nuevos programas educativos en la V Semana de la Educaci\u00f3n Art\u00edstica"}]},{"@type":"WebSite","@id":"http:\/\/vientosur.top\/museo\/#website","url":"http:\/\/vientosur.top\/museo\/","name":"Museo Violeta Parra","description":"Espacio que alberga tanto la memoria y legado creativo de la artista","potentialAction":[{"@type":"SearchAction","target":{"@type":"EntryPoint","urlTemplate":"http:\/\/vientosur.top\/museo\/?s={search_term_string}"},"query-input":{"@type":"PropertyValueSpecification","valueRequired":true,"valueName":"search_term_string"}}],"inLanguage":"es"},{"@type":"Person","@id":"http:\/\/vientosur.top\/museo\/#\/schema\/person\/20c79d3c38800971feec8c2693c3dd9c","name":"admin","image":{"@type":"ImageObject","inLanguage":"es","@id":"http:\/\/vientosur.top\/museo\/#\/schema\/person\/image\/","url":"https:\/\/secure.gravatar.com\/avatar\/713677ece3ffa642287213a80e5b773bce9ab81c269dd6d95102a990951c922f?s=96&d=mm&r=g","contentUrl":"https:\/\/secure.gravatar.com\/avatar\/713677ece3ffa642287213a80e5b773bce9ab81c269dd6d95102a990951c922f?s=96&d=mm&r=g","caption":"admin"},"sameAs":["http:\/\/vientosur.top\/museo"],"url":"http:\/\/vientosur.top\/museo\/author\/comunicacionesmvp\/"}]}},"_links":{"self":[{"href":"http:\/\/vientosur.top\/museo\/wp-json\/wp\/v2\/posts\/3983","targetHints":{"allow":["GET"]}}],"collection":[{"href":"http:\/\/vientosur.top\/museo\/wp-json\/wp\/v2\/posts"}],"about":[{"href":"http:\/\/vientosur.top\/museo\/wp-json\/wp\/v2\/types\/post"}],"author":[{"embeddable":true,"href":"http:\/\/vientosur.top\/museo\/wp-json\/wp\/v2\/users\/5"}],"replies":[{"embeddable":true,"href":"http:\/\/vientosur.top\/museo\/wp-json\/wp\/v2\/comments?post=3983"}],"version-history":[{"count":0,"href":"http:\/\/vientosur.top\/museo\/wp-json\/wp\/v2\/posts\/3983\/revisions"}],"wp:featuredmedia":[{"embeddable":true,"href":"http:\/\/vientosur.top\/museo\/wp-json\/wp\/v2\/media\/3988"}],"wp:attachment":[{"href":"http:\/\/vientosur.top\/museo\/wp-json\/wp\/v2\/media?parent=3983"}],"wp:term":[{"taxonomy":"category","embeddable":true,"href":"http:\/\/vientosur.top\/museo\/wp-json\/wp\/v2\/categories?post=3983"},{"taxonomy":"post_tag","embeddable":true,"href":"http:\/\/vientosur.top\/museo\/wp-json\/wp\/v2\/tags?post=3983"}],"curies":[{"name":"wp","href":"https:\/\/api.w.org\/{rel}","templated":true}]}}