{"id":4096,"date":"2017-06-05T09:00:00","date_gmt":"2017-06-05T09:00:00","guid":{"rendered":"http:\/\/vientosur.top\/museo\/\/?p=4096"},"modified":"2017-06-05T09:00:00","modified_gmt":"2017-06-05T09:00:00","slug":"este-sabado-a-las-1600-horas-los-palmeros-de-rancagua-se-presentan-en-el-ciclo-de-cuecas-del-museo-violeta-parra","status":"publish","type":"post","link":"http:\/\/vientosur.top\/museo\/este-sabado-a-las-1600-horas-los-palmeros-de-rancagua-se-presentan-en-el-ciclo-de-cuecas-del-museo-violeta-parra\/","title":{"rendered":"Los Palmeros de Rancagua se presentaron en el Ciclo de Cuecas del Museo Violeta Parra"},"content":{"rendered":"<p>Desde Rancagua nos visit\u00f3 este grupo que se ha presentado en los festivales del Huaso de Olmu\u00e9 y de la Canci\u00f3n de Vi\u00f1a del Mar. Su disco \u201cCuecas de anta\u00f1o\u201d estuvo nominado al Premio Altazor en 2012.<\/p>\n<p>&nbsp;<\/p>\n<p>Fundados por el compositor y cantante Sergio Veas y el acordeonista y cantante Marcelo Galaz, Los Palmeros es uno de los grupos m\u00e1s pujantes de la cueca en la regi\u00f3n de Rancagua y sus alrededores.<\/p>\n<p>&nbsp;<\/p>\n<p>Debutaron\u00a0en 1994, a\u00f1os despu\u00e9s de conocer el trabajo del eminente conjunto de cueca porte\u00f1a Los Afuerinos, un primer referente que Los Palmeros sumaron luego al conocimiento de m\u00fasicos como Los Chileneros.<\/p>\n<p>&nbsp;<\/p>\n<p>&nbsp;<\/p>\n<p>&nbsp;<\/p>\n","protected":false},"excerpt":{"rendered":"<p>Desde Rancagua nos visit\u00f3 este grupo que se ha presentado en los festivales del Huaso de Olmu\u00e9 y de la Canci\u00f3n de Vi\u00f1a del Mar. Su disco \u201cCuecas de anta\u00f1o\u201d estuvo nominado al Premio Altazor en 2012. &nbsp; Fundados por el compositor y cantante Sergio Veas y el acordeonista y cantante Marcelo Galaz, Los Palmeros [&hellip;]<\/p>\n","protected":false},"author":5,"featured_media":4173,"comment_status":"open","ping_status":"open","sticky":false,"template":"","format":"standard","meta":{"site-sidebar-layout":"default","site-content-layout":"","ast-site-content-layout":"default","site-content-style":"default","site-sidebar-style":"default","ast-global-header-display":"","ast-banner-title-visibility":"","ast-main-header-display":"","ast-hfb-above-header-display":"","ast-hfb-below-header-display":"","ast-hfb-mobile-header-display":"","site-post-title":"","ast-breadcrumbs-content":"","ast-featured-img":"","footer-sml-layout":"","theme-transparent-header-meta":"","adv-header-id-meta":"","stick-header-meta":"","header-above-stick-meta":"","header-main-stick-meta":"","header-below-stick-meta":"","astra-migrate-meta-layouts":"default","ast-page-background-enabled":"default","ast-page-background-meta":{"desktop":{"background-color":"var(--ast-global-color-4)","background-image":"","background-repeat":"repeat","background-position":"center center","background-size":"auto","background-attachment":"scroll","background-type":"","background-media":"","overlay-type":"","overlay-color":"","overlay-opacity":"","overlay-gradient":""},"tablet":{"background-color":"","background-image":"","background-repeat":"repeat","background-position":"center center","background-size":"auto","background-attachment":"scroll","background-type":"","background-media":"","overlay-type":"","overlay-color":"","overlay-opacity":"","overlay-gradient":""},"mobile":{"background-color":"","background-image":"","background-repeat":"repeat","background-position":"center center","background-size":"auto","background-attachment":"scroll","background-type":"","background-media":"","overlay-type":"","overlay-color":"","overlay-opacity":"","overlay-gradient":""}},"ast-content-background-meta":{"desktop":{"background-color":"var(--ast-global-color-5)","background-image":"","background-repeat":"repeat","background-position":"center center","background-size":"auto","background-attachment":"scroll","background-type":"","background-media":"","overlay-type":"","overlay-color":"","overlay-opacity":"","overlay-gradient":""},"tablet":{"background-color":"var(--ast-global-color-5)","background-image":"","background-repeat":"repeat","background-position":"center center","background-size":"auto","background-attachment":"scroll","background-type":"","background-media":"","overlay-type":"","overlay-color":"","overlay-opacity":"","overlay-gradient":""},"mobile":{"background-color":"var(--ast-global-color-5)","background-image":"","background-repeat":"repeat","background-position":"center center","background-size":"auto","background-attachment":"scroll","background-type":"","background-media":"","overlay-type":"","overlay-color":"","overlay-opacity":"","overlay-gradient":""}},"footnotes":""},"categories":[59,8,61],"tags":[],"class_list":["post-4096","post","type-post","status-publish","format-standard","has-post-thumbnail","hentry","category-destacado-noticia","category-noticias","category-novedades"],"yoast_head":"<!-- This site is optimized with the Yoast SEO plugin v25.4 - https:\/\/yoast.com\/wordpress\/plugins\/seo\/ -->\n<title>Los Palmeros de Rancagua se presentaron en el Ciclo de Cuecas del Museo Violeta Parra - Museo Violeta Parra<\/title>\n<meta name=\"robots\" content=\"index, follow, max-snippet:-1, max-image-preview:large, max-video-preview:-1\" \/>\n<link rel=\"canonical\" href=\"http:\/\/vientosur.top\/museo\/este-sabado-a-las-1600-horas-los-palmeros-de-rancagua-se-presentan-en-el-ciclo-de-cuecas-del-museo-violeta-parra\/\" \/>\n<meta property=\"og:locale\" content=\"es_ES\" \/>\n<meta property=\"og:type\" content=\"article\" \/>\n<meta property=\"og:title\" content=\"Los Palmeros de Rancagua se presentaron en el Ciclo de Cuecas del Museo Violeta Parra - Museo Violeta Parra\" \/>\n<meta property=\"og:description\" content=\"Desde Rancagua nos visit\u00f3 este grupo que se ha presentado en los festivales del Huaso de Olmu\u00e9 y de la Canci\u00f3n de Vi\u00f1a del Mar. Su disco \u201cCuecas de anta\u00f1o\u201d estuvo nominado al Premio Altazor en 2012. &nbsp; Fundados por el compositor y cantante Sergio Veas y el acordeonista y cantante Marcelo Galaz, Los Palmeros [&hellip;]\" \/>\n<meta property=\"og:url\" content=\"http:\/\/vientosur.top\/museo\/este-sabado-a-las-1600-horas-los-palmeros-de-rancagua-se-presentan-en-el-ciclo-de-cuecas-del-museo-violeta-parra\/\" \/>\n<meta property=\"og:site_name\" content=\"Museo Violeta Parra\" \/>\n<meta property=\"article:published_time\" content=\"2017-06-05T09:00:00+00:00\" \/>\n<meta property=\"og:image\" content=\"http:\/\/vientosur.top\/museo\/wp-content\/uploads\/2017\/05\/DSC_0232.jpg\" \/>\n\t<meta property=\"og:image:width\" content=\"800\" \/>\n\t<meta property=\"og:image:height\" content=\"532\" \/>\n\t<meta property=\"og:image:type\" content=\"image\/jpeg\" \/>\n<meta name=\"author\" content=\"admin\" \/>\n<meta name=\"twitter:card\" content=\"summary_large_image\" \/>\n<meta name=\"twitter:label1\" content=\"Escrito por\" \/>\n\t<meta name=\"twitter:data1\" content=\"admin\" \/>\n\t<meta name=\"twitter:label2\" content=\"Tiempo de lectura\" \/>\n\t<meta name=\"twitter:data2\" content=\"1 minuto\" \/>\n<script type=\"application\/ld+json\" class=\"yoast-schema-graph\">{\"@context\":\"https:\/\/schema.org\",\"@graph\":[{\"@type\":\"WebPage\",\"@id\":\"http:\/\/vientosur.top\/museo\/este-sabado-a-las-1600-horas-los-palmeros-de-rancagua-se-presentan-en-el-ciclo-de-cuecas-del-museo-violeta-parra\/\",\"url\":\"http:\/\/vientosur.top\/museo\/este-sabado-a-las-1600-horas-los-palmeros-de-rancagua-se-presentan-en-el-ciclo-de-cuecas-del-museo-violeta-parra\/\",\"name\":\"Los Palmeros de Rancagua se presentaron en el Ciclo de Cuecas del Museo Violeta Parra - Museo Violeta Parra\",\"isPartOf\":{\"@id\":\"http:\/\/vientosur.top\/museo\/#website\"},\"primaryImageOfPage\":{\"@id\":\"http:\/\/vientosur.top\/museo\/este-sabado-a-las-1600-horas-los-palmeros-de-rancagua-se-presentan-en-el-ciclo-de-cuecas-del-museo-violeta-parra\/#primaryimage\"},\"image\":{\"@id\":\"http:\/\/vientosur.top\/museo\/este-sabado-a-las-1600-horas-los-palmeros-de-rancagua-se-presentan-en-el-ciclo-de-cuecas-del-museo-violeta-parra\/#primaryimage\"},\"thumbnailUrl\":\"http:\/\/vientosur.top\/museo\/wp-content\/uploads\/2017\/05\/DSC_0232.jpg\",\"datePublished\":\"2017-06-05T09:00:00+00:00\",\"author\":{\"@id\":\"http:\/\/vientosur.top\/museo\/#\/schema\/person\/20c79d3c38800971feec8c2693c3dd9c\"},\"breadcrumb\":{\"@id\":\"http:\/\/vientosur.top\/museo\/este-sabado-a-las-1600-horas-los-palmeros-de-rancagua-se-presentan-en-el-ciclo-de-cuecas-del-museo-violeta-parra\/#breadcrumb\"},\"inLanguage\":\"es\",\"potentialAction\":[{\"@type\":\"ReadAction\",\"target\":[\"http:\/\/vientosur.top\/museo\/este-sabado-a-las-1600-horas-los-palmeros-de-rancagua-se-presentan-en-el-ciclo-de-cuecas-del-museo-violeta-parra\/\"]}]},{\"@type\":\"ImageObject\",\"inLanguage\":\"es\",\"@id\":\"http:\/\/vientosur.top\/museo\/este-sabado-a-las-1600-horas-los-palmeros-de-rancagua-se-presentan-en-el-ciclo-de-cuecas-del-museo-violeta-parra\/#primaryimage\",\"url\":\"http:\/\/vientosur.top\/museo\/wp-content\/uploads\/2017\/05\/DSC_0232.jpg\",\"contentUrl\":\"http:\/\/vientosur.top\/museo\/wp-content\/uploads\/2017\/05\/DSC_0232.jpg\",\"width\":800,\"height\":532},{\"@type\":\"BreadcrumbList\",\"@id\":\"http:\/\/vientosur.top\/museo\/este-sabado-a-las-1600-horas-los-palmeros-de-rancagua-se-presentan-en-el-ciclo-de-cuecas-del-museo-violeta-parra\/#breadcrumb\",\"itemListElement\":[{\"@type\":\"ListItem\",\"position\":1,\"name\":\"Portada\",\"item\":\"http:\/\/vientosur.top\/museo\/\"},{\"@type\":\"ListItem\",\"position\":2,\"name\":\"Los Palmeros de Rancagua se presentaron en el Ciclo de Cuecas del Museo Violeta Parra\"}]},{\"@type\":\"WebSite\",\"@id\":\"http:\/\/vientosur.top\/museo\/#website\",\"url\":\"http:\/\/vientosur.top\/museo\/\",\"name\":\"Museo Violeta Parra\",\"description\":\"Espacio que alberga tanto la memoria y legado creativo de la artista\",\"potentialAction\":[{\"@type\":\"SearchAction\",\"target\":{\"@type\":\"EntryPoint\",\"urlTemplate\":\"http:\/\/vientosur.top\/museo\/?s={search_term_string}\"},\"query-input\":{\"@type\":\"PropertyValueSpecification\",\"valueRequired\":true,\"valueName\":\"search_term_string\"}}],\"inLanguage\":\"es\"},{\"@type\":\"Person\",\"@id\":\"http:\/\/vientosur.top\/museo\/#\/schema\/person\/20c79d3c38800971feec8c2693c3dd9c\",\"name\":\"admin\",\"image\":{\"@type\":\"ImageObject\",\"inLanguage\":\"es\",\"@id\":\"http:\/\/vientosur.top\/museo\/#\/schema\/person\/image\/\",\"url\":\"https:\/\/secure.gravatar.com\/avatar\/713677ece3ffa642287213a80e5b773bce9ab81c269dd6d95102a990951c922f?s=96&d=mm&r=g\",\"contentUrl\":\"https:\/\/secure.gravatar.com\/avatar\/713677ece3ffa642287213a80e5b773bce9ab81c269dd6d95102a990951c922f?s=96&d=mm&r=g\",\"caption\":\"admin\"},\"sameAs\":[\"http:\/\/vientosur.top\/museo\"],\"url\":\"http:\/\/vientosur.top\/museo\/author\/comunicacionesmvp\/\"}]}<\/script>\n<!-- \/ Yoast SEO plugin. -->","yoast_head_json":{"title":"Los Palmeros de Rancagua se presentaron en el Ciclo de Cuecas del Museo Violeta Parra - Museo Violeta Parra","robots":{"index":"index","follow":"follow","max-snippet":"max-snippet:-1","max-image-preview":"max-image-preview:large","max-video-preview":"max-video-preview:-1"},"canonical":"http:\/\/vientosur.top\/museo\/este-sabado-a-las-1600-horas-los-palmeros-de-rancagua-se-presentan-en-el-ciclo-de-cuecas-del-museo-violeta-parra\/","og_locale":"es_ES","og_type":"article","og_title":"Los Palmeros de Rancagua se presentaron en el Ciclo de Cuecas del Museo Violeta Parra - Museo Violeta Parra","og_description":"Desde Rancagua nos visit\u00f3 este grupo que se ha presentado en los festivales del Huaso de Olmu\u00e9 y de la Canci\u00f3n de Vi\u00f1a del Mar. Su disco \u201cCuecas de anta\u00f1o\u201d estuvo nominado al Premio Altazor en 2012. &nbsp; Fundados por el compositor y cantante Sergio Veas y el acordeonista y cantante Marcelo Galaz, Los Palmeros [&hellip;]","og_url":"http:\/\/vientosur.top\/museo\/este-sabado-a-las-1600-horas-los-palmeros-de-rancagua-se-presentan-en-el-ciclo-de-cuecas-del-museo-violeta-parra\/","og_site_name":"Museo Violeta Parra","article_published_time":"2017-06-05T09:00:00+00:00","og_image":[{"width":800,"height":532,"url":"http:\/\/vientosur.top\/museo\/wp-content\/uploads\/2017\/05\/DSC_0232.jpg","type":"image\/jpeg"}],"author":"admin","twitter_card":"summary_large_image","twitter_misc":{"Escrito por":"admin","Tiempo de lectura":"1 minuto"},"schema":{"@context":"https:\/\/schema.org","@graph":[{"@type":"WebPage","@id":"http:\/\/vientosur.top\/museo\/este-sabado-a-las-1600-horas-los-palmeros-de-rancagua-se-presentan-en-el-ciclo-de-cuecas-del-museo-violeta-parra\/","url":"http:\/\/vientosur.top\/museo\/este-sabado-a-las-1600-horas-los-palmeros-de-rancagua-se-presentan-en-el-ciclo-de-cuecas-del-museo-violeta-parra\/","name":"Los Palmeros de Rancagua se presentaron en el Ciclo de Cuecas del Museo Violeta Parra - Museo Violeta Parra","isPartOf":{"@id":"http:\/\/vientosur.top\/museo\/#website"},"primaryImageOfPage":{"@id":"http:\/\/vientosur.top\/museo\/este-sabado-a-las-1600-horas-los-palmeros-de-rancagua-se-presentan-en-el-ciclo-de-cuecas-del-museo-violeta-parra\/#primaryimage"},"image":{"@id":"http:\/\/vientosur.top\/museo\/este-sabado-a-las-1600-horas-los-palmeros-de-rancagua-se-presentan-en-el-ciclo-de-cuecas-del-museo-violeta-parra\/#primaryimage"},"thumbnailUrl":"http:\/\/vientosur.top\/museo\/wp-content\/uploads\/2017\/05\/DSC_0232.jpg","datePublished":"2017-06-05T09:00:00+00:00","author":{"@id":"http:\/\/vientosur.top\/museo\/#\/schema\/person\/20c79d3c38800971feec8c2693c3dd9c"},"breadcrumb":{"@id":"http:\/\/vientosur.top\/museo\/este-sabado-a-las-1600-horas-los-palmeros-de-rancagua-se-presentan-en-el-ciclo-de-cuecas-del-museo-violeta-parra\/#breadcrumb"},"inLanguage":"es","potentialAction":[{"@type":"ReadAction","target":["http:\/\/vientosur.top\/museo\/este-sabado-a-las-1600-horas-los-palmeros-de-rancagua-se-presentan-en-el-ciclo-de-cuecas-del-museo-violeta-parra\/"]}]},{"@type":"ImageObject","inLanguage":"es","@id":"http:\/\/vientosur.top\/museo\/este-sabado-a-las-1600-horas-los-palmeros-de-rancagua-se-presentan-en-el-ciclo-de-cuecas-del-museo-violeta-parra\/#primaryimage","url":"http:\/\/vientosur.top\/museo\/wp-content\/uploads\/2017\/05\/DSC_0232.jpg","contentUrl":"http:\/\/vientosur.top\/museo\/wp-content\/uploads\/2017\/05\/DSC_0232.jpg","width":800,"height":532},{"@type":"BreadcrumbList","@id":"http:\/\/vientosur.top\/museo\/este-sabado-a-las-1600-horas-los-palmeros-de-rancagua-se-presentan-en-el-ciclo-de-cuecas-del-museo-violeta-parra\/#breadcrumb","itemListElement":[{"@type":"ListItem","position":1,"name":"Portada","item":"http:\/\/vientosur.top\/museo\/"},{"@type":"ListItem","position":2,"name":"Los Palmeros de Rancagua se presentaron en el Ciclo de Cuecas del Museo Violeta Parra"}]},{"@type":"WebSite","@id":"http:\/\/vientosur.top\/museo\/#website","url":"http:\/\/vientosur.top\/museo\/","name":"Museo Violeta Parra","description":"Espacio que alberga tanto la memoria y legado creativo de la artista","potentialAction":[{"@type":"SearchAction","target":{"@type":"EntryPoint","urlTemplate":"http:\/\/vientosur.top\/museo\/?s={search_term_string}"},"query-input":{"@type":"PropertyValueSpecification","valueRequired":true,"valueName":"search_term_string"}}],"inLanguage":"es"},{"@type":"Person","@id":"http:\/\/vientosur.top\/museo\/#\/schema\/person\/20c79d3c38800971feec8c2693c3dd9c","name":"admin","image":{"@type":"ImageObject","inLanguage":"es","@id":"http:\/\/vientosur.top\/museo\/#\/schema\/person\/image\/","url":"https:\/\/secure.gravatar.com\/avatar\/713677ece3ffa642287213a80e5b773bce9ab81c269dd6d95102a990951c922f?s=96&d=mm&r=g","contentUrl":"https:\/\/secure.gravatar.com\/avatar\/713677ece3ffa642287213a80e5b773bce9ab81c269dd6d95102a990951c922f?s=96&d=mm&r=g","caption":"admin"},"sameAs":["http:\/\/vientosur.top\/museo"],"url":"http:\/\/vientosur.top\/museo\/author\/comunicacionesmvp\/"}]}},"_links":{"self":[{"href":"http:\/\/vientosur.top\/museo\/wp-json\/wp\/v2\/posts\/4096","targetHints":{"allow":["GET"]}}],"collection":[{"href":"http:\/\/vientosur.top\/museo\/wp-json\/wp\/v2\/posts"}],"about":[{"href":"http:\/\/vientosur.top\/museo\/wp-json\/wp\/v2\/types\/post"}],"author":[{"embeddable":true,"href":"http:\/\/vientosur.top\/museo\/wp-json\/wp\/v2\/users\/5"}],"replies":[{"embeddable":true,"href":"http:\/\/vientosur.top\/museo\/wp-json\/wp\/v2\/comments?post=4096"}],"version-history":[{"count":0,"href":"http:\/\/vientosur.top\/museo\/wp-json\/wp\/v2\/posts\/4096\/revisions"}],"wp:featuredmedia":[{"embeddable":true,"href":"http:\/\/vientosur.top\/museo\/wp-json\/wp\/v2\/media\/4173"}],"wp:attachment":[{"href":"http:\/\/vientosur.top\/museo\/wp-json\/wp\/v2\/media?parent=4096"}],"wp:term":[{"taxonomy":"category","embeddable":true,"href":"http:\/\/vientosur.top\/museo\/wp-json\/wp\/v2\/categories?post=4096"},{"taxonomy":"post_tag","embeddable":true,"href":"http:\/\/vientosur.top\/museo\/wp-json\/wp\/v2\/tags?post=4096"}],"curies":[{"name":"wp","href":"https:\/\/api.w.org\/{rel}","templated":true}]}}