{"id":4103,"date":"2017-05-30T15:12:52","date_gmt":"2017-05-30T15:12:52","guid":{"rendered":"http:\/\/vientosur.top\/museo\/\/?p=4103"},"modified":"2017-05-30T15:12:52","modified_gmt":"2017-05-30T15:12:52","slug":"camara-de-diputados-de-chile-rendira-homenaje-al-cantautor-angel-parra","status":"publish","type":"post","link":"http:\/\/vientosur.top\/museo\/camara-de-diputados-de-chile-rendira-homenaje-al-cantautor-angel-parra\/","title":{"rendered":"C\u00e1mara de Diputados de Chile rindi\u00f3 homenaje al cantautor \u00c1ngel Parra"},"content":{"rendered":"<p>A las 11:30 horas del martes 30 de mayo, en el hall Victoria de la Corporaci\u00f3n, se realiz\u00f3 un tributo art\u00edstico a \u00c1ngel Parra, quien falleci\u00f3 en el mes de marzo dejando un importante legado musical que abarc\u00f3 desde el folclore al rock, pasando por diversos estilos que consolidaron su carrera.<\/p>\n<p>Artistas, m\u00fasicos, familiares y pol\u00edticos se dieron cita hoy, en la C\u00e1mara de Diputados, para brindar un tributo a la figura del artista \u00c1ngel Parra, fallecido el 11 de marzo en Par\u00eds.<\/p>\n<p>\u00c1ngel Cereceda Parra naci\u00f3 en Valpara\u00edso, en el a\u00f1o 1943, como el segundo hijo del matrimonio conformado por Luis Cereceda y Violeta Parra, esta \u00faltima, pilar fundamental en su formaci\u00f3n musical, que lo llev\u00f3 a convertirse en un destaco artista e investigador.<\/p>\n<p>Su vida profesional estuvo marcada por encuentros y colaboraciones con destacadas figuras del arte popular, incluyendo el per\u00edodo de trabajo junto a su madre, Violeta Parra, pero tambi\u00e9n posteriores asociaciones con Atahualpa Yupanqui, Pablo Neruda, Quilapay\u00fan, Los Curacas, Los Blops, Miguel Littin y Volodia Teitelboim.<\/p>\n<p>Su discograf\u00eda incluye composiciones propias, versiones de otros autores, musicalizaci\u00f3n de poemas, oratorios y m\u00fasica para teatro y cine. Fue autor tambi\u00e9n de novelas y cr\u00f3nicas. Entre sus t\u00edtulos m\u00e1s conocidos se incluyen \u00abCuando amanece el d\u00eda\u00bb y \u00abAmigo, soldado, hermano\u00bb.<\/p>\n<p>El homenaje preparado por la Corporaci\u00f3n fue solicitado por el diputado Pepe Auth (IND) y tuvo dos \u00e1mbitos de desarrollo. El primero de estos fue el efectuado por la Sala de la Corporaci\u00f3n, donde intervinieron, en representaci\u00f3n de las distintas bancadas, los diputados Auth, Nicol\u00e1s Monckeberg (RN), Jaime Bellolio (UDI), Camila Vallejo (PC), Alberto Robles (PRSD), Roberto Poblete (IND-PS), Jorge Sabag (DC) y Tucapel Jim\u00e9nez (PPD).<\/p>\n<p>El segundo acto fue realizado en el Hall Victoria y cont\u00f3 con la presencia del grupo Ventiscka, que record\u00f3 las canciones que quedaron grabadas en la memoria de sus seguidores. Adem\u00e1s, participaron los artistas visuales Patricio Caldera y Eduardo Olivares que realizaron una acci\u00f3n de arte en vivo.<\/p>\n<p>Ambas ceremonias se realizaron ante la presencia de los familiares directos de \u00c1ngel Parra: su viuda Ruth y su hijo \u00c1ngel. Adem\u00e1s asistieron diversos familiares y amigos del artista.<\/p>\n<p><a href=\"https:\/\/www.camara.cl\/prensa\/noticias_detalle.aspx?prmid=132054&amp;utm_source=dlvr.it&amp;utm_medium=twitter\" target=\"_blank\" rel=\"noopener noreferrer\">Ver noticia en el sitio web de la C\u00e1mara de Diputados<\/a><\/p>\n","protected":false},"excerpt":{"rendered":"<p>A las 11:30 horas del martes 30 de mayo, en el hall Victoria de la Corporaci\u00f3n, se realiz\u00f3 un tributo art\u00edstico a \u00c1ngel Parra, quien falleci\u00f3 en el mes de marzo dejando un importante legado musical que abarc\u00f3 desde el folclore al rock, pasando por diversos estilos que consolidaron su carrera. Artistas, m\u00fasicos, familiares y [&hellip;]<\/p>\n","protected":false},"author":5,"featured_media":4107,"comment_status":"open","ping_status":"open","sticky":false,"template":"","format":"standard","meta":{"site-sidebar-layout":"default","site-content-layout":"","ast-site-content-layout":"default","site-content-style":"default","site-sidebar-style":"default","ast-global-header-display":"","ast-banner-title-visibility":"","ast-main-header-display":"","ast-hfb-above-header-display":"","ast-hfb-below-header-display":"","ast-hfb-mobile-header-display":"","site-post-title":"","ast-breadcrumbs-content":"","ast-featured-img":"","footer-sml-layout":"","theme-transparent-header-meta":"","adv-header-id-meta":"","stick-header-meta":"","header-above-stick-meta":"","header-main-stick-meta":"","header-below-stick-meta":"","astra-migrate-meta-layouts":"default","ast-page-background-enabled":"default","ast-page-background-meta":{"desktop":{"background-color":"var(--ast-global-color-4)","background-image":"","background-repeat":"repeat","background-position":"center center","background-size":"auto","background-attachment":"scroll","background-type":"","background-media":"","overlay-type":"","overlay-color":"","overlay-opacity":"","overlay-gradient":""},"tablet":{"background-color":"","background-image":"","background-repeat":"repeat","background-position":"center center","background-size":"auto","background-attachment":"scroll","background-type":"","background-media":"","overlay-type":"","overlay-color":"","overlay-opacity":"","overlay-gradient":""},"mobile":{"background-color":"","background-image":"","background-repeat":"repeat","background-position":"center center","background-size":"auto","background-attachment":"scroll","background-type":"","background-media":"","overlay-type":"","overlay-color":"","overlay-opacity":"","overlay-gradient":""}},"ast-content-background-meta":{"desktop":{"background-color":"var(--ast-global-color-5)","background-image":"","background-repeat":"repeat","background-position":"center center","background-size":"auto","background-attachment":"scroll","background-type":"","background-media":"","overlay-type":"","overlay-color":"","overlay-opacity":"","overlay-gradient":""},"tablet":{"background-color":"var(--ast-global-color-5)","background-image":"","background-repeat":"repeat","background-position":"center center","background-size":"auto","background-attachment":"scroll","background-type":"","background-media":"","overlay-type":"","overlay-color":"","overlay-opacity":"","overlay-gradient":""},"mobile":{"background-color":"var(--ast-global-color-5)","background-image":"","background-repeat":"repeat","background-position":"center center","background-size":"auto","background-attachment":"scroll","background-type":"","background-media":"","overlay-type":"","overlay-color":"","overlay-opacity":"","overlay-gradient":""}},"footnotes":""},"categories":[59,8,61],"tags":[],"class_list":["post-4103","post","type-post","status-publish","format-standard","has-post-thumbnail","hentry","category-destacado-noticia","category-noticias","category-novedades"],"yoast_head":"<!-- This site is optimized with the Yoast SEO plugin v25.4 - https:\/\/yoast.com\/wordpress\/plugins\/seo\/ -->\n<title>C\u00e1mara de Diputados de Chile rindi\u00f3 homenaje al cantautor \u00c1ngel Parra - Museo Violeta Parra<\/title>\n<meta name=\"robots\" content=\"index, follow, max-snippet:-1, max-image-preview:large, max-video-preview:-1\" \/>\n<link rel=\"canonical\" href=\"http:\/\/vientosur.top\/museo\/camara-de-diputados-de-chile-rendira-homenaje-al-cantautor-angel-parra\/\" \/>\n<meta property=\"og:locale\" content=\"es_ES\" \/>\n<meta property=\"og:type\" content=\"article\" \/>\n<meta property=\"og:title\" content=\"C\u00e1mara de Diputados de Chile rindi\u00f3 homenaje al cantautor \u00c1ngel Parra - Museo Violeta Parra\" \/>\n<meta property=\"og:description\" content=\"A las 11:30 horas del martes 30 de mayo, en el hall Victoria de la Corporaci\u00f3n, se realiz\u00f3 un tributo art\u00edstico a \u00c1ngel Parra, quien falleci\u00f3 en el mes de marzo dejando un importante legado musical que abarc\u00f3 desde el folclore al rock, pasando por diversos estilos que consolidaron su carrera. Artistas, m\u00fasicos, familiares y [&hellip;]\" \/>\n<meta property=\"og:url\" content=\"http:\/\/vientosur.top\/museo\/camara-de-diputados-de-chile-rendira-homenaje-al-cantautor-angel-parra\/\" \/>\n<meta property=\"og:site_name\" content=\"Museo Violeta Parra\" \/>\n<meta property=\"article:published_time\" content=\"2017-05-30T15:12:52+00:00\" \/>\n<meta property=\"og:image\" content=\"http:\/\/vientosur.top\/museo\/wp-content\/uploads\/2017\/05\/aparra.jpg\" \/>\n\t<meta property=\"og:image:width\" content=\"1200\" \/>\n\t<meta property=\"og:image:height\" content=\"465\" \/>\n\t<meta property=\"og:image:type\" content=\"image\/jpeg\" \/>\n<meta name=\"author\" content=\"admin\" \/>\n<meta name=\"twitter:card\" content=\"summary_large_image\" \/>\n<meta name=\"twitter:label1\" content=\"Escrito por\" \/>\n\t<meta name=\"twitter:data1\" content=\"admin\" \/>\n\t<meta name=\"twitter:label2\" content=\"Tiempo de lectura\" \/>\n\t<meta name=\"twitter:data2\" content=\"2 minutos\" \/>\n<script type=\"application\/ld+json\" class=\"yoast-schema-graph\">{\"@context\":\"https:\/\/schema.org\",\"@graph\":[{\"@type\":\"WebPage\",\"@id\":\"http:\/\/vientosur.top\/museo\/camara-de-diputados-de-chile-rendira-homenaje-al-cantautor-angel-parra\/\",\"url\":\"http:\/\/vientosur.top\/museo\/camara-de-diputados-de-chile-rendira-homenaje-al-cantautor-angel-parra\/\",\"name\":\"C\u00e1mara de Diputados de Chile rindi\u00f3 homenaje al cantautor \u00c1ngel Parra - Museo Violeta Parra\",\"isPartOf\":{\"@id\":\"http:\/\/vientosur.top\/museo\/#website\"},\"primaryImageOfPage\":{\"@id\":\"http:\/\/vientosur.top\/museo\/camara-de-diputados-de-chile-rendira-homenaje-al-cantautor-angel-parra\/#primaryimage\"},\"image\":{\"@id\":\"http:\/\/vientosur.top\/museo\/camara-de-diputados-de-chile-rendira-homenaje-al-cantautor-angel-parra\/#primaryimage\"},\"thumbnailUrl\":\"http:\/\/vientosur.top\/museo\/wp-content\/uploads\/2017\/05\/aparra.jpg\",\"datePublished\":\"2017-05-30T15:12:52+00:00\",\"author\":{\"@id\":\"http:\/\/vientosur.top\/museo\/#\/schema\/person\/20c79d3c38800971feec8c2693c3dd9c\"},\"breadcrumb\":{\"@id\":\"http:\/\/vientosur.top\/museo\/camara-de-diputados-de-chile-rendira-homenaje-al-cantautor-angel-parra\/#breadcrumb\"},\"inLanguage\":\"es\",\"potentialAction\":[{\"@type\":\"ReadAction\",\"target\":[\"http:\/\/vientosur.top\/museo\/camara-de-diputados-de-chile-rendira-homenaje-al-cantautor-angel-parra\/\"]}]},{\"@type\":\"ImageObject\",\"inLanguage\":\"es\",\"@id\":\"http:\/\/vientosur.top\/museo\/camara-de-diputados-de-chile-rendira-homenaje-al-cantautor-angel-parra\/#primaryimage\",\"url\":\"http:\/\/vientosur.top\/museo\/wp-content\/uploads\/2017\/05\/aparra.jpg\",\"contentUrl\":\"http:\/\/vientosur.top\/museo\/wp-content\/uploads\/2017\/05\/aparra.jpg\",\"width\":1200,\"height\":465},{\"@type\":\"BreadcrumbList\",\"@id\":\"http:\/\/vientosur.top\/museo\/camara-de-diputados-de-chile-rendira-homenaje-al-cantautor-angel-parra\/#breadcrumb\",\"itemListElement\":[{\"@type\":\"ListItem\",\"position\":1,\"name\":\"Portada\",\"item\":\"http:\/\/vientosur.top\/museo\/\"},{\"@type\":\"ListItem\",\"position\":2,\"name\":\"C\u00e1mara de Diputados de Chile rindi\u00f3 homenaje al cantautor \u00c1ngel Parra\"}]},{\"@type\":\"WebSite\",\"@id\":\"http:\/\/vientosur.top\/museo\/#website\",\"url\":\"http:\/\/vientosur.top\/museo\/\",\"name\":\"Museo Violeta Parra\",\"description\":\"Espacio que alberga tanto la memoria y legado creativo de la artista\",\"potentialAction\":[{\"@type\":\"SearchAction\",\"target\":{\"@type\":\"EntryPoint\",\"urlTemplate\":\"http:\/\/vientosur.top\/museo\/?s={search_term_string}\"},\"query-input\":{\"@type\":\"PropertyValueSpecification\",\"valueRequired\":true,\"valueName\":\"search_term_string\"}}],\"inLanguage\":\"es\"},{\"@type\":\"Person\",\"@id\":\"http:\/\/vientosur.top\/museo\/#\/schema\/person\/20c79d3c38800971feec8c2693c3dd9c\",\"name\":\"admin\",\"image\":{\"@type\":\"ImageObject\",\"inLanguage\":\"es\",\"@id\":\"http:\/\/vientosur.top\/museo\/#\/schema\/person\/image\/\",\"url\":\"https:\/\/secure.gravatar.com\/avatar\/713677ece3ffa642287213a80e5b773bce9ab81c269dd6d95102a990951c922f?s=96&d=mm&r=g\",\"contentUrl\":\"https:\/\/secure.gravatar.com\/avatar\/713677ece3ffa642287213a80e5b773bce9ab81c269dd6d95102a990951c922f?s=96&d=mm&r=g\",\"caption\":\"admin\"},\"sameAs\":[\"http:\/\/vientosur.top\/museo\"],\"url\":\"http:\/\/vientosur.top\/museo\/author\/comunicacionesmvp\/\"}]}<\/script>\n<!-- \/ Yoast SEO plugin. -->","yoast_head_json":{"title":"C\u00e1mara de Diputados de Chile rindi\u00f3 homenaje al cantautor \u00c1ngel Parra - Museo Violeta Parra","robots":{"index":"index","follow":"follow","max-snippet":"max-snippet:-1","max-image-preview":"max-image-preview:large","max-video-preview":"max-video-preview:-1"},"canonical":"http:\/\/vientosur.top\/museo\/camara-de-diputados-de-chile-rendira-homenaje-al-cantautor-angel-parra\/","og_locale":"es_ES","og_type":"article","og_title":"C\u00e1mara de Diputados de Chile rindi\u00f3 homenaje al cantautor \u00c1ngel Parra - Museo Violeta Parra","og_description":"A las 11:30 horas del martes 30 de mayo, en el hall Victoria de la Corporaci\u00f3n, se realiz\u00f3 un tributo art\u00edstico a \u00c1ngel Parra, quien falleci\u00f3 en el mes de marzo dejando un importante legado musical que abarc\u00f3 desde el folclore al rock, pasando por diversos estilos que consolidaron su carrera. Artistas, m\u00fasicos, familiares y [&hellip;]","og_url":"http:\/\/vientosur.top\/museo\/camara-de-diputados-de-chile-rendira-homenaje-al-cantautor-angel-parra\/","og_site_name":"Museo Violeta Parra","article_published_time":"2017-05-30T15:12:52+00:00","og_image":[{"width":1200,"height":465,"url":"http:\/\/vientosur.top\/museo\/wp-content\/uploads\/2017\/05\/aparra.jpg","type":"image\/jpeg"}],"author":"admin","twitter_card":"summary_large_image","twitter_misc":{"Escrito por":"admin","Tiempo de lectura":"2 minutos"},"schema":{"@context":"https:\/\/schema.org","@graph":[{"@type":"WebPage","@id":"http:\/\/vientosur.top\/museo\/camara-de-diputados-de-chile-rendira-homenaje-al-cantautor-angel-parra\/","url":"http:\/\/vientosur.top\/museo\/camara-de-diputados-de-chile-rendira-homenaje-al-cantautor-angel-parra\/","name":"C\u00e1mara de Diputados de Chile rindi\u00f3 homenaje al cantautor \u00c1ngel Parra - Museo Violeta Parra","isPartOf":{"@id":"http:\/\/vientosur.top\/museo\/#website"},"primaryImageOfPage":{"@id":"http:\/\/vientosur.top\/museo\/camara-de-diputados-de-chile-rendira-homenaje-al-cantautor-angel-parra\/#primaryimage"},"image":{"@id":"http:\/\/vientosur.top\/museo\/camara-de-diputados-de-chile-rendira-homenaje-al-cantautor-angel-parra\/#primaryimage"},"thumbnailUrl":"http:\/\/vientosur.top\/museo\/wp-content\/uploads\/2017\/05\/aparra.jpg","datePublished":"2017-05-30T15:12:52+00:00","author":{"@id":"http:\/\/vientosur.top\/museo\/#\/schema\/person\/20c79d3c38800971feec8c2693c3dd9c"},"breadcrumb":{"@id":"http:\/\/vientosur.top\/museo\/camara-de-diputados-de-chile-rendira-homenaje-al-cantautor-angel-parra\/#breadcrumb"},"inLanguage":"es","potentialAction":[{"@type":"ReadAction","target":["http:\/\/vientosur.top\/museo\/camara-de-diputados-de-chile-rendira-homenaje-al-cantautor-angel-parra\/"]}]},{"@type":"ImageObject","inLanguage":"es","@id":"http:\/\/vientosur.top\/museo\/camara-de-diputados-de-chile-rendira-homenaje-al-cantautor-angel-parra\/#primaryimage","url":"http:\/\/vientosur.top\/museo\/wp-content\/uploads\/2017\/05\/aparra.jpg","contentUrl":"http:\/\/vientosur.top\/museo\/wp-content\/uploads\/2017\/05\/aparra.jpg","width":1200,"height":465},{"@type":"BreadcrumbList","@id":"http:\/\/vientosur.top\/museo\/camara-de-diputados-de-chile-rendira-homenaje-al-cantautor-angel-parra\/#breadcrumb","itemListElement":[{"@type":"ListItem","position":1,"name":"Portada","item":"http:\/\/vientosur.top\/museo\/"},{"@type":"ListItem","position":2,"name":"C\u00e1mara de Diputados de Chile rindi\u00f3 homenaje al cantautor \u00c1ngel Parra"}]},{"@type":"WebSite","@id":"http:\/\/vientosur.top\/museo\/#website","url":"http:\/\/vientosur.top\/museo\/","name":"Museo Violeta Parra","description":"Espacio que alberga tanto la memoria y legado creativo de la artista","potentialAction":[{"@type":"SearchAction","target":{"@type":"EntryPoint","urlTemplate":"http:\/\/vientosur.top\/museo\/?s={search_term_string}"},"query-input":{"@type":"PropertyValueSpecification","valueRequired":true,"valueName":"search_term_string"}}],"inLanguage":"es"},{"@type":"Person","@id":"http:\/\/vientosur.top\/museo\/#\/schema\/person\/20c79d3c38800971feec8c2693c3dd9c","name":"admin","image":{"@type":"ImageObject","inLanguage":"es","@id":"http:\/\/vientosur.top\/museo\/#\/schema\/person\/image\/","url":"https:\/\/secure.gravatar.com\/avatar\/713677ece3ffa642287213a80e5b773bce9ab81c269dd6d95102a990951c922f?s=96&d=mm&r=g","contentUrl":"https:\/\/secure.gravatar.com\/avatar\/713677ece3ffa642287213a80e5b773bce9ab81c269dd6d95102a990951c922f?s=96&d=mm&r=g","caption":"admin"},"sameAs":["http:\/\/vientosur.top\/museo"],"url":"http:\/\/vientosur.top\/museo\/author\/comunicacionesmvp\/"}]}},"_links":{"self":[{"href":"http:\/\/vientosur.top\/museo\/wp-json\/wp\/v2\/posts\/4103","targetHints":{"allow":["GET"]}}],"collection":[{"href":"http:\/\/vientosur.top\/museo\/wp-json\/wp\/v2\/posts"}],"about":[{"href":"http:\/\/vientosur.top\/museo\/wp-json\/wp\/v2\/types\/post"}],"author":[{"embeddable":true,"href":"http:\/\/vientosur.top\/museo\/wp-json\/wp\/v2\/users\/5"}],"replies":[{"embeddable":true,"href":"http:\/\/vientosur.top\/museo\/wp-json\/wp\/v2\/comments?post=4103"}],"version-history":[{"count":0,"href":"http:\/\/vientosur.top\/museo\/wp-json\/wp\/v2\/posts\/4103\/revisions"}],"wp:featuredmedia":[{"embeddable":true,"href":"http:\/\/vientosur.top\/museo\/wp-json\/wp\/v2\/media\/4107"}],"wp:attachment":[{"href":"http:\/\/vientosur.top\/museo\/wp-json\/wp\/v2\/media?parent=4103"}],"wp:term":[{"taxonomy":"category","embeddable":true,"href":"http:\/\/vientosur.top\/museo\/wp-json\/wp\/v2\/categories?post=4103"},{"taxonomy":"post_tag","embeddable":true,"href":"http:\/\/vientosur.top\/museo\/wp-json\/wp\/v2\/tags?post=4103"}],"curies":[{"name":"wp","href":"https:\/\/api.w.org\/{rel}","templated":true}]}}