{"id":4108,"date":"2017-05-30T15:25:43","date_gmt":"2017-05-30T15:25:43","guid":{"rendered":"http:\/\/vientosur.top\/museo\/\/?p=4108"},"modified":"2017-05-30T15:25:43","modified_gmt":"2017-05-30T15:25:43","slug":"angel-y-javiera-parra-realizaran-homenaje-a-violeta-en-premios-pulsar-2017","status":"publish","type":"post","link":"http:\/\/vientosur.top\/museo\/angel-y-javiera-parra-realizaran-homenaje-a-violeta-en-premios-pulsar-2017\/","title":{"rendered":"\u00c1ngel y Javiera Parra realizaron homenaje a Violeta en Premios Pulsar 2017"},"content":{"rendered":"<p class=\"page-title titulo-simple\"><strong><em>Los nietos\u00a0de Violeta Parra realizaron un homenaje de \u00abGracias a la vida\u00bb, en una ceremonia que estuvo marcada por la celebraci\u00f3n de los 100 a\u00f1os de la artista y por el recuerdo de \u00c1ngel Parra (1943-2017).\u00a0<\/em><\/strong><\/p>\n<div class=\"entry-content\">\n<p>Adem\u00e1s de revelar a los ganadores de las 24 categor\u00edas en competencia, la ceremonia cont\u00f3 con una serie de duetos\u00a0y homenajes preparados especialmente para la ocasi\u00f3n.<\/p>\n<p>La Sociedad Chilena de Autores e Int\u00e9rpretes Musicales (SCD) \u2013encargada de organizar el evento\u2013 prepar\u00f3 una lista de presentaciones a lo largo del show que fue transmitido por TVN y Bio Bio, radio oficial del evento.<\/p>\n<p>El cantante y compositor Gepe, particip\u00f3 por partida doble al hacer una dupla en exclusiva con el l\u00edder de Illapu, Roberto M\u00e1rquez, e interpret\u00f3 por primera vez en vivo su m\u00e1s reciente single \u201cHablar de ti\u201d, tema perteneciente a su \u00faltimo trabajo discogr\u00e1fico Ciencia Exacta.<\/p>\n<p>Tambi\u00e9n, bajo el formato de d\u00faos in\u00e9ditos, se subi\u00f3 al escenario Nicole y la agrupaci\u00f3n de funk Los Tetas, para versionar a la exitosa banda Chico Trujillo.<\/p>\n<p>Para finalizar, se presentaron en vivo la dupla de Cecilia \u201cLa Incomparable\u201d con Ana Tijoux y Denise Rosenthal junto a Beto Cuevas. El ex miembro de La Ley adem\u00e1s realiz\u00f3 una presentaci\u00f3n en solitario y fue reconocido por su importante contribuci\u00f3n a poner el nombre de Chile y su m\u00fasica en el medio internacional.<\/p>\n<p>&nbsp;<\/p>\n<\/div>\n","protected":false},"excerpt":{"rendered":"<p>Los nietos\u00a0de Violeta Parra realizaron un homenaje de \u00abGracias a la vida\u00bb, en una ceremonia que estuvo marcada por la celebraci\u00f3n de los 100 a\u00f1os de la artista y por el recuerdo de \u00c1ngel Parra (1943-2017).\u00a0 Adem\u00e1s de revelar a los ganadores de las 24 categor\u00edas en competencia, la ceremonia cont\u00f3 con una serie de [&hellip;]<\/p>\n","protected":false},"author":5,"featured_media":4136,"comment_status":"open","ping_status":"open","sticky":false,"template":"","format":"standard","meta":{"site-sidebar-layout":"default","site-content-layout":"","ast-site-content-layout":"default","site-content-style":"default","site-sidebar-style":"default","ast-global-header-display":"","ast-banner-title-visibility":"","ast-main-header-display":"","ast-hfb-above-header-display":"","ast-hfb-below-header-display":"","ast-hfb-mobile-header-display":"","site-post-title":"","ast-breadcrumbs-content":"","ast-featured-img":"","footer-sml-layout":"","theme-transparent-header-meta":"","adv-header-id-meta":"","stick-header-meta":"","header-above-stick-meta":"","header-main-stick-meta":"","header-below-stick-meta":"","astra-migrate-meta-layouts":"default","ast-page-background-enabled":"default","ast-page-background-meta":{"desktop":{"background-color":"var(--ast-global-color-4)","background-image":"","background-repeat":"repeat","background-position":"center center","background-size":"auto","background-attachment":"scroll","background-type":"","background-media":"","overlay-type":"","overlay-color":"","overlay-opacity":"","overlay-gradient":""},"tablet":{"background-color":"","background-image":"","background-repeat":"repeat","background-position":"center center","background-size":"auto","background-attachment":"scroll","background-type":"","background-media":"","overlay-type":"","overlay-color":"","overlay-opacity":"","overlay-gradient":""},"mobile":{"background-color":"","background-image":"","background-repeat":"repeat","background-position":"center center","background-size":"auto","background-attachment":"scroll","background-type":"","background-media":"","overlay-type":"","overlay-color":"","overlay-opacity":"","overlay-gradient":""}},"ast-content-background-meta":{"desktop":{"background-color":"var(--ast-global-color-5)","background-image":"","background-repeat":"repeat","background-position":"center center","background-size":"auto","background-attachment":"scroll","background-type":"","background-media":"","overlay-type":"","overlay-color":"","overlay-opacity":"","overlay-gradient":""},"tablet":{"background-color":"var(--ast-global-color-5)","background-image":"","background-repeat":"repeat","background-position":"center center","background-size":"auto","background-attachment":"scroll","background-type":"","background-media":"","overlay-type":"","overlay-color":"","overlay-opacity":"","overlay-gradient":""},"mobile":{"background-color":"var(--ast-global-color-5)","background-image":"","background-repeat":"repeat","background-position":"center center","background-size":"auto","background-attachment":"scroll","background-type":"","background-media":"","overlay-type":"","overlay-color":"","overlay-opacity":"","overlay-gradient":""}},"footnotes":""},"categories":[59,8,61],"tags":[],"class_list":["post-4108","post","type-post","status-publish","format-standard","has-post-thumbnail","hentry","category-destacado-noticia","category-noticias","category-novedades"],"yoast_head":"<!-- This site is optimized with the Yoast SEO plugin v25.4 - https:\/\/yoast.com\/wordpress\/plugins\/seo\/ -->\n<title>\u00c1ngel y Javiera Parra realizaron homenaje a Violeta en Premios Pulsar 2017 - Museo Violeta Parra<\/title>\n<meta name=\"robots\" content=\"index, follow, max-snippet:-1, max-image-preview:large, max-video-preview:-1\" \/>\n<link rel=\"canonical\" href=\"http:\/\/vientosur.top\/museo\/angel-y-javiera-parra-realizaran-homenaje-a-violeta-en-premios-pulsar-2017\/\" \/>\n<meta property=\"og:locale\" content=\"es_ES\" \/>\n<meta property=\"og:type\" content=\"article\" \/>\n<meta property=\"og:title\" content=\"\u00c1ngel y Javiera Parra realizaron homenaje a Violeta en Premios Pulsar 2017 - Museo Violeta Parra\" \/>\n<meta property=\"og:description\" content=\"Los nietos\u00a0de Violeta Parra realizaron un homenaje de \u00abGracias a la vida\u00bb, en una ceremonia que estuvo marcada por la celebraci\u00f3n de los 100 a\u00f1os de la artista y por el recuerdo de \u00c1ngel Parra (1943-2017).\u00a0 Adem\u00e1s de revelar a los ganadores de las 24 categor\u00edas en competencia, la ceremonia cont\u00f3 con una serie de [&hellip;]\" \/>\n<meta property=\"og:url\" content=\"http:\/\/vientosur.top\/museo\/angel-y-javiera-parra-realizaran-homenaje-a-violeta-en-premios-pulsar-2017\/\" \/>\n<meta property=\"og:site_name\" content=\"Museo Violeta Parra\" \/>\n<meta property=\"article:published_time\" content=\"2017-05-30T15:25:43+00:00\" \/>\n<meta property=\"og:image\" content=\"http:\/\/vientosur.top\/museo\/wp-content\/uploads\/2017\/05\/pulsar.png\" \/>\n\t<meta property=\"og:image:width\" content=\"1400\" \/>\n\t<meta property=\"og:image:height\" content=\"745\" \/>\n\t<meta property=\"og:image:type\" content=\"image\/png\" \/>\n<meta name=\"author\" content=\"admin\" \/>\n<meta name=\"twitter:card\" content=\"summary_large_image\" \/>\n<meta name=\"twitter:label1\" content=\"Escrito por\" \/>\n\t<meta name=\"twitter:data1\" content=\"admin\" \/>\n\t<meta name=\"twitter:label2\" content=\"Tiempo de lectura\" \/>\n\t<meta name=\"twitter:data2\" content=\"1 minuto\" \/>\n<script type=\"application\/ld+json\" class=\"yoast-schema-graph\">{\"@context\":\"https:\/\/schema.org\",\"@graph\":[{\"@type\":\"WebPage\",\"@id\":\"http:\/\/vientosur.top\/museo\/angel-y-javiera-parra-realizaran-homenaje-a-violeta-en-premios-pulsar-2017\/\",\"url\":\"http:\/\/vientosur.top\/museo\/angel-y-javiera-parra-realizaran-homenaje-a-violeta-en-premios-pulsar-2017\/\",\"name\":\"\u00c1ngel y Javiera Parra realizaron homenaje a Violeta en Premios Pulsar 2017 - Museo Violeta Parra\",\"isPartOf\":{\"@id\":\"http:\/\/vientosur.top\/museo\/#website\"},\"primaryImageOfPage\":{\"@id\":\"http:\/\/vientosur.top\/museo\/angel-y-javiera-parra-realizaran-homenaje-a-violeta-en-premios-pulsar-2017\/#primaryimage\"},\"image\":{\"@id\":\"http:\/\/vientosur.top\/museo\/angel-y-javiera-parra-realizaran-homenaje-a-violeta-en-premios-pulsar-2017\/#primaryimage\"},\"thumbnailUrl\":\"http:\/\/vientosur.top\/museo\/wp-content\/uploads\/2017\/05\/pulsar.png\",\"datePublished\":\"2017-05-30T15:25:43+00:00\",\"author\":{\"@id\":\"http:\/\/vientosur.top\/museo\/#\/schema\/person\/20c79d3c38800971feec8c2693c3dd9c\"},\"breadcrumb\":{\"@id\":\"http:\/\/vientosur.top\/museo\/angel-y-javiera-parra-realizaran-homenaje-a-violeta-en-premios-pulsar-2017\/#breadcrumb\"},\"inLanguage\":\"es\",\"potentialAction\":[{\"@type\":\"ReadAction\",\"target\":[\"http:\/\/vientosur.top\/museo\/angel-y-javiera-parra-realizaran-homenaje-a-violeta-en-premios-pulsar-2017\/\"]}]},{\"@type\":\"ImageObject\",\"inLanguage\":\"es\",\"@id\":\"http:\/\/vientosur.top\/museo\/angel-y-javiera-parra-realizaran-homenaje-a-violeta-en-premios-pulsar-2017\/#primaryimage\",\"url\":\"http:\/\/vientosur.top\/museo\/wp-content\/uploads\/2017\/05\/pulsar.png\",\"contentUrl\":\"http:\/\/vientosur.top\/museo\/wp-content\/uploads\/2017\/05\/pulsar.png\",\"width\":1400,\"height\":745},{\"@type\":\"BreadcrumbList\",\"@id\":\"http:\/\/vientosur.top\/museo\/angel-y-javiera-parra-realizaran-homenaje-a-violeta-en-premios-pulsar-2017\/#breadcrumb\",\"itemListElement\":[{\"@type\":\"ListItem\",\"position\":1,\"name\":\"Portada\",\"item\":\"http:\/\/vientosur.top\/museo\/\"},{\"@type\":\"ListItem\",\"position\":2,\"name\":\"\u00c1ngel y Javiera Parra realizaron homenaje a Violeta en Premios Pulsar 2017\"}]},{\"@type\":\"WebSite\",\"@id\":\"http:\/\/vientosur.top\/museo\/#website\",\"url\":\"http:\/\/vientosur.top\/museo\/\",\"name\":\"Museo Violeta Parra\",\"description\":\"Espacio que alberga tanto la memoria y legado creativo de la artista\",\"potentialAction\":[{\"@type\":\"SearchAction\",\"target\":{\"@type\":\"EntryPoint\",\"urlTemplate\":\"http:\/\/vientosur.top\/museo\/?s={search_term_string}\"},\"query-input\":{\"@type\":\"PropertyValueSpecification\",\"valueRequired\":true,\"valueName\":\"search_term_string\"}}],\"inLanguage\":\"es\"},{\"@type\":\"Person\",\"@id\":\"http:\/\/vientosur.top\/museo\/#\/schema\/person\/20c79d3c38800971feec8c2693c3dd9c\",\"name\":\"admin\",\"image\":{\"@type\":\"ImageObject\",\"inLanguage\":\"es\",\"@id\":\"http:\/\/vientosur.top\/museo\/#\/schema\/person\/image\/\",\"url\":\"https:\/\/secure.gravatar.com\/avatar\/713677ece3ffa642287213a80e5b773bce9ab81c269dd6d95102a990951c922f?s=96&d=mm&r=g\",\"contentUrl\":\"https:\/\/secure.gravatar.com\/avatar\/713677ece3ffa642287213a80e5b773bce9ab81c269dd6d95102a990951c922f?s=96&d=mm&r=g\",\"caption\":\"admin\"},\"sameAs\":[\"http:\/\/vientosur.top\/museo\"],\"url\":\"http:\/\/vientosur.top\/museo\/author\/comunicacionesmvp\/\"}]}<\/script>\n<!-- \/ Yoast SEO plugin. -->","yoast_head_json":{"title":"\u00c1ngel y Javiera Parra realizaron homenaje a Violeta en Premios Pulsar 2017 - Museo Violeta Parra","robots":{"index":"index","follow":"follow","max-snippet":"max-snippet:-1","max-image-preview":"max-image-preview:large","max-video-preview":"max-video-preview:-1"},"canonical":"http:\/\/vientosur.top\/museo\/angel-y-javiera-parra-realizaran-homenaje-a-violeta-en-premios-pulsar-2017\/","og_locale":"es_ES","og_type":"article","og_title":"\u00c1ngel y Javiera Parra realizaron homenaje a Violeta en Premios Pulsar 2017 - Museo Violeta Parra","og_description":"Los nietos\u00a0de Violeta Parra realizaron un homenaje de \u00abGracias a la vida\u00bb, en una ceremonia que estuvo marcada por la celebraci\u00f3n de los 100 a\u00f1os de la artista y por el recuerdo de \u00c1ngel Parra (1943-2017).\u00a0 Adem\u00e1s de revelar a los ganadores de las 24 categor\u00edas en competencia, la ceremonia cont\u00f3 con una serie de [&hellip;]","og_url":"http:\/\/vientosur.top\/museo\/angel-y-javiera-parra-realizaran-homenaje-a-violeta-en-premios-pulsar-2017\/","og_site_name":"Museo Violeta Parra","article_published_time":"2017-05-30T15:25:43+00:00","og_image":[{"width":1400,"height":745,"url":"http:\/\/vientosur.top\/museo\/wp-content\/uploads\/2017\/05\/pulsar.png","type":"image\/png"}],"author":"admin","twitter_card":"summary_large_image","twitter_misc":{"Escrito por":"admin","Tiempo de lectura":"1 minuto"},"schema":{"@context":"https:\/\/schema.org","@graph":[{"@type":"WebPage","@id":"http:\/\/vientosur.top\/museo\/angel-y-javiera-parra-realizaran-homenaje-a-violeta-en-premios-pulsar-2017\/","url":"http:\/\/vientosur.top\/museo\/angel-y-javiera-parra-realizaran-homenaje-a-violeta-en-premios-pulsar-2017\/","name":"\u00c1ngel y Javiera Parra realizaron homenaje a Violeta en Premios Pulsar 2017 - Museo Violeta Parra","isPartOf":{"@id":"http:\/\/vientosur.top\/museo\/#website"},"primaryImageOfPage":{"@id":"http:\/\/vientosur.top\/museo\/angel-y-javiera-parra-realizaran-homenaje-a-violeta-en-premios-pulsar-2017\/#primaryimage"},"image":{"@id":"http:\/\/vientosur.top\/museo\/angel-y-javiera-parra-realizaran-homenaje-a-violeta-en-premios-pulsar-2017\/#primaryimage"},"thumbnailUrl":"http:\/\/vientosur.top\/museo\/wp-content\/uploads\/2017\/05\/pulsar.png","datePublished":"2017-05-30T15:25:43+00:00","author":{"@id":"http:\/\/vientosur.top\/museo\/#\/schema\/person\/20c79d3c38800971feec8c2693c3dd9c"},"breadcrumb":{"@id":"http:\/\/vientosur.top\/museo\/angel-y-javiera-parra-realizaran-homenaje-a-violeta-en-premios-pulsar-2017\/#breadcrumb"},"inLanguage":"es","potentialAction":[{"@type":"ReadAction","target":["http:\/\/vientosur.top\/museo\/angel-y-javiera-parra-realizaran-homenaje-a-violeta-en-premios-pulsar-2017\/"]}]},{"@type":"ImageObject","inLanguage":"es","@id":"http:\/\/vientosur.top\/museo\/angel-y-javiera-parra-realizaran-homenaje-a-violeta-en-premios-pulsar-2017\/#primaryimage","url":"http:\/\/vientosur.top\/museo\/wp-content\/uploads\/2017\/05\/pulsar.png","contentUrl":"http:\/\/vientosur.top\/museo\/wp-content\/uploads\/2017\/05\/pulsar.png","width":1400,"height":745},{"@type":"BreadcrumbList","@id":"http:\/\/vientosur.top\/museo\/angel-y-javiera-parra-realizaran-homenaje-a-violeta-en-premios-pulsar-2017\/#breadcrumb","itemListElement":[{"@type":"ListItem","position":1,"name":"Portada","item":"http:\/\/vientosur.top\/museo\/"},{"@type":"ListItem","position":2,"name":"\u00c1ngel y Javiera Parra realizaron homenaje a Violeta en Premios Pulsar 2017"}]},{"@type":"WebSite","@id":"http:\/\/vientosur.top\/museo\/#website","url":"http:\/\/vientosur.top\/museo\/","name":"Museo Violeta Parra","description":"Espacio que alberga tanto la memoria y legado creativo de la artista","potentialAction":[{"@type":"SearchAction","target":{"@type":"EntryPoint","urlTemplate":"http:\/\/vientosur.top\/museo\/?s={search_term_string}"},"query-input":{"@type":"PropertyValueSpecification","valueRequired":true,"valueName":"search_term_string"}}],"inLanguage":"es"},{"@type":"Person","@id":"http:\/\/vientosur.top\/museo\/#\/schema\/person\/20c79d3c38800971feec8c2693c3dd9c","name":"admin","image":{"@type":"ImageObject","inLanguage":"es","@id":"http:\/\/vientosur.top\/museo\/#\/schema\/person\/image\/","url":"https:\/\/secure.gravatar.com\/avatar\/713677ece3ffa642287213a80e5b773bce9ab81c269dd6d95102a990951c922f?s=96&d=mm&r=g","contentUrl":"https:\/\/secure.gravatar.com\/avatar\/713677ece3ffa642287213a80e5b773bce9ab81c269dd6d95102a990951c922f?s=96&d=mm&r=g","caption":"admin"},"sameAs":["http:\/\/vientosur.top\/museo"],"url":"http:\/\/vientosur.top\/museo\/author\/comunicacionesmvp\/"}]}},"_links":{"self":[{"href":"http:\/\/vientosur.top\/museo\/wp-json\/wp\/v2\/posts\/4108","targetHints":{"allow":["GET"]}}],"collection":[{"href":"http:\/\/vientosur.top\/museo\/wp-json\/wp\/v2\/posts"}],"about":[{"href":"http:\/\/vientosur.top\/museo\/wp-json\/wp\/v2\/types\/post"}],"author":[{"embeddable":true,"href":"http:\/\/vientosur.top\/museo\/wp-json\/wp\/v2\/users\/5"}],"replies":[{"embeddable":true,"href":"http:\/\/vientosur.top\/museo\/wp-json\/wp\/v2\/comments?post=4108"}],"version-history":[{"count":0,"href":"http:\/\/vientosur.top\/museo\/wp-json\/wp\/v2\/posts\/4108\/revisions"}],"wp:featuredmedia":[{"embeddable":true,"href":"http:\/\/vientosur.top\/museo\/wp-json\/wp\/v2\/media\/4136"}],"wp:attachment":[{"href":"http:\/\/vientosur.top\/museo\/wp-json\/wp\/v2\/media?parent=4108"}],"wp:term":[{"taxonomy":"category","embeddable":true,"href":"http:\/\/vientosur.top\/museo\/wp-json\/wp\/v2\/categories?post=4108"},{"taxonomy":"post_tag","embeddable":true,"href":"http:\/\/vientosur.top\/museo\/wp-json\/wp\/v2\/tags?post=4108"}],"curies":[{"name":"wp","href":"https:\/\/api.w.org\/{rel}","templated":true}]}}