{"id":4146,"date":"2017-08-29T12:00:48","date_gmt":"2017-08-29T12:00:48","guid":{"rendered":"http:\/\/vientosur.top\/museo\/\/?p=4146"},"modified":"2017-08-29T12:00:48","modified_gmt":"2017-08-29T12:00:48","slug":"descarga-el-formulario-de-postulacion-para-proyectos-en-el-marco-de-los-100-anos-de-violeta-parra","status":"publish","type":"post","link":"http:\/\/vientosur.top\/museo\/descarga-el-formulario-de-postulacion-para-proyectos-en-el-marco-de-los-100-anos-de-violeta-parra\/","title":{"rendered":"Descarga el formulario de postulaci\u00f3n para proyectos sobre Violeta Parra"},"content":{"rendered":"<p>La Fundaci\u00f3n Violeta Parra, creada por sus fundadores Isabel y \u00c1ngel Cereceda Parra en el a\u00f1o 1992, es un organismo sin fines de lucro, destinada a reunir, la obra en su totalidad de esta gran artista chilena, cautelar y proteger los derechos de uso que se rigen por leyes nacionales e internacionales aprobadas por todos los organismos legales, de protecci\u00f3n a la propiedad intelectual.\u00a0Los hermanos Parra han firmado convenios de difusi\u00f3n de la obra de Violeta Parra para ser mostrada y difundida en su museo en Santiago de Chile en avenida Vicu\u00f1a Mackenna N\u00b037.\u00a0El nombre, figura, imagen y obra de Violeta al d\u00eda de hoy no es una artista en dominio p\u00fablico. Su obra pertenece a su Fundaci\u00f3n, es decir a sus hijos y herederos. Cualquier proyecto que involucre el nombre de Violeta, ya sea en recitales, obras de teatro, invenciones de diversa \u00edndole en programas alusivos, conferencias, representaciones, videos, sitios web, Youtube, obras f\u00edlmicas, documentales, no pueden ser autorizados sin cumplir con los requisitos b\u00e1sicos:<\/p>\n<ol>\n<li>Formulario de presentaci\u00f3n de la propuesta<\/li>\n<li>Antecedentes de la instituci\u00f3n o persona que la presenta<\/li>\n<\/ol>\n<p>Una vez recibida la propuesta con todos los antecedentes necesarios, la Fundaci\u00f3n Violeta Parra otorgar\u00e1 o no su autorizaci\u00f3n para el uso del nombre de Violeta Parra, sus canciones, su obra pl\u00e1stica o sus escritos que se incluyan en el proyecto.\u00a0La Fundaci\u00f3n Violeta Parra y la comisi\u00f3n evaluadora no considerar\u00e1n proyectos que no tomen en cuenta ni respeten los antecedentes aqu\u00ed expresados.\u00a0<a href=\"http:\/\/vientosur.top\/museo\/wp-content\/uploads\/2017\/08\/PRESENTACI\u00d3N-DE-PROYECTOS-FVP.docx\" target=\"_blank\" rel=\"noopener noreferrer\"><strong>Descargar formulario de postulaci\u00f3n<\/strong><\/a>\u00a0y enviarlo a proyectos@museovioletaparra.cl<\/p>\n","protected":false},"excerpt":{"rendered":"<p>La Fundaci\u00f3n Violeta Parra, creada por sus fundadores Isabel y \u00c1ngel Cereceda Parra en el a\u00f1o 1992, es un organismo sin fines de lucro, destinada a reunir, la obra en su totalidad de esta gran artista chilena, cautelar y proteger los derechos de uso que se rigen por leyes nacionales e internacionales aprobadas por todos [&hellip;]<\/p>\n","protected":false},"author":5,"featured_media":10,"comment_status":"open","ping_status":"open","sticky":false,"template":"","format":"standard","meta":{"site-sidebar-layout":"default","site-content-layout":"","ast-site-content-layout":"default","site-content-style":"default","site-sidebar-style":"default","ast-global-header-display":"","ast-banner-title-visibility":"","ast-main-header-display":"","ast-hfb-above-header-display":"","ast-hfb-below-header-display":"","ast-hfb-mobile-header-display":"","site-post-title":"","ast-breadcrumbs-content":"","ast-featured-img":"","footer-sml-layout":"","theme-transparent-header-meta":"","adv-header-id-meta":"","stick-header-meta":"","header-above-stick-meta":"","header-main-stick-meta":"","header-below-stick-meta":"","astra-migrate-meta-layouts":"default","ast-page-background-enabled":"default","ast-page-background-meta":{"desktop":{"background-color":"var(--ast-global-color-4)","background-image":"","background-repeat":"repeat","background-position":"center center","background-size":"auto","background-attachment":"scroll","background-type":"","background-media":"","overlay-type":"","overlay-color":"","overlay-opacity":"","overlay-gradient":""},"tablet":{"background-color":"","background-image":"","background-repeat":"repeat","background-position":"center center","background-size":"auto","background-attachment":"scroll","background-type":"","background-media":"","overlay-type":"","overlay-color":"","overlay-opacity":"","overlay-gradient":""},"mobile":{"background-color":"","background-image":"","background-repeat":"repeat","background-position":"center center","background-size":"auto","background-attachment":"scroll","background-type":"","background-media":"","overlay-type":"","overlay-color":"","overlay-opacity":"","overlay-gradient":""}},"ast-content-background-meta":{"desktop":{"background-color":"var(--ast-global-color-5)","background-image":"","background-repeat":"repeat","background-position":"center center","background-size":"auto","background-attachment":"scroll","background-type":"","background-media":"","overlay-type":"","overlay-color":"","overlay-opacity":"","overlay-gradient":""},"tablet":{"background-color":"var(--ast-global-color-5)","background-image":"","background-repeat":"repeat","background-position":"center center","background-size":"auto","background-attachment":"scroll","background-type":"","background-media":"","overlay-type":"","overlay-color":"","overlay-opacity":"","overlay-gradient":""},"mobile":{"background-color":"var(--ast-global-color-5)","background-image":"","background-repeat":"repeat","background-position":"center center","background-size":"auto","background-attachment":"scroll","background-type":"","background-media":"","overlay-type":"","overlay-color":"","overlay-opacity":"","overlay-gradient":""}},"footnotes":""},"categories":[59,8,61],"tags":[],"class_list":["post-4146","post","type-post","status-publish","format-standard","has-post-thumbnail","hentry","category-destacado-noticia","category-noticias","category-novedades"],"yoast_head":"<!-- This site is optimized with the Yoast SEO plugin v25.4 - https:\/\/yoast.com\/wordpress\/plugins\/seo\/ -->\n<title>Descarga el formulario de postulaci\u00f3n para proyectos sobre Violeta Parra - Museo Violeta Parra<\/title>\n<meta name=\"robots\" content=\"index, follow, max-snippet:-1, max-image-preview:large, max-video-preview:-1\" \/>\n<link rel=\"canonical\" href=\"http:\/\/vientosur.top\/museo\/descarga-el-formulario-de-postulacion-para-proyectos-en-el-marco-de-los-100-anos-de-violeta-parra\/\" \/>\n<meta property=\"og:locale\" content=\"es_ES\" \/>\n<meta property=\"og:type\" content=\"article\" \/>\n<meta property=\"og:title\" content=\"Descarga el formulario de postulaci\u00f3n para proyectos sobre Violeta Parra - Museo Violeta Parra\" \/>\n<meta property=\"og:description\" content=\"La Fundaci\u00f3n Violeta Parra, creada por sus fundadores Isabel y \u00c1ngel Cereceda Parra en el a\u00f1o 1992, es un organismo sin fines de lucro, destinada a reunir, la obra en su totalidad de esta gran artista chilena, cautelar y proteger los derechos de uso que se rigen por leyes nacionales e internacionales aprobadas por todos [&hellip;]\" \/>\n<meta property=\"og:url\" content=\"http:\/\/vientosur.top\/museo\/descarga-el-formulario-de-postulacion-para-proyectos-en-el-marco-de-los-100-anos-de-violeta-parra\/\" \/>\n<meta property=\"og:site_name\" content=\"Museo Violeta Parra\" \/>\n<meta property=\"article:published_time\" content=\"2017-08-29T12:00:48+00:00\" \/>\n<meta name=\"author\" content=\"admin\" \/>\n<meta name=\"twitter:card\" content=\"summary_large_image\" \/>\n<meta name=\"twitter:label1\" content=\"Escrito por\" \/>\n\t<meta name=\"twitter:data1\" content=\"admin\" \/>\n\t<meta name=\"twitter:label2\" content=\"Tiempo de lectura\" \/>\n\t<meta name=\"twitter:data2\" content=\"1 minuto\" \/>\n<script type=\"application\/ld+json\" class=\"yoast-schema-graph\">{\"@context\":\"https:\/\/schema.org\",\"@graph\":[{\"@type\":\"WebPage\",\"@id\":\"http:\/\/vientosur.top\/museo\/descarga-el-formulario-de-postulacion-para-proyectos-en-el-marco-de-los-100-anos-de-violeta-parra\/\",\"url\":\"http:\/\/vientosur.top\/museo\/descarga-el-formulario-de-postulacion-para-proyectos-en-el-marco-de-los-100-anos-de-violeta-parra\/\",\"name\":\"Descarga el formulario de postulaci\u00f3n para proyectos sobre Violeta Parra - Museo Violeta Parra\",\"isPartOf\":{\"@id\":\"http:\/\/vientosur.top\/museo\/#website\"},\"primaryImageOfPage\":{\"@id\":\"http:\/\/vientosur.top\/museo\/descarga-el-formulario-de-postulacion-para-proyectos-en-el-marco-de-los-100-anos-de-violeta-parra\/#primaryimage\"},\"image\":{\"@id\":\"http:\/\/vientosur.top\/museo\/descarga-el-formulario-de-postulacion-para-proyectos-en-el-marco-de-los-100-anos-de-violeta-parra\/#primaryimage\"},\"thumbnailUrl\":\"\",\"datePublished\":\"2017-08-29T12:00:48+00:00\",\"author\":{\"@id\":\"http:\/\/vientosur.top\/museo\/#\/schema\/person\/20c79d3c38800971feec8c2693c3dd9c\"},\"breadcrumb\":{\"@id\":\"http:\/\/vientosur.top\/museo\/descarga-el-formulario-de-postulacion-para-proyectos-en-el-marco-de-los-100-anos-de-violeta-parra\/#breadcrumb\"},\"inLanguage\":\"es\",\"potentialAction\":[{\"@type\":\"ReadAction\",\"target\":[\"http:\/\/vientosur.top\/museo\/descarga-el-formulario-de-postulacion-para-proyectos-en-el-marco-de-los-100-anos-de-violeta-parra\/\"]}]},{\"@type\":\"ImageObject\",\"inLanguage\":\"es\",\"@id\":\"http:\/\/vientosur.top\/museo\/descarga-el-formulario-de-postulacion-para-proyectos-en-el-marco-de-los-100-anos-de-violeta-parra\/#primaryimage\",\"url\":\"\",\"contentUrl\":\"\"},{\"@type\":\"BreadcrumbList\",\"@id\":\"http:\/\/vientosur.top\/museo\/descarga-el-formulario-de-postulacion-para-proyectos-en-el-marco-de-los-100-anos-de-violeta-parra\/#breadcrumb\",\"itemListElement\":[{\"@type\":\"ListItem\",\"position\":1,\"name\":\"Portada\",\"item\":\"http:\/\/vientosur.top\/museo\/\"},{\"@type\":\"ListItem\",\"position\":2,\"name\":\"Descarga el formulario de postulaci\u00f3n para proyectos sobre Violeta Parra\"}]},{\"@type\":\"WebSite\",\"@id\":\"http:\/\/vientosur.top\/museo\/#website\",\"url\":\"http:\/\/vientosur.top\/museo\/\",\"name\":\"Museo Violeta Parra\",\"description\":\"Espacio que alberga tanto la memoria y legado creativo de la artista\",\"potentialAction\":[{\"@type\":\"SearchAction\",\"target\":{\"@type\":\"EntryPoint\",\"urlTemplate\":\"http:\/\/vientosur.top\/museo\/?s={search_term_string}\"},\"query-input\":{\"@type\":\"PropertyValueSpecification\",\"valueRequired\":true,\"valueName\":\"search_term_string\"}}],\"inLanguage\":\"es\"},{\"@type\":\"Person\",\"@id\":\"http:\/\/vientosur.top\/museo\/#\/schema\/person\/20c79d3c38800971feec8c2693c3dd9c\",\"name\":\"admin\",\"image\":{\"@type\":\"ImageObject\",\"inLanguage\":\"es\",\"@id\":\"http:\/\/vientosur.top\/museo\/#\/schema\/person\/image\/\",\"url\":\"https:\/\/secure.gravatar.com\/avatar\/713677ece3ffa642287213a80e5b773bce9ab81c269dd6d95102a990951c922f?s=96&d=mm&r=g\",\"contentUrl\":\"https:\/\/secure.gravatar.com\/avatar\/713677ece3ffa642287213a80e5b773bce9ab81c269dd6d95102a990951c922f?s=96&d=mm&r=g\",\"caption\":\"admin\"},\"sameAs\":[\"http:\/\/vientosur.top\/museo\"],\"url\":\"http:\/\/vientosur.top\/museo\/author\/comunicacionesmvp\/\"}]}<\/script>\n<!-- \/ Yoast SEO plugin. -->","yoast_head_json":{"title":"Descarga el formulario de postulaci\u00f3n para proyectos sobre Violeta Parra - Museo Violeta Parra","robots":{"index":"index","follow":"follow","max-snippet":"max-snippet:-1","max-image-preview":"max-image-preview:large","max-video-preview":"max-video-preview:-1"},"canonical":"http:\/\/vientosur.top\/museo\/descarga-el-formulario-de-postulacion-para-proyectos-en-el-marco-de-los-100-anos-de-violeta-parra\/","og_locale":"es_ES","og_type":"article","og_title":"Descarga el formulario de postulaci\u00f3n para proyectos sobre Violeta Parra - Museo Violeta Parra","og_description":"La Fundaci\u00f3n Violeta Parra, creada por sus fundadores Isabel y \u00c1ngel Cereceda Parra en el a\u00f1o 1992, es un organismo sin fines de lucro, destinada a reunir, la obra en su totalidad de esta gran artista chilena, cautelar y proteger los derechos de uso que se rigen por leyes nacionales e internacionales aprobadas por todos [&hellip;]","og_url":"http:\/\/vientosur.top\/museo\/descarga-el-formulario-de-postulacion-para-proyectos-en-el-marco-de-los-100-anos-de-violeta-parra\/","og_site_name":"Museo Violeta Parra","article_published_time":"2017-08-29T12:00:48+00:00","author":"admin","twitter_card":"summary_large_image","twitter_misc":{"Escrito por":"admin","Tiempo de lectura":"1 minuto"},"schema":{"@context":"https:\/\/schema.org","@graph":[{"@type":"WebPage","@id":"http:\/\/vientosur.top\/museo\/descarga-el-formulario-de-postulacion-para-proyectos-en-el-marco-de-los-100-anos-de-violeta-parra\/","url":"http:\/\/vientosur.top\/museo\/descarga-el-formulario-de-postulacion-para-proyectos-en-el-marco-de-los-100-anos-de-violeta-parra\/","name":"Descarga el formulario de postulaci\u00f3n para proyectos sobre Violeta Parra - Museo Violeta Parra","isPartOf":{"@id":"http:\/\/vientosur.top\/museo\/#website"},"primaryImageOfPage":{"@id":"http:\/\/vientosur.top\/museo\/descarga-el-formulario-de-postulacion-para-proyectos-en-el-marco-de-los-100-anos-de-violeta-parra\/#primaryimage"},"image":{"@id":"http:\/\/vientosur.top\/museo\/descarga-el-formulario-de-postulacion-para-proyectos-en-el-marco-de-los-100-anos-de-violeta-parra\/#primaryimage"},"thumbnailUrl":"","datePublished":"2017-08-29T12:00:48+00:00","author":{"@id":"http:\/\/vientosur.top\/museo\/#\/schema\/person\/20c79d3c38800971feec8c2693c3dd9c"},"breadcrumb":{"@id":"http:\/\/vientosur.top\/museo\/descarga-el-formulario-de-postulacion-para-proyectos-en-el-marco-de-los-100-anos-de-violeta-parra\/#breadcrumb"},"inLanguage":"es","potentialAction":[{"@type":"ReadAction","target":["http:\/\/vientosur.top\/museo\/descarga-el-formulario-de-postulacion-para-proyectos-en-el-marco-de-los-100-anos-de-violeta-parra\/"]}]},{"@type":"ImageObject","inLanguage":"es","@id":"http:\/\/vientosur.top\/museo\/descarga-el-formulario-de-postulacion-para-proyectos-en-el-marco-de-los-100-anos-de-violeta-parra\/#primaryimage","url":"","contentUrl":""},{"@type":"BreadcrumbList","@id":"http:\/\/vientosur.top\/museo\/descarga-el-formulario-de-postulacion-para-proyectos-en-el-marco-de-los-100-anos-de-violeta-parra\/#breadcrumb","itemListElement":[{"@type":"ListItem","position":1,"name":"Portada","item":"http:\/\/vientosur.top\/museo\/"},{"@type":"ListItem","position":2,"name":"Descarga el formulario de postulaci\u00f3n para proyectos sobre Violeta Parra"}]},{"@type":"WebSite","@id":"http:\/\/vientosur.top\/museo\/#website","url":"http:\/\/vientosur.top\/museo\/","name":"Museo Violeta Parra","description":"Espacio que alberga tanto la memoria y legado creativo de la artista","potentialAction":[{"@type":"SearchAction","target":{"@type":"EntryPoint","urlTemplate":"http:\/\/vientosur.top\/museo\/?s={search_term_string}"},"query-input":{"@type":"PropertyValueSpecification","valueRequired":true,"valueName":"search_term_string"}}],"inLanguage":"es"},{"@type":"Person","@id":"http:\/\/vientosur.top\/museo\/#\/schema\/person\/20c79d3c38800971feec8c2693c3dd9c","name":"admin","image":{"@type":"ImageObject","inLanguage":"es","@id":"http:\/\/vientosur.top\/museo\/#\/schema\/person\/image\/","url":"https:\/\/secure.gravatar.com\/avatar\/713677ece3ffa642287213a80e5b773bce9ab81c269dd6d95102a990951c922f?s=96&d=mm&r=g","contentUrl":"https:\/\/secure.gravatar.com\/avatar\/713677ece3ffa642287213a80e5b773bce9ab81c269dd6d95102a990951c922f?s=96&d=mm&r=g","caption":"admin"},"sameAs":["http:\/\/vientosur.top\/museo"],"url":"http:\/\/vientosur.top\/museo\/author\/comunicacionesmvp\/"}]}},"_links":{"self":[{"href":"http:\/\/vientosur.top\/museo\/wp-json\/wp\/v2\/posts\/4146","targetHints":{"allow":["GET"]}}],"collection":[{"href":"http:\/\/vientosur.top\/museo\/wp-json\/wp\/v2\/posts"}],"about":[{"href":"http:\/\/vientosur.top\/museo\/wp-json\/wp\/v2\/types\/post"}],"author":[{"embeddable":true,"href":"http:\/\/vientosur.top\/museo\/wp-json\/wp\/v2\/users\/5"}],"replies":[{"embeddable":true,"href":"http:\/\/vientosur.top\/museo\/wp-json\/wp\/v2\/comments?post=4146"}],"version-history":[{"count":0,"href":"http:\/\/vientosur.top\/museo\/wp-json\/wp\/v2\/posts\/4146\/revisions"}],"wp:featuredmedia":[{"embeddable":true,"href":"http:\/\/vientosur.top\/museo\/wp-json\/"}],"wp:attachment":[{"href":"http:\/\/vientosur.top\/museo\/wp-json\/wp\/v2\/media?parent=4146"}],"wp:term":[{"taxonomy":"category","embeddable":true,"href":"http:\/\/vientosur.top\/museo\/wp-json\/wp\/v2\/categories?post=4146"},{"taxonomy":"post_tag","embeddable":true,"href":"http:\/\/vientosur.top\/museo\/wp-json\/wp\/v2\/tags?post=4146"}],"curies":[{"name":"wp","href":"https:\/\/api.w.org\/{rel}","templated":true}]}}