{"id":4166,"date":"2017-06-05T19:05:02","date_gmt":"2017-06-05T19:05:02","guid":{"rendered":"http:\/\/vientosur.top\/museo\/\/?p=4166"},"modified":"2017-06-05T19:05:02","modified_gmt":"2017-06-05T19:05:02","slug":"museo-violeta-parra-invita-a-agendar-visitas-educativas-gratuitas","status":"publish","type":"post","link":"http:\/\/vientosur.top\/museo\/museo-violeta-parra-invita-a-agendar-visitas-educativas-gratuitas\/","title":{"rendered":"Museo Violeta Parra invita a agendar visitas educativas gratuitas"},"content":{"rendered":"<p>El Museo Violeta Parra invita a todos los establecimientos a agendar visitas educativas sin costo. A las instituciones p\u00fablicas o particulares subvencionadas que participen se les entregar\u00e1 un cancionero y un cuaderno pedag\u00f3gico de la artista, as\u00ed como tambi\u00e9n a las escuelas que participen en las salidas del proyecto itinerante \u00abLa Maleta de Violeta\u00bb.<\/p>\n<p>&nbsp;<\/p>\n<p>&nbsp;<\/p>\n<p>En la actualidad contamos con diez programas destinados a la educaci\u00f3n formal para:<\/p>\n<ol id=\"numero\">\n<li><a href=\"http:\/\/vientosur.top\/museo\/\/wp-content\/uploads\/2015\/12\/prog_ed_n_el-\u00e1rbol-de-la-vida.pdf\" target=\"_blank\" rel=\"noopener noreferrer\">Educaci\u00f3n Inicial\/Parvularia: \u00abEl \u00e1rbol de la vida\u00bb<\/a><\/li>\n<li><a href=\"http:\/\/vientosur.top\/museo\/\/wp-content\/uploads\/2015\/12\/prog_ed_\u00e9rase-una-vez-violeta.pdf\" target=\"_blank\" rel=\"noopener noreferrer\">Educaci\u00f3n Inicial\/Parvularia: \u00ab\u00c9rase una vez Violeta\u00bb<\/a><\/li>\n<li><a href=\"http:\/\/vientosur.top\/museo\/\/wp-content\/uploads\/2015\/12\/prog_ed_desentierrando-folklore-1.pdf\" target=\"_blank\" rel=\"noopener noreferrer\">Primer Ciclo B\u00e1sico\u00a0<\/a><a href=\"http:\/\/vientosur.top\/museo\/\/wp-content\/uploads\/2015\/12\/prog_ed_desentierrando-folklore-1.pdf\">: \u00abDesentierrando folklore\u00bb<\/a><\/li>\n<li><a href=\"http:\/\/vientosur.top\/museo\/\/wp-content\/uploads\/2015\/12\/prog_ed_canciones-que-se-pintan....pdf\" target=\"_blank\" rel=\"noopener noreferrer\">Segundo Ciclo B\u00e1sico<\/a><a href=\"http:\/\/vientosur.top\/museo\/\/wp-content\/uploads\/2015\/12\/prog_ed_canciones-que-se-pintan....pdf\" target=\"_blank\" rel=\"noopener noreferrer\">: \u00abCanciones que se pintan, se bordan y se escriben\u00bb<\/a><\/li>\n<li><a href=\"http:\/\/vientosur.top\/museo\/\/wp-content\/uploads\/2015\/12\/prog_ed_n_con-violeta-reconozco-mis-derechos-4.pdf\" target=\"_blank\" rel=\"noopener noreferrer\">Segundo Ciclo B\u00e1sico: \u00abCon Violeta reconozco mis derechos\u00bb<\/a><\/li>\n<li><a href=\"http:\/\/vientosur.top\/museo\/\/wp-content\/uploads\/2015\/12\/prog_ed_entre-lo-humano-y-lo-divino-ense\u00f1anza-media.pdf\" target=\"_blank\" rel=\"noopener noreferrer\">Ense\u00f1anza Media<\/a><a href=\"http:\/\/vientosur.top\/museo\/\/wp-content\/uploads\/2015\/12\/prog_ed_entre-lo-humano-y-lo-divino-ense\u00f1anza-media.pdf\">: \u00abEntre lo Humano y lo Divino\u00bb<\/a><\/li>\n<li><a href=\"http:\/\/vientosur.top\/museo\/\/wp-content\/uploads\/2015\/12\/prog_ed_n_divinamente-humana-2.pdf\">Ense\u00f1anza Media: Divinamente humana, Violeta Parra\u00bb<\/a><\/li>\n<li><a href=\"http:\/\/vientosur.top\/museo\/\/wp-content\/uploads\/2015\/12\/prog_ed_n_yo-canto-a-la-diferencia-2.pdf\" target=\"_blank\" rel=\"noopener noreferrer\">Programa de Integraci\u00f3n: \u00abYo canto a la diferencia\u00bb<\/a><\/li>\n<li><a href=\"http:\/\/vientosur.top\/museo\/\/wp-content\/uploads\/2015\/12\/prog_ed_con-los-colores-hago....pdf\" target=\"_blank\" rel=\"noopener noreferrer\">Educaci\u00f3n Superior<\/a><a href=\"http:\/\/vientosur.top\/museo\/\/wp-content\/uploads\/2015\/12\/prog_ed_con-los-colores-hago...-educaci\u00f3n-superior.pdf\">: \u00abCon los colores hago lo que puedo con los materiales que poseo\u00bb<\/a><\/li>\n<li><a href=\"http:\/\/vientosur.top\/museo\/\/wp-content\/uploads\/2015\/12\/prog_ed_el-sentir-de-violeta.pdf\" target=\"_blank\" rel=\"noopener noreferrer\">Discapacidad auditiva: \u00abEl sentir de Violeta\u00bb<\/a><\/li>\n<\/ol>\n<p>&nbsp;<\/p>\n<p>&nbsp;<\/p>\n<p><strong><a href=\"http:\/\/vientosur.top\/museo\/\/educacion-y-visitas\/visitas-educativas\/\" target=\"_blank\" rel=\"noopener noreferrer\">Reservar visitas educativas<\/a><br \/>\n<\/strong>M\u00e1s informaci\u00f3n en educacion@museovioletaparra.cl<\/p>\n<p>&nbsp;<\/p>\n","protected":false},"excerpt":{"rendered":"<p>El Museo Violeta Parra invita a todos los establecimientos a agendar visitas educativas sin costo. A las instituciones p\u00fablicas o particulares subvencionadas que participen se les entregar\u00e1 un cancionero y un cuaderno pedag\u00f3gico de la artista, as\u00ed como tambi\u00e9n a las escuelas que participen en las salidas del proyecto itinerante \u00abLa Maleta de Violeta\u00bb. &nbsp; [&hellip;]<\/p>\n","protected":false},"author":5,"featured_media":3960,"comment_status":"open","ping_status":"open","sticky":false,"template":"","format":"standard","meta":{"site-sidebar-layout":"default","site-content-layout":"","ast-site-content-layout":"default","site-content-style":"default","site-sidebar-style":"default","ast-global-header-display":"","ast-banner-title-visibility":"","ast-main-header-display":"","ast-hfb-above-header-display":"","ast-hfb-below-header-display":"","ast-hfb-mobile-header-display":"","site-post-title":"","ast-breadcrumbs-content":"","ast-featured-img":"","footer-sml-layout":"","theme-transparent-header-meta":"","adv-header-id-meta":"","stick-header-meta":"","header-above-stick-meta":"","header-main-stick-meta":"","header-below-stick-meta":"","astra-migrate-meta-layouts":"default","ast-page-background-enabled":"default","ast-page-background-meta":{"desktop":{"background-color":"var(--ast-global-color-4)","background-image":"","background-repeat":"repeat","background-position":"center center","background-size":"auto","background-attachment":"scroll","background-type":"","background-media":"","overlay-type":"","overlay-color":"","overlay-opacity":"","overlay-gradient":""},"tablet":{"background-color":"","background-image":"","background-repeat":"repeat","background-position":"center center","background-size":"auto","background-attachment":"scroll","background-type":"","background-media":"","overlay-type":"","overlay-color":"","overlay-opacity":"","overlay-gradient":""},"mobile":{"background-color":"","background-image":"","background-repeat":"repeat","background-position":"center center","background-size":"auto","background-attachment":"scroll","background-type":"","background-media":"","overlay-type":"","overlay-color":"","overlay-opacity":"","overlay-gradient":""}},"ast-content-background-meta":{"desktop":{"background-color":"var(--ast-global-color-5)","background-image":"","background-repeat":"repeat","background-position":"center center","background-size":"auto","background-attachment":"scroll","background-type":"","background-media":"","overlay-type":"","overlay-color":"","overlay-opacity":"","overlay-gradient":""},"tablet":{"background-color":"var(--ast-global-color-5)","background-image":"","background-repeat":"repeat","background-position":"center center","background-size":"auto","background-attachment":"scroll","background-type":"","background-media":"","overlay-type":"","overlay-color":"","overlay-opacity":"","overlay-gradient":""},"mobile":{"background-color":"var(--ast-global-color-5)","background-image":"","background-repeat":"repeat","background-position":"center center","background-size":"auto","background-attachment":"scroll","background-type":"","background-media":"","overlay-type":"","overlay-color":"","overlay-opacity":"","overlay-gradient":""}},"footnotes":""},"categories":[59,8,61],"tags":[],"class_list":["post-4166","post","type-post","status-publish","format-standard","has-post-thumbnail","hentry","category-destacado-noticia","category-noticias","category-novedades"],"yoast_head":"<!-- This site is optimized with the Yoast SEO plugin v25.4 - https:\/\/yoast.com\/wordpress\/plugins\/seo\/ -->\n<title>Museo Violeta Parra invita a agendar visitas educativas gratuitas - Museo Violeta Parra<\/title>\n<meta name=\"robots\" content=\"index, follow, max-snippet:-1, max-image-preview:large, max-video-preview:-1\" \/>\n<link rel=\"canonical\" href=\"http:\/\/vientosur.top\/museo\/museo-violeta-parra-invita-a-agendar-visitas-educativas-gratuitas\/\" \/>\n<meta property=\"og:locale\" content=\"es_ES\" \/>\n<meta property=\"og:type\" content=\"article\" \/>\n<meta property=\"og:title\" content=\"Museo Violeta Parra invita a agendar visitas educativas gratuitas - Museo Violeta Parra\" \/>\n<meta property=\"og:description\" content=\"El Museo Violeta Parra invita a todos los establecimientos a agendar visitas educativas sin costo. A las instituciones p\u00fablicas o particulares subvencionadas que participen se les entregar\u00e1 un cancionero y un cuaderno pedag\u00f3gico de la artista, as\u00ed como tambi\u00e9n a las escuelas que participen en las salidas del proyecto itinerante \u00abLa Maleta de Violeta\u00bb. &nbsp; [&hellip;]\" \/>\n<meta property=\"og:url\" content=\"http:\/\/vientosur.top\/museo\/museo-violeta-parra-invita-a-agendar-visitas-educativas-gratuitas\/\" \/>\n<meta property=\"og:site_name\" content=\"Museo Violeta Parra\" \/>\n<meta property=\"article:published_time\" content=\"2017-06-05T19:05:02+00:00\" \/>\n<meta property=\"og:image\" content=\"http:\/\/vientosur.top\/museo\/wp-content\/uploads\/2017\/05\/DSC_0706.jpg\" \/>\n\t<meta property=\"og:image:width\" content=\"1083\" \/>\n\t<meta property=\"og:image:height\" content=\"720\" \/>\n\t<meta property=\"og:image:type\" content=\"image\/jpeg\" \/>\n<meta name=\"author\" content=\"admin\" \/>\n<meta name=\"twitter:card\" content=\"summary_large_image\" \/>\n<meta name=\"twitter:label1\" content=\"Escrito por\" \/>\n\t<meta name=\"twitter:data1\" content=\"admin\" \/>\n\t<meta name=\"twitter:label2\" content=\"Tiempo de lectura\" \/>\n\t<meta name=\"twitter:data2\" content=\"1 minuto\" \/>\n<script type=\"application\/ld+json\" class=\"yoast-schema-graph\">{\"@context\":\"https:\/\/schema.org\",\"@graph\":[{\"@type\":\"WebPage\",\"@id\":\"http:\/\/vientosur.top\/museo\/museo-violeta-parra-invita-a-agendar-visitas-educativas-gratuitas\/\",\"url\":\"http:\/\/vientosur.top\/museo\/museo-violeta-parra-invita-a-agendar-visitas-educativas-gratuitas\/\",\"name\":\"Museo Violeta Parra invita a agendar visitas educativas gratuitas - Museo Violeta Parra\",\"isPartOf\":{\"@id\":\"http:\/\/vientosur.top\/museo\/#website\"},\"primaryImageOfPage\":{\"@id\":\"http:\/\/vientosur.top\/museo\/museo-violeta-parra-invita-a-agendar-visitas-educativas-gratuitas\/#primaryimage\"},\"image\":{\"@id\":\"http:\/\/vientosur.top\/museo\/museo-violeta-parra-invita-a-agendar-visitas-educativas-gratuitas\/#primaryimage\"},\"thumbnailUrl\":\"http:\/\/vientosur.top\/museo\/wp-content\/uploads\/2017\/05\/DSC_0706.jpg\",\"datePublished\":\"2017-06-05T19:05:02+00:00\",\"author\":{\"@id\":\"http:\/\/vientosur.top\/museo\/#\/schema\/person\/20c79d3c38800971feec8c2693c3dd9c\"},\"breadcrumb\":{\"@id\":\"http:\/\/vientosur.top\/museo\/museo-violeta-parra-invita-a-agendar-visitas-educativas-gratuitas\/#breadcrumb\"},\"inLanguage\":\"es\",\"potentialAction\":[{\"@type\":\"ReadAction\",\"target\":[\"http:\/\/vientosur.top\/museo\/museo-violeta-parra-invita-a-agendar-visitas-educativas-gratuitas\/\"]}]},{\"@type\":\"ImageObject\",\"inLanguage\":\"es\",\"@id\":\"http:\/\/vientosur.top\/museo\/museo-violeta-parra-invita-a-agendar-visitas-educativas-gratuitas\/#primaryimage\",\"url\":\"http:\/\/vientosur.top\/museo\/wp-content\/uploads\/2017\/05\/DSC_0706.jpg\",\"contentUrl\":\"http:\/\/vientosur.top\/museo\/wp-content\/uploads\/2017\/05\/DSC_0706.jpg\",\"width\":1083,\"height\":720},{\"@type\":\"BreadcrumbList\",\"@id\":\"http:\/\/vientosur.top\/museo\/museo-violeta-parra-invita-a-agendar-visitas-educativas-gratuitas\/#breadcrumb\",\"itemListElement\":[{\"@type\":\"ListItem\",\"position\":1,\"name\":\"Portada\",\"item\":\"http:\/\/vientosur.top\/museo\/\"},{\"@type\":\"ListItem\",\"position\":2,\"name\":\"Museo Violeta Parra invita a agendar visitas educativas gratuitas\"}]},{\"@type\":\"WebSite\",\"@id\":\"http:\/\/vientosur.top\/museo\/#website\",\"url\":\"http:\/\/vientosur.top\/museo\/\",\"name\":\"Museo Violeta Parra\",\"description\":\"Espacio que alberga tanto la memoria y legado creativo de la artista\",\"potentialAction\":[{\"@type\":\"SearchAction\",\"target\":{\"@type\":\"EntryPoint\",\"urlTemplate\":\"http:\/\/vientosur.top\/museo\/?s={search_term_string}\"},\"query-input\":{\"@type\":\"PropertyValueSpecification\",\"valueRequired\":true,\"valueName\":\"search_term_string\"}}],\"inLanguage\":\"es\"},{\"@type\":\"Person\",\"@id\":\"http:\/\/vientosur.top\/museo\/#\/schema\/person\/20c79d3c38800971feec8c2693c3dd9c\",\"name\":\"admin\",\"image\":{\"@type\":\"ImageObject\",\"inLanguage\":\"es\",\"@id\":\"http:\/\/vientosur.top\/museo\/#\/schema\/person\/image\/\",\"url\":\"https:\/\/secure.gravatar.com\/avatar\/713677ece3ffa642287213a80e5b773bce9ab81c269dd6d95102a990951c922f?s=96&d=mm&r=g\",\"contentUrl\":\"https:\/\/secure.gravatar.com\/avatar\/713677ece3ffa642287213a80e5b773bce9ab81c269dd6d95102a990951c922f?s=96&d=mm&r=g\",\"caption\":\"admin\"},\"sameAs\":[\"http:\/\/vientosur.top\/museo\"],\"url\":\"http:\/\/vientosur.top\/museo\/author\/comunicacionesmvp\/\"}]}<\/script>\n<!-- \/ Yoast SEO plugin. -->","yoast_head_json":{"title":"Museo Violeta Parra invita a agendar visitas educativas gratuitas - Museo Violeta Parra","robots":{"index":"index","follow":"follow","max-snippet":"max-snippet:-1","max-image-preview":"max-image-preview:large","max-video-preview":"max-video-preview:-1"},"canonical":"http:\/\/vientosur.top\/museo\/museo-violeta-parra-invita-a-agendar-visitas-educativas-gratuitas\/","og_locale":"es_ES","og_type":"article","og_title":"Museo Violeta Parra invita a agendar visitas educativas gratuitas - Museo Violeta Parra","og_description":"El Museo Violeta Parra invita a todos los establecimientos a agendar visitas educativas sin costo. A las instituciones p\u00fablicas o particulares subvencionadas que participen se les entregar\u00e1 un cancionero y un cuaderno pedag\u00f3gico de la artista, as\u00ed como tambi\u00e9n a las escuelas que participen en las salidas del proyecto itinerante \u00abLa Maleta de Violeta\u00bb. &nbsp; [&hellip;]","og_url":"http:\/\/vientosur.top\/museo\/museo-violeta-parra-invita-a-agendar-visitas-educativas-gratuitas\/","og_site_name":"Museo Violeta Parra","article_published_time":"2017-06-05T19:05:02+00:00","og_image":[{"width":1083,"height":720,"url":"http:\/\/vientosur.top\/museo\/wp-content\/uploads\/2017\/05\/DSC_0706.jpg","type":"image\/jpeg"}],"author":"admin","twitter_card":"summary_large_image","twitter_misc":{"Escrito por":"admin","Tiempo de lectura":"1 minuto"},"schema":{"@context":"https:\/\/schema.org","@graph":[{"@type":"WebPage","@id":"http:\/\/vientosur.top\/museo\/museo-violeta-parra-invita-a-agendar-visitas-educativas-gratuitas\/","url":"http:\/\/vientosur.top\/museo\/museo-violeta-parra-invita-a-agendar-visitas-educativas-gratuitas\/","name":"Museo Violeta Parra invita a agendar visitas educativas gratuitas - Museo Violeta Parra","isPartOf":{"@id":"http:\/\/vientosur.top\/museo\/#website"},"primaryImageOfPage":{"@id":"http:\/\/vientosur.top\/museo\/museo-violeta-parra-invita-a-agendar-visitas-educativas-gratuitas\/#primaryimage"},"image":{"@id":"http:\/\/vientosur.top\/museo\/museo-violeta-parra-invita-a-agendar-visitas-educativas-gratuitas\/#primaryimage"},"thumbnailUrl":"http:\/\/vientosur.top\/museo\/wp-content\/uploads\/2017\/05\/DSC_0706.jpg","datePublished":"2017-06-05T19:05:02+00:00","author":{"@id":"http:\/\/vientosur.top\/museo\/#\/schema\/person\/20c79d3c38800971feec8c2693c3dd9c"},"breadcrumb":{"@id":"http:\/\/vientosur.top\/museo\/museo-violeta-parra-invita-a-agendar-visitas-educativas-gratuitas\/#breadcrumb"},"inLanguage":"es","potentialAction":[{"@type":"ReadAction","target":["http:\/\/vientosur.top\/museo\/museo-violeta-parra-invita-a-agendar-visitas-educativas-gratuitas\/"]}]},{"@type":"ImageObject","inLanguage":"es","@id":"http:\/\/vientosur.top\/museo\/museo-violeta-parra-invita-a-agendar-visitas-educativas-gratuitas\/#primaryimage","url":"http:\/\/vientosur.top\/museo\/wp-content\/uploads\/2017\/05\/DSC_0706.jpg","contentUrl":"http:\/\/vientosur.top\/museo\/wp-content\/uploads\/2017\/05\/DSC_0706.jpg","width":1083,"height":720},{"@type":"BreadcrumbList","@id":"http:\/\/vientosur.top\/museo\/museo-violeta-parra-invita-a-agendar-visitas-educativas-gratuitas\/#breadcrumb","itemListElement":[{"@type":"ListItem","position":1,"name":"Portada","item":"http:\/\/vientosur.top\/museo\/"},{"@type":"ListItem","position":2,"name":"Museo Violeta Parra invita a agendar visitas educativas gratuitas"}]},{"@type":"WebSite","@id":"http:\/\/vientosur.top\/museo\/#website","url":"http:\/\/vientosur.top\/museo\/","name":"Museo Violeta Parra","description":"Espacio que alberga tanto la memoria y legado creativo de la artista","potentialAction":[{"@type":"SearchAction","target":{"@type":"EntryPoint","urlTemplate":"http:\/\/vientosur.top\/museo\/?s={search_term_string}"},"query-input":{"@type":"PropertyValueSpecification","valueRequired":true,"valueName":"search_term_string"}}],"inLanguage":"es"},{"@type":"Person","@id":"http:\/\/vientosur.top\/museo\/#\/schema\/person\/20c79d3c38800971feec8c2693c3dd9c","name":"admin","image":{"@type":"ImageObject","inLanguage":"es","@id":"http:\/\/vientosur.top\/museo\/#\/schema\/person\/image\/","url":"https:\/\/secure.gravatar.com\/avatar\/713677ece3ffa642287213a80e5b773bce9ab81c269dd6d95102a990951c922f?s=96&d=mm&r=g","contentUrl":"https:\/\/secure.gravatar.com\/avatar\/713677ece3ffa642287213a80e5b773bce9ab81c269dd6d95102a990951c922f?s=96&d=mm&r=g","caption":"admin"},"sameAs":["http:\/\/vientosur.top\/museo"],"url":"http:\/\/vientosur.top\/museo\/author\/comunicacionesmvp\/"}]}},"_links":{"self":[{"href":"http:\/\/vientosur.top\/museo\/wp-json\/wp\/v2\/posts\/4166","targetHints":{"allow":["GET"]}}],"collection":[{"href":"http:\/\/vientosur.top\/museo\/wp-json\/wp\/v2\/posts"}],"about":[{"href":"http:\/\/vientosur.top\/museo\/wp-json\/wp\/v2\/types\/post"}],"author":[{"embeddable":true,"href":"http:\/\/vientosur.top\/museo\/wp-json\/wp\/v2\/users\/5"}],"replies":[{"embeddable":true,"href":"http:\/\/vientosur.top\/museo\/wp-json\/wp\/v2\/comments?post=4166"}],"version-history":[{"count":0,"href":"http:\/\/vientosur.top\/museo\/wp-json\/wp\/v2\/posts\/4166\/revisions"}],"wp:featuredmedia":[{"embeddable":true,"href":"http:\/\/vientosur.top\/museo\/wp-json\/wp\/v2\/media\/3960"}],"wp:attachment":[{"href":"http:\/\/vientosur.top\/museo\/wp-json\/wp\/v2\/media?parent=4166"}],"wp:term":[{"taxonomy":"category","embeddable":true,"href":"http:\/\/vientosur.top\/museo\/wp-json\/wp\/v2\/categories?post=4166"},{"taxonomy":"post_tag","embeddable":true,"href":"http:\/\/vientosur.top\/museo\/wp-json\/wp\/v2\/tags?post=4166"}],"curies":[{"name":"wp","href":"https:\/\/api.w.org\/{rel}","templated":true}]}}