{"id":4175,"date":"2017-06-12T08:33:53","date_gmt":"2017-06-12T08:33:53","guid":{"rendered":"http:\/\/vientosur.top\/museo\/\/?p=4175"},"modified":"2017-06-12T08:33:53","modified_gmt":"2017-06-12T08:33:53","slug":"inscripciones-abiertas-para-concierto-de-eeellas-travesura-femenina-en-verso-y-cueca","status":"publish","type":"post","link":"http:\/\/vientosur.top\/museo\/inscripciones-abiertas-para-concierto-de-eeellas-travesura-femenina-en-verso-y-cueca\/","title":{"rendered":"\u00abEEELLAS: Travesura Femenina en verso y cueca\u00bb se present\u00f3 este s\u00e1bado en Museo Violeta Parra"},"content":{"rendered":"<p>Cinco j\u00f3venes cantoras que cultivan la cueca chilena y el canto a lo poeta en su amplia diversidad, se presentaron por primera vez este s\u00e1bado en el <strong>Museo Violeta Parra<\/strong> para realizar un completo espect\u00e1culo que busc\u00f3 retratar realidades socioculturales desde una perspectiva de g\u00e9nero.<\/p>\n<p>El repertorio contempl\u00f3 la interpretaci\u00f3n de cuecas de distintos estilos (andinas, porte\u00f1as, campesinas y urbanas) que fueron matizadas con poes\u00eda popular. El formato <strong>\u201ccanto a la rueda\u201d<\/strong> incluy\u00f3 guitarra, piano, arpa, pandero, bombo leg\u00fcero y guitarr\u00f3n.<\/p>\n<p>Las cuequeras se presentaron en el marco de <strong>\u201cLa Ruta de Violeta\u201d<\/strong>, un proyecto que contempla circuitos de m\u00fasica por Chile y sus rincones que ya ha contado con la participaci\u00f3n de <strong>Vasti Michel, Nadia Campos y Rukant\u00fc.<\/strong><\/p>\n<p>&nbsp;<\/p>\n","protected":false},"excerpt":{"rendered":"<p>Cinco j\u00f3venes cantoras que cultivan la cueca chilena y el canto a lo poeta en su amplia diversidad, se presentaron por primera vez este s\u00e1bado en el Museo Violeta Parra para realizar un completo espect\u00e1culo que busc\u00f3 retratar realidades socioculturales desde una perspectiva de g\u00e9nero. El repertorio contempl\u00f3 la interpretaci\u00f3n de cuecas de distintos estilos [&hellip;]<\/p>\n","protected":false},"author":5,"featured_media":4217,"comment_status":"open","ping_status":"open","sticky":false,"template":"","format":"standard","meta":{"site-sidebar-layout":"default","site-content-layout":"","ast-site-content-layout":"default","site-content-style":"default","site-sidebar-style":"default","ast-global-header-display":"","ast-banner-title-visibility":"","ast-main-header-display":"","ast-hfb-above-header-display":"","ast-hfb-below-header-display":"","ast-hfb-mobile-header-display":"","site-post-title":"","ast-breadcrumbs-content":"","ast-featured-img":"","footer-sml-layout":"","theme-transparent-header-meta":"","adv-header-id-meta":"","stick-header-meta":"","header-above-stick-meta":"","header-main-stick-meta":"","header-below-stick-meta":"","astra-migrate-meta-layouts":"default","ast-page-background-enabled":"default","ast-page-background-meta":{"desktop":{"background-color":"var(--ast-global-color-4)","background-image":"","background-repeat":"repeat","background-position":"center center","background-size":"auto","background-attachment":"scroll","background-type":"","background-media":"","overlay-type":"","overlay-color":"","overlay-opacity":"","overlay-gradient":""},"tablet":{"background-color":"","background-image":"","background-repeat":"repeat","background-position":"center center","background-size":"auto","background-attachment":"scroll","background-type":"","background-media":"","overlay-type":"","overlay-color":"","overlay-opacity":"","overlay-gradient":""},"mobile":{"background-color":"","background-image":"","background-repeat":"repeat","background-position":"center center","background-size":"auto","background-attachment":"scroll","background-type":"","background-media":"","overlay-type":"","overlay-color":"","overlay-opacity":"","overlay-gradient":""}},"ast-content-background-meta":{"desktop":{"background-color":"var(--ast-global-color-5)","background-image":"","background-repeat":"repeat","background-position":"center center","background-size":"auto","background-attachment":"scroll","background-type":"","background-media":"","overlay-type":"","overlay-color":"","overlay-opacity":"","overlay-gradient":""},"tablet":{"background-color":"var(--ast-global-color-5)","background-image":"","background-repeat":"repeat","background-position":"center center","background-size":"auto","background-attachment":"scroll","background-type":"","background-media":"","overlay-type":"","overlay-color":"","overlay-opacity":"","overlay-gradient":""},"mobile":{"background-color":"var(--ast-global-color-5)","background-image":"","background-repeat":"repeat","background-position":"center center","background-size":"auto","background-attachment":"scroll","background-type":"","background-media":"","overlay-type":"","overlay-color":"","overlay-opacity":"","overlay-gradient":""}},"footnotes":""},"categories":[59,8,61],"tags":[],"class_list":["post-4175","post","type-post","status-publish","format-standard","has-post-thumbnail","hentry","category-destacado-noticia","category-noticias","category-novedades"],"yoast_head":"<!-- This site is optimized with the Yoast SEO plugin v25.4 - https:\/\/yoast.com\/wordpress\/plugins\/seo\/ -->\n<title>&quot;EEELLAS: Travesura Femenina en verso y cueca&quot; se present\u00f3 este s\u00e1bado en Museo Violeta Parra - Museo Violeta Parra<\/title>\n<meta name=\"robots\" content=\"index, follow, max-snippet:-1, max-image-preview:large, max-video-preview:-1\" \/>\n<link rel=\"canonical\" href=\"http:\/\/vientosur.top\/museo\/inscripciones-abiertas-para-concierto-de-eeellas-travesura-femenina-en-verso-y-cueca\/\" \/>\n<meta property=\"og:locale\" content=\"es_ES\" \/>\n<meta property=\"og:type\" content=\"article\" \/>\n<meta property=\"og:title\" content=\"&quot;EEELLAS: Travesura Femenina en verso y cueca&quot; se present\u00f3 este s\u00e1bado en Museo Violeta Parra - Museo Violeta Parra\" \/>\n<meta property=\"og:description\" content=\"Cinco j\u00f3venes cantoras que cultivan la cueca chilena y el canto a lo poeta en su amplia diversidad, se presentaron por primera vez este s\u00e1bado en el Museo Violeta Parra para realizar un completo espect\u00e1culo que busc\u00f3 retratar realidades socioculturales desde una perspectiva de g\u00e9nero. El repertorio contempl\u00f3 la interpretaci\u00f3n de cuecas de distintos estilos [&hellip;]\" \/>\n<meta property=\"og:url\" content=\"http:\/\/vientosur.top\/museo\/inscripciones-abiertas-para-concierto-de-eeellas-travesura-femenina-en-verso-y-cueca\/\" \/>\n<meta property=\"og:site_name\" content=\"Museo Violeta Parra\" \/>\n<meta property=\"article:published_time\" content=\"2017-06-12T08:33:53+00:00\" \/>\n<meta property=\"og:image\" content=\"http:\/\/vientosur.top\/museo\/wp-content\/uploads\/2017\/06\/ellas-foto-scaled.jpg\" \/>\n\t<meta property=\"og:image:width\" content=\"2560\" \/>\n\t<meta property=\"og:image:height\" content=\"1597\" \/>\n\t<meta property=\"og:image:type\" content=\"image\/jpeg\" \/>\n<meta name=\"author\" content=\"admin\" \/>\n<meta name=\"twitter:card\" content=\"summary_large_image\" \/>\n<meta name=\"twitter:label1\" content=\"Escrito por\" \/>\n\t<meta name=\"twitter:data1\" content=\"admin\" \/>\n\t<meta name=\"twitter:label2\" content=\"Tiempo de lectura\" \/>\n\t<meta name=\"twitter:data2\" content=\"1 minuto\" \/>\n<script type=\"application\/ld+json\" class=\"yoast-schema-graph\">{\"@context\":\"https:\/\/schema.org\",\"@graph\":[{\"@type\":\"WebPage\",\"@id\":\"http:\/\/vientosur.top\/museo\/inscripciones-abiertas-para-concierto-de-eeellas-travesura-femenina-en-verso-y-cueca\/\",\"url\":\"http:\/\/vientosur.top\/museo\/inscripciones-abiertas-para-concierto-de-eeellas-travesura-femenina-en-verso-y-cueca\/\",\"name\":\"\\\"EEELLAS: Travesura Femenina en verso y cueca\\\" se present\u00f3 este s\u00e1bado en Museo Violeta Parra - Museo Violeta Parra\",\"isPartOf\":{\"@id\":\"http:\/\/vientosur.top\/museo\/#website\"},\"primaryImageOfPage\":{\"@id\":\"http:\/\/vientosur.top\/museo\/inscripciones-abiertas-para-concierto-de-eeellas-travesura-femenina-en-verso-y-cueca\/#primaryimage\"},\"image\":{\"@id\":\"http:\/\/vientosur.top\/museo\/inscripciones-abiertas-para-concierto-de-eeellas-travesura-femenina-en-verso-y-cueca\/#primaryimage\"},\"thumbnailUrl\":\"http:\/\/vientosur.top\/museo\/wp-content\/uploads\/2017\/06\/ellas-foto-scaled.jpg\",\"datePublished\":\"2017-06-12T08:33:53+00:00\",\"author\":{\"@id\":\"http:\/\/vientosur.top\/museo\/#\/schema\/person\/20c79d3c38800971feec8c2693c3dd9c\"},\"breadcrumb\":{\"@id\":\"http:\/\/vientosur.top\/museo\/inscripciones-abiertas-para-concierto-de-eeellas-travesura-femenina-en-verso-y-cueca\/#breadcrumb\"},\"inLanguage\":\"es\",\"potentialAction\":[{\"@type\":\"ReadAction\",\"target\":[\"http:\/\/vientosur.top\/museo\/inscripciones-abiertas-para-concierto-de-eeellas-travesura-femenina-en-verso-y-cueca\/\"]}]},{\"@type\":\"ImageObject\",\"inLanguage\":\"es\",\"@id\":\"http:\/\/vientosur.top\/museo\/inscripciones-abiertas-para-concierto-de-eeellas-travesura-femenina-en-verso-y-cueca\/#primaryimage\",\"url\":\"http:\/\/vientosur.top\/museo\/wp-content\/uploads\/2017\/06\/ellas-foto-scaled.jpg\",\"contentUrl\":\"http:\/\/vientosur.top\/museo\/wp-content\/uploads\/2017\/06\/ellas-foto-scaled.jpg\",\"width\":2560,\"height\":1597},{\"@type\":\"BreadcrumbList\",\"@id\":\"http:\/\/vientosur.top\/museo\/inscripciones-abiertas-para-concierto-de-eeellas-travesura-femenina-en-verso-y-cueca\/#breadcrumb\",\"itemListElement\":[{\"@type\":\"ListItem\",\"position\":1,\"name\":\"Portada\",\"item\":\"http:\/\/vientosur.top\/museo\/\"},{\"@type\":\"ListItem\",\"position\":2,\"name\":\"\u00abEEELLAS: Travesura Femenina en verso y cueca\u00bb se present\u00f3 este s\u00e1bado en Museo Violeta Parra\"}]},{\"@type\":\"WebSite\",\"@id\":\"http:\/\/vientosur.top\/museo\/#website\",\"url\":\"http:\/\/vientosur.top\/museo\/\",\"name\":\"Museo Violeta Parra\",\"description\":\"Espacio que alberga tanto la memoria y legado creativo de la artista\",\"potentialAction\":[{\"@type\":\"SearchAction\",\"target\":{\"@type\":\"EntryPoint\",\"urlTemplate\":\"http:\/\/vientosur.top\/museo\/?s={search_term_string}\"},\"query-input\":{\"@type\":\"PropertyValueSpecification\",\"valueRequired\":true,\"valueName\":\"search_term_string\"}}],\"inLanguage\":\"es\"},{\"@type\":\"Person\",\"@id\":\"http:\/\/vientosur.top\/museo\/#\/schema\/person\/20c79d3c38800971feec8c2693c3dd9c\",\"name\":\"admin\",\"image\":{\"@type\":\"ImageObject\",\"inLanguage\":\"es\",\"@id\":\"http:\/\/vientosur.top\/museo\/#\/schema\/person\/image\/\",\"url\":\"https:\/\/secure.gravatar.com\/avatar\/713677ece3ffa642287213a80e5b773bce9ab81c269dd6d95102a990951c922f?s=96&d=mm&r=g\",\"contentUrl\":\"https:\/\/secure.gravatar.com\/avatar\/713677ece3ffa642287213a80e5b773bce9ab81c269dd6d95102a990951c922f?s=96&d=mm&r=g\",\"caption\":\"admin\"},\"sameAs\":[\"http:\/\/vientosur.top\/museo\"],\"url\":\"http:\/\/vientosur.top\/museo\/author\/comunicacionesmvp\/\"}]}<\/script>\n<!-- \/ Yoast SEO plugin. -->","yoast_head_json":{"title":"\"EEELLAS: Travesura Femenina en verso y cueca\" se present\u00f3 este s\u00e1bado en Museo Violeta Parra - Museo Violeta Parra","robots":{"index":"index","follow":"follow","max-snippet":"max-snippet:-1","max-image-preview":"max-image-preview:large","max-video-preview":"max-video-preview:-1"},"canonical":"http:\/\/vientosur.top\/museo\/inscripciones-abiertas-para-concierto-de-eeellas-travesura-femenina-en-verso-y-cueca\/","og_locale":"es_ES","og_type":"article","og_title":"\"EEELLAS: Travesura Femenina en verso y cueca\" se present\u00f3 este s\u00e1bado en Museo Violeta Parra - Museo Violeta Parra","og_description":"Cinco j\u00f3venes cantoras que cultivan la cueca chilena y el canto a lo poeta en su amplia diversidad, se presentaron por primera vez este s\u00e1bado en el Museo Violeta Parra para realizar un completo espect\u00e1culo que busc\u00f3 retratar realidades socioculturales desde una perspectiva de g\u00e9nero. El repertorio contempl\u00f3 la interpretaci\u00f3n de cuecas de distintos estilos [&hellip;]","og_url":"http:\/\/vientosur.top\/museo\/inscripciones-abiertas-para-concierto-de-eeellas-travesura-femenina-en-verso-y-cueca\/","og_site_name":"Museo Violeta Parra","article_published_time":"2017-06-12T08:33:53+00:00","og_image":[{"width":2560,"height":1597,"url":"http:\/\/vientosur.top\/museo\/wp-content\/uploads\/2017\/06\/ellas-foto-scaled.jpg","type":"image\/jpeg"}],"author":"admin","twitter_card":"summary_large_image","twitter_misc":{"Escrito por":"admin","Tiempo de lectura":"1 minuto"},"schema":{"@context":"https:\/\/schema.org","@graph":[{"@type":"WebPage","@id":"http:\/\/vientosur.top\/museo\/inscripciones-abiertas-para-concierto-de-eeellas-travesura-femenina-en-verso-y-cueca\/","url":"http:\/\/vientosur.top\/museo\/inscripciones-abiertas-para-concierto-de-eeellas-travesura-femenina-en-verso-y-cueca\/","name":"\"EEELLAS: Travesura Femenina en verso y cueca\" se present\u00f3 este s\u00e1bado en Museo Violeta Parra - Museo Violeta Parra","isPartOf":{"@id":"http:\/\/vientosur.top\/museo\/#website"},"primaryImageOfPage":{"@id":"http:\/\/vientosur.top\/museo\/inscripciones-abiertas-para-concierto-de-eeellas-travesura-femenina-en-verso-y-cueca\/#primaryimage"},"image":{"@id":"http:\/\/vientosur.top\/museo\/inscripciones-abiertas-para-concierto-de-eeellas-travesura-femenina-en-verso-y-cueca\/#primaryimage"},"thumbnailUrl":"http:\/\/vientosur.top\/museo\/wp-content\/uploads\/2017\/06\/ellas-foto-scaled.jpg","datePublished":"2017-06-12T08:33:53+00:00","author":{"@id":"http:\/\/vientosur.top\/museo\/#\/schema\/person\/20c79d3c38800971feec8c2693c3dd9c"},"breadcrumb":{"@id":"http:\/\/vientosur.top\/museo\/inscripciones-abiertas-para-concierto-de-eeellas-travesura-femenina-en-verso-y-cueca\/#breadcrumb"},"inLanguage":"es","potentialAction":[{"@type":"ReadAction","target":["http:\/\/vientosur.top\/museo\/inscripciones-abiertas-para-concierto-de-eeellas-travesura-femenina-en-verso-y-cueca\/"]}]},{"@type":"ImageObject","inLanguage":"es","@id":"http:\/\/vientosur.top\/museo\/inscripciones-abiertas-para-concierto-de-eeellas-travesura-femenina-en-verso-y-cueca\/#primaryimage","url":"http:\/\/vientosur.top\/museo\/wp-content\/uploads\/2017\/06\/ellas-foto-scaled.jpg","contentUrl":"http:\/\/vientosur.top\/museo\/wp-content\/uploads\/2017\/06\/ellas-foto-scaled.jpg","width":2560,"height":1597},{"@type":"BreadcrumbList","@id":"http:\/\/vientosur.top\/museo\/inscripciones-abiertas-para-concierto-de-eeellas-travesura-femenina-en-verso-y-cueca\/#breadcrumb","itemListElement":[{"@type":"ListItem","position":1,"name":"Portada","item":"http:\/\/vientosur.top\/museo\/"},{"@type":"ListItem","position":2,"name":"\u00abEEELLAS: Travesura Femenina en verso y cueca\u00bb se present\u00f3 este s\u00e1bado en Museo Violeta Parra"}]},{"@type":"WebSite","@id":"http:\/\/vientosur.top\/museo\/#website","url":"http:\/\/vientosur.top\/museo\/","name":"Museo Violeta Parra","description":"Espacio que alberga tanto la memoria y legado creativo de la artista","potentialAction":[{"@type":"SearchAction","target":{"@type":"EntryPoint","urlTemplate":"http:\/\/vientosur.top\/museo\/?s={search_term_string}"},"query-input":{"@type":"PropertyValueSpecification","valueRequired":true,"valueName":"search_term_string"}}],"inLanguage":"es"},{"@type":"Person","@id":"http:\/\/vientosur.top\/museo\/#\/schema\/person\/20c79d3c38800971feec8c2693c3dd9c","name":"admin","image":{"@type":"ImageObject","inLanguage":"es","@id":"http:\/\/vientosur.top\/museo\/#\/schema\/person\/image\/","url":"https:\/\/secure.gravatar.com\/avatar\/713677ece3ffa642287213a80e5b773bce9ab81c269dd6d95102a990951c922f?s=96&d=mm&r=g","contentUrl":"https:\/\/secure.gravatar.com\/avatar\/713677ece3ffa642287213a80e5b773bce9ab81c269dd6d95102a990951c922f?s=96&d=mm&r=g","caption":"admin"},"sameAs":["http:\/\/vientosur.top\/museo"],"url":"http:\/\/vientosur.top\/museo\/author\/comunicacionesmvp\/"}]}},"_links":{"self":[{"href":"http:\/\/vientosur.top\/museo\/wp-json\/wp\/v2\/posts\/4175","targetHints":{"allow":["GET"]}}],"collection":[{"href":"http:\/\/vientosur.top\/museo\/wp-json\/wp\/v2\/posts"}],"about":[{"href":"http:\/\/vientosur.top\/museo\/wp-json\/wp\/v2\/types\/post"}],"author":[{"embeddable":true,"href":"http:\/\/vientosur.top\/museo\/wp-json\/wp\/v2\/users\/5"}],"replies":[{"embeddable":true,"href":"http:\/\/vientosur.top\/museo\/wp-json\/wp\/v2\/comments?post=4175"}],"version-history":[{"count":0,"href":"http:\/\/vientosur.top\/museo\/wp-json\/wp\/v2\/posts\/4175\/revisions"}],"wp:featuredmedia":[{"embeddable":true,"href":"http:\/\/vientosur.top\/museo\/wp-json\/wp\/v2\/media\/4217"}],"wp:attachment":[{"href":"http:\/\/vientosur.top\/museo\/wp-json\/wp\/v2\/media?parent=4175"}],"wp:term":[{"taxonomy":"category","embeddable":true,"href":"http:\/\/vientosur.top\/museo\/wp-json\/wp\/v2\/categories?post=4175"},{"taxonomy":"post_tag","embeddable":true,"href":"http:\/\/vientosur.top\/museo\/wp-json\/wp\/v2\/tags?post=4175"}],"curies":[{"name":"wp","href":"https:\/\/api.w.org\/{rel}","templated":true}]}}