{"id":4200,"date":"2017-06-06T21:39:27","date_gmt":"2017-06-06T21:39:27","guid":{"rendered":"http:\/\/vientosur.top\/museo\/\/?p=4200"},"modified":"2017-06-06T21:39:27","modified_gmt":"2017-06-06T21:39:27","slug":"museo-violeta-parra-invita-a-conocer-la-obra-colectiva-de-artesanas-de-penalolen","status":"publish","type":"post","link":"http:\/\/vientosur.top\/museo\/museo-violeta-parra-invita-a-conocer-la-obra-colectiva-de-artesanas-de-penalolen\/","title":{"rendered":"Artesanas de Pe\u00f1alol\u00e9n expusieron su obra colectiva en Museo Violeta Parra"},"content":{"rendered":"<p>Durante una semana estuvo expuesta la obra textil que realizaron m\u00e1s de 40 productoras y artesanas de Pe\u00f1alol\u00e9n. Se trata de un proyecto colaborativo de la organizaci\u00f3n <a href=\"http:\/\/saberhacer.cl\/\" target=\"_blank\" rel=\"noopener noreferrer\">SaberHacer<\/a> dentro de contexto de los 100 a\u00f1os de Violeta Parra, y que tiene por objetivo gestionar y motivar a artistas para\u00a0\u00a0que realicen trabajos de\u00a0forma comunitaria.<\/p>\n<p>&nbsp;<\/p>\n<p>La ruta de esta arpillera trae\u00a0elementos identitarios asociados al territorio de las creadoras\u00a0de este trabajo, as\u00ed como tambi\u00e9n por aquellos aspectos de la obra de Violeta que resultan significativos para ellas.<\/p>\n<p>&nbsp;<\/p>\n<p>Nombre: Violeta 100<br \/>\nT\u00e9cnica: Mixta Textil<br \/>\nProductoras de Pe\u00f1alol\u00e9n: Myriam Ch\u00e1valos Reyes, Giovanna Ch\u00e1vez G\u00f3mez, Gabriela Fuentes Moya, Miriam Fuentes S\u00e1nchez, Gloria Gonz\u00e1lez Castro, Mar\u00eda Eufemia Gonz\u00e1lez Soto, Loreto Guerrero Garc\u00eda, Delia Inostroza Mu\u00f1oz, Nelda Inostroza Mu\u00f1oz, Dafnia Iribarra Z\u00fa\u00f1iga, Alejandra Jara P, Luciana Quiroga, Ang\u00e9lica Sobarzo, \u00c1ngela Torres, Jaqueline Torres, M\u00f3nica Vargas Espinoza.<\/p>\n<p>&nbsp;<\/p>\n<p>La arpillera de SaberHacer estuvo expuesta entre el 3 y el 11 de junio en la explanada del Museo Violeta Parra. El horario de atenci\u00f3n es de martes a viernes de 9:30 a 18:00 horas y de 11:00 a 18:00 los fines de semana.<\/p>\n<p><a href=\"http:\/\/www.saberhacer.cl\/violeta-100\/\"><br \/>\nM\u00e1s informaci\u00f3n de la exposici\u00f3n<br \/>\n<\/a><a href=\"https:\/\/www.facebook.com\/MuseoVioletaParra\/videos\/1937800019796743\/\" target=\"_blank\" rel=\"noopener noreferrer\">Ver entrevista a Rodrigo Gajardo de SaberHacer<\/a><\/p>\n","protected":false},"excerpt":{"rendered":"<p>Durante una semana estuvo expuesta la obra textil que realizaron m\u00e1s de 40 productoras y artesanas de Pe\u00f1alol\u00e9n. Se trata de un proyecto colaborativo de la organizaci\u00f3n SaberHacer dentro de contexto de los 100 a\u00f1os de Violeta Parra, y que tiene por objetivo gestionar y motivar a artistas para\u00a0\u00a0que realicen trabajos de\u00a0forma comunitaria. &nbsp; La [&hellip;]<\/p>\n","protected":false},"author":5,"featured_media":4201,"comment_status":"open","ping_status":"open","sticky":false,"template":"","format":"standard","meta":{"site-sidebar-layout":"default","site-content-layout":"","ast-site-content-layout":"default","site-content-style":"default","site-sidebar-style":"default","ast-global-header-display":"","ast-banner-title-visibility":"","ast-main-header-display":"","ast-hfb-above-header-display":"","ast-hfb-below-header-display":"","ast-hfb-mobile-header-display":"","site-post-title":"","ast-breadcrumbs-content":"","ast-featured-img":"","footer-sml-layout":"","theme-transparent-header-meta":"","adv-header-id-meta":"","stick-header-meta":"","header-above-stick-meta":"","header-main-stick-meta":"","header-below-stick-meta":"","astra-migrate-meta-layouts":"default","ast-page-background-enabled":"default","ast-page-background-meta":{"desktop":{"background-color":"var(--ast-global-color-4)","background-image":"","background-repeat":"repeat","background-position":"center center","background-size":"auto","background-attachment":"scroll","background-type":"","background-media":"","overlay-type":"","overlay-color":"","overlay-opacity":"","overlay-gradient":""},"tablet":{"background-color":"","background-image":"","background-repeat":"repeat","background-position":"center center","background-size":"auto","background-attachment":"scroll","background-type":"","background-media":"","overlay-type":"","overlay-color":"","overlay-opacity":"","overlay-gradient":""},"mobile":{"background-color":"","background-image":"","background-repeat":"repeat","background-position":"center center","background-size":"auto","background-attachment":"scroll","background-type":"","background-media":"","overlay-type":"","overlay-color":"","overlay-opacity":"","overlay-gradient":""}},"ast-content-background-meta":{"desktop":{"background-color":"var(--ast-global-color-5)","background-image":"","background-repeat":"repeat","background-position":"center center","background-size":"auto","background-attachment":"scroll","background-type":"","background-media":"","overlay-type":"","overlay-color":"","overlay-opacity":"","overlay-gradient":""},"tablet":{"background-color":"var(--ast-global-color-5)","background-image":"","background-repeat":"repeat","background-position":"center center","background-size":"auto","background-attachment":"scroll","background-type":"","background-media":"","overlay-type":"","overlay-color":"","overlay-opacity":"","overlay-gradient":""},"mobile":{"background-color":"var(--ast-global-color-5)","background-image":"","background-repeat":"repeat","background-position":"center center","background-size":"auto","background-attachment":"scroll","background-type":"","background-media":"","overlay-type":"","overlay-color":"","overlay-opacity":"","overlay-gradient":""}},"footnotes":""},"categories":[59,8,61],"tags":[],"class_list":["post-4200","post","type-post","status-publish","format-standard","has-post-thumbnail","hentry","category-destacado-noticia","category-noticias","category-novedades"],"yoast_head":"<!-- This site is optimized with the Yoast SEO plugin v25.4 - https:\/\/yoast.com\/wordpress\/plugins\/seo\/ -->\n<title>Artesanas de Pe\u00f1alol\u00e9n expusieron su obra colectiva en Museo Violeta Parra - Museo Violeta Parra<\/title>\n<meta name=\"robots\" content=\"index, follow, max-snippet:-1, max-image-preview:large, max-video-preview:-1\" \/>\n<link rel=\"canonical\" href=\"http:\/\/vientosur.top\/museo\/museo-violeta-parra-invita-a-conocer-la-obra-colectiva-de-artesanas-de-penalolen\/\" \/>\n<meta property=\"og:locale\" content=\"es_ES\" \/>\n<meta property=\"og:type\" content=\"article\" \/>\n<meta property=\"og:title\" content=\"Artesanas de Pe\u00f1alol\u00e9n expusieron su obra colectiva en Museo Violeta Parra - Museo Violeta Parra\" \/>\n<meta property=\"og:description\" content=\"Durante una semana estuvo expuesta la obra textil que realizaron m\u00e1s de 40 productoras y artesanas de Pe\u00f1alol\u00e9n. Se trata de un proyecto colaborativo de la organizaci\u00f3n SaberHacer dentro de contexto de los 100 a\u00f1os de Violeta Parra, y que tiene por objetivo gestionar y motivar a artistas para\u00a0\u00a0que realicen trabajos de\u00a0forma comunitaria. &nbsp; La [&hellip;]\" \/>\n<meta property=\"og:url\" content=\"http:\/\/vientosur.top\/museo\/museo-violeta-parra-invita-a-conocer-la-obra-colectiva-de-artesanas-de-penalolen\/\" \/>\n<meta property=\"og:site_name\" content=\"Museo Violeta Parra\" \/>\n<meta property=\"article:published_time\" content=\"2017-06-06T21:39:27+00:00\" \/>\n<meta property=\"og:image\" content=\"http:\/\/vientosur.top\/museo\/wp-content\/uploads\/2017\/06\/DSC_0481.jpg\" \/>\n\t<meta property=\"og:image:width\" content=\"1200\" \/>\n\t<meta property=\"og:image:height\" content=\"798\" \/>\n\t<meta property=\"og:image:type\" content=\"image\/jpeg\" \/>\n<meta name=\"author\" content=\"admin\" \/>\n<meta name=\"twitter:card\" content=\"summary_large_image\" \/>\n<meta name=\"twitter:label1\" content=\"Escrito por\" \/>\n\t<meta name=\"twitter:data1\" content=\"admin\" \/>\n\t<meta name=\"twitter:label2\" content=\"Tiempo de lectura\" \/>\n\t<meta name=\"twitter:data2\" content=\"1 minuto\" \/>\n<script type=\"application\/ld+json\" class=\"yoast-schema-graph\">{\"@context\":\"https:\/\/schema.org\",\"@graph\":[{\"@type\":\"WebPage\",\"@id\":\"http:\/\/vientosur.top\/museo\/museo-violeta-parra-invita-a-conocer-la-obra-colectiva-de-artesanas-de-penalolen\/\",\"url\":\"http:\/\/vientosur.top\/museo\/museo-violeta-parra-invita-a-conocer-la-obra-colectiva-de-artesanas-de-penalolen\/\",\"name\":\"Artesanas de Pe\u00f1alol\u00e9n expusieron su obra colectiva en Museo Violeta Parra - Museo Violeta Parra\",\"isPartOf\":{\"@id\":\"http:\/\/vientosur.top\/museo\/#website\"},\"primaryImageOfPage\":{\"@id\":\"http:\/\/vientosur.top\/museo\/museo-violeta-parra-invita-a-conocer-la-obra-colectiva-de-artesanas-de-penalolen\/#primaryimage\"},\"image\":{\"@id\":\"http:\/\/vientosur.top\/museo\/museo-violeta-parra-invita-a-conocer-la-obra-colectiva-de-artesanas-de-penalolen\/#primaryimage\"},\"thumbnailUrl\":\"http:\/\/vientosur.top\/museo\/wp-content\/uploads\/2017\/06\/DSC_0481.jpg\",\"datePublished\":\"2017-06-06T21:39:27+00:00\",\"author\":{\"@id\":\"http:\/\/vientosur.top\/museo\/#\/schema\/person\/20c79d3c38800971feec8c2693c3dd9c\"},\"breadcrumb\":{\"@id\":\"http:\/\/vientosur.top\/museo\/museo-violeta-parra-invita-a-conocer-la-obra-colectiva-de-artesanas-de-penalolen\/#breadcrumb\"},\"inLanguage\":\"es\",\"potentialAction\":[{\"@type\":\"ReadAction\",\"target\":[\"http:\/\/vientosur.top\/museo\/museo-violeta-parra-invita-a-conocer-la-obra-colectiva-de-artesanas-de-penalolen\/\"]}]},{\"@type\":\"ImageObject\",\"inLanguage\":\"es\",\"@id\":\"http:\/\/vientosur.top\/museo\/museo-violeta-parra-invita-a-conocer-la-obra-colectiva-de-artesanas-de-penalolen\/#primaryimage\",\"url\":\"http:\/\/vientosur.top\/museo\/wp-content\/uploads\/2017\/06\/DSC_0481.jpg\",\"contentUrl\":\"http:\/\/vientosur.top\/museo\/wp-content\/uploads\/2017\/06\/DSC_0481.jpg\",\"width\":1200,\"height\":798},{\"@type\":\"BreadcrumbList\",\"@id\":\"http:\/\/vientosur.top\/museo\/museo-violeta-parra-invita-a-conocer-la-obra-colectiva-de-artesanas-de-penalolen\/#breadcrumb\",\"itemListElement\":[{\"@type\":\"ListItem\",\"position\":1,\"name\":\"Portada\",\"item\":\"http:\/\/vientosur.top\/museo\/\"},{\"@type\":\"ListItem\",\"position\":2,\"name\":\"Artesanas de Pe\u00f1alol\u00e9n expusieron su obra colectiva en Museo Violeta Parra\"}]},{\"@type\":\"WebSite\",\"@id\":\"http:\/\/vientosur.top\/museo\/#website\",\"url\":\"http:\/\/vientosur.top\/museo\/\",\"name\":\"Museo Violeta Parra\",\"description\":\"Espacio que alberga tanto la memoria y legado creativo de la artista\",\"potentialAction\":[{\"@type\":\"SearchAction\",\"target\":{\"@type\":\"EntryPoint\",\"urlTemplate\":\"http:\/\/vientosur.top\/museo\/?s={search_term_string}\"},\"query-input\":{\"@type\":\"PropertyValueSpecification\",\"valueRequired\":true,\"valueName\":\"search_term_string\"}}],\"inLanguage\":\"es\"},{\"@type\":\"Person\",\"@id\":\"http:\/\/vientosur.top\/museo\/#\/schema\/person\/20c79d3c38800971feec8c2693c3dd9c\",\"name\":\"admin\",\"image\":{\"@type\":\"ImageObject\",\"inLanguage\":\"es\",\"@id\":\"http:\/\/vientosur.top\/museo\/#\/schema\/person\/image\/\",\"url\":\"https:\/\/secure.gravatar.com\/avatar\/713677ece3ffa642287213a80e5b773bce9ab81c269dd6d95102a990951c922f?s=96&d=mm&r=g\",\"contentUrl\":\"https:\/\/secure.gravatar.com\/avatar\/713677ece3ffa642287213a80e5b773bce9ab81c269dd6d95102a990951c922f?s=96&d=mm&r=g\",\"caption\":\"admin\"},\"sameAs\":[\"http:\/\/vientosur.top\/museo\"],\"url\":\"http:\/\/vientosur.top\/museo\/author\/comunicacionesmvp\/\"}]}<\/script>\n<!-- \/ Yoast SEO plugin. -->","yoast_head_json":{"title":"Artesanas de Pe\u00f1alol\u00e9n expusieron su obra colectiva en Museo Violeta Parra - Museo Violeta Parra","robots":{"index":"index","follow":"follow","max-snippet":"max-snippet:-1","max-image-preview":"max-image-preview:large","max-video-preview":"max-video-preview:-1"},"canonical":"http:\/\/vientosur.top\/museo\/museo-violeta-parra-invita-a-conocer-la-obra-colectiva-de-artesanas-de-penalolen\/","og_locale":"es_ES","og_type":"article","og_title":"Artesanas de Pe\u00f1alol\u00e9n expusieron su obra colectiva en Museo Violeta Parra - Museo Violeta Parra","og_description":"Durante una semana estuvo expuesta la obra textil que realizaron m\u00e1s de 40 productoras y artesanas de Pe\u00f1alol\u00e9n. Se trata de un proyecto colaborativo de la organizaci\u00f3n SaberHacer dentro de contexto de los 100 a\u00f1os de Violeta Parra, y que tiene por objetivo gestionar y motivar a artistas para\u00a0\u00a0que realicen trabajos de\u00a0forma comunitaria. &nbsp; La [&hellip;]","og_url":"http:\/\/vientosur.top\/museo\/museo-violeta-parra-invita-a-conocer-la-obra-colectiva-de-artesanas-de-penalolen\/","og_site_name":"Museo Violeta Parra","article_published_time":"2017-06-06T21:39:27+00:00","og_image":[{"width":1200,"height":798,"url":"http:\/\/vientosur.top\/museo\/wp-content\/uploads\/2017\/06\/DSC_0481.jpg","type":"image\/jpeg"}],"author":"admin","twitter_card":"summary_large_image","twitter_misc":{"Escrito por":"admin","Tiempo de lectura":"1 minuto"},"schema":{"@context":"https:\/\/schema.org","@graph":[{"@type":"WebPage","@id":"http:\/\/vientosur.top\/museo\/museo-violeta-parra-invita-a-conocer-la-obra-colectiva-de-artesanas-de-penalolen\/","url":"http:\/\/vientosur.top\/museo\/museo-violeta-parra-invita-a-conocer-la-obra-colectiva-de-artesanas-de-penalolen\/","name":"Artesanas de Pe\u00f1alol\u00e9n expusieron su obra colectiva en Museo Violeta Parra - Museo Violeta Parra","isPartOf":{"@id":"http:\/\/vientosur.top\/museo\/#website"},"primaryImageOfPage":{"@id":"http:\/\/vientosur.top\/museo\/museo-violeta-parra-invita-a-conocer-la-obra-colectiva-de-artesanas-de-penalolen\/#primaryimage"},"image":{"@id":"http:\/\/vientosur.top\/museo\/museo-violeta-parra-invita-a-conocer-la-obra-colectiva-de-artesanas-de-penalolen\/#primaryimage"},"thumbnailUrl":"http:\/\/vientosur.top\/museo\/wp-content\/uploads\/2017\/06\/DSC_0481.jpg","datePublished":"2017-06-06T21:39:27+00:00","author":{"@id":"http:\/\/vientosur.top\/museo\/#\/schema\/person\/20c79d3c38800971feec8c2693c3dd9c"},"breadcrumb":{"@id":"http:\/\/vientosur.top\/museo\/museo-violeta-parra-invita-a-conocer-la-obra-colectiva-de-artesanas-de-penalolen\/#breadcrumb"},"inLanguage":"es","potentialAction":[{"@type":"ReadAction","target":["http:\/\/vientosur.top\/museo\/museo-violeta-parra-invita-a-conocer-la-obra-colectiva-de-artesanas-de-penalolen\/"]}]},{"@type":"ImageObject","inLanguage":"es","@id":"http:\/\/vientosur.top\/museo\/museo-violeta-parra-invita-a-conocer-la-obra-colectiva-de-artesanas-de-penalolen\/#primaryimage","url":"http:\/\/vientosur.top\/museo\/wp-content\/uploads\/2017\/06\/DSC_0481.jpg","contentUrl":"http:\/\/vientosur.top\/museo\/wp-content\/uploads\/2017\/06\/DSC_0481.jpg","width":1200,"height":798},{"@type":"BreadcrumbList","@id":"http:\/\/vientosur.top\/museo\/museo-violeta-parra-invita-a-conocer-la-obra-colectiva-de-artesanas-de-penalolen\/#breadcrumb","itemListElement":[{"@type":"ListItem","position":1,"name":"Portada","item":"http:\/\/vientosur.top\/museo\/"},{"@type":"ListItem","position":2,"name":"Artesanas de Pe\u00f1alol\u00e9n expusieron su obra colectiva en Museo Violeta Parra"}]},{"@type":"WebSite","@id":"http:\/\/vientosur.top\/museo\/#website","url":"http:\/\/vientosur.top\/museo\/","name":"Museo Violeta Parra","description":"Espacio que alberga tanto la memoria y legado creativo de la artista","potentialAction":[{"@type":"SearchAction","target":{"@type":"EntryPoint","urlTemplate":"http:\/\/vientosur.top\/museo\/?s={search_term_string}"},"query-input":{"@type":"PropertyValueSpecification","valueRequired":true,"valueName":"search_term_string"}}],"inLanguage":"es"},{"@type":"Person","@id":"http:\/\/vientosur.top\/museo\/#\/schema\/person\/20c79d3c38800971feec8c2693c3dd9c","name":"admin","image":{"@type":"ImageObject","inLanguage":"es","@id":"http:\/\/vientosur.top\/museo\/#\/schema\/person\/image\/","url":"https:\/\/secure.gravatar.com\/avatar\/713677ece3ffa642287213a80e5b773bce9ab81c269dd6d95102a990951c922f?s=96&d=mm&r=g","contentUrl":"https:\/\/secure.gravatar.com\/avatar\/713677ece3ffa642287213a80e5b773bce9ab81c269dd6d95102a990951c922f?s=96&d=mm&r=g","caption":"admin"},"sameAs":["http:\/\/vientosur.top\/museo"],"url":"http:\/\/vientosur.top\/museo\/author\/comunicacionesmvp\/"}]}},"_links":{"self":[{"href":"http:\/\/vientosur.top\/museo\/wp-json\/wp\/v2\/posts\/4200","targetHints":{"allow":["GET"]}}],"collection":[{"href":"http:\/\/vientosur.top\/museo\/wp-json\/wp\/v2\/posts"}],"about":[{"href":"http:\/\/vientosur.top\/museo\/wp-json\/wp\/v2\/types\/post"}],"author":[{"embeddable":true,"href":"http:\/\/vientosur.top\/museo\/wp-json\/wp\/v2\/users\/5"}],"replies":[{"embeddable":true,"href":"http:\/\/vientosur.top\/museo\/wp-json\/wp\/v2\/comments?post=4200"}],"version-history":[{"count":0,"href":"http:\/\/vientosur.top\/museo\/wp-json\/wp\/v2\/posts\/4200\/revisions"}],"wp:featuredmedia":[{"embeddable":true,"href":"http:\/\/vientosur.top\/museo\/wp-json\/wp\/v2\/media\/4201"}],"wp:attachment":[{"href":"http:\/\/vientosur.top\/museo\/wp-json\/wp\/v2\/media?parent=4200"}],"wp:term":[{"taxonomy":"category","embeddable":true,"href":"http:\/\/vientosur.top\/museo\/wp-json\/wp\/v2\/categories?post=4200"},{"taxonomy":"post_tag","embeddable":true,"href":"http:\/\/vientosur.top\/museo\/wp-json\/wp\/v2\/tags?post=4200"}],"curies":[{"name":"wp","href":"https:\/\/api.w.org\/{rel}","templated":true}]}}