{"id":4228,"date":"2017-06-14T14:21:23","date_gmt":"2017-06-14T14:21:23","guid":{"rendered":"http:\/\/vientosur.top\/museo\/\/?p=4228"},"modified":"2017-06-14T14:21:23","modified_gmt":"2017-06-14T14:21:23","slug":"museo-violeta-parra-y-consejo-de-la-cultura-invitan-a-inscribirse-en-la-presentacion-del-cuaderno-pedagogico-de-violeta-parra","status":"publish","type":"post","link":"http:\/\/vientosur.top\/museo\/museo-violeta-parra-y-consejo-de-la-cultura-invitan-a-inscribirse-en-la-presentacion-del-cuaderno-pedagogico-de-violeta-parra\/","title":{"rendered":"\u00abCuaderno pedag\u00f3gico de Violeta Parra\u00bb se present\u00f3 a educadores y cultores en el Museo"},"content":{"rendered":"<p>El jueves 22 de junio, se present\u00f3 el \u00abCuaderno pedag\u00f3gico de Violeta Parra\u00bb a docentes, artistas educadores, facilitadores\/as y \u00a0cultores en la Sala Antar del Museo Violeta Parra.<\/p>\n<p>En la actividad, organizada por el Consejo Regional de la Cultura y las Artes con el apoyo del Museo Violeta Parra, se abordaron tem\u00e1ticas relevantes al cuaderno, entregando orientaciones para el uso del material en el aula. Adem\u00e1s se distribuy\u00f3 un cuaderno pedag\u00f3gico a cada docente que particip\u00f3 en este hito enmarcado en las celebraciones de los 100 a\u00f1os de la artista.<\/p>\n<p>&nbsp;<\/p>\n","protected":false},"excerpt":{"rendered":"<p>El jueves 22 de junio, se present\u00f3 el \u00abCuaderno pedag\u00f3gico de Violeta Parra\u00bb a docentes, artistas educadores, facilitadores\/as y \u00a0cultores en la Sala Antar del Museo Violeta Parra. En la actividad, organizada por el Consejo Regional de la Cultura y las Artes con el apoyo del Museo Violeta Parra, se abordaron tem\u00e1ticas relevantes al cuaderno, [&hellip;]<\/p>\n","protected":false},"author":5,"featured_media":4352,"comment_status":"open","ping_status":"open","sticky":false,"template":"","format":"standard","meta":{"site-sidebar-layout":"default","site-content-layout":"","ast-site-content-layout":"default","site-content-style":"default","site-sidebar-style":"default","ast-global-header-display":"","ast-banner-title-visibility":"","ast-main-header-display":"","ast-hfb-above-header-display":"","ast-hfb-below-header-display":"","ast-hfb-mobile-header-display":"","site-post-title":"","ast-breadcrumbs-content":"","ast-featured-img":"","footer-sml-layout":"","theme-transparent-header-meta":"","adv-header-id-meta":"","stick-header-meta":"","header-above-stick-meta":"","header-main-stick-meta":"","header-below-stick-meta":"","astra-migrate-meta-layouts":"default","ast-page-background-enabled":"default","ast-page-background-meta":{"desktop":{"background-color":"var(--ast-global-color-4)","background-image":"","background-repeat":"repeat","background-position":"center center","background-size":"auto","background-attachment":"scroll","background-type":"","background-media":"","overlay-type":"","overlay-color":"","overlay-opacity":"","overlay-gradient":""},"tablet":{"background-color":"","background-image":"","background-repeat":"repeat","background-position":"center center","background-size":"auto","background-attachment":"scroll","background-type":"","background-media":"","overlay-type":"","overlay-color":"","overlay-opacity":"","overlay-gradient":""},"mobile":{"background-color":"","background-image":"","background-repeat":"repeat","background-position":"center center","background-size":"auto","background-attachment":"scroll","background-type":"","background-media":"","overlay-type":"","overlay-color":"","overlay-opacity":"","overlay-gradient":""}},"ast-content-background-meta":{"desktop":{"background-color":"var(--ast-global-color-5)","background-image":"","background-repeat":"repeat","background-position":"center center","background-size":"auto","background-attachment":"scroll","background-type":"","background-media":"","overlay-type":"","overlay-color":"","overlay-opacity":"","overlay-gradient":""},"tablet":{"background-color":"var(--ast-global-color-5)","background-image":"","background-repeat":"repeat","background-position":"center center","background-size":"auto","background-attachment":"scroll","background-type":"","background-media":"","overlay-type":"","overlay-color":"","overlay-opacity":"","overlay-gradient":""},"mobile":{"background-color":"var(--ast-global-color-5)","background-image":"","background-repeat":"repeat","background-position":"center center","background-size":"auto","background-attachment":"scroll","background-type":"","background-media":"","overlay-type":"","overlay-color":"","overlay-opacity":"","overlay-gradient":""}},"footnotes":""},"categories":[59,8,61],"tags":[],"class_list":["post-4228","post","type-post","status-publish","format-standard","has-post-thumbnail","hentry","category-destacado-noticia","category-noticias","category-novedades"],"yoast_head":"<!-- This site is optimized with the Yoast SEO plugin v25.4 - https:\/\/yoast.com\/wordpress\/plugins\/seo\/ -->\n<title>&quot;Cuaderno pedag\u00f3gico de Violeta Parra&quot; se present\u00f3 a educadores y cultores en el Museo - Museo Violeta Parra<\/title>\n<meta name=\"robots\" content=\"index, follow, max-snippet:-1, max-image-preview:large, max-video-preview:-1\" \/>\n<link rel=\"canonical\" href=\"http:\/\/vientosur.top\/museo\/museo-violeta-parra-y-consejo-de-la-cultura-invitan-a-inscribirse-en-la-presentacion-del-cuaderno-pedagogico-de-violeta-parra\/\" \/>\n<meta property=\"og:locale\" content=\"es_ES\" \/>\n<meta property=\"og:type\" content=\"article\" \/>\n<meta property=\"og:title\" content=\"&quot;Cuaderno pedag\u00f3gico de Violeta Parra&quot; se present\u00f3 a educadores y cultores en el Museo - Museo Violeta Parra\" \/>\n<meta property=\"og:description\" content=\"El jueves 22 de junio, se present\u00f3 el \u00abCuaderno pedag\u00f3gico de Violeta Parra\u00bb a docentes, artistas educadores, facilitadores\/as y \u00a0cultores en la Sala Antar del Museo Violeta Parra. En la actividad, organizada por el Consejo Regional de la Cultura y las Artes con el apoyo del Museo Violeta Parra, se abordaron tem\u00e1ticas relevantes al cuaderno, [&hellip;]\" \/>\n<meta property=\"og:url\" content=\"http:\/\/vientosur.top\/museo\/museo-violeta-parra-y-consejo-de-la-cultura-invitan-a-inscribirse-en-la-presentacion-del-cuaderno-pedagogico-de-violeta-parra\/\" \/>\n<meta property=\"og:site_name\" content=\"Museo Violeta Parra\" \/>\n<meta property=\"article:published_time\" content=\"2017-06-14T14:21:23+00:00\" \/>\n<meta property=\"og:image\" content=\"http:\/\/vientosur.top\/museo\/wp-content\/uploads\/2017\/06\/DSC_0543.jpg\" \/>\n\t<meta property=\"og:image:width\" content=\"1200\" \/>\n\t<meta property=\"og:image:height\" content=\"798\" \/>\n\t<meta property=\"og:image:type\" content=\"image\/jpeg\" \/>\n<meta name=\"author\" content=\"admin\" \/>\n<meta name=\"twitter:card\" content=\"summary_large_image\" \/>\n<meta name=\"twitter:label1\" content=\"Escrito por\" \/>\n\t<meta name=\"twitter:data1\" content=\"admin\" \/>\n<script type=\"application\/ld+json\" class=\"yoast-schema-graph\">{\"@context\":\"https:\/\/schema.org\",\"@graph\":[{\"@type\":\"WebPage\",\"@id\":\"http:\/\/vientosur.top\/museo\/museo-violeta-parra-y-consejo-de-la-cultura-invitan-a-inscribirse-en-la-presentacion-del-cuaderno-pedagogico-de-violeta-parra\/\",\"url\":\"http:\/\/vientosur.top\/museo\/museo-violeta-parra-y-consejo-de-la-cultura-invitan-a-inscribirse-en-la-presentacion-del-cuaderno-pedagogico-de-violeta-parra\/\",\"name\":\"\\\"Cuaderno pedag\u00f3gico de Violeta Parra\\\" se present\u00f3 a educadores y cultores en el Museo - Museo Violeta Parra\",\"isPartOf\":{\"@id\":\"http:\/\/vientosur.top\/museo\/#website\"},\"primaryImageOfPage\":{\"@id\":\"http:\/\/vientosur.top\/museo\/museo-violeta-parra-y-consejo-de-la-cultura-invitan-a-inscribirse-en-la-presentacion-del-cuaderno-pedagogico-de-violeta-parra\/#primaryimage\"},\"image\":{\"@id\":\"http:\/\/vientosur.top\/museo\/museo-violeta-parra-y-consejo-de-la-cultura-invitan-a-inscribirse-en-la-presentacion-del-cuaderno-pedagogico-de-violeta-parra\/#primaryimage\"},\"thumbnailUrl\":\"http:\/\/vientosur.top\/museo\/wp-content\/uploads\/2017\/06\/DSC_0543.jpg\",\"datePublished\":\"2017-06-14T14:21:23+00:00\",\"author\":{\"@id\":\"http:\/\/vientosur.top\/museo\/#\/schema\/person\/20c79d3c38800971feec8c2693c3dd9c\"},\"breadcrumb\":{\"@id\":\"http:\/\/vientosur.top\/museo\/museo-violeta-parra-y-consejo-de-la-cultura-invitan-a-inscribirse-en-la-presentacion-del-cuaderno-pedagogico-de-violeta-parra\/#breadcrumb\"},\"inLanguage\":\"es\",\"potentialAction\":[{\"@type\":\"ReadAction\",\"target\":[\"http:\/\/vientosur.top\/museo\/museo-violeta-parra-y-consejo-de-la-cultura-invitan-a-inscribirse-en-la-presentacion-del-cuaderno-pedagogico-de-violeta-parra\/\"]}]},{\"@type\":\"ImageObject\",\"inLanguage\":\"es\",\"@id\":\"http:\/\/vientosur.top\/museo\/museo-violeta-parra-y-consejo-de-la-cultura-invitan-a-inscribirse-en-la-presentacion-del-cuaderno-pedagogico-de-violeta-parra\/#primaryimage\",\"url\":\"http:\/\/vientosur.top\/museo\/wp-content\/uploads\/2017\/06\/DSC_0543.jpg\",\"contentUrl\":\"http:\/\/vientosur.top\/museo\/wp-content\/uploads\/2017\/06\/DSC_0543.jpg\",\"width\":1200,\"height\":798},{\"@type\":\"BreadcrumbList\",\"@id\":\"http:\/\/vientosur.top\/museo\/museo-violeta-parra-y-consejo-de-la-cultura-invitan-a-inscribirse-en-la-presentacion-del-cuaderno-pedagogico-de-violeta-parra\/#breadcrumb\",\"itemListElement\":[{\"@type\":\"ListItem\",\"position\":1,\"name\":\"Portada\",\"item\":\"http:\/\/vientosur.top\/museo\/\"},{\"@type\":\"ListItem\",\"position\":2,\"name\":\"\u00abCuaderno pedag\u00f3gico de Violeta Parra\u00bb se present\u00f3 a educadores y cultores en el Museo\"}]},{\"@type\":\"WebSite\",\"@id\":\"http:\/\/vientosur.top\/museo\/#website\",\"url\":\"http:\/\/vientosur.top\/museo\/\",\"name\":\"Museo Violeta Parra\",\"description\":\"Espacio que alberga tanto la memoria y legado creativo de la artista\",\"potentialAction\":[{\"@type\":\"SearchAction\",\"target\":{\"@type\":\"EntryPoint\",\"urlTemplate\":\"http:\/\/vientosur.top\/museo\/?s={search_term_string}\"},\"query-input\":{\"@type\":\"PropertyValueSpecification\",\"valueRequired\":true,\"valueName\":\"search_term_string\"}}],\"inLanguage\":\"es\"},{\"@type\":\"Person\",\"@id\":\"http:\/\/vientosur.top\/museo\/#\/schema\/person\/20c79d3c38800971feec8c2693c3dd9c\",\"name\":\"admin\",\"image\":{\"@type\":\"ImageObject\",\"inLanguage\":\"es\",\"@id\":\"http:\/\/vientosur.top\/museo\/#\/schema\/person\/image\/\",\"url\":\"https:\/\/secure.gravatar.com\/avatar\/713677ece3ffa642287213a80e5b773bce9ab81c269dd6d95102a990951c922f?s=96&d=mm&r=g\",\"contentUrl\":\"https:\/\/secure.gravatar.com\/avatar\/713677ece3ffa642287213a80e5b773bce9ab81c269dd6d95102a990951c922f?s=96&d=mm&r=g\",\"caption\":\"admin\"},\"sameAs\":[\"http:\/\/vientosur.top\/museo\"],\"url\":\"http:\/\/vientosur.top\/museo\/author\/comunicacionesmvp\/\"}]}<\/script>\n<!-- \/ Yoast SEO plugin. -->","yoast_head_json":{"title":"\"Cuaderno pedag\u00f3gico de Violeta Parra\" se present\u00f3 a educadores y cultores en el Museo - Museo Violeta Parra","robots":{"index":"index","follow":"follow","max-snippet":"max-snippet:-1","max-image-preview":"max-image-preview:large","max-video-preview":"max-video-preview:-1"},"canonical":"http:\/\/vientosur.top\/museo\/museo-violeta-parra-y-consejo-de-la-cultura-invitan-a-inscribirse-en-la-presentacion-del-cuaderno-pedagogico-de-violeta-parra\/","og_locale":"es_ES","og_type":"article","og_title":"\"Cuaderno pedag\u00f3gico de Violeta Parra\" se present\u00f3 a educadores y cultores en el Museo - Museo Violeta Parra","og_description":"El jueves 22 de junio, se present\u00f3 el \u00abCuaderno pedag\u00f3gico de Violeta Parra\u00bb a docentes, artistas educadores, facilitadores\/as y \u00a0cultores en la Sala Antar del Museo Violeta Parra. En la actividad, organizada por el Consejo Regional de la Cultura y las Artes con el apoyo del Museo Violeta Parra, se abordaron tem\u00e1ticas relevantes al cuaderno, [&hellip;]","og_url":"http:\/\/vientosur.top\/museo\/museo-violeta-parra-y-consejo-de-la-cultura-invitan-a-inscribirse-en-la-presentacion-del-cuaderno-pedagogico-de-violeta-parra\/","og_site_name":"Museo Violeta Parra","article_published_time":"2017-06-14T14:21:23+00:00","og_image":[{"width":1200,"height":798,"url":"http:\/\/vientosur.top\/museo\/wp-content\/uploads\/2017\/06\/DSC_0543.jpg","type":"image\/jpeg"}],"author":"admin","twitter_card":"summary_large_image","twitter_misc":{"Escrito por":"admin"},"schema":{"@context":"https:\/\/schema.org","@graph":[{"@type":"WebPage","@id":"http:\/\/vientosur.top\/museo\/museo-violeta-parra-y-consejo-de-la-cultura-invitan-a-inscribirse-en-la-presentacion-del-cuaderno-pedagogico-de-violeta-parra\/","url":"http:\/\/vientosur.top\/museo\/museo-violeta-parra-y-consejo-de-la-cultura-invitan-a-inscribirse-en-la-presentacion-del-cuaderno-pedagogico-de-violeta-parra\/","name":"\"Cuaderno pedag\u00f3gico de Violeta Parra\" se present\u00f3 a educadores y cultores en el Museo - Museo Violeta Parra","isPartOf":{"@id":"http:\/\/vientosur.top\/museo\/#website"},"primaryImageOfPage":{"@id":"http:\/\/vientosur.top\/museo\/museo-violeta-parra-y-consejo-de-la-cultura-invitan-a-inscribirse-en-la-presentacion-del-cuaderno-pedagogico-de-violeta-parra\/#primaryimage"},"image":{"@id":"http:\/\/vientosur.top\/museo\/museo-violeta-parra-y-consejo-de-la-cultura-invitan-a-inscribirse-en-la-presentacion-del-cuaderno-pedagogico-de-violeta-parra\/#primaryimage"},"thumbnailUrl":"http:\/\/vientosur.top\/museo\/wp-content\/uploads\/2017\/06\/DSC_0543.jpg","datePublished":"2017-06-14T14:21:23+00:00","author":{"@id":"http:\/\/vientosur.top\/museo\/#\/schema\/person\/20c79d3c38800971feec8c2693c3dd9c"},"breadcrumb":{"@id":"http:\/\/vientosur.top\/museo\/museo-violeta-parra-y-consejo-de-la-cultura-invitan-a-inscribirse-en-la-presentacion-del-cuaderno-pedagogico-de-violeta-parra\/#breadcrumb"},"inLanguage":"es","potentialAction":[{"@type":"ReadAction","target":["http:\/\/vientosur.top\/museo\/museo-violeta-parra-y-consejo-de-la-cultura-invitan-a-inscribirse-en-la-presentacion-del-cuaderno-pedagogico-de-violeta-parra\/"]}]},{"@type":"ImageObject","inLanguage":"es","@id":"http:\/\/vientosur.top\/museo\/museo-violeta-parra-y-consejo-de-la-cultura-invitan-a-inscribirse-en-la-presentacion-del-cuaderno-pedagogico-de-violeta-parra\/#primaryimage","url":"http:\/\/vientosur.top\/museo\/wp-content\/uploads\/2017\/06\/DSC_0543.jpg","contentUrl":"http:\/\/vientosur.top\/museo\/wp-content\/uploads\/2017\/06\/DSC_0543.jpg","width":1200,"height":798},{"@type":"BreadcrumbList","@id":"http:\/\/vientosur.top\/museo\/museo-violeta-parra-y-consejo-de-la-cultura-invitan-a-inscribirse-en-la-presentacion-del-cuaderno-pedagogico-de-violeta-parra\/#breadcrumb","itemListElement":[{"@type":"ListItem","position":1,"name":"Portada","item":"http:\/\/vientosur.top\/museo\/"},{"@type":"ListItem","position":2,"name":"\u00abCuaderno pedag\u00f3gico de Violeta Parra\u00bb se present\u00f3 a educadores y cultores en el Museo"}]},{"@type":"WebSite","@id":"http:\/\/vientosur.top\/museo\/#website","url":"http:\/\/vientosur.top\/museo\/","name":"Museo Violeta Parra","description":"Espacio que alberga tanto la memoria y legado creativo de la artista","potentialAction":[{"@type":"SearchAction","target":{"@type":"EntryPoint","urlTemplate":"http:\/\/vientosur.top\/museo\/?s={search_term_string}"},"query-input":{"@type":"PropertyValueSpecification","valueRequired":true,"valueName":"search_term_string"}}],"inLanguage":"es"},{"@type":"Person","@id":"http:\/\/vientosur.top\/museo\/#\/schema\/person\/20c79d3c38800971feec8c2693c3dd9c","name":"admin","image":{"@type":"ImageObject","inLanguage":"es","@id":"http:\/\/vientosur.top\/museo\/#\/schema\/person\/image\/","url":"https:\/\/secure.gravatar.com\/avatar\/713677ece3ffa642287213a80e5b773bce9ab81c269dd6d95102a990951c922f?s=96&d=mm&r=g","contentUrl":"https:\/\/secure.gravatar.com\/avatar\/713677ece3ffa642287213a80e5b773bce9ab81c269dd6d95102a990951c922f?s=96&d=mm&r=g","caption":"admin"},"sameAs":["http:\/\/vientosur.top\/museo"],"url":"http:\/\/vientosur.top\/museo\/author\/comunicacionesmvp\/"}]}},"_links":{"self":[{"href":"http:\/\/vientosur.top\/museo\/wp-json\/wp\/v2\/posts\/4228","targetHints":{"allow":["GET"]}}],"collection":[{"href":"http:\/\/vientosur.top\/museo\/wp-json\/wp\/v2\/posts"}],"about":[{"href":"http:\/\/vientosur.top\/museo\/wp-json\/wp\/v2\/types\/post"}],"author":[{"embeddable":true,"href":"http:\/\/vientosur.top\/museo\/wp-json\/wp\/v2\/users\/5"}],"replies":[{"embeddable":true,"href":"http:\/\/vientosur.top\/museo\/wp-json\/wp\/v2\/comments?post=4228"}],"version-history":[{"count":0,"href":"http:\/\/vientosur.top\/museo\/wp-json\/wp\/v2\/posts\/4228\/revisions"}],"wp:featuredmedia":[{"embeddable":true,"href":"http:\/\/vientosur.top\/museo\/wp-json\/wp\/v2\/media\/4352"}],"wp:attachment":[{"href":"http:\/\/vientosur.top\/museo\/wp-json\/wp\/v2\/media?parent=4228"}],"wp:term":[{"taxonomy":"category","embeddable":true,"href":"http:\/\/vientosur.top\/museo\/wp-json\/wp\/v2\/categories?post=4228"},{"taxonomy":"post_tag","embeddable":true,"href":"http:\/\/vientosur.top\/museo\/wp-json\/wp\/v2\/tags?post=4228"}],"curies":[{"name":"wp","href":"https:\/\/api.w.org\/{rel}","templated":true}]}}