{"id":4281,"date":"2017-06-29T14:43:53","date_gmt":"2017-06-29T14:43:53","guid":{"rendered":"http:\/\/vientosur.top\/museo\/\/?p=4281"},"modified":"2017-06-29T14:43:53","modified_gmt":"2017-06-29T14:43:53","slug":"museo-violeta-parra-dobla-su-oferta-de-talleres-educativos","status":"publish","type":"post","link":"http:\/\/vientosur.top\/museo\/museo-violeta-parra-dobla-su-oferta-de-talleres-educativos\/","title":{"rendered":"Por alta demanda del p\u00fablico: Museo Violeta Parra dobla su oferta de talleres educativos"},"content":{"rendered":"<p>Desde su inauguraci\u00f3n, el 4 de octubre de 2015, el Museo Violeta Parra ha asumido un compromiso con la comunidad dictando talleres gratuitos para toda la familia durante los fines de semana. En ese sentido- y debido a la constante demanda por estas actividades- el \u00e1rea de Educaci\u00f3n de la instituci\u00f3n incrementar\u00e1 a partir de julio un taller m\u00e1s, que incluir\u00e1 s\u00e1bados y domingos hasta fin de a\u00f1o, con el fin de abarcar una mayor cantidad de personas interesadas. Este aumento program\u00e1tico se suma a otras instancias como las realizadas junto a Fundaci\u00f3n Artesan\u00edas de Chile, Saber Hacer o el Consejo Nacional de Televisi\u00f3n.<\/p>\n<p>&nbsp;<\/p>\n<p>\u00abLas actividades gratuitas que realiza el museo son un punto neur\u00e1lgico de su quehacer. Es tan buena la respuesta que hemos tenido, que los cupos mensuales suelen acabarse en media hora. Por tal motivo, y considerando que los 100 a\u00f1os de Violeta requieren un esfuerzo adicional, queremos que m\u00e1s participantes se inscriban\u00bb, explica la Directora del Museo, Cecilia Garc\u00eda-Huidobro.<\/p>\n<p>&nbsp;<\/p>\n<p>\u00abLos talleres del museo se han ganado el cari\u00f1o de nuestro p\u00fablico, principalmente porque son participativos en la forma de convocar a nuestros talleristas, que vienen de diversas disciplinas y adaptan sus propuestas para cumplir el objetivo de difundir, homenajear y poner en valor el legado de Violeta Parra, transform\u00e1ndose en un espacio interesante para ense\u00f1ar su conocimiento\u00bb, dice Esteban Torres, jefe del \u00e1rea de Educaci\u00f3n, Mediaci\u00f3n y Audiencias del Museo Violeta Parra.<\/p>\n<p>&nbsp;<\/p>\n<p>Todas las actividades del Museo Violeta Parra son gratuitas. La inscripci\u00f3n se realiza llamando al 23554600, desde las 9:30 horas, el martes o mi\u00e9rcoles previo a su realizaci\u00f3n.<\/p>\n<p>&nbsp;<\/p>\n<p><strong>Talleres de fines de semana en julio<\/strong><\/p>\n<p><a href=\"http:\/\/vientosur.top\/museo\/\/actividades\/actividad\/taller-de-timbres-artesanales-los-pajaros-de-violeta\/\" target=\"_blank\" rel=\"noopener noreferrer\">Taller de Timbres Artesanales: Los P\u00e1jaros de Violeta<br \/>\n<\/a><a href=\"http:\/\/vientosur.top\/museo\/\/actividades\/actividad\/taller-de-creacion-de-munecas\/\" target=\"_blank\" rel=\"noopener noreferrer\">Taller de Creaci\u00f3n de Mu\u00f1ecas<br \/>\n<\/a><a href=\"http:\/\/vientosur.top\/museo\/\/actividades\/actividad\/taller-de-pandero-cuequero\/\" target=\"_blank\" rel=\"noopener noreferrer\">Taller de Pandero Cuequero<\/a><br \/>\n<a href=\"http:\/\/vientosur.top\/museo\/\/actividades\/actividad\/taller-de-introduccion-a-la-decima\/\" target=\"_blank\" rel=\"noopener noreferrer\">Taller de Introducci\u00f3n a la D\u00e9cima<br \/>\n<\/a><a href=\"http:\/\/vientosur.top\/museo\/\/actividades\/actividad\/taller-de-arpillera-colectiva-centenario-de-violeta-parra\/\" target=\"_blank\" rel=\"noopener noreferrer\">Taller de Arpillera Colectiva Centenario de Violeta Parra<\/a><br \/>\n<a href=\"http:\/\/vientosur.top\/museo\/\/actividades\/actividad\/taller-de-retablos-las-puertas-de-violeta\/\" target=\"_blank\" rel=\"noopener noreferrer\">Taller de Retablos: Las Puertas de Violeta<br \/>\n<\/a><a href=\"http:\/\/vientosur.top\/museo\/\/actividades\/actividad\/taller-una-joya-para-violeta\/\" target=\"_blank\" rel=\"noopener noreferrer\">Taller Una Joya para Violeta<\/a><br \/>\n<a href=\"http:\/\/vientosur.top\/museo\/\/actividades\/actividad\/taller-de-estampado-por-plantilla\/\" target=\"_blank\" rel=\"noopener noreferrer\">Taller de Estampado por Plantilla<\/a><br \/>\n<a href=\"http:\/\/vientosur.top\/museo\/\/actividades\/actividad\/taller-de-alfareria-en-papel\/\" target=\"_blank\" rel=\"noopener noreferrer\">Taller de Alfarer\u00eda en Papel<\/a><br \/>\n<a href=\"http:\/\/vientosur.top\/museo\/\/actividades\/actividad\/taller-de-amuleto-textil\/\" target=\"_blank\" rel=\"noopener noreferrer\">Taller de Amuleto Textil<\/a><\/p>\n<h4><\/h4>\n","protected":false},"excerpt":{"rendered":"<p>Desde su inauguraci\u00f3n, el 4 de octubre de 2015, el Museo Violeta Parra ha asumido un compromiso con la comunidad dictando talleres gratuitos para toda la familia durante los fines de semana. En ese sentido- y debido a la constante demanda por estas actividades- el \u00e1rea de Educaci\u00f3n de la instituci\u00f3n incrementar\u00e1 a partir de [&hellip;]<\/p>\n","protected":false},"author":5,"featured_media":4437,"comment_status":"open","ping_status":"open","sticky":false,"template":"","format":"standard","meta":{"site-sidebar-layout":"default","site-content-layout":"","ast-site-content-layout":"default","site-content-style":"default","site-sidebar-style":"default","ast-global-header-display":"","ast-banner-title-visibility":"","ast-main-header-display":"","ast-hfb-above-header-display":"","ast-hfb-below-header-display":"","ast-hfb-mobile-header-display":"","site-post-title":"","ast-breadcrumbs-content":"","ast-featured-img":"","footer-sml-layout":"","theme-transparent-header-meta":"","adv-header-id-meta":"","stick-header-meta":"","header-above-stick-meta":"","header-main-stick-meta":"","header-below-stick-meta":"","astra-migrate-meta-layouts":"default","ast-page-background-enabled":"default","ast-page-background-meta":{"desktop":{"background-color":"var(--ast-global-color-4)","background-image":"","background-repeat":"repeat","background-position":"center center","background-size":"auto","background-attachment":"scroll","background-type":"","background-media":"","overlay-type":"","overlay-color":"","overlay-opacity":"","overlay-gradient":""},"tablet":{"background-color":"","background-image":"","background-repeat":"repeat","background-position":"center center","background-size":"auto","background-attachment":"scroll","background-type":"","background-media":"","overlay-type":"","overlay-color":"","overlay-opacity":"","overlay-gradient":""},"mobile":{"background-color":"","background-image":"","background-repeat":"repeat","background-position":"center center","background-size":"auto","background-attachment":"scroll","background-type":"","background-media":"","overlay-type":"","overlay-color":"","overlay-opacity":"","overlay-gradient":""}},"ast-content-background-meta":{"desktop":{"background-color":"var(--ast-global-color-5)","background-image":"","background-repeat":"repeat","background-position":"center center","background-size":"auto","background-attachment":"scroll","background-type":"","background-media":"","overlay-type":"","overlay-color":"","overlay-opacity":"","overlay-gradient":""},"tablet":{"background-color":"var(--ast-global-color-5)","background-image":"","background-repeat":"repeat","background-position":"center center","background-size":"auto","background-attachment":"scroll","background-type":"","background-media":"","overlay-type":"","overlay-color":"","overlay-opacity":"","overlay-gradient":""},"mobile":{"background-color":"var(--ast-global-color-5)","background-image":"","background-repeat":"repeat","background-position":"center center","background-size":"auto","background-attachment":"scroll","background-type":"","background-media":"","overlay-type":"","overlay-color":"","overlay-opacity":"","overlay-gradient":""}},"footnotes":""},"categories":[59,8],"tags":[],"class_list":["post-4281","post","type-post","status-publish","format-standard","has-post-thumbnail","hentry","category-destacado-noticia","category-noticias"],"yoast_head":"<!-- This site is optimized with the Yoast SEO plugin v25.4 - https:\/\/yoast.com\/wordpress\/plugins\/seo\/ -->\n<title>Por alta demanda del p\u00fablico: Museo Violeta Parra dobla su oferta de talleres educativos - Museo Violeta Parra<\/title>\n<meta name=\"robots\" content=\"index, follow, max-snippet:-1, max-image-preview:large, max-video-preview:-1\" \/>\n<link rel=\"canonical\" href=\"http:\/\/vientosur.top\/museo\/museo-violeta-parra-dobla-su-oferta-de-talleres-educativos\/\" \/>\n<meta property=\"og:locale\" content=\"es_ES\" \/>\n<meta property=\"og:type\" content=\"article\" \/>\n<meta property=\"og:title\" content=\"Por alta demanda del p\u00fablico: Museo Violeta Parra dobla su oferta de talleres educativos - Museo Violeta Parra\" \/>\n<meta property=\"og:description\" content=\"Desde su inauguraci\u00f3n, el 4 de octubre de 2015, el Museo Violeta Parra ha asumido un compromiso con la comunidad dictando talleres gratuitos para toda la familia durante los fines de semana. En ese sentido- y debido a la constante demanda por estas actividades- el \u00e1rea de Educaci\u00f3n de la instituci\u00f3n incrementar\u00e1 a partir de [&hellip;]\" \/>\n<meta property=\"og:url\" content=\"http:\/\/vientosur.top\/museo\/museo-violeta-parra-dobla-su-oferta-de-talleres-educativos\/\" \/>\n<meta property=\"og:site_name\" content=\"Museo Violeta Parra\" \/>\n<meta property=\"article:published_time\" content=\"2017-06-29T14:43:53+00:00\" \/>\n<meta property=\"og:image\" content=\"http:\/\/vientosur.top\/museo\/wp-content\/uploads\/2017\/06\/DSC_0168.jpg\" \/>\n\t<meta property=\"og:image:width\" content=\"1200\" \/>\n\t<meta property=\"og:image:height\" content=\"798\" \/>\n\t<meta property=\"og:image:type\" content=\"image\/jpeg\" \/>\n<meta name=\"author\" content=\"admin\" \/>\n<meta name=\"twitter:card\" content=\"summary_large_image\" \/>\n<meta name=\"twitter:label1\" content=\"Escrito por\" \/>\n\t<meta name=\"twitter:data1\" content=\"admin\" \/>\n\t<meta name=\"twitter:label2\" content=\"Tiempo de lectura\" \/>\n\t<meta name=\"twitter:data2\" content=\"2 minutos\" \/>\n<script type=\"application\/ld+json\" class=\"yoast-schema-graph\">{\"@context\":\"https:\/\/schema.org\",\"@graph\":[{\"@type\":\"WebPage\",\"@id\":\"http:\/\/vientosur.top\/museo\/museo-violeta-parra-dobla-su-oferta-de-talleres-educativos\/\",\"url\":\"http:\/\/vientosur.top\/museo\/museo-violeta-parra-dobla-su-oferta-de-talleres-educativos\/\",\"name\":\"Por alta demanda del p\u00fablico: Museo Violeta Parra dobla su oferta de talleres educativos - Museo Violeta Parra\",\"isPartOf\":{\"@id\":\"http:\/\/vientosur.top\/museo\/#website\"},\"primaryImageOfPage\":{\"@id\":\"http:\/\/vientosur.top\/museo\/museo-violeta-parra-dobla-su-oferta-de-talleres-educativos\/#primaryimage\"},\"image\":{\"@id\":\"http:\/\/vientosur.top\/museo\/museo-violeta-parra-dobla-su-oferta-de-talleres-educativos\/#primaryimage\"},\"thumbnailUrl\":\"http:\/\/vientosur.top\/museo\/wp-content\/uploads\/2017\/06\/DSC_0168.jpg\",\"datePublished\":\"2017-06-29T14:43:53+00:00\",\"author\":{\"@id\":\"http:\/\/vientosur.top\/museo\/#\/schema\/person\/20c79d3c38800971feec8c2693c3dd9c\"},\"breadcrumb\":{\"@id\":\"http:\/\/vientosur.top\/museo\/museo-violeta-parra-dobla-su-oferta-de-talleres-educativos\/#breadcrumb\"},\"inLanguage\":\"es\",\"potentialAction\":[{\"@type\":\"ReadAction\",\"target\":[\"http:\/\/vientosur.top\/museo\/museo-violeta-parra-dobla-su-oferta-de-talleres-educativos\/\"]}]},{\"@type\":\"ImageObject\",\"inLanguage\":\"es\",\"@id\":\"http:\/\/vientosur.top\/museo\/museo-violeta-parra-dobla-su-oferta-de-talleres-educativos\/#primaryimage\",\"url\":\"http:\/\/vientosur.top\/museo\/wp-content\/uploads\/2017\/06\/DSC_0168.jpg\",\"contentUrl\":\"http:\/\/vientosur.top\/museo\/wp-content\/uploads\/2017\/06\/DSC_0168.jpg\",\"width\":1200,\"height\":798},{\"@type\":\"BreadcrumbList\",\"@id\":\"http:\/\/vientosur.top\/museo\/museo-violeta-parra-dobla-su-oferta-de-talleres-educativos\/#breadcrumb\",\"itemListElement\":[{\"@type\":\"ListItem\",\"position\":1,\"name\":\"Portada\",\"item\":\"http:\/\/vientosur.top\/museo\/\"},{\"@type\":\"ListItem\",\"position\":2,\"name\":\"Por alta demanda del p\u00fablico: Museo Violeta Parra dobla su oferta de talleres educativos\"}]},{\"@type\":\"WebSite\",\"@id\":\"http:\/\/vientosur.top\/museo\/#website\",\"url\":\"http:\/\/vientosur.top\/museo\/\",\"name\":\"Museo Violeta Parra\",\"description\":\"Espacio que alberga tanto la memoria y legado creativo de la artista\",\"potentialAction\":[{\"@type\":\"SearchAction\",\"target\":{\"@type\":\"EntryPoint\",\"urlTemplate\":\"http:\/\/vientosur.top\/museo\/?s={search_term_string}\"},\"query-input\":{\"@type\":\"PropertyValueSpecification\",\"valueRequired\":true,\"valueName\":\"search_term_string\"}}],\"inLanguage\":\"es\"},{\"@type\":\"Person\",\"@id\":\"http:\/\/vientosur.top\/museo\/#\/schema\/person\/20c79d3c38800971feec8c2693c3dd9c\",\"name\":\"admin\",\"image\":{\"@type\":\"ImageObject\",\"inLanguage\":\"es\",\"@id\":\"http:\/\/vientosur.top\/museo\/#\/schema\/person\/image\/\",\"url\":\"https:\/\/secure.gravatar.com\/avatar\/713677ece3ffa642287213a80e5b773bce9ab81c269dd6d95102a990951c922f?s=96&d=mm&r=g\",\"contentUrl\":\"https:\/\/secure.gravatar.com\/avatar\/713677ece3ffa642287213a80e5b773bce9ab81c269dd6d95102a990951c922f?s=96&d=mm&r=g\",\"caption\":\"admin\"},\"sameAs\":[\"http:\/\/vientosur.top\/museo\"],\"url\":\"http:\/\/vientosur.top\/museo\/author\/comunicacionesmvp\/\"}]}<\/script>\n<!-- \/ Yoast SEO plugin. -->","yoast_head_json":{"title":"Por alta demanda del p\u00fablico: Museo Violeta Parra dobla su oferta de talleres educativos - Museo Violeta Parra","robots":{"index":"index","follow":"follow","max-snippet":"max-snippet:-1","max-image-preview":"max-image-preview:large","max-video-preview":"max-video-preview:-1"},"canonical":"http:\/\/vientosur.top\/museo\/museo-violeta-parra-dobla-su-oferta-de-talleres-educativos\/","og_locale":"es_ES","og_type":"article","og_title":"Por alta demanda del p\u00fablico: Museo Violeta Parra dobla su oferta de talleres educativos - Museo Violeta Parra","og_description":"Desde su inauguraci\u00f3n, el 4 de octubre de 2015, el Museo Violeta Parra ha asumido un compromiso con la comunidad dictando talleres gratuitos para toda la familia durante los fines de semana. En ese sentido- y debido a la constante demanda por estas actividades- el \u00e1rea de Educaci\u00f3n de la instituci\u00f3n incrementar\u00e1 a partir de [&hellip;]","og_url":"http:\/\/vientosur.top\/museo\/museo-violeta-parra-dobla-su-oferta-de-talleres-educativos\/","og_site_name":"Museo Violeta Parra","article_published_time":"2017-06-29T14:43:53+00:00","og_image":[{"width":1200,"height":798,"url":"http:\/\/vientosur.top\/museo\/wp-content\/uploads\/2017\/06\/DSC_0168.jpg","type":"image\/jpeg"}],"author":"admin","twitter_card":"summary_large_image","twitter_misc":{"Escrito por":"admin","Tiempo de lectura":"2 minutos"},"schema":{"@context":"https:\/\/schema.org","@graph":[{"@type":"WebPage","@id":"http:\/\/vientosur.top\/museo\/museo-violeta-parra-dobla-su-oferta-de-talleres-educativos\/","url":"http:\/\/vientosur.top\/museo\/museo-violeta-parra-dobla-su-oferta-de-talleres-educativos\/","name":"Por alta demanda del p\u00fablico: Museo Violeta Parra dobla su oferta de talleres educativos - Museo Violeta Parra","isPartOf":{"@id":"http:\/\/vientosur.top\/museo\/#website"},"primaryImageOfPage":{"@id":"http:\/\/vientosur.top\/museo\/museo-violeta-parra-dobla-su-oferta-de-talleres-educativos\/#primaryimage"},"image":{"@id":"http:\/\/vientosur.top\/museo\/museo-violeta-parra-dobla-su-oferta-de-talleres-educativos\/#primaryimage"},"thumbnailUrl":"http:\/\/vientosur.top\/museo\/wp-content\/uploads\/2017\/06\/DSC_0168.jpg","datePublished":"2017-06-29T14:43:53+00:00","author":{"@id":"http:\/\/vientosur.top\/museo\/#\/schema\/person\/20c79d3c38800971feec8c2693c3dd9c"},"breadcrumb":{"@id":"http:\/\/vientosur.top\/museo\/museo-violeta-parra-dobla-su-oferta-de-talleres-educativos\/#breadcrumb"},"inLanguage":"es","potentialAction":[{"@type":"ReadAction","target":["http:\/\/vientosur.top\/museo\/museo-violeta-parra-dobla-su-oferta-de-talleres-educativos\/"]}]},{"@type":"ImageObject","inLanguage":"es","@id":"http:\/\/vientosur.top\/museo\/museo-violeta-parra-dobla-su-oferta-de-talleres-educativos\/#primaryimage","url":"http:\/\/vientosur.top\/museo\/wp-content\/uploads\/2017\/06\/DSC_0168.jpg","contentUrl":"http:\/\/vientosur.top\/museo\/wp-content\/uploads\/2017\/06\/DSC_0168.jpg","width":1200,"height":798},{"@type":"BreadcrumbList","@id":"http:\/\/vientosur.top\/museo\/museo-violeta-parra-dobla-su-oferta-de-talleres-educativos\/#breadcrumb","itemListElement":[{"@type":"ListItem","position":1,"name":"Portada","item":"http:\/\/vientosur.top\/museo\/"},{"@type":"ListItem","position":2,"name":"Por alta demanda del p\u00fablico: Museo Violeta Parra dobla su oferta de talleres educativos"}]},{"@type":"WebSite","@id":"http:\/\/vientosur.top\/museo\/#website","url":"http:\/\/vientosur.top\/museo\/","name":"Museo Violeta Parra","description":"Espacio que alberga tanto la memoria y legado creativo de la artista","potentialAction":[{"@type":"SearchAction","target":{"@type":"EntryPoint","urlTemplate":"http:\/\/vientosur.top\/museo\/?s={search_term_string}"},"query-input":{"@type":"PropertyValueSpecification","valueRequired":true,"valueName":"search_term_string"}}],"inLanguage":"es"},{"@type":"Person","@id":"http:\/\/vientosur.top\/museo\/#\/schema\/person\/20c79d3c38800971feec8c2693c3dd9c","name":"admin","image":{"@type":"ImageObject","inLanguage":"es","@id":"http:\/\/vientosur.top\/museo\/#\/schema\/person\/image\/","url":"https:\/\/secure.gravatar.com\/avatar\/713677ece3ffa642287213a80e5b773bce9ab81c269dd6d95102a990951c922f?s=96&d=mm&r=g","contentUrl":"https:\/\/secure.gravatar.com\/avatar\/713677ece3ffa642287213a80e5b773bce9ab81c269dd6d95102a990951c922f?s=96&d=mm&r=g","caption":"admin"},"sameAs":["http:\/\/vientosur.top\/museo"],"url":"http:\/\/vientosur.top\/museo\/author\/comunicacionesmvp\/"}]}},"_links":{"self":[{"href":"http:\/\/vientosur.top\/museo\/wp-json\/wp\/v2\/posts\/4281","targetHints":{"allow":["GET"]}}],"collection":[{"href":"http:\/\/vientosur.top\/museo\/wp-json\/wp\/v2\/posts"}],"about":[{"href":"http:\/\/vientosur.top\/museo\/wp-json\/wp\/v2\/types\/post"}],"author":[{"embeddable":true,"href":"http:\/\/vientosur.top\/museo\/wp-json\/wp\/v2\/users\/5"}],"replies":[{"embeddable":true,"href":"http:\/\/vientosur.top\/museo\/wp-json\/wp\/v2\/comments?post=4281"}],"version-history":[{"count":0,"href":"http:\/\/vientosur.top\/museo\/wp-json\/wp\/v2\/posts\/4281\/revisions"}],"wp:featuredmedia":[{"embeddable":true,"href":"http:\/\/vientosur.top\/museo\/wp-json\/wp\/v2\/media\/4437"}],"wp:attachment":[{"href":"http:\/\/vientosur.top\/museo\/wp-json\/wp\/v2\/media?parent=4281"}],"wp:term":[{"taxonomy":"category","embeddable":true,"href":"http:\/\/vientosur.top\/museo\/wp-json\/wp\/v2\/categories?post=4281"},{"taxonomy":"post_tag","embeddable":true,"href":"http:\/\/vientosur.top\/museo\/wp-json\/wp\/v2\/tags?post=4281"}],"curies":[{"name":"wp","href":"https:\/\/api.w.org\/{rel}","templated":true}]}}