{"id":4314,"date":"2017-06-19T17:30:27","date_gmt":"2017-06-19T17:30:27","guid":{"rendered":"http:\/\/vientosur.top\/museo\/\/?p=4314"},"modified":"2017-06-19T17:30:27","modified_gmt":"2017-06-19T17:30:27","slug":"mira-la-lectura-de-la-arpillera-contra-la-guerra-de-violeta-parra-por-jorge-montealegre","status":"publish","type":"post","link":"http:\/\/vientosur.top\/museo\/mira-la-lectura-de-la-arpillera-contra-la-guerra-de-violeta-parra-por-jorge-montealegre\/","title":{"rendered":"Mira la lectura de la arpillera \u201cContra la guerra\u201d de Violeta Parra por Jorge Montealegre"},"content":{"rendered":"<p>El doctor Jorge Montealegre \u2014periodista, escritor, investigador y docente de la Universidad de Santiago\u2014 realiz\u00f3 esta lectura p\u00fablica de la obra realizada en 1962 el martes 11 de abril de 2017 en la Sala Divina del Museo Violeta Parra.<\/p>\n<p>\u201cVioleta Parra era una pacifista activa, y su mensaje es claro en esta obra. Nos hemos atrevido a entregar m\u00e1s elementos de interpretaci\u00f3n y de contexto, para que ese mensaje se ampl\u00ede y se comparta. Es un mensaje de ayer, pero tambi\u00e9n \u2014como casi toda su obra\u2014 de una gran vigencia\u201d, se\u00f1al\u00f3 el autor del libro \u00a0\u201cVioleta Parra\u201d, publicado en la Colecci\u00f3n \u201cGrandes de Chile\u201d del Sello Editorial Usach, en esta actividad organizada por el museo y el Departamento de Extensi\u00f3n de la casa de estudios.<\/p>\n<p>Fotograf\u00eda por \u00c1lvaro Hoppe.<\/p>\n<p>&nbsp;<\/p>\n<div class=\"ast-oembed-container \" style=\"height: 100%;\"><iframe title=\"Lectura de arpillera &quot;Contra la guerra&quot; de Violeta Parra por Jorge Montealegre\" width=\"500\" height=\"281\" src=\"https:\/\/www.youtube.com\/embed\/zJtXii3gGUE?feature=oembed\" frameborder=\"0\" allow=\"accelerometer; autoplay; clipboard-write; encrypted-media; gyroscope; picture-in-picture; web-share\" referrerpolicy=\"strict-origin-when-cross-origin\" allowfullscreen><\/iframe><\/div>\n","protected":false},"excerpt":{"rendered":"<p>El doctor Jorge Montealegre \u2014periodista, escritor, investigador y docente de la Universidad de Santiago\u2014 realiz\u00f3 esta lectura p\u00fablica de la obra realizada en 1962 el martes 11 de abril de 2017 en la Sala Divina del Museo Violeta Parra. \u201cVioleta Parra era una pacifista activa, y su mensaje es claro en esta obra. Nos hemos [&hellip;]<\/p>\n","protected":false},"author":5,"featured_media":4320,"comment_status":"open","ping_status":"open","sticky":false,"template":"","format":"standard","meta":{"site-sidebar-layout":"default","site-content-layout":"","ast-site-content-layout":"default","site-content-style":"default","site-sidebar-style":"default","ast-global-header-display":"","ast-banner-title-visibility":"","ast-main-header-display":"","ast-hfb-above-header-display":"","ast-hfb-below-header-display":"","ast-hfb-mobile-header-display":"","site-post-title":"","ast-breadcrumbs-content":"","ast-featured-img":"","footer-sml-layout":"","theme-transparent-header-meta":"","adv-header-id-meta":"","stick-header-meta":"","header-above-stick-meta":"","header-main-stick-meta":"","header-below-stick-meta":"","astra-migrate-meta-layouts":"default","ast-page-background-enabled":"default","ast-page-background-meta":{"desktop":{"background-color":"var(--ast-global-color-4)","background-image":"","background-repeat":"repeat","background-position":"center center","background-size":"auto","background-attachment":"scroll","background-type":"","background-media":"","overlay-type":"","overlay-color":"","overlay-opacity":"","overlay-gradient":""},"tablet":{"background-color":"","background-image":"","background-repeat":"repeat","background-position":"center center","background-size":"auto","background-attachment":"scroll","background-type":"","background-media":"","overlay-type":"","overlay-color":"","overlay-opacity":"","overlay-gradient":""},"mobile":{"background-color":"","background-image":"","background-repeat":"repeat","background-position":"center center","background-size":"auto","background-attachment":"scroll","background-type":"","background-media":"","overlay-type":"","overlay-color":"","overlay-opacity":"","overlay-gradient":""}},"ast-content-background-meta":{"desktop":{"background-color":"var(--ast-global-color-5)","background-image":"","background-repeat":"repeat","background-position":"center center","background-size":"auto","background-attachment":"scroll","background-type":"","background-media":"","overlay-type":"","overlay-color":"","overlay-opacity":"","overlay-gradient":""},"tablet":{"background-color":"var(--ast-global-color-5)","background-image":"","background-repeat":"repeat","background-position":"center center","background-size":"auto","background-attachment":"scroll","background-type":"","background-media":"","overlay-type":"","overlay-color":"","overlay-opacity":"","overlay-gradient":""},"mobile":{"background-color":"var(--ast-global-color-5)","background-image":"","background-repeat":"repeat","background-position":"center center","background-size":"auto","background-attachment":"scroll","background-type":"","background-media":"","overlay-type":"","overlay-color":"","overlay-opacity":"","overlay-gradient":""}},"footnotes":""},"categories":[59,8],"tags":[],"class_list":["post-4314","post","type-post","status-publish","format-standard","has-post-thumbnail","hentry","category-destacado-noticia","category-noticias"],"yoast_head":"<!-- This site is optimized with the Yoast SEO plugin v25.4 - https:\/\/yoast.com\/wordpress\/plugins\/seo\/ -->\n<title>Mira la lectura de la arpillera \u201cContra la guerra\u201d de Violeta Parra por Jorge Montealegre - Museo Violeta Parra<\/title>\n<meta name=\"robots\" content=\"index, follow, max-snippet:-1, max-image-preview:large, max-video-preview:-1\" \/>\n<link rel=\"canonical\" href=\"http:\/\/vientosur.top\/museo\/mira-la-lectura-de-la-arpillera-contra-la-guerra-de-violeta-parra-por-jorge-montealegre\/\" \/>\n<meta property=\"og:locale\" content=\"es_ES\" \/>\n<meta property=\"og:type\" content=\"article\" \/>\n<meta property=\"og:title\" content=\"Mira la lectura de la arpillera \u201cContra la guerra\u201d de Violeta Parra por Jorge Montealegre - Museo Violeta Parra\" \/>\n<meta property=\"og:description\" content=\"El doctor Jorge Montealegre \u2014periodista, escritor, investigador y docente de la Universidad de Santiago\u2014 realiz\u00f3 esta lectura p\u00fablica de la obra realizada en 1962 el martes 11 de abril de 2017 en la Sala Divina del Museo Violeta Parra. \u201cVioleta Parra era una pacifista activa, y su mensaje es claro en esta obra. Nos hemos [&hellip;]\" \/>\n<meta property=\"og:url\" content=\"http:\/\/vientosur.top\/museo\/mira-la-lectura-de-la-arpillera-contra-la-guerra-de-violeta-parra-por-jorge-montealegre\/\" \/>\n<meta property=\"og:site_name\" content=\"Museo Violeta Parra\" \/>\n<meta property=\"article:published_time\" content=\"2017-06-19T17:30:27+00:00\" \/>\n<meta property=\"og:image\" content=\"http:\/\/vientosur.top\/museo\/wp-content\/uploads\/2017\/06\/jorge-1-1024x684-1.jpg\" \/>\n\t<meta property=\"og:image:width\" content=\"1497\" \/>\n\t<meta property=\"og:image:height\" content=\"1000\" \/>\n\t<meta property=\"og:image:type\" content=\"image\/jpeg\" \/>\n<meta name=\"author\" content=\"admin\" \/>\n<meta name=\"twitter:card\" content=\"summary_large_image\" \/>\n<meta name=\"twitter:label1\" content=\"Escrito por\" \/>\n\t<meta name=\"twitter:data1\" content=\"admin\" \/>\n\t<meta name=\"twitter:label2\" content=\"Tiempo de lectura\" \/>\n\t<meta name=\"twitter:data2\" content=\"1 minuto\" \/>\n<script type=\"application\/ld+json\" class=\"yoast-schema-graph\">{\"@context\":\"https:\/\/schema.org\",\"@graph\":[{\"@type\":\"WebPage\",\"@id\":\"http:\/\/vientosur.top\/museo\/mira-la-lectura-de-la-arpillera-contra-la-guerra-de-violeta-parra-por-jorge-montealegre\/\",\"url\":\"http:\/\/vientosur.top\/museo\/mira-la-lectura-de-la-arpillera-contra-la-guerra-de-violeta-parra-por-jorge-montealegre\/\",\"name\":\"Mira la lectura de la arpillera \u201cContra la guerra\u201d de Violeta Parra por Jorge Montealegre - Museo Violeta Parra\",\"isPartOf\":{\"@id\":\"http:\/\/vientosur.top\/museo\/#website\"},\"primaryImageOfPage\":{\"@id\":\"http:\/\/vientosur.top\/museo\/mira-la-lectura-de-la-arpillera-contra-la-guerra-de-violeta-parra-por-jorge-montealegre\/#primaryimage\"},\"image\":{\"@id\":\"http:\/\/vientosur.top\/museo\/mira-la-lectura-de-la-arpillera-contra-la-guerra-de-violeta-parra-por-jorge-montealegre\/#primaryimage\"},\"thumbnailUrl\":\"http:\/\/vientosur.top\/museo\/wp-content\/uploads\/2017\/06\/jorge-1-1024x684-1.jpg\",\"datePublished\":\"2017-06-19T17:30:27+00:00\",\"author\":{\"@id\":\"http:\/\/vientosur.top\/museo\/#\/schema\/person\/20c79d3c38800971feec8c2693c3dd9c\"},\"breadcrumb\":{\"@id\":\"http:\/\/vientosur.top\/museo\/mira-la-lectura-de-la-arpillera-contra-la-guerra-de-violeta-parra-por-jorge-montealegre\/#breadcrumb\"},\"inLanguage\":\"es\",\"potentialAction\":[{\"@type\":\"ReadAction\",\"target\":[\"http:\/\/vientosur.top\/museo\/mira-la-lectura-de-la-arpillera-contra-la-guerra-de-violeta-parra-por-jorge-montealegre\/\"]}]},{\"@type\":\"ImageObject\",\"inLanguage\":\"es\",\"@id\":\"http:\/\/vientosur.top\/museo\/mira-la-lectura-de-la-arpillera-contra-la-guerra-de-violeta-parra-por-jorge-montealegre\/#primaryimage\",\"url\":\"http:\/\/vientosur.top\/museo\/wp-content\/uploads\/2017\/06\/jorge-1-1024x684-1.jpg\",\"contentUrl\":\"http:\/\/vientosur.top\/museo\/wp-content\/uploads\/2017\/06\/jorge-1-1024x684-1.jpg\",\"width\":1497,\"height\":1000},{\"@type\":\"BreadcrumbList\",\"@id\":\"http:\/\/vientosur.top\/museo\/mira-la-lectura-de-la-arpillera-contra-la-guerra-de-violeta-parra-por-jorge-montealegre\/#breadcrumb\",\"itemListElement\":[{\"@type\":\"ListItem\",\"position\":1,\"name\":\"Portada\",\"item\":\"http:\/\/vientosur.top\/museo\/\"},{\"@type\":\"ListItem\",\"position\":2,\"name\":\"Mira la lectura de la arpillera \u201cContra la guerra\u201d de Violeta Parra por Jorge Montealegre\"}]},{\"@type\":\"WebSite\",\"@id\":\"http:\/\/vientosur.top\/museo\/#website\",\"url\":\"http:\/\/vientosur.top\/museo\/\",\"name\":\"Museo Violeta Parra\",\"description\":\"Espacio que alberga tanto la memoria y legado creativo de la artista\",\"potentialAction\":[{\"@type\":\"SearchAction\",\"target\":{\"@type\":\"EntryPoint\",\"urlTemplate\":\"http:\/\/vientosur.top\/museo\/?s={search_term_string}\"},\"query-input\":{\"@type\":\"PropertyValueSpecification\",\"valueRequired\":true,\"valueName\":\"search_term_string\"}}],\"inLanguage\":\"es\"},{\"@type\":\"Person\",\"@id\":\"http:\/\/vientosur.top\/museo\/#\/schema\/person\/20c79d3c38800971feec8c2693c3dd9c\",\"name\":\"admin\",\"image\":{\"@type\":\"ImageObject\",\"inLanguage\":\"es\",\"@id\":\"http:\/\/vientosur.top\/museo\/#\/schema\/person\/image\/\",\"url\":\"https:\/\/secure.gravatar.com\/avatar\/713677ece3ffa642287213a80e5b773bce9ab81c269dd6d95102a990951c922f?s=96&d=mm&r=g\",\"contentUrl\":\"https:\/\/secure.gravatar.com\/avatar\/713677ece3ffa642287213a80e5b773bce9ab81c269dd6d95102a990951c922f?s=96&d=mm&r=g\",\"caption\":\"admin\"},\"sameAs\":[\"http:\/\/vientosur.top\/museo\"],\"url\":\"http:\/\/vientosur.top\/museo\/author\/comunicacionesmvp\/\"}]}<\/script>\n<!-- \/ Yoast SEO plugin. -->","yoast_head_json":{"title":"Mira la lectura de la arpillera \u201cContra la guerra\u201d de Violeta Parra por Jorge Montealegre - Museo Violeta Parra","robots":{"index":"index","follow":"follow","max-snippet":"max-snippet:-1","max-image-preview":"max-image-preview:large","max-video-preview":"max-video-preview:-1"},"canonical":"http:\/\/vientosur.top\/museo\/mira-la-lectura-de-la-arpillera-contra-la-guerra-de-violeta-parra-por-jorge-montealegre\/","og_locale":"es_ES","og_type":"article","og_title":"Mira la lectura de la arpillera \u201cContra la guerra\u201d de Violeta Parra por Jorge Montealegre - Museo Violeta Parra","og_description":"El doctor Jorge Montealegre \u2014periodista, escritor, investigador y docente de la Universidad de Santiago\u2014 realiz\u00f3 esta lectura p\u00fablica de la obra realizada en 1962 el martes 11 de abril de 2017 en la Sala Divina del Museo Violeta Parra. \u201cVioleta Parra era una pacifista activa, y su mensaje es claro en esta obra. Nos hemos [&hellip;]","og_url":"http:\/\/vientosur.top\/museo\/mira-la-lectura-de-la-arpillera-contra-la-guerra-de-violeta-parra-por-jorge-montealegre\/","og_site_name":"Museo Violeta Parra","article_published_time":"2017-06-19T17:30:27+00:00","og_image":[{"width":1497,"height":1000,"url":"http:\/\/vientosur.top\/museo\/wp-content\/uploads\/2017\/06\/jorge-1-1024x684-1.jpg","type":"image\/jpeg"}],"author":"admin","twitter_card":"summary_large_image","twitter_misc":{"Escrito por":"admin","Tiempo de lectura":"1 minuto"},"schema":{"@context":"https:\/\/schema.org","@graph":[{"@type":"WebPage","@id":"http:\/\/vientosur.top\/museo\/mira-la-lectura-de-la-arpillera-contra-la-guerra-de-violeta-parra-por-jorge-montealegre\/","url":"http:\/\/vientosur.top\/museo\/mira-la-lectura-de-la-arpillera-contra-la-guerra-de-violeta-parra-por-jorge-montealegre\/","name":"Mira la lectura de la arpillera \u201cContra la guerra\u201d de Violeta Parra por Jorge Montealegre - Museo Violeta Parra","isPartOf":{"@id":"http:\/\/vientosur.top\/museo\/#website"},"primaryImageOfPage":{"@id":"http:\/\/vientosur.top\/museo\/mira-la-lectura-de-la-arpillera-contra-la-guerra-de-violeta-parra-por-jorge-montealegre\/#primaryimage"},"image":{"@id":"http:\/\/vientosur.top\/museo\/mira-la-lectura-de-la-arpillera-contra-la-guerra-de-violeta-parra-por-jorge-montealegre\/#primaryimage"},"thumbnailUrl":"http:\/\/vientosur.top\/museo\/wp-content\/uploads\/2017\/06\/jorge-1-1024x684-1.jpg","datePublished":"2017-06-19T17:30:27+00:00","author":{"@id":"http:\/\/vientosur.top\/museo\/#\/schema\/person\/20c79d3c38800971feec8c2693c3dd9c"},"breadcrumb":{"@id":"http:\/\/vientosur.top\/museo\/mira-la-lectura-de-la-arpillera-contra-la-guerra-de-violeta-parra-por-jorge-montealegre\/#breadcrumb"},"inLanguage":"es","potentialAction":[{"@type":"ReadAction","target":["http:\/\/vientosur.top\/museo\/mira-la-lectura-de-la-arpillera-contra-la-guerra-de-violeta-parra-por-jorge-montealegre\/"]}]},{"@type":"ImageObject","inLanguage":"es","@id":"http:\/\/vientosur.top\/museo\/mira-la-lectura-de-la-arpillera-contra-la-guerra-de-violeta-parra-por-jorge-montealegre\/#primaryimage","url":"http:\/\/vientosur.top\/museo\/wp-content\/uploads\/2017\/06\/jorge-1-1024x684-1.jpg","contentUrl":"http:\/\/vientosur.top\/museo\/wp-content\/uploads\/2017\/06\/jorge-1-1024x684-1.jpg","width":1497,"height":1000},{"@type":"BreadcrumbList","@id":"http:\/\/vientosur.top\/museo\/mira-la-lectura-de-la-arpillera-contra-la-guerra-de-violeta-parra-por-jorge-montealegre\/#breadcrumb","itemListElement":[{"@type":"ListItem","position":1,"name":"Portada","item":"http:\/\/vientosur.top\/museo\/"},{"@type":"ListItem","position":2,"name":"Mira la lectura de la arpillera \u201cContra la guerra\u201d de Violeta Parra por Jorge Montealegre"}]},{"@type":"WebSite","@id":"http:\/\/vientosur.top\/museo\/#website","url":"http:\/\/vientosur.top\/museo\/","name":"Museo Violeta Parra","description":"Espacio que alberga tanto la memoria y legado creativo de la artista","potentialAction":[{"@type":"SearchAction","target":{"@type":"EntryPoint","urlTemplate":"http:\/\/vientosur.top\/museo\/?s={search_term_string}"},"query-input":{"@type":"PropertyValueSpecification","valueRequired":true,"valueName":"search_term_string"}}],"inLanguage":"es"},{"@type":"Person","@id":"http:\/\/vientosur.top\/museo\/#\/schema\/person\/20c79d3c38800971feec8c2693c3dd9c","name":"admin","image":{"@type":"ImageObject","inLanguage":"es","@id":"http:\/\/vientosur.top\/museo\/#\/schema\/person\/image\/","url":"https:\/\/secure.gravatar.com\/avatar\/713677ece3ffa642287213a80e5b773bce9ab81c269dd6d95102a990951c922f?s=96&d=mm&r=g","contentUrl":"https:\/\/secure.gravatar.com\/avatar\/713677ece3ffa642287213a80e5b773bce9ab81c269dd6d95102a990951c922f?s=96&d=mm&r=g","caption":"admin"},"sameAs":["http:\/\/vientosur.top\/museo"],"url":"http:\/\/vientosur.top\/museo\/author\/comunicacionesmvp\/"}]}},"_links":{"self":[{"href":"http:\/\/vientosur.top\/museo\/wp-json\/wp\/v2\/posts\/4314","targetHints":{"allow":["GET"]}}],"collection":[{"href":"http:\/\/vientosur.top\/museo\/wp-json\/wp\/v2\/posts"}],"about":[{"href":"http:\/\/vientosur.top\/museo\/wp-json\/wp\/v2\/types\/post"}],"author":[{"embeddable":true,"href":"http:\/\/vientosur.top\/museo\/wp-json\/wp\/v2\/users\/5"}],"replies":[{"embeddable":true,"href":"http:\/\/vientosur.top\/museo\/wp-json\/wp\/v2\/comments?post=4314"}],"version-history":[{"count":0,"href":"http:\/\/vientosur.top\/museo\/wp-json\/wp\/v2\/posts\/4314\/revisions"}],"wp:featuredmedia":[{"embeddable":true,"href":"http:\/\/vientosur.top\/museo\/wp-json\/wp\/v2\/media\/4320"}],"wp:attachment":[{"href":"http:\/\/vientosur.top\/museo\/wp-json\/wp\/v2\/media?parent=4314"}],"wp:term":[{"taxonomy":"category","embeddable":true,"href":"http:\/\/vientosur.top\/museo\/wp-json\/wp\/v2\/categories?post=4314"},{"taxonomy":"post_tag","embeddable":true,"href":"http:\/\/vientosur.top\/museo\/wp-json\/wp\/v2\/tags?post=4314"}],"curies":[{"name":"wp","href":"https:\/\/api.w.org\/{rel}","templated":true}]}}