{"id":4338,"date":"2017-06-21T19:00:24","date_gmt":"2017-06-21T19:00:24","guid":{"rendered":"http:\/\/vientosur.top\/museo\/\/?p=4338"},"modified":"2017-06-21T19:00:24","modified_gmt":"2017-06-21T19:00:24","slug":"este-sabado-museo-violeta-parra-celebra-el-ano-nuevo-indigena-con-ceremonia-tradicional-y-muestra-gastronomica","status":"publish","type":"post","link":"http:\/\/vientosur.top\/museo\/este-sabado-museo-violeta-parra-celebra-el-ano-nuevo-indigena-con-ceremonia-tradicional-y-muestra-gastronomica\/","title":{"rendered":"Museo Violeta Parra celebr\u00f3 el A\u00f1o Nuevo Mapuche con ceremonia tradicional y muestra gastron\u00f3mica"},"content":{"rendered":"<p><em>Un completo \u00e9xito result\u00f3 El \u201cWi\u00f1ol Tripant\u00fc Museo Violeta Parra Mew\u201d el s\u00e1bado a las 16 horas en la explanada de la instituci\u00f3n. La celebraci\u00f3n del A\u00f1o Nuevo Ind\u00edgena estuvo\u00a0organizada por el Museo Violeta Parra y el Colectivo Territorial Pikun Mapu y cont\u00f3 con una muestra gastron\u00f3mica mapuche.\u00a0<\/em><\/p>\n<p>&nbsp;<\/p>\n<p>El 24 de junio de cada a\u00f1o, los pueblos originarios de Chile celebran una nueva salida del Sol en una ceremonia conocida como el We Tripant\u00fc o Wi\u00f1ol Tripant\u00fc.\u00a0 Esta fecha indica el inicio de un nuevo ciclo de la naturaleza y renovaci\u00f3n de la vida, tal como lo hac\u00edan sus antepasados desde hace siglos.<\/p>\n<p>&nbsp;<\/p>\n<p>El acontecimiento representa la noche m\u00e1s larga del a\u00f1o, en la que la tierra recupera su fertilidad, quedando lista para sembrar. Se renueva energ\u00eda y se agradece a trav\u00e9s de rogativas que este nuevo per\u00edodo resulte productivo en cuanto a cosechas.<\/p>\n<p>&nbsp;<\/p>\n<p><a href=\"https:\/\/www.facebook.com\/media\/set\/?set=a.1950842578492487.1073742205.1619584511618297&amp;type=3\"><strong>Ver galer\u00eda de im\u00e1genes<\/strong><\/a><\/p>\n<p><iframe src=\"https:\/\/www.youtube.com\/embed\/pALmxIWknrk\" width=\"560\" height=\"315\" frameborder=\"0\" allowfullscreen=\"allowfullscreen\"><\/iframe><\/p>\n","protected":false},"excerpt":{"rendered":"<p>Un completo \u00e9xito result\u00f3 El \u201cWi\u00f1ol Tripant\u00fc Museo Violeta Parra Mew\u201d el s\u00e1bado a las 16 horas en la explanada de la instituci\u00f3n. La celebraci\u00f3n del A\u00f1o Nuevo Ind\u00edgena estuvo\u00a0organizada por el Museo Violeta Parra y el Colectivo Territorial Pikun Mapu y cont\u00f3 con una muestra gastron\u00f3mica mapuche.\u00a0 &nbsp; El 24 de junio de cada [&hellip;]<\/p>\n","protected":false},"author":5,"featured_media":4388,"comment_status":"open","ping_status":"open","sticky":false,"template":"","format":"standard","meta":{"site-sidebar-layout":"default","site-content-layout":"","ast-site-content-layout":"default","site-content-style":"default","site-sidebar-style":"default","ast-global-header-display":"","ast-banner-title-visibility":"","ast-main-header-display":"","ast-hfb-above-header-display":"","ast-hfb-below-header-display":"","ast-hfb-mobile-header-display":"","site-post-title":"","ast-breadcrumbs-content":"","ast-featured-img":"","footer-sml-layout":"","theme-transparent-header-meta":"","adv-header-id-meta":"","stick-header-meta":"","header-above-stick-meta":"","header-main-stick-meta":"","header-below-stick-meta":"","astra-migrate-meta-layouts":"default","ast-page-background-enabled":"default","ast-page-background-meta":{"desktop":{"background-color":"var(--ast-global-color-4)","background-image":"","background-repeat":"repeat","background-position":"center center","background-size":"auto","background-attachment":"scroll","background-type":"","background-media":"","overlay-type":"","overlay-color":"","overlay-opacity":"","overlay-gradient":""},"tablet":{"background-color":"","background-image":"","background-repeat":"repeat","background-position":"center center","background-size":"auto","background-attachment":"scroll","background-type":"","background-media":"","overlay-type":"","overlay-color":"","overlay-opacity":"","overlay-gradient":""},"mobile":{"background-color":"","background-image":"","background-repeat":"repeat","background-position":"center center","background-size":"auto","background-attachment":"scroll","background-type":"","background-media":"","overlay-type":"","overlay-color":"","overlay-opacity":"","overlay-gradient":""}},"ast-content-background-meta":{"desktop":{"background-color":"var(--ast-global-color-5)","background-image":"","background-repeat":"repeat","background-position":"center center","background-size":"auto","background-attachment":"scroll","background-type":"","background-media":"","overlay-type":"","overlay-color":"","overlay-opacity":"","overlay-gradient":""},"tablet":{"background-color":"var(--ast-global-color-5)","background-image":"","background-repeat":"repeat","background-position":"center center","background-size":"auto","background-attachment":"scroll","background-type":"","background-media":"","overlay-type":"","overlay-color":"","overlay-opacity":"","overlay-gradient":""},"mobile":{"background-color":"var(--ast-global-color-5)","background-image":"","background-repeat":"repeat","background-position":"center center","background-size":"auto","background-attachment":"scroll","background-type":"","background-media":"","overlay-type":"","overlay-color":"","overlay-opacity":"","overlay-gradient":""}},"footnotes":""},"categories":[59,8,61],"tags":[],"class_list":["post-4338","post","type-post","status-publish","format-standard","has-post-thumbnail","hentry","category-destacado-noticia","category-noticias","category-novedades"],"yoast_head":"<!-- This site is optimized with the Yoast SEO plugin v25.4 - https:\/\/yoast.com\/wordpress\/plugins\/seo\/ -->\n<title>Museo Violeta Parra celebr\u00f3 el A\u00f1o Nuevo Mapuche con ceremonia tradicional y muestra gastron\u00f3mica - Museo Violeta Parra<\/title>\n<meta name=\"robots\" content=\"index, follow, max-snippet:-1, max-image-preview:large, max-video-preview:-1\" \/>\n<link rel=\"canonical\" href=\"http:\/\/vientosur.top\/museo\/este-sabado-museo-violeta-parra-celebra-el-ano-nuevo-indigena-con-ceremonia-tradicional-y-muestra-gastronomica\/\" \/>\n<meta property=\"og:locale\" content=\"es_ES\" \/>\n<meta property=\"og:type\" content=\"article\" \/>\n<meta property=\"og:title\" content=\"Museo Violeta Parra celebr\u00f3 el A\u00f1o Nuevo Mapuche con ceremonia tradicional y muestra gastron\u00f3mica - Museo Violeta Parra\" \/>\n<meta property=\"og:description\" content=\"Un completo \u00e9xito result\u00f3 El \u201cWi\u00f1ol Tripant\u00fc Museo Violeta Parra Mew\u201d el s\u00e1bado a las 16 horas en la explanada de la instituci\u00f3n. La celebraci\u00f3n del A\u00f1o Nuevo Ind\u00edgena estuvo\u00a0organizada por el Museo Violeta Parra y el Colectivo Territorial Pikun Mapu y cont\u00f3 con una muestra gastron\u00f3mica mapuche.\u00a0 &nbsp; El 24 de junio de cada [&hellip;]\" \/>\n<meta property=\"og:url\" content=\"http:\/\/vientosur.top\/museo\/este-sabado-museo-violeta-parra-celebra-el-ano-nuevo-indigena-con-ceremonia-tradicional-y-muestra-gastronomica\/\" \/>\n<meta property=\"og:site_name\" content=\"Museo Violeta Parra\" \/>\n<meta property=\"article:published_time\" content=\"2017-06-21T19:00:24+00:00\" \/>\n<meta property=\"og:image\" content=\"http:\/\/vientosur.top\/museo\/wp-content\/uploads\/2017\/06\/DSC_0838.jpg\" \/>\n\t<meta property=\"og:image:width\" content=\"1200\" \/>\n\t<meta property=\"og:image:height\" content=\"798\" \/>\n\t<meta property=\"og:image:type\" content=\"image\/jpeg\" \/>\n<meta name=\"author\" content=\"admin\" \/>\n<meta name=\"twitter:card\" content=\"summary_large_image\" \/>\n<meta name=\"twitter:label1\" content=\"Escrito por\" \/>\n\t<meta name=\"twitter:data1\" content=\"admin\" \/>\n\t<meta name=\"twitter:label2\" content=\"Tiempo de lectura\" \/>\n\t<meta name=\"twitter:data2\" content=\"1 minuto\" \/>\n<script type=\"application\/ld+json\" class=\"yoast-schema-graph\">{\"@context\":\"https:\/\/schema.org\",\"@graph\":[{\"@type\":\"WebPage\",\"@id\":\"http:\/\/vientosur.top\/museo\/este-sabado-museo-violeta-parra-celebra-el-ano-nuevo-indigena-con-ceremonia-tradicional-y-muestra-gastronomica\/\",\"url\":\"http:\/\/vientosur.top\/museo\/este-sabado-museo-violeta-parra-celebra-el-ano-nuevo-indigena-con-ceremonia-tradicional-y-muestra-gastronomica\/\",\"name\":\"Museo Violeta Parra celebr\u00f3 el A\u00f1o Nuevo Mapuche con ceremonia tradicional y muestra gastron\u00f3mica - Museo Violeta Parra\",\"isPartOf\":{\"@id\":\"http:\/\/vientosur.top\/museo\/#website\"},\"primaryImageOfPage\":{\"@id\":\"http:\/\/vientosur.top\/museo\/este-sabado-museo-violeta-parra-celebra-el-ano-nuevo-indigena-con-ceremonia-tradicional-y-muestra-gastronomica\/#primaryimage\"},\"image\":{\"@id\":\"http:\/\/vientosur.top\/museo\/este-sabado-museo-violeta-parra-celebra-el-ano-nuevo-indigena-con-ceremonia-tradicional-y-muestra-gastronomica\/#primaryimage\"},\"thumbnailUrl\":\"http:\/\/vientosur.top\/museo\/wp-content\/uploads\/2017\/06\/DSC_0838.jpg\",\"datePublished\":\"2017-06-21T19:00:24+00:00\",\"author\":{\"@id\":\"http:\/\/vientosur.top\/museo\/#\/schema\/person\/20c79d3c38800971feec8c2693c3dd9c\"},\"breadcrumb\":{\"@id\":\"http:\/\/vientosur.top\/museo\/este-sabado-museo-violeta-parra-celebra-el-ano-nuevo-indigena-con-ceremonia-tradicional-y-muestra-gastronomica\/#breadcrumb\"},\"inLanguage\":\"es\",\"potentialAction\":[{\"@type\":\"ReadAction\",\"target\":[\"http:\/\/vientosur.top\/museo\/este-sabado-museo-violeta-parra-celebra-el-ano-nuevo-indigena-con-ceremonia-tradicional-y-muestra-gastronomica\/\"]}]},{\"@type\":\"ImageObject\",\"inLanguage\":\"es\",\"@id\":\"http:\/\/vientosur.top\/museo\/este-sabado-museo-violeta-parra-celebra-el-ano-nuevo-indigena-con-ceremonia-tradicional-y-muestra-gastronomica\/#primaryimage\",\"url\":\"http:\/\/vientosur.top\/museo\/wp-content\/uploads\/2017\/06\/DSC_0838.jpg\",\"contentUrl\":\"http:\/\/vientosur.top\/museo\/wp-content\/uploads\/2017\/06\/DSC_0838.jpg\",\"width\":1200,\"height\":798},{\"@type\":\"BreadcrumbList\",\"@id\":\"http:\/\/vientosur.top\/museo\/este-sabado-museo-violeta-parra-celebra-el-ano-nuevo-indigena-con-ceremonia-tradicional-y-muestra-gastronomica\/#breadcrumb\",\"itemListElement\":[{\"@type\":\"ListItem\",\"position\":1,\"name\":\"Portada\",\"item\":\"http:\/\/vientosur.top\/museo\/\"},{\"@type\":\"ListItem\",\"position\":2,\"name\":\"Museo Violeta Parra celebr\u00f3 el A\u00f1o Nuevo Mapuche con ceremonia tradicional y muestra gastron\u00f3mica\"}]},{\"@type\":\"WebSite\",\"@id\":\"http:\/\/vientosur.top\/museo\/#website\",\"url\":\"http:\/\/vientosur.top\/museo\/\",\"name\":\"Museo Violeta Parra\",\"description\":\"Espacio que alberga tanto la memoria y legado creativo de la artista\",\"potentialAction\":[{\"@type\":\"SearchAction\",\"target\":{\"@type\":\"EntryPoint\",\"urlTemplate\":\"http:\/\/vientosur.top\/museo\/?s={search_term_string}\"},\"query-input\":{\"@type\":\"PropertyValueSpecification\",\"valueRequired\":true,\"valueName\":\"search_term_string\"}}],\"inLanguage\":\"es\"},{\"@type\":\"Person\",\"@id\":\"http:\/\/vientosur.top\/museo\/#\/schema\/person\/20c79d3c38800971feec8c2693c3dd9c\",\"name\":\"admin\",\"image\":{\"@type\":\"ImageObject\",\"inLanguage\":\"es\",\"@id\":\"http:\/\/vientosur.top\/museo\/#\/schema\/person\/image\/\",\"url\":\"https:\/\/secure.gravatar.com\/avatar\/713677ece3ffa642287213a80e5b773bce9ab81c269dd6d95102a990951c922f?s=96&d=mm&r=g\",\"contentUrl\":\"https:\/\/secure.gravatar.com\/avatar\/713677ece3ffa642287213a80e5b773bce9ab81c269dd6d95102a990951c922f?s=96&d=mm&r=g\",\"caption\":\"admin\"},\"sameAs\":[\"http:\/\/vientosur.top\/museo\"],\"url\":\"http:\/\/vientosur.top\/museo\/author\/comunicacionesmvp\/\"}]}<\/script>\n<!-- \/ Yoast SEO plugin. -->","yoast_head_json":{"title":"Museo Violeta Parra celebr\u00f3 el A\u00f1o Nuevo Mapuche con ceremonia tradicional y muestra gastron\u00f3mica - Museo Violeta Parra","robots":{"index":"index","follow":"follow","max-snippet":"max-snippet:-1","max-image-preview":"max-image-preview:large","max-video-preview":"max-video-preview:-1"},"canonical":"http:\/\/vientosur.top\/museo\/este-sabado-museo-violeta-parra-celebra-el-ano-nuevo-indigena-con-ceremonia-tradicional-y-muestra-gastronomica\/","og_locale":"es_ES","og_type":"article","og_title":"Museo Violeta Parra celebr\u00f3 el A\u00f1o Nuevo Mapuche con ceremonia tradicional y muestra gastron\u00f3mica - Museo Violeta Parra","og_description":"Un completo \u00e9xito result\u00f3 El \u201cWi\u00f1ol Tripant\u00fc Museo Violeta Parra Mew\u201d el s\u00e1bado a las 16 horas en la explanada de la instituci\u00f3n. La celebraci\u00f3n del A\u00f1o Nuevo Ind\u00edgena estuvo\u00a0organizada por el Museo Violeta Parra y el Colectivo Territorial Pikun Mapu y cont\u00f3 con una muestra gastron\u00f3mica mapuche.\u00a0 &nbsp; El 24 de junio de cada [&hellip;]","og_url":"http:\/\/vientosur.top\/museo\/este-sabado-museo-violeta-parra-celebra-el-ano-nuevo-indigena-con-ceremonia-tradicional-y-muestra-gastronomica\/","og_site_name":"Museo Violeta Parra","article_published_time":"2017-06-21T19:00:24+00:00","og_image":[{"width":1200,"height":798,"url":"http:\/\/vientosur.top\/museo\/wp-content\/uploads\/2017\/06\/DSC_0838.jpg","type":"image\/jpeg"}],"author":"admin","twitter_card":"summary_large_image","twitter_misc":{"Escrito por":"admin","Tiempo de lectura":"1 minuto"},"schema":{"@context":"https:\/\/schema.org","@graph":[{"@type":"WebPage","@id":"http:\/\/vientosur.top\/museo\/este-sabado-museo-violeta-parra-celebra-el-ano-nuevo-indigena-con-ceremonia-tradicional-y-muestra-gastronomica\/","url":"http:\/\/vientosur.top\/museo\/este-sabado-museo-violeta-parra-celebra-el-ano-nuevo-indigena-con-ceremonia-tradicional-y-muestra-gastronomica\/","name":"Museo Violeta Parra celebr\u00f3 el A\u00f1o Nuevo Mapuche con ceremonia tradicional y muestra gastron\u00f3mica - Museo Violeta Parra","isPartOf":{"@id":"http:\/\/vientosur.top\/museo\/#website"},"primaryImageOfPage":{"@id":"http:\/\/vientosur.top\/museo\/este-sabado-museo-violeta-parra-celebra-el-ano-nuevo-indigena-con-ceremonia-tradicional-y-muestra-gastronomica\/#primaryimage"},"image":{"@id":"http:\/\/vientosur.top\/museo\/este-sabado-museo-violeta-parra-celebra-el-ano-nuevo-indigena-con-ceremonia-tradicional-y-muestra-gastronomica\/#primaryimage"},"thumbnailUrl":"http:\/\/vientosur.top\/museo\/wp-content\/uploads\/2017\/06\/DSC_0838.jpg","datePublished":"2017-06-21T19:00:24+00:00","author":{"@id":"http:\/\/vientosur.top\/museo\/#\/schema\/person\/20c79d3c38800971feec8c2693c3dd9c"},"breadcrumb":{"@id":"http:\/\/vientosur.top\/museo\/este-sabado-museo-violeta-parra-celebra-el-ano-nuevo-indigena-con-ceremonia-tradicional-y-muestra-gastronomica\/#breadcrumb"},"inLanguage":"es","potentialAction":[{"@type":"ReadAction","target":["http:\/\/vientosur.top\/museo\/este-sabado-museo-violeta-parra-celebra-el-ano-nuevo-indigena-con-ceremonia-tradicional-y-muestra-gastronomica\/"]}]},{"@type":"ImageObject","inLanguage":"es","@id":"http:\/\/vientosur.top\/museo\/este-sabado-museo-violeta-parra-celebra-el-ano-nuevo-indigena-con-ceremonia-tradicional-y-muestra-gastronomica\/#primaryimage","url":"http:\/\/vientosur.top\/museo\/wp-content\/uploads\/2017\/06\/DSC_0838.jpg","contentUrl":"http:\/\/vientosur.top\/museo\/wp-content\/uploads\/2017\/06\/DSC_0838.jpg","width":1200,"height":798},{"@type":"BreadcrumbList","@id":"http:\/\/vientosur.top\/museo\/este-sabado-museo-violeta-parra-celebra-el-ano-nuevo-indigena-con-ceremonia-tradicional-y-muestra-gastronomica\/#breadcrumb","itemListElement":[{"@type":"ListItem","position":1,"name":"Portada","item":"http:\/\/vientosur.top\/museo\/"},{"@type":"ListItem","position":2,"name":"Museo Violeta Parra celebr\u00f3 el A\u00f1o Nuevo Mapuche con ceremonia tradicional y muestra gastron\u00f3mica"}]},{"@type":"WebSite","@id":"http:\/\/vientosur.top\/museo\/#website","url":"http:\/\/vientosur.top\/museo\/","name":"Museo Violeta Parra","description":"Espacio que alberga tanto la memoria y legado creativo de la artista","potentialAction":[{"@type":"SearchAction","target":{"@type":"EntryPoint","urlTemplate":"http:\/\/vientosur.top\/museo\/?s={search_term_string}"},"query-input":{"@type":"PropertyValueSpecification","valueRequired":true,"valueName":"search_term_string"}}],"inLanguage":"es"},{"@type":"Person","@id":"http:\/\/vientosur.top\/museo\/#\/schema\/person\/20c79d3c38800971feec8c2693c3dd9c","name":"admin","image":{"@type":"ImageObject","inLanguage":"es","@id":"http:\/\/vientosur.top\/museo\/#\/schema\/person\/image\/","url":"https:\/\/secure.gravatar.com\/avatar\/713677ece3ffa642287213a80e5b773bce9ab81c269dd6d95102a990951c922f?s=96&d=mm&r=g","contentUrl":"https:\/\/secure.gravatar.com\/avatar\/713677ece3ffa642287213a80e5b773bce9ab81c269dd6d95102a990951c922f?s=96&d=mm&r=g","caption":"admin"},"sameAs":["http:\/\/vientosur.top\/museo"],"url":"http:\/\/vientosur.top\/museo\/author\/comunicacionesmvp\/"}]}},"_links":{"self":[{"href":"http:\/\/vientosur.top\/museo\/wp-json\/wp\/v2\/posts\/4338","targetHints":{"allow":["GET"]}}],"collection":[{"href":"http:\/\/vientosur.top\/museo\/wp-json\/wp\/v2\/posts"}],"about":[{"href":"http:\/\/vientosur.top\/museo\/wp-json\/wp\/v2\/types\/post"}],"author":[{"embeddable":true,"href":"http:\/\/vientosur.top\/museo\/wp-json\/wp\/v2\/users\/5"}],"replies":[{"embeddable":true,"href":"http:\/\/vientosur.top\/museo\/wp-json\/wp\/v2\/comments?post=4338"}],"version-history":[{"count":0,"href":"http:\/\/vientosur.top\/museo\/wp-json\/wp\/v2\/posts\/4338\/revisions"}],"wp:featuredmedia":[{"embeddable":true,"href":"http:\/\/vientosur.top\/museo\/wp-json\/wp\/v2\/media\/4388"}],"wp:attachment":[{"href":"http:\/\/vientosur.top\/museo\/wp-json\/wp\/v2\/media?parent=4338"}],"wp:term":[{"taxonomy":"category","embeddable":true,"href":"http:\/\/vientosur.top\/museo\/wp-json\/wp\/v2\/categories?post=4338"},{"taxonomy":"post_tag","embeddable":true,"href":"http:\/\/vientosur.top\/museo\/wp-json\/wp\/v2\/tags?post=4338"}],"curies":[{"name":"wp","href":"https:\/\/api.w.org\/{rel}","templated":true}]}}