{"id":4340,"date":"2017-06-28T10:00:35","date_gmt":"2017-06-28T10:00:35","guid":{"rendered":"http:\/\/vientosur.top\/museo\/\/?p=4340"},"modified":"2017-06-28T10:00:35","modified_gmt":"2017-06-28T10:00:35","slug":"martes-27-a-las-1600-horas-recuerdo-de-angel-parra-por-su-hermana-isabel","status":"publish","type":"post","link":"http:\/\/vientosur.top\/museo\/martes-27-a-las-1600-horas-recuerdo-de-angel-parra-por-su-hermana-isabel\/","title":{"rendered":"Museo Violeta Parra realiza homenaje \u00abRecuerdo de \u00c1ngel Parra por su hermana Isabel\u00bb"},"content":{"rendered":"<p>Un sentido y emocionante homenaje realiz\u00f3 Isabel Parra a su hermano \u00c1ngel en el d\u00eda de su cumplea\u00f1os. \u00abRecuerdo de \u00c1ngel Parra por su hermana Isabel\u00bb con la participaci\u00f3n de Tita Parra, fue el acto en el que se revivieron distintas an\u00e9cdotas del cantautor fallecido en marzo de este a\u00f1o.<\/p>\n<p>\u00c1ngel Parra naci\u00f3 el 27 de junio de 1943 en Valpara\u00edso y fue uno de los cantores m\u00e1s relevantes de Chile y de la Nueva Canci\u00f3n Chilena durante el siglo XX.\u00a0La influencia de su madre y el est\u00edmulo de ella para entender\u00a0la m\u00fasica y la creaci\u00f3n como actividades incorporadas naturalmente a lo cotidiano lo convirtieron en cantor sin buscarlo junto a su hermana.<\/p>\n<p>\u00abTen\u00eda un humor bastante caracter\u00edstico y alegre. Vivimos una larga historia musical junto a la\u00a0Violeta y recorrimos caminos que no estaban trazados de la m\u00fasica,\u00a0como viajes y encuentros. Con \u00c1ngel hab\u00eda una relaci\u00f3n maravillosa de hermana y hermano\u00bb, recuerda Isabel Parra.<\/p>\n<p><a href=\"https:\/\/www.facebook.com\/pg\/MuseoVioletaParra\/photos\/?tab=album&amp;album_id=1951342755109136\">Ver im\u00e1genes ac\u00e1:\u00a0<\/a><\/p>\n<p>&nbsp;<\/p>\n","protected":false},"excerpt":{"rendered":"<p>Un sentido y emocionante homenaje realiz\u00f3 Isabel Parra a su hermano \u00c1ngel en el d\u00eda de su cumplea\u00f1os. \u00abRecuerdo de \u00c1ngel Parra por su hermana Isabel\u00bb con la participaci\u00f3n de Tita Parra, fue el acto en el que se revivieron distintas an\u00e9cdotas del cantautor fallecido en marzo de este a\u00f1o. \u00c1ngel Parra naci\u00f3 el 27 [&hellip;]<\/p>\n","protected":false},"author":5,"featured_media":4408,"comment_status":"open","ping_status":"open","sticky":false,"template":"","format":"standard","meta":{"site-sidebar-layout":"default","site-content-layout":"","ast-site-content-layout":"default","site-content-style":"default","site-sidebar-style":"default","ast-global-header-display":"","ast-banner-title-visibility":"","ast-main-header-display":"","ast-hfb-above-header-display":"","ast-hfb-below-header-display":"","ast-hfb-mobile-header-display":"","site-post-title":"","ast-breadcrumbs-content":"","ast-featured-img":"","footer-sml-layout":"","theme-transparent-header-meta":"","adv-header-id-meta":"","stick-header-meta":"","header-above-stick-meta":"","header-main-stick-meta":"","header-below-stick-meta":"","astra-migrate-meta-layouts":"default","ast-page-background-enabled":"default","ast-page-background-meta":{"desktop":{"background-color":"var(--ast-global-color-4)","background-image":"","background-repeat":"repeat","background-position":"center center","background-size":"auto","background-attachment":"scroll","background-type":"","background-media":"","overlay-type":"","overlay-color":"","overlay-opacity":"","overlay-gradient":""},"tablet":{"background-color":"","background-image":"","background-repeat":"repeat","background-position":"center center","background-size":"auto","background-attachment":"scroll","background-type":"","background-media":"","overlay-type":"","overlay-color":"","overlay-opacity":"","overlay-gradient":""},"mobile":{"background-color":"","background-image":"","background-repeat":"repeat","background-position":"center center","background-size":"auto","background-attachment":"scroll","background-type":"","background-media":"","overlay-type":"","overlay-color":"","overlay-opacity":"","overlay-gradient":""}},"ast-content-background-meta":{"desktop":{"background-color":"var(--ast-global-color-5)","background-image":"","background-repeat":"repeat","background-position":"center center","background-size":"auto","background-attachment":"scroll","background-type":"","background-media":"","overlay-type":"","overlay-color":"","overlay-opacity":"","overlay-gradient":""},"tablet":{"background-color":"var(--ast-global-color-5)","background-image":"","background-repeat":"repeat","background-position":"center center","background-size":"auto","background-attachment":"scroll","background-type":"","background-media":"","overlay-type":"","overlay-color":"","overlay-opacity":"","overlay-gradient":""},"mobile":{"background-color":"var(--ast-global-color-5)","background-image":"","background-repeat":"repeat","background-position":"center center","background-size":"auto","background-attachment":"scroll","background-type":"","background-media":"","overlay-type":"","overlay-color":"","overlay-opacity":"","overlay-gradient":""}},"footnotes":""},"categories":[59,8,61],"tags":[],"class_list":["post-4340","post","type-post","status-publish","format-standard","has-post-thumbnail","hentry","category-destacado-noticia","category-noticias","category-novedades"],"yoast_head":"<!-- This site is optimized with the Yoast SEO plugin v25.4 - https:\/\/yoast.com\/wordpress\/plugins\/seo\/ -->\n<title>Museo Violeta Parra realiza homenaje &quot;Recuerdo de \u00c1ngel Parra por su hermana Isabel&quot; - Museo Violeta Parra<\/title>\n<meta name=\"robots\" content=\"index, follow, max-snippet:-1, max-image-preview:large, max-video-preview:-1\" \/>\n<link rel=\"canonical\" href=\"http:\/\/vientosur.top\/museo\/martes-27-a-las-1600-horas-recuerdo-de-angel-parra-por-su-hermana-isabel\/\" \/>\n<meta property=\"og:locale\" content=\"es_ES\" \/>\n<meta property=\"og:type\" content=\"article\" \/>\n<meta property=\"og:title\" content=\"Museo Violeta Parra realiza homenaje &quot;Recuerdo de \u00c1ngel Parra por su hermana Isabel&quot; - Museo Violeta Parra\" \/>\n<meta property=\"og:description\" content=\"Un sentido y emocionante homenaje realiz\u00f3 Isabel Parra a su hermano \u00c1ngel en el d\u00eda de su cumplea\u00f1os. \u00abRecuerdo de \u00c1ngel Parra por su hermana Isabel\u00bb con la participaci\u00f3n de Tita Parra, fue el acto en el que se revivieron distintas an\u00e9cdotas del cantautor fallecido en marzo de este a\u00f1o. \u00c1ngel Parra naci\u00f3 el 27 [&hellip;]\" \/>\n<meta property=\"og:url\" content=\"http:\/\/vientosur.top\/museo\/martes-27-a-las-1600-horas-recuerdo-de-angel-parra-por-su-hermana-isabel\/\" \/>\n<meta property=\"og:site_name\" content=\"Museo Violeta Parra\" \/>\n<meta property=\"article:published_time\" content=\"2017-06-28T10:00:35+00:00\" \/>\n<meta property=\"og:image\" content=\"http:\/\/vientosur.top\/museo\/wp-content\/uploads\/2017\/06\/homenaje-angel-museo-1.jpg\" \/>\n\t<meta property=\"og:image:width\" content=\"1200\" \/>\n\t<meta property=\"og:image:height\" content=\"798\" \/>\n\t<meta property=\"og:image:type\" content=\"image\/jpeg\" \/>\n<meta name=\"author\" content=\"admin\" \/>\n<meta name=\"twitter:card\" content=\"summary_large_image\" \/>\n<meta name=\"twitter:label1\" content=\"Escrito por\" \/>\n\t<meta name=\"twitter:data1\" content=\"admin\" \/>\n\t<meta name=\"twitter:label2\" content=\"Tiempo de lectura\" \/>\n\t<meta name=\"twitter:data2\" content=\"1 minuto\" \/>\n<script type=\"application\/ld+json\" class=\"yoast-schema-graph\">{\"@context\":\"https:\/\/schema.org\",\"@graph\":[{\"@type\":\"WebPage\",\"@id\":\"http:\/\/vientosur.top\/museo\/martes-27-a-las-1600-horas-recuerdo-de-angel-parra-por-su-hermana-isabel\/\",\"url\":\"http:\/\/vientosur.top\/museo\/martes-27-a-las-1600-horas-recuerdo-de-angel-parra-por-su-hermana-isabel\/\",\"name\":\"Museo Violeta Parra realiza homenaje \\\"Recuerdo de \u00c1ngel Parra por su hermana Isabel\\\" - Museo Violeta Parra\",\"isPartOf\":{\"@id\":\"http:\/\/vientosur.top\/museo\/#website\"},\"primaryImageOfPage\":{\"@id\":\"http:\/\/vientosur.top\/museo\/martes-27-a-las-1600-horas-recuerdo-de-angel-parra-por-su-hermana-isabel\/#primaryimage\"},\"image\":{\"@id\":\"http:\/\/vientosur.top\/museo\/martes-27-a-las-1600-horas-recuerdo-de-angel-parra-por-su-hermana-isabel\/#primaryimage\"},\"thumbnailUrl\":\"http:\/\/vientosur.top\/museo\/wp-content\/uploads\/2017\/06\/homenaje-angel-museo-1.jpg\",\"datePublished\":\"2017-06-28T10:00:35+00:00\",\"author\":{\"@id\":\"http:\/\/vientosur.top\/museo\/#\/schema\/person\/20c79d3c38800971feec8c2693c3dd9c\"},\"breadcrumb\":{\"@id\":\"http:\/\/vientosur.top\/museo\/martes-27-a-las-1600-horas-recuerdo-de-angel-parra-por-su-hermana-isabel\/#breadcrumb\"},\"inLanguage\":\"es\",\"potentialAction\":[{\"@type\":\"ReadAction\",\"target\":[\"http:\/\/vientosur.top\/museo\/martes-27-a-las-1600-horas-recuerdo-de-angel-parra-por-su-hermana-isabel\/\"]}]},{\"@type\":\"ImageObject\",\"inLanguage\":\"es\",\"@id\":\"http:\/\/vientosur.top\/museo\/martes-27-a-las-1600-horas-recuerdo-de-angel-parra-por-su-hermana-isabel\/#primaryimage\",\"url\":\"http:\/\/vientosur.top\/museo\/wp-content\/uploads\/2017\/06\/homenaje-angel-museo-1.jpg\",\"contentUrl\":\"http:\/\/vientosur.top\/museo\/wp-content\/uploads\/2017\/06\/homenaje-angel-museo-1.jpg\",\"width\":1200,\"height\":798},{\"@type\":\"BreadcrumbList\",\"@id\":\"http:\/\/vientosur.top\/museo\/martes-27-a-las-1600-horas-recuerdo-de-angel-parra-por-su-hermana-isabel\/#breadcrumb\",\"itemListElement\":[{\"@type\":\"ListItem\",\"position\":1,\"name\":\"Portada\",\"item\":\"http:\/\/vientosur.top\/museo\/\"},{\"@type\":\"ListItem\",\"position\":2,\"name\":\"Museo Violeta Parra realiza homenaje \u00abRecuerdo de \u00c1ngel Parra por su hermana Isabel\u00bb\"}]},{\"@type\":\"WebSite\",\"@id\":\"http:\/\/vientosur.top\/museo\/#website\",\"url\":\"http:\/\/vientosur.top\/museo\/\",\"name\":\"Museo Violeta Parra\",\"description\":\"Espacio que alberga tanto la memoria y legado creativo de la artista\",\"potentialAction\":[{\"@type\":\"SearchAction\",\"target\":{\"@type\":\"EntryPoint\",\"urlTemplate\":\"http:\/\/vientosur.top\/museo\/?s={search_term_string}\"},\"query-input\":{\"@type\":\"PropertyValueSpecification\",\"valueRequired\":true,\"valueName\":\"search_term_string\"}}],\"inLanguage\":\"es\"},{\"@type\":\"Person\",\"@id\":\"http:\/\/vientosur.top\/museo\/#\/schema\/person\/20c79d3c38800971feec8c2693c3dd9c\",\"name\":\"admin\",\"image\":{\"@type\":\"ImageObject\",\"inLanguage\":\"es\",\"@id\":\"http:\/\/vientosur.top\/museo\/#\/schema\/person\/image\/\",\"url\":\"https:\/\/secure.gravatar.com\/avatar\/713677ece3ffa642287213a80e5b773bce9ab81c269dd6d95102a990951c922f?s=96&d=mm&r=g\",\"contentUrl\":\"https:\/\/secure.gravatar.com\/avatar\/713677ece3ffa642287213a80e5b773bce9ab81c269dd6d95102a990951c922f?s=96&d=mm&r=g\",\"caption\":\"admin\"},\"sameAs\":[\"http:\/\/vientosur.top\/museo\"],\"url\":\"http:\/\/vientosur.top\/museo\/author\/comunicacionesmvp\/\"}]}<\/script>\n<!-- \/ Yoast SEO plugin. -->","yoast_head_json":{"title":"Museo Violeta Parra realiza homenaje \"Recuerdo de \u00c1ngel Parra por su hermana Isabel\" - Museo Violeta Parra","robots":{"index":"index","follow":"follow","max-snippet":"max-snippet:-1","max-image-preview":"max-image-preview:large","max-video-preview":"max-video-preview:-1"},"canonical":"http:\/\/vientosur.top\/museo\/martes-27-a-las-1600-horas-recuerdo-de-angel-parra-por-su-hermana-isabel\/","og_locale":"es_ES","og_type":"article","og_title":"Museo Violeta Parra realiza homenaje \"Recuerdo de \u00c1ngel Parra por su hermana Isabel\" - Museo Violeta Parra","og_description":"Un sentido y emocionante homenaje realiz\u00f3 Isabel Parra a su hermano \u00c1ngel en el d\u00eda de su cumplea\u00f1os. \u00abRecuerdo de \u00c1ngel Parra por su hermana Isabel\u00bb con la participaci\u00f3n de Tita Parra, fue el acto en el que se revivieron distintas an\u00e9cdotas del cantautor fallecido en marzo de este a\u00f1o. \u00c1ngel Parra naci\u00f3 el 27 [&hellip;]","og_url":"http:\/\/vientosur.top\/museo\/martes-27-a-las-1600-horas-recuerdo-de-angel-parra-por-su-hermana-isabel\/","og_site_name":"Museo Violeta Parra","article_published_time":"2017-06-28T10:00:35+00:00","og_image":[{"width":1200,"height":798,"url":"http:\/\/vientosur.top\/museo\/wp-content\/uploads\/2017\/06\/homenaje-angel-museo-1.jpg","type":"image\/jpeg"}],"author":"admin","twitter_card":"summary_large_image","twitter_misc":{"Escrito por":"admin","Tiempo de lectura":"1 minuto"},"schema":{"@context":"https:\/\/schema.org","@graph":[{"@type":"WebPage","@id":"http:\/\/vientosur.top\/museo\/martes-27-a-las-1600-horas-recuerdo-de-angel-parra-por-su-hermana-isabel\/","url":"http:\/\/vientosur.top\/museo\/martes-27-a-las-1600-horas-recuerdo-de-angel-parra-por-su-hermana-isabel\/","name":"Museo Violeta Parra realiza homenaje \"Recuerdo de \u00c1ngel Parra por su hermana Isabel\" - Museo Violeta Parra","isPartOf":{"@id":"http:\/\/vientosur.top\/museo\/#website"},"primaryImageOfPage":{"@id":"http:\/\/vientosur.top\/museo\/martes-27-a-las-1600-horas-recuerdo-de-angel-parra-por-su-hermana-isabel\/#primaryimage"},"image":{"@id":"http:\/\/vientosur.top\/museo\/martes-27-a-las-1600-horas-recuerdo-de-angel-parra-por-su-hermana-isabel\/#primaryimage"},"thumbnailUrl":"http:\/\/vientosur.top\/museo\/wp-content\/uploads\/2017\/06\/homenaje-angel-museo-1.jpg","datePublished":"2017-06-28T10:00:35+00:00","author":{"@id":"http:\/\/vientosur.top\/museo\/#\/schema\/person\/20c79d3c38800971feec8c2693c3dd9c"},"breadcrumb":{"@id":"http:\/\/vientosur.top\/museo\/martes-27-a-las-1600-horas-recuerdo-de-angel-parra-por-su-hermana-isabel\/#breadcrumb"},"inLanguage":"es","potentialAction":[{"@type":"ReadAction","target":["http:\/\/vientosur.top\/museo\/martes-27-a-las-1600-horas-recuerdo-de-angel-parra-por-su-hermana-isabel\/"]}]},{"@type":"ImageObject","inLanguage":"es","@id":"http:\/\/vientosur.top\/museo\/martes-27-a-las-1600-horas-recuerdo-de-angel-parra-por-su-hermana-isabel\/#primaryimage","url":"http:\/\/vientosur.top\/museo\/wp-content\/uploads\/2017\/06\/homenaje-angel-museo-1.jpg","contentUrl":"http:\/\/vientosur.top\/museo\/wp-content\/uploads\/2017\/06\/homenaje-angel-museo-1.jpg","width":1200,"height":798},{"@type":"BreadcrumbList","@id":"http:\/\/vientosur.top\/museo\/martes-27-a-las-1600-horas-recuerdo-de-angel-parra-por-su-hermana-isabel\/#breadcrumb","itemListElement":[{"@type":"ListItem","position":1,"name":"Portada","item":"http:\/\/vientosur.top\/museo\/"},{"@type":"ListItem","position":2,"name":"Museo Violeta Parra realiza homenaje \u00abRecuerdo de \u00c1ngel Parra por su hermana Isabel\u00bb"}]},{"@type":"WebSite","@id":"http:\/\/vientosur.top\/museo\/#website","url":"http:\/\/vientosur.top\/museo\/","name":"Museo Violeta Parra","description":"Espacio que alberga tanto la memoria y legado creativo de la artista","potentialAction":[{"@type":"SearchAction","target":{"@type":"EntryPoint","urlTemplate":"http:\/\/vientosur.top\/museo\/?s={search_term_string}"},"query-input":{"@type":"PropertyValueSpecification","valueRequired":true,"valueName":"search_term_string"}}],"inLanguage":"es"},{"@type":"Person","@id":"http:\/\/vientosur.top\/museo\/#\/schema\/person\/20c79d3c38800971feec8c2693c3dd9c","name":"admin","image":{"@type":"ImageObject","inLanguage":"es","@id":"http:\/\/vientosur.top\/museo\/#\/schema\/person\/image\/","url":"https:\/\/secure.gravatar.com\/avatar\/713677ece3ffa642287213a80e5b773bce9ab81c269dd6d95102a990951c922f?s=96&d=mm&r=g","contentUrl":"https:\/\/secure.gravatar.com\/avatar\/713677ece3ffa642287213a80e5b773bce9ab81c269dd6d95102a990951c922f?s=96&d=mm&r=g","caption":"admin"},"sameAs":["http:\/\/vientosur.top\/museo"],"url":"http:\/\/vientosur.top\/museo\/author\/comunicacionesmvp\/"}]}},"_links":{"self":[{"href":"http:\/\/vientosur.top\/museo\/wp-json\/wp\/v2\/posts\/4340","targetHints":{"allow":["GET"]}}],"collection":[{"href":"http:\/\/vientosur.top\/museo\/wp-json\/wp\/v2\/posts"}],"about":[{"href":"http:\/\/vientosur.top\/museo\/wp-json\/wp\/v2\/types\/post"}],"author":[{"embeddable":true,"href":"http:\/\/vientosur.top\/museo\/wp-json\/wp\/v2\/users\/5"}],"replies":[{"embeddable":true,"href":"http:\/\/vientosur.top\/museo\/wp-json\/wp\/v2\/comments?post=4340"}],"version-history":[{"count":0,"href":"http:\/\/vientosur.top\/museo\/wp-json\/wp\/v2\/posts\/4340\/revisions"}],"wp:featuredmedia":[{"embeddable":true,"href":"http:\/\/vientosur.top\/museo\/wp-json\/wp\/v2\/media\/4408"}],"wp:attachment":[{"href":"http:\/\/vientosur.top\/museo\/wp-json\/wp\/v2\/media?parent=4340"}],"wp:term":[{"taxonomy":"category","embeddable":true,"href":"http:\/\/vientosur.top\/museo\/wp-json\/wp\/v2\/categories?post=4340"},{"taxonomy":"post_tag","embeddable":true,"href":"http:\/\/vientosur.top\/museo\/wp-json\/wp\/v2\/tags?post=4340"}],"curies":[{"name":"wp","href":"https:\/\/api.w.org\/{rel}","templated":true}]}}