{"id":4375,"date":"2017-07-01T14:31:03","date_gmt":"2017-07-01T14:31:03","guid":{"rendered":"http:\/\/vientosur.top\/museo\/\/?p=4375"},"modified":"2017-07-01T14:31:03","modified_gmt":"2017-07-01T14:31:03","slug":"este-sabado-los-republicanos-se-presentan-en-el-ciclo-de-cuecas-del-museo-violeta-parra","status":"publish","type":"post","link":"http:\/\/vientosur.top\/museo\/este-sabado-los-republicanos-se-presentan-en-el-ciclo-de-cuecas-del-museo-violeta-parra\/","title":{"rendered":"Los Republicanos se presentaron en la s\u00e9ptima fecha del ciclo de cuecas del Museo Violeta Parra"},"content":{"rendered":"<p>Los Republicanos de la Cueca nacen en el a\u00f1o 2009, siendo su primera presentaci\u00f3n en el m\u00edtico Galp\u00f3n Victor Jara. Durante sus 8 a\u00f1os de trayectoria han grabado un disco y participado en dos m\u00e1s. Han podido presentar su m\u00fasica en diferentes escenarios de Chile tales como el Estadio Nacional, la Quinta Vergara, el Estadio Victor Jara y en todas las picadas cuequeras de Santiago.<\/p>\n<p>&nbsp;<\/p>\n<p>Hay que destacar que Los Republicanos son el grupo fundador del hist\u00f3rico Club Matadero, siendo el grupo que ha liderado este proyecto durante todos estos a\u00f1os. Han participado en innumerables entrevistas y documentales, destacando \u201cFrutos del Pa\u00eds\u201d del a\u00f1o 2012 con la historia del Barrio Franklin.<\/p>\n<p>&nbsp;<\/p>\n<p>Su buena comunicaci\u00f3n con el p\u00fablico lo han dejado en evidencia, desde conciertos masivos con 70.000 personas en el Estadio Nacional, hasta las humildes presentaciones en las calles del Barrio Matadero Franklin.Los Republicanos con una formaci\u00f3n instrumental rockera, sus integrantes de variada formaci\u00f3n musical, mezclan lo mejor de la Cueca con sonidos y miradas nuevas sobre la m\u00fasica popular y el folclor.<\/p>\n<p>&nbsp;<\/p>\n<p>Sus letras est\u00e1n comprometidas con el Chile actual, sus sue\u00f1os, alegr\u00edas y luchas. Por estos d\u00edas graban su segundo disco, que estar\u00e1 listo en un par de meses.<\/p>\n<p>&nbsp;<\/p>\n<p><strong>Ver galer\u00eda de im\u00e1genes\u00a0<\/strong><\/p>\n<p>&nbsp;<\/p>\n<p>&nbsp;<\/p>\n<p>&nbsp;<\/p>\n","protected":false},"excerpt":{"rendered":"<p>Los Republicanos de la Cueca nacen en el a\u00f1o 2009, siendo su primera presentaci\u00f3n en el m\u00edtico Galp\u00f3n Victor Jara. Durante sus 8 a\u00f1os de trayectoria han grabado un disco y participado en dos m\u00e1s. Han podido presentar su m\u00fasica en diferentes escenarios de Chile tales como el Estadio Nacional, la Quinta Vergara, el Estadio [&hellip;]<\/p>\n","protected":false},"author":5,"featured_media":4520,"comment_status":"open","ping_status":"open","sticky":false,"template":"","format":"standard","meta":{"site-sidebar-layout":"default","site-content-layout":"","ast-site-content-layout":"default","site-content-style":"default","site-sidebar-style":"default","ast-global-header-display":"","ast-banner-title-visibility":"","ast-main-header-display":"","ast-hfb-above-header-display":"","ast-hfb-below-header-display":"","ast-hfb-mobile-header-display":"","site-post-title":"","ast-breadcrumbs-content":"","ast-featured-img":"","footer-sml-layout":"","theme-transparent-header-meta":"","adv-header-id-meta":"","stick-header-meta":"","header-above-stick-meta":"","header-main-stick-meta":"","header-below-stick-meta":"","astra-migrate-meta-layouts":"default","ast-page-background-enabled":"default","ast-page-background-meta":{"desktop":{"background-color":"var(--ast-global-color-4)","background-image":"","background-repeat":"repeat","background-position":"center center","background-size":"auto","background-attachment":"scroll","background-type":"","background-media":"","overlay-type":"","overlay-color":"","overlay-opacity":"","overlay-gradient":""},"tablet":{"background-color":"","background-image":"","background-repeat":"repeat","background-position":"center center","background-size":"auto","background-attachment":"scroll","background-type":"","background-media":"","overlay-type":"","overlay-color":"","overlay-opacity":"","overlay-gradient":""},"mobile":{"background-color":"","background-image":"","background-repeat":"repeat","background-position":"center center","background-size":"auto","background-attachment":"scroll","background-type":"","background-media":"","overlay-type":"","overlay-color":"","overlay-opacity":"","overlay-gradient":""}},"ast-content-background-meta":{"desktop":{"background-color":"var(--ast-global-color-5)","background-image":"","background-repeat":"repeat","background-position":"center center","background-size":"auto","background-attachment":"scroll","background-type":"","background-media":"","overlay-type":"","overlay-color":"","overlay-opacity":"","overlay-gradient":""},"tablet":{"background-color":"var(--ast-global-color-5)","background-image":"","background-repeat":"repeat","background-position":"center center","background-size":"auto","background-attachment":"scroll","background-type":"","background-media":"","overlay-type":"","overlay-color":"","overlay-opacity":"","overlay-gradient":""},"mobile":{"background-color":"var(--ast-global-color-5)","background-image":"","background-repeat":"repeat","background-position":"center center","background-size":"auto","background-attachment":"scroll","background-type":"","background-media":"","overlay-type":"","overlay-color":"","overlay-opacity":"","overlay-gradient":""}},"footnotes":""},"categories":[59,8,61],"tags":[],"class_list":["post-4375","post","type-post","status-publish","format-standard","has-post-thumbnail","hentry","category-destacado-noticia","category-noticias","category-novedades"],"yoast_head":"<!-- This site is optimized with the Yoast SEO plugin v25.4 - https:\/\/yoast.com\/wordpress\/plugins\/seo\/ -->\n<title>Los Republicanos se presentaron en la s\u00e9ptima fecha del ciclo de cuecas del Museo Violeta Parra - Museo Violeta Parra<\/title>\n<meta name=\"robots\" content=\"index, follow, max-snippet:-1, max-image-preview:large, max-video-preview:-1\" \/>\n<link rel=\"canonical\" href=\"http:\/\/vientosur.top\/museo\/este-sabado-los-republicanos-se-presentan-en-el-ciclo-de-cuecas-del-museo-violeta-parra\/\" \/>\n<meta property=\"og:locale\" content=\"es_ES\" \/>\n<meta property=\"og:type\" content=\"article\" \/>\n<meta property=\"og:title\" content=\"Los Republicanos se presentaron en la s\u00e9ptima fecha del ciclo de cuecas del Museo Violeta Parra - Museo Violeta Parra\" \/>\n<meta property=\"og:description\" content=\"Los Republicanos de la Cueca nacen en el a\u00f1o 2009, siendo su primera presentaci\u00f3n en el m\u00edtico Galp\u00f3n Victor Jara. Durante sus 8 a\u00f1os de trayectoria han grabado un disco y participado en dos m\u00e1s. Han podido presentar su m\u00fasica en diferentes escenarios de Chile tales como el Estadio Nacional, la Quinta Vergara, el Estadio [&hellip;]\" \/>\n<meta property=\"og:url\" content=\"http:\/\/vientosur.top\/museo\/este-sabado-los-republicanos-se-presentan-en-el-ciclo-de-cuecas-del-museo-violeta-parra\/\" \/>\n<meta property=\"og:site_name\" content=\"Museo Violeta Parra\" \/>\n<meta property=\"article:published_time\" content=\"2017-07-01T14:31:03+00:00\" \/>\n<meta property=\"og:image\" content=\"http:\/\/vientosur.top\/museo\/wp-content\/uploads\/2017\/06\/DSC_0521.jpg\" \/>\n\t<meta property=\"og:image:width\" content=\"1200\" \/>\n\t<meta property=\"og:image:height\" content=\"798\" \/>\n\t<meta property=\"og:image:type\" content=\"image\/jpeg\" \/>\n<meta name=\"author\" content=\"admin\" \/>\n<meta name=\"twitter:card\" content=\"summary_large_image\" \/>\n<meta name=\"twitter:label1\" content=\"Escrito por\" \/>\n\t<meta name=\"twitter:data1\" content=\"admin\" \/>\n\t<meta name=\"twitter:label2\" content=\"Tiempo de lectura\" \/>\n\t<meta name=\"twitter:data2\" content=\"1 minuto\" \/>\n<script type=\"application\/ld+json\" class=\"yoast-schema-graph\">{\"@context\":\"https:\/\/schema.org\",\"@graph\":[{\"@type\":\"WebPage\",\"@id\":\"http:\/\/vientosur.top\/museo\/este-sabado-los-republicanos-se-presentan-en-el-ciclo-de-cuecas-del-museo-violeta-parra\/\",\"url\":\"http:\/\/vientosur.top\/museo\/este-sabado-los-republicanos-se-presentan-en-el-ciclo-de-cuecas-del-museo-violeta-parra\/\",\"name\":\"Los Republicanos se presentaron en la s\u00e9ptima fecha del ciclo de cuecas del Museo Violeta Parra - Museo Violeta Parra\",\"isPartOf\":{\"@id\":\"http:\/\/vientosur.top\/museo\/#website\"},\"primaryImageOfPage\":{\"@id\":\"http:\/\/vientosur.top\/museo\/este-sabado-los-republicanos-se-presentan-en-el-ciclo-de-cuecas-del-museo-violeta-parra\/#primaryimage\"},\"image\":{\"@id\":\"http:\/\/vientosur.top\/museo\/este-sabado-los-republicanos-se-presentan-en-el-ciclo-de-cuecas-del-museo-violeta-parra\/#primaryimage\"},\"thumbnailUrl\":\"http:\/\/vientosur.top\/museo\/wp-content\/uploads\/2017\/06\/DSC_0521.jpg\",\"datePublished\":\"2017-07-01T14:31:03+00:00\",\"author\":{\"@id\":\"http:\/\/vientosur.top\/museo\/#\/schema\/person\/20c79d3c38800971feec8c2693c3dd9c\"},\"breadcrumb\":{\"@id\":\"http:\/\/vientosur.top\/museo\/este-sabado-los-republicanos-se-presentan-en-el-ciclo-de-cuecas-del-museo-violeta-parra\/#breadcrumb\"},\"inLanguage\":\"es\",\"potentialAction\":[{\"@type\":\"ReadAction\",\"target\":[\"http:\/\/vientosur.top\/museo\/este-sabado-los-republicanos-se-presentan-en-el-ciclo-de-cuecas-del-museo-violeta-parra\/\"]}]},{\"@type\":\"ImageObject\",\"inLanguage\":\"es\",\"@id\":\"http:\/\/vientosur.top\/museo\/este-sabado-los-republicanos-se-presentan-en-el-ciclo-de-cuecas-del-museo-violeta-parra\/#primaryimage\",\"url\":\"http:\/\/vientosur.top\/museo\/wp-content\/uploads\/2017\/06\/DSC_0521.jpg\",\"contentUrl\":\"http:\/\/vientosur.top\/museo\/wp-content\/uploads\/2017\/06\/DSC_0521.jpg\",\"width\":1200,\"height\":798},{\"@type\":\"BreadcrumbList\",\"@id\":\"http:\/\/vientosur.top\/museo\/este-sabado-los-republicanos-se-presentan-en-el-ciclo-de-cuecas-del-museo-violeta-parra\/#breadcrumb\",\"itemListElement\":[{\"@type\":\"ListItem\",\"position\":1,\"name\":\"Portada\",\"item\":\"http:\/\/vientosur.top\/museo\/\"},{\"@type\":\"ListItem\",\"position\":2,\"name\":\"Los Republicanos se presentaron en la s\u00e9ptima fecha del ciclo de cuecas del Museo Violeta Parra\"}]},{\"@type\":\"WebSite\",\"@id\":\"http:\/\/vientosur.top\/museo\/#website\",\"url\":\"http:\/\/vientosur.top\/museo\/\",\"name\":\"Museo Violeta Parra\",\"description\":\"Espacio que alberga tanto la memoria y legado creativo de la artista\",\"potentialAction\":[{\"@type\":\"SearchAction\",\"target\":{\"@type\":\"EntryPoint\",\"urlTemplate\":\"http:\/\/vientosur.top\/museo\/?s={search_term_string}\"},\"query-input\":{\"@type\":\"PropertyValueSpecification\",\"valueRequired\":true,\"valueName\":\"search_term_string\"}}],\"inLanguage\":\"es\"},{\"@type\":\"Person\",\"@id\":\"http:\/\/vientosur.top\/museo\/#\/schema\/person\/20c79d3c38800971feec8c2693c3dd9c\",\"name\":\"admin\",\"image\":{\"@type\":\"ImageObject\",\"inLanguage\":\"es\",\"@id\":\"http:\/\/vientosur.top\/museo\/#\/schema\/person\/image\/\",\"url\":\"https:\/\/secure.gravatar.com\/avatar\/713677ece3ffa642287213a80e5b773bce9ab81c269dd6d95102a990951c922f?s=96&d=mm&r=g\",\"contentUrl\":\"https:\/\/secure.gravatar.com\/avatar\/713677ece3ffa642287213a80e5b773bce9ab81c269dd6d95102a990951c922f?s=96&d=mm&r=g\",\"caption\":\"admin\"},\"sameAs\":[\"http:\/\/vientosur.top\/museo\"],\"url\":\"http:\/\/vientosur.top\/museo\/author\/comunicacionesmvp\/\"}]}<\/script>\n<!-- \/ Yoast SEO plugin. -->","yoast_head_json":{"title":"Los Republicanos se presentaron en la s\u00e9ptima fecha del ciclo de cuecas del Museo Violeta Parra - Museo Violeta Parra","robots":{"index":"index","follow":"follow","max-snippet":"max-snippet:-1","max-image-preview":"max-image-preview:large","max-video-preview":"max-video-preview:-1"},"canonical":"http:\/\/vientosur.top\/museo\/este-sabado-los-republicanos-se-presentan-en-el-ciclo-de-cuecas-del-museo-violeta-parra\/","og_locale":"es_ES","og_type":"article","og_title":"Los Republicanos se presentaron en la s\u00e9ptima fecha del ciclo de cuecas del Museo Violeta Parra - Museo Violeta Parra","og_description":"Los Republicanos de la Cueca nacen en el a\u00f1o 2009, siendo su primera presentaci\u00f3n en el m\u00edtico Galp\u00f3n Victor Jara. Durante sus 8 a\u00f1os de trayectoria han grabado un disco y participado en dos m\u00e1s. Han podido presentar su m\u00fasica en diferentes escenarios de Chile tales como el Estadio Nacional, la Quinta Vergara, el Estadio [&hellip;]","og_url":"http:\/\/vientosur.top\/museo\/este-sabado-los-republicanos-se-presentan-en-el-ciclo-de-cuecas-del-museo-violeta-parra\/","og_site_name":"Museo Violeta Parra","article_published_time":"2017-07-01T14:31:03+00:00","og_image":[{"width":1200,"height":798,"url":"http:\/\/vientosur.top\/museo\/wp-content\/uploads\/2017\/06\/DSC_0521.jpg","type":"image\/jpeg"}],"author":"admin","twitter_card":"summary_large_image","twitter_misc":{"Escrito por":"admin","Tiempo de lectura":"1 minuto"},"schema":{"@context":"https:\/\/schema.org","@graph":[{"@type":"WebPage","@id":"http:\/\/vientosur.top\/museo\/este-sabado-los-republicanos-se-presentan-en-el-ciclo-de-cuecas-del-museo-violeta-parra\/","url":"http:\/\/vientosur.top\/museo\/este-sabado-los-republicanos-se-presentan-en-el-ciclo-de-cuecas-del-museo-violeta-parra\/","name":"Los Republicanos se presentaron en la s\u00e9ptima fecha del ciclo de cuecas del Museo Violeta Parra - Museo Violeta Parra","isPartOf":{"@id":"http:\/\/vientosur.top\/museo\/#website"},"primaryImageOfPage":{"@id":"http:\/\/vientosur.top\/museo\/este-sabado-los-republicanos-se-presentan-en-el-ciclo-de-cuecas-del-museo-violeta-parra\/#primaryimage"},"image":{"@id":"http:\/\/vientosur.top\/museo\/este-sabado-los-republicanos-se-presentan-en-el-ciclo-de-cuecas-del-museo-violeta-parra\/#primaryimage"},"thumbnailUrl":"http:\/\/vientosur.top\/museo\/wp-content\/uploads\/2017\/06\/DSC_0521.jpg","datePublished":"2017-07-01T14:31:03+00:00","author":{"@id":"http:\/\/vientosur.top\/museo\/#\/schema\/person\/20c79d3c38800971feec8c2693c3dd9c"},"breadcrumb":{"@id":"http:\/\/vientosur.top\/museo\/este-sabado-los-republicanos-se-presentan-en-el-ciclo-de-cuecas-del-museo-violeta-parra\/#breadcrumb"},"inLanguage":"es","potentialAction":[{"@type":"ReadAction","target":["http:\/\/vientosur.top\/museo\/este-sabado-los-republicanos-se-presentan-en-el-ciclo-de-cuecas-del-museo-violeta-parra\/"]}]},{"@type":"ImageObject","inLanguage":"es","@id":"http:\/\/vientosur.top\/museo\/este-sabado-los-republicanos-se-presentan-en-el-ciclo-de-cuecas-del-museo-violeta-parra\/#primaryimage","url":"http:\/\/vientosur.top\/museo\/wp-content\/uploads\/2017\/06\/DSC_0521.jpg","contentUrl":"http:\/\/vientosur.top\/museo\/wp-content\/uploads\/2017\/06\/DSC_0521.jpg","width":1200,"height":798},{"@type":"BreadcrumbList","@id":"http:\/\/vientosur.top\/museo\/este-sabado-los-republicanos-se-presentan-en-el-ciclo-de-cuecas-del-museo-violeta-parra\/#breadcrumb","itemListElement":[{"@type":"ListItem","position":1,"name":"Portada","item":"http:\/\/vientosur.top\/museo\/"},{"@type":"ListItem","position":2,"name":"Los Republicanos se presentaron en la s\u00e9ptima fecha del ciclo de cuecas del Museo Violeta Parra"}]},{"@type":"WebSite","@id":"http:\/\/vientosur.top\/museo\/#website","url":"http:\/\/vientosur.top\/museo\/","name":"Museo Violeta Parra","description":"Espacio que alberga tanto la memoria y legado creativo de la artista","potentialAction":[{"@type":"SearchAction","target":{"@type":"EntryPoint","urlTemplate":"http:\/\/vientosur.top\/museo\/?s={search_term_string}"},"query-input":{"@type":"PropertyValueSpecification","valueRequired":true,"valueName":"search_term_string"}}],"inLanguage":"es"},{"@type":"Person","@id":"http:\/\/vientosur.top\/museo\/#\/schema\/person\/20c79d3c38800971feec8c2693c3dd9c","name":"admin","image":{"@type":"ImageObject","inLanguage":"es","@id":"http:\/\/vientosur.top\/museo\/#\/schema\/person\/image\/","url":"https:\/\/secure.gravatar.com\/avatar\/713677ece3ffa642287213a80e5b773bce9ab81c269dd6d95102a990951c922f?s=96&d=mm&r=g","contentUrl":"https:\/\/secure.gravatar.com\/avatar\/713677ece3ffa642287213a80e5b773bce9ab81c269dd6d95102a990951c922f?s=96&d=mm&r=g","caption":"admin"},"sameAs":["http:\/\/vientosur.top\/museo"],"url":"http:\/\/vientosur.top\/museo\/author\/comunicacionesmvp\/"}]}},"_links":{"self":[{"href":"http:\/\/vientosur.top\/museo\/wp-json\/wp\/v2\/posts\/4375","targetHints":{"allow":["GET"]}}],"collection":[{"href":"http:\/\/vientosur.top\/museo\/wp-json\/wp\/v2\/posts"}],"about":[{"href":"http:\/\/vientosur.top\/museo\/wp-json\/wp\/v2\/types\/post"}],"author":[{"embeddable":true,"href":"http:\/\/vientosur.top\/museo\/wp-json\/wp\/v2\/users\/5"}],"replies":[{"embeddable":true,"href":"http:\/\/vientosur.top\/museo\/wp-json\/wp\/v2\/comments?post=4375"}],"version-history":[{"count":0,"href":"http:\/\/vientosur.top\/museo\/wp-json\/wp\/v2\/posts\/4375\/revisions"}],"wp:featuredmedia":[{"embeddable":true,"href":"http:\/\/vientosur.top\/museo\/wp-json\/wp\/v2\/media\/4520"}],"wp:attachment":[{"href":"http:\/\/vientosur.top\/museo\/wp-json\/wp\/v2\/media?parent=4375"}],"wp:term":[{"taxonomy":"category","embeddable":true,"href":"http:\/\/vientosur.top\/museo\/wp-json\/wp\/v2\/categories?post=4375"},{"taxonomy":"post_tag","embeddable":true,"href":"http:\/\/vientosur.top\/museo\/wp-json\/wp\/v2\/tags?post=4375"}],"curies":[{"name":"wp","href":"https:\/\/api.w.org\/{rel}","templated":true}]}}