{"id":4418,"date":"2017-06-28T20:05:09","date_gmt":"2017-06-28T20:05:09","guid":{"rendered":"http:\/\/vientosur.top\/museo\/\/?p=4418"},"modified":"2017-06-28T20:05:09","modified_gmt":"2017-06-28T20:05:09","slug":"ministro-ottone-inaugura-exposicion-de-afiches-en-homenaje-a-los-100-anos-de-violeta-parra","status":"publish","type":"post","link":"http:\/\/vientosur.top\/museo\/ministro-ottone-inaugura-exposicion-de-afiches-en-homenaje-a-los-100-anos-de-violeta-parra\/","title":{"rendered":"Ministro Ottone inaugura exposici\u00f3n de afiches en homenaje a los 100 a\u00f1os de Violeta Parra"},"content":{"rendered":"<p><strong>La muestra, que se exhibe en el Museo Violeta Parra, est\u00e1 compuesta por 36 afiches entre los que se cuentan los mejores exponentes de la convocatoria nacional organizada por Afichile junto al Consejo Nacional de la Cultura y las Artes (CNCA), y siete piezas de artistas invitados, locales y extranjeros.<\/strong><\/p>\n<p>&nbsp;<\/p>\n<p>36 piezas componen la muestra de afiches en homenaje a Violeta Parra que se presentar\u00e1 hasta fines de julio en el Museo Violeta Parra, obras que son resultado del Concurso de afiches Violeta Parra 100 a\u00f1os, organizado por la Asociaci\u00f3n (AFICHILE) y el Consejo Nacional de la Cultura y las Artes (CNCA), en colaboraci\u00f3n con la Universidad Tecnol\u00f3gica Metropolitana, Chile Dise\u00f1o y la Fundaci\u00f3n Violeta Parra.<\/p>\n<p>&nbsp;<\/p>\n<p>La muestra est\u00e1 liderada por los tres primeros lugares de\u00a0 la convocatoria: Cristi\u00e1n Garrido (primer lugar); Gabriel Maraga\u00f1o (segundo) y Diego Becas (tercero), destac\u00e1ndose tambi\u00e9n la menci\u00f3n honrosa que recay\u00f3 en Camila San Mart\u00edn. Un lugar importante ocupan adem\u00e1s las piezas de los dise\u00f1adores invitados a participar en esta exhibici\u00f3n: el canadiense Andrew Lewis, Susana Machicao y Frank Arbelo de Bolivia y los destacados exponentes locales del cartelismo: \u00c1lvaro Arteaga, Domingo Ba\u00f1o, H\u00e9ctor Calvo y Mono Gonz\u00e1lez.<\/p>\n<p>&nbsp;<\/p>\n<p>El Ministro de Cultura, Ernesto Ottone R.,\u00a0encabez\u00f3 la ceremonia, premiando\u00a0a los ganadores, instancia en la que destac\u00f3 la solidez de la tradici\u00f3n del afiche en nuestro pa\u00eds. \u201cLos grandes nombres del\u00a0cartelismo\u00a0nacional han dejado un valioso legado en las nuevas generaciones, que son quienes han respondido a la invitaci\u00f3n a crear en torno a la imagen de Violeta.\u00a0En esta convocatoria recibimos m\u00e1s de 600 propuestas que dan cuenta de la\u00a0vitalidad de la disciplina y de la poderosa convocatoria que genera la figura y el legado de Violeta Parra\u201d.<\/p>\n<p>&nbsp;<\/p>\n<p>Cristi\u00e1n Garrido, primer lugar con una propuesta que el jurado destac\u00f3 como muy distintiva, contempor\u00e1nea y fresca, obtuvo Mac Book Pro Retina 2016. Gabriel Maraga\u00f1o, segundo lugar, recibi\u00f3 una c\u00e1mara Sony R\u00e9flex y Diego Becas, tercer lugar, un iPad 2016.<\/p>\n<p>&nbsp;<\/p>\n<p>La convocatoria, que se mantuvo abierta entre el 30 de enero y el 30 de abril, invitaba a participar a todas las personas, o grupos de personas, tanto de Chile como de cualquier parte del mundo, especialmente a artistas, dise\u00f1adores, fot\u00f3grafos y estudiantes; as\u00ed como toda persona interesada en promover la obra de esta gran artista a trav\u00e9s de la expresi\u00f3n gr\u00e1fica. Camila San Mart\u00edn fue reconocida con una menci\u00f3n honrosa.<\/p>\n<p>&nbsp;<\/p>\n<p>Jean Paul Brandt, coordinador general de Afichile, relev\u00f3 el rol de la iniciativa como vitrina para los talentos nacionales. \u201cSon precisamente estos tipos de instancias donde el inter\u00e9s por la producci\u00f3n art\u00edstico-visual, a prop\u00f3sito del cartelismo, cobra un valor comunitario, social, que evidencia no s\u00f3lo una serie de respuestas pol\u00edtico-sensibles del acontecer, sino tambi\u00e9n una declaraci\u00f3n contempor\u00e1nea de cada artista. Por lo mismo, como organizaci\u00f3n estamos tremendamente orgullosos de cumplir con nuestro objetivo de funcionar como plataforma de difusi\u00f3n del cartel nacional y, adem\u00e1s, como catalizador de j\u00f3venes talentos\u201d.<\/p>\n<p>&nbsp;<\/p>\n<p><strong>Seminario en torno al rol del afiche en Chile <\/strong><\/p>\n<p>&nbsp;<\/p>\n<p>En el marco de la conmemoraci\u00f3n de los 100 a\u00f1os de Violeta Parra, Afichile, con el apoyo de la Universidad Tecnol\u00f3gica Metropolitana y el Consejo Nacional de la Cultura y las Artes, tambi\u00e9n ha organizado el seminario sobre el \u00abrol del afiche en Chile\u00bb, tanto como medio de expresi\u00f3n a lo largo de nuestra historia, como en su forma m\u00e1s contempor\u00e1nea de expresi\u00f3n, y su proyecci\u00f3n en las sociedades modernas.<\/p>\n<p>&nbsp;<\/p>\n<p>Para esto, se han programado una serie de charlas a cargo de connotados dise\u00f1adores nacionales apuntando desde su distinta \u00f3ptica al an\u00e1lisis del cartel, su evoluci\u00f3n y funci\u00f3n en la sociedad.<\/p>\n<p>&nbsp;<\/p>\n<p>El seminario se realizar\u00e1 el jueves 29 de junio desde las 9:30 hrs. en el auditorio de la Escuela de Dise\u00f1o de la Facultad de Humanidades y Tecnolog\u00edas de la Comunicaci\u00f3n Social de la UTEM (Dieciocho 390).<\/p>\n<p>&nbsp;<\/p>\n","protected":false},"excerpt":{"rendered":"<p>La muestra, que se exhibe en el Museo Violeta Parra, est\u00e1 compuesta por 36 afiches entre los que se cuentan los mejores exponentes de la convocatoria nacional organizada por Afichile junto al Consejo Nacional de la Cultura y las Artes (CNCA), y siete piezas de artistas invitados, locales y extranjeros. &nbsp; 36 piezas componen la [&hellip;]<\/p>\n","protected":false},"author":5,"featured_media":4419,"comment_status":"open","ping_status":"open","sticky":false,"template":"","format":"standard","meta":{"site-sidebar-layout":"default","site-content-layout":"","ast-site-content-layout":"default","site-content-style":"default","site-sidebar-style":"default","ast-global-header-display":"","ast-banner-title-visibility":"","ast-main-header-display":"","ast-hfb-above-header-display":"","ast-hfb-below-header-display":"","ast-hfb-mobile-header-display":"","site-post-title":"","ast-breadcrumbs-content":"","ast-featured-img":"","footer-sml-layout":"","theme-transparent-header-meta":"","adv-header-id-meta":"","stick-header-meta":"","header-above-stick-meta":"","header-main-stick-meta":"","header-below-stick-meta":"","astra-migrate-meta-layouts":"default","ast-page-background-enabled":"default","ast-page-background-meta":{"desktop":{"background-color":"var(--ast-global-color-4)","background-image":"","background-repeat":"repeat","background-position":"center center","background-size":"auto","background-attachment":"scroll","background-type":"","background-media":"","overlay-type":"","overlay-color":"","overlay-opacity":"","overlay-gradient":""},"tablet":{"background-color":"","background-image":"","background-repeat":"repeat","background-position":"center center","background-size":"auto","background-attachment":"scroll","background-type":"","background-media":"","overlay-type":"","overlay-color":"","overlay-opacity":"","overlay-gradient":""},"mobile":{"background-color":"","background-image":"","background-repeat":"repeat","background-position":"center center","background-size":"auto","background-attachment":"scroll","background-type":"","background-media":"","overlay-type":"","overlay-color":"","overlay-opacity":"","overlay-gradient":""}},"ast-content-background-meta":{"desktop":{"background-color":"var(--ast-global-color-5)","background-image":"","background-repeat":"repeat","background-position":"center center","background-size":"auto","background-attachment":"scroll","background-type":"","background-media":"","overlay-type":"","overlay-color":"","overlay-opacity":"","overlay-gradient":""},"tablet":{"background-color":"var(--ast-global-color-5)","background-image":"","background-repeat":"repeat","background-position":"center center","background-size":"auto","background-attachment":"scroll","background-type":"","background-media":"","overlay-type":"","overlay-color":"","overlay-opacity":"","overlay-gradient":""},"mobile":{"background-color":"var(--ast-global-color-5)","background-image":"","background-repeat":"repeat","background-position":"center center","background-size":"auto","background-attachment":"scroll","background-type":"","background-media":"","overlay-type":"","overlay-color":"","overlay-opacity":"","overlay-gradient":""}},"footnotes":""},"categories":[59,8,61],"tags":[],"class_list":["post-4418","post","type-post","status-publish","format-standard","has-post-thumbnail","hentry","category-destacado-noticia","category-noticias","category-novedades"],"yoast_head":"<!-- This site is optimized with the Yoast SEO plugin v25.4 - https:\/\/yoast.com\/wordpress\/plugins\/seo\/ -->\n<title>Ministro Ottone inaugura exposici\u00f3n de afiches en homenaje a los 100 a\u00f1os de Violeta Parra - Museo Violeta Parra<\/title>\n<meta name=\"robots\" content=\"index, follow, max-snippet:-1, max-image-preview:large, max-video-preview:-1\" \/>\n<link rel=\"canonical\" href=\"http:\/\/vientosur.top\/museo\/ministro-ottone-inaugura-exposicion-de-afiches-en-homenaje-a-los-100-anos-de-violeta-parra\/\" \/>\n<meta property=\"og:locale\" content=\"es_ES\" \/>\n<meta property=\"og:type\" content=\"article\" \/>\n<meta property=\"og:title\" content=\"Ministro Ottone inaugura exposici\u00f3n de afiches en homenaje a los 100 a\u00f1os de Violeta Parra - Museo Violeta Parra\" \/>\n<meta property=\"og:description\" content=\"La muestra, que se exhibe en el Museo Violeta Parra, est\u00e1 compuesta por 36 afiches entre los que se cuentan los mejores exponentes de la convocatoria nacional organizada por Afichile junto al Consejo Nacional de la Cultura y las Artes (CNCA), y siete piezas de artistas invitados, locales y extranjeros. &nbsp; 36 piezas componen la [&hellip;]\" \/>\n<meta property=\"og:url\" content=\"http:\/\/vientosur.top\/museo\/ministro-ottone-inaugura-exposicion-de-afiches-en-homenaje-a-los-100-anos-de-violeta-parra\/\" \/>\n<meta property=\"og:site_name\" content=\"Museo Violeta Parra\" \/>\n<meta property=\"article:published_time\" content=\"2017-06-28T20:05:09+00:00\" \/>\n<meta property=\"og:image\" content=\"http:\/\/vientosur.top\/museo\/wp-content\/uploads\/2017\/06\/Ministro-Ottone-junto-a-los-ganadores-del-concurso-y-autoridades-de-Afichile-y-UTEM.jpg\" \/>\n\t<meta property=\"og:image:width\" content=\"1200\" \/>\n\t<meta property=\"og:image:height\" content=\"800\" \/>\n\t<meta property=\"og:image:type\" content=\"image\/jpeg\" \/>\n<meta name=\"author\" content=\"admin\" \/>\n<meta name=\"twitter:card\" content=\"summary_large_image\" \/>\n<meta name=\"twitter:label1\" content=\"Escrito por\" \/>\n\t<meta name=\"twitter:data1\" content=\"admin\" \/>\n\t<meta name=\"twitter:label2\" content=\"Tiempo de lectura\" \/>\n\t<meta name=\"twitter:data2\" content=\"3 minutos\" \/>\n<script type=\"application\/ld+json\" class=\"yoast-schema-graph\">{\"@context\":\"https:\/\/schema.org\",\"@graph\":[{\"@type\":\"WebPage\",\"@id\":\"http:\/\/vientosur.top\/museo\/ministro-ottone-inaugura-exposicion-de-afiches-en-homenaje-a-los-100-anos-de-violeta-parra\/\",\"url\":\"http:\/\/vientosur.top\/museo\/ministro-ottone-inaugura-exposicion-de-afiches-en-homenaje-a-los-100-anos-de-violeta-parra\/\",\"name\":\"Ministro Ottone inaugura exposici\u00f3n de afiches en homenaje a los 100 a\u00f1os de Violeta Parra - Museo Violeta Parra\",\"isPartOf\":{\"@id\":\"http:\/\/vientosur.top\/museo\/#website\"},\"primaryImageOfPage\":{\"@id\":\"http:\/\/vientosur.top\/museo\/ministro-ottone-inaugura-exposicion-de-afiches-en-homenaje-a-los-100-anos-de-violeta-parra\/#primaryimage\"},\"image\":{\"@id\":\"http:\/\/vientosur.top\/museo\/ministro-ottone-inaugura-exposicion-de-afiches-en-homenaje-a-los-100-anos-de-violeta-parra\/#primaryimage\"},\"thumbnailUrl\":\"http:\/\/vientosur.top\/museo\/wp-content\/uploads\/2017\/06\/Ministro-Ottone-junto-a-los-ganadores-del-concurso-y-autoridades-de-Afichile-y-UTEM.jpg\",\"datePublished\":\"2017-06-28T20:05:09+00:00\",\"author\":{\"@id\":\"http:\/\/vientosur.top\/museo\/#\/schema\/person\/20c79d3c38800971feec8c2693c3dd9c\"},\"breadcrumb\":{\"@id\":\"http:\/\/vientosur.top\/museo\/ministro-ottone-inaugura-exposicion-de-afiches-en-homenaje-a-los-100-anos-de-violeta-parra\/#breadcrumb\"},\"inLanguage\":\"es\",\"potentialAction\":[{\"@type\":\"ReadAction\",\"target\":[\"http:\/\/vientosur.top\/museo\/ministro-ottone-inaugura-exposicion-de-afiches-en-homenaje-a-los-100-anos-de-violeta-parra\/\"]}]},{\"@type\":\"ImageObject\",\"inLanguage\":\"es\",\"@id\":\"http:\/\/vientosur.top\/museo\/ministro-ottone-inaugura-exposicion-de-afiches-en-homenaje-a-los-100-anos-de-violeta-parra\/#primaryimage\",\"url\":\"http:\/\/vientosur.top\/museo\/wp-content\/uploads\/2017\/06\/Ministro-Ottone-junto-a-los-ganadores-del-concurso-y-autoridades-de-Afichile-y-UTEM.jpg\",\"contentUrl\":\"http:\/\/vientosur.top\/museo\/wp-content\/uploads\/2017\/06\/Ministro-Ottone-junto-a-los-ganadores-del-concurso-y-autoridades-de-Afichile-y-UTEM.jpg\",\"width\":1200,\"height\":800},{\"@type\":\"BreadcrumbList\",\"@id\":\"http:\/\/vientosur.top\/museo\/ministro-ottone-inaugura-exposicion-de-afiches-en-homenaje-a-los-100-anos-de-violeta-parra\/#breadcrumb\",\"itemListElement\":[{\"@type\":\"ListItem\",\"position\":1,\"name\":\"Portada\",\"item\":\"http:\/\/vientosur.top\/museo\/\"},{\"@type\":\"ListItem\",\"position\":2,\"name\":\"Ministro Ottone inaugura exposici\u00f3n de afiches en homenaje a los 100 a\u00f1os de Violeta Parra\"}]},{\"@type\":\"WebSite\",\"@id\":\"http:\/\/vientosur.top\/museo\/#website\",\"url\":\"http:\/\/vientosur.top\/museo\/\",\"name\":\"Museo Violeta Parra\",\"description\":\"Espacio que alberga tanto la memoria y legado creativo de la artista\",\"potentialAction\":[{\"@type\":\"SearchAction\",\"target\":{\"@type\":\"EntryPoint\",\"urlTemplate\":\"http:\/\/vientosur.top\/museo\/?s={search_term_string}\"},\"query-input\":{\"@type\":\"PropertyValueSpecification\",\"valueRequired\":true,\"valueName\":\"search_term_string\"}}],\"inLanguage\":\"es\"},{\"@type\":\"Person\",\"@id\":\"http:\/\/vientosur.top\/museo\/#\/schema\/person\/20c79d3c38800971feec8c2693c3dd9c\",\"name\":\"admin\",\"image\":{\"@type\":\"ImageObject\",\"inLanguage\":\"es\",\"@id\":\"http:\/\/vientosur.top\/museo\/#\/schema\/person\/image\/\",\"url\":\"https:\/\/secure.gravatar.com\/avatar\/713677ece3ffa642287213a80e5b773bce9ab81c269dd6d95102a990951c922f?s=96&d=mm&r=g\",\"contentUrl\":\"https:\/\/secure.gravatar.com\/avatar\/713677ece3ffa642287213a80e5b773bce9ab81c269dd6d95102a990951c922f?s=96&d=mm&r=g\",\"caption\":\"admin\"},\"sameAs\":[\"http:\/\/vientosur.top\/museo\"],\"url\":\"http:\/\/vientosur.top\/museo\/author\/comunicacionesmvp\/\"}]}<\/script>\n<!-- \/ Yoast SEO plugin. -->","yoast_head_json":{"title":"Ministro Ottone inaugura exposici\u00f3n de afiches en homenaje a los 100 a\u00f1os de Violeta Parra - Museo Violeta Parra","robots":{"index":"index","follow":"follow","max-snippet":"max-snippet:-1","max-image-preview":"max-image-preview:large","max-video-preview":"max-video-preview:-1"},"canonical":"http:\/\/vientosur.top\/museo\/ministro-ottone-inaugura-exposicion-de-afiches-en-homenaje-a-los-100-anos-de-violeta-parra\/","og_locale":"es_ES","og_type":"article","og_title":"Ministro Ottone inaugura exposici\u00f3n de afiches en homenaje a los 100 a\u00f1os de Violeta Parra - Museo Violeta Parra","og_description":"La muestra, que se exhibe en el Museo Violeta Parra, est\u00e1 compuesta por 36 afiches entre los que se cuentan los mejores exponentes de la convocatoria nacional organizada por Afichile junto al Consejo Nacional de la Cultura y las Artes (CNCA), y siete piezas de artistas invitados, locales y extranjeros. &nbsp; 36 piezas componen la [&hellip;]","og_url":"http:\/\/vientosur.top\/museo\/ministro-ottone-inaugura-exposicion-de-afiches-en-homenaje-a-los-100-anos-de-violeta-parra\/","og_site_name":"Museo Violeta Parra","article_published_time":"2017-06-28T20:05:09+00:00","og_image":[{"width":1200,"height":800,"url":"http:\/\/vientosur.top\/museo\/wp-content\/uploads\/2017\/06\/Ministro-Ottone-junto-a-los-ganadores-del-concurso-y-autoridades-de-Afichile-y-UTEM.jpg","type":"image\/jpeg"}],"author":"admin","twitter_card":"summary_large_image","twitter_misc":{"Escrito por":"admin","Tiempo de lectura":"3 minutos"},"schema":{"@context":"https:\/\/schema.org","@graph":[{"@type":"WebPage","@id":"http:\/\/vientosur.top\/museo\/ministro-ottone-inaugura-exposicion-de-afiches-en-homenaje-a-los-100-anos-de-violeta-parra\/","url":"http:\/\/vientosur.top\/museo\/ministro-ottone-inaugura-exposicion-de-afiches-en-homenaje-a-los-100-anos-de-violeta-parra\/","name":"Ministro Ottone inaugura exposici\u00f3n de afiches en homenaje a los 100 a\u00f1os de Violeta Parra - Museo Violeta Parra","isPartOf":{"@id":"http:\/\/vientosur.top\/museo\/#website"},"primaryImageOfPage":{"@id":"http:\/\/vientosur.top\/museo\/ministro-ottone-inaugura-exposicion-de-afiches-en-homenaje-a-los-100-anos-de-violeta-parra\/#primaryimage"},"image":{"@id":"http:\/\/vientosur.top\/museo\/ministro-ottone-inaugura-exposicion-de-afiches-en-homenaje-a-los-100-anos-de-violeta-parra\/#primaryimage"},"thumbnailUrl":"http:\/\/vientosur.top\/museo\/wp-content\/uploads\/2017\/06\/Ministro-Ottone-junto-a-los-ganadores-del-concurso-y-autoridades-de-Afichile-y-UTEM.jpg","datePublished":"2017-06-28T20:05:09+00:00","author":{"@id":"http:\/\/vientosur.top\/museo\/#\/schema\/person\/20c79d3c38800971feec8c2693c3dd9c"},"breadcrumb":{"@id":"http:\/\/vientosur.top\/museo\/ministro-ottone-inaugura-exposicion-de-afiches-en-homenaje-a-los-100-anos-de-violeta-parra\/#breadcrumb"},"inLanguage":"es","potentialAction":[{"@type":"ReadAction","target":["http:\/\/vientosur.top\/museo\/ministro-ottone-inaugura-exposicion-de-afiches-en-homenaje-a-los-100-anos-de-violeta-parra\/"]}]},{"@type":"ImageObject","inLanguage":"es","@id":"http:\/\/vientosur.top\/museo\/ministro-ottone-inaugura-exposicion-de-afiches-en-homenaje-a-los-100-anos-de-violeta-parra\/#primaryimage","url":"http:\/\/vientosur.top\/museo\/wp-content\/uploads\/2017\/06\/Ministro-Ottone-junto-a-los-ganadores-del-concurso-y-autoridades-de-Afichile-y-UTEM.jpg","contentUrl":"http:\/\/vientosur.top\/museo\/wp-content\/uploads\/2017\/06\/Ministro-Ottone-junto-a-los-ganadores-del-concurso-y-autoridades-de-Afichile-y-UTEM.jpg","width":1200,"height":800},{"@type":"BreadcrumbList","@id":"http:\/\/vientosur.top\/museo\/ministro-ottone-inaugura-exposicion-de-afiches-en-homenaje-a-los-100-anos-de-violeta-parra\/#breadcrumb","itemListElement":[{"@type":"ListItem","position":1,"name":"Portada","item":"http:\/\/vientosur.top\/museo\/"},{"@type":"ListItem","position":2,"name":"Ministro Ottone inaugura exposici\u00f3n de afiches en homenaje a los 100 a\u00f1os de Violeta Parra"}]},{"@type":"WebSite","@id":"http:\/\/vientosur.top\/museo\/#website","url":"http:\/\/vientosur.top\/museo\/","name":"Museo Violeta Parra","description":"Espacio que alberga tanto la memoria y legado creativo de la artista","potentialAction":[{"@type":"SearchAction","target":{"@type":"EntryPoint","urlTemplate":"http:\/\/vientosur.top\/museo\/?s={search_term_string}"},"query-input":{"@type":"PropertyValueSpecification","valueRequired":true,"valueName":"search_term_string"}}],"inLanguage":"es"},{"@type":"Person","@id":"http:\/\/vientosur.top\/museo\/#\/schema\/person\/20c79d3c38800971feec8c2693c3dd9c","name":"admin","image":{"@type":"ImageObject","inLanguage":"es","@id":"http:\/\/vientosur.top\/museo\/#\/schema\/person\/image\/","url":"https:\/\/secure.gravatar.com\/avatar\/713677ece3ffa642287213a80e5b773bce9ab81c269dd6d95102a990951c922f?s=96&d=mm&r=g","contentUrl":"https:\/\/secure.gravatar.com\/avatar\/713677ece3ffa642287213a80e5b773bce9ab81c269dd6d95102a990951c922f?s=96&d=mm&r=g","caption":"admin"},"sameAs":["http:\/\/vientosur.top\/museo"],"url":"http:\/\/vientosur.top\/museo\/author\/comunicacionesmvp\/"}]}},"_links":{"self":[{"href":"http:\/\/vientosur.top\/museo\/wp-json\/wp\/v2\/posts\/4418","targetHints":{"allow":["GET"]}}],"collection":[{"href":"http:\/\/vientosur.top\/museo\/wp-json\/wp\/v2\/posts"}],"about":[{"href":"http:\/\/vientosur.top\/museo\/wp-json\/wp\/v2\/types\/post"}],"author":[{"embeddable":true,"href":"http:\/\/vientosur.top\/museo\/wp-json\/wp\/v2\/users\/5"}],"replies":[{"embeddable":true,"href":"http:\/\/vientosur.top\/museo\/wp-json\/wp\/v2\/comments?post=4418"}],"version-history":[{"count":0,"href":"http:\/\/vientosur.top\/museo\/wp-json\/wp\/v2\/posts\/4418\/revisions"}],"wp:featuredmedia":[{"embeddable":true,"href":"http:\/\/vientosur.top\/museo\/wp-json\/wp\/v2\/media\/4419"}],"wp:attachment":[{"href":"http:\/\/vientosur.top\/museo\/wp-json\/wp\/v2\/media?parent=4418"}],"wp:term":[{"taxonomy":"category","embeddable":true,"href":"http:\/\/vientosur.top\/museo\/wp-json\/wp\/v2\/categories?post=4418"},{"taxonomy":"post_tag","embeddable":true,"href":"http:\/\/vientosur.top\/museo\/wp-json\/wp\/v2\/tags?post=4418"}],"curies":[{"name":"wp","href":"https:\/\/api.w.org\/{rel}","templated":true}]}}