{"id":4447,"date":"2017-06-30T21:44:39","date_gmt":"2017-06-30T21:44:39","guid":{"rendered":"http:\/\/vientosur.top\/museo\/\/?p=4447"},"modified":"2017-06-30T21:44:39","modified_gmt":"2017-06-30T21:44:39","slug":"museo-violeta-parra-inaugura-sala-run-run-nuevo-espacio-multiproposito-para-la-cultura-y-las-artes","status":"publish","type":"post","link":"http:\/\/vientosur.top\/museo\/museo-violeta-parra-inaugura-sala-run-run-nuevo-espacio-multiproposito-para-la-cultura-y-las-artes\/","title":{"rendered":"Museo Violeta Parra inaugura Sala Run Run, nuevo espacio multiprop\u00f3sito para la cultura y las artes"},"content":{"rendered":"<p>El mi\u00e9rcoles 28 de junio al mediod\u00eda, Cecilia Garc\u00eda-Huidobro, Directora del Museo Violeta Parra, y el Ministro de Cultura, Ernesto Ottone, inauguraron la nueva Sala Run Run. El espacio fue implementado durante el primer semestre de 2017, en el marco de los actividades de los 100 a\u00f1os de Violeta Parra gracias al financiamiento del Consejo Nacional de la Cultura y las Artes. La sala fue pensada y dise\u00f1ada para albergar diversas actividades culturales y educativas con \u00e9nfasis en la manufactura chilena. El gabinete instalado en el fondo recrea el mundo cotidiano de Violeta y despliega objetos que simulan la recreaci\u00f3n del contexto del pa\u00eds en el que vivi\u00f3 la creadora.<\/p>\n<p>&nbsp;<\/p>\n<p>Cecilia Garc\u00eda-Huidobro, Directora del Museo Violeta Parra, explica: \u00abEl proyecto de la Sala Run Run fue llevado a cabo por el equipo del Museo Violeta Parra, con el dise\u00f1o de Rodrigo Bravo, de la empresa <em>bravo!\u00a0<\/em>A la sala multiprop\u00f3sito, que ya ofrece una variada oferta cultural y educativa, se le sum\u00f3 un gabinete inspirado en la vida cotidiana de Violeta Parra, una muestra de su discograf\u00eda completa y dispositivos para escucharla\u00bb.<\/p>\n<p>&nbsp;<br \/>\n\u00abNos parece fant\u00e1stico contar con este espacio interactivo que representa el mundo del d\u00eda a d\u00eda de Violeta Parra. Se trata de un lugar expuesto con una delicadeza muy cuidadosa, en el que podemos encontrar elementos del dise\u00f1o, la memoria y el patrimonio. La Sala Run Run est\u00e1 pensada para\u00a0la familia, j\u00f3venes y estudiantes que est\u00e1n interesados por conocer\u00a0el contexto hist\u00f3rico en el que le toc\u00f3 vivir\u00bb, comenta\u00a0el Ministro de Cultura, Ernesto Ottone.<\/p>\n<p>&nbsp;<\/p>\n<p>\u00abNosotros sab\u00edamos que los 100 a\u00f1os de Violeta iban a significar una versatilidad\u00a0en torno a su figura que no tiene que ver s\u00f3lo con su l\u00edrica, sino tambi\u00e9n con toda la creatividad que tiene y que ha inspirado a nuevas generaciones. Esto ha significado m\u00e1s de 400 eventos a largo del pa\u00eds, pero tambi\u00e9n a nivel internacional. Estamos muy conformes con todo lo que se est\u00e1 realizando en torno a ella\u00bb, a\u00f1ade Paula G\u00f3mez, dise\u00f1adora de <em>bravo!<\/em><\/p>\n<p>&nbsp;<\/p>\n<p>Curator\u00eda: Cecilia Garc\u00eda-Huidobro, Isabel Parra, Milena Rojas<br \/>\nDise\u00f1o: Rodrigo Bravo<br \/>\nFabricaci\u00f3n: <em>bravo!<\/em><br \/>\nDise\u00f1o mesas: Enzo Mari &#8211; Autoconstrucci\u00f3n<br \/>\nDise\u00f1o gr\u00e1fico: Francisca Khamis<br \/>\nMuseograf\u00eda: Ana Anselmo<br \/>\nMontaje: Ana Anselmo, Mar\u00eda Galindo, Hugo Montenegro, Camila Mu\u00f1oz<br \/>\nEdici\u00f3n musical: Fundaci\u00f3n Museo Violeta Parra<br \/>\nFotograf\u00edas: Fundaci\u00f3n Violeta Parra<\/p>\n<h5>*Especiales agradecimientos a Ricardo Echeverr\u00eda, quien don\u00f3 la discograf\u00eda completa al Museo Violeta Parra<\/h5>\n<p>&nbsp;<\/p>\n<p><a href=\"http:\/\/vientosur.top\/museo\/\/wp-content\/uploads\/2017\/06\/cartelera-julio_4.png\"><img fetchpriority=\"high\" decoding=\"async\" class=\"alignnone size-large wp-image-4487\" src=\"http:\/\/vientosur.top\/museo\/\/wp-content\/uploads\/2017\/06\/cartelera-julio_4-791x1024.png\" alt=\"\" width=\"791\" height=\"1024\" \/><\/a><\/p>\n","protected":false},"excerpt":{"rendered":"<p>El mi\u00e9rcoles 28 de junio al mediod\u00eda, Cecilia Garc\u00eda-Huidobro, Directora del Museo Violeta Parra, y el Ministro de Cultura, Ernesto Ottone, inauguraron la nueva Sala Run Run. El espacio fue implementado durante el primer semestre de 2017, en el marco de los actividades de los 100 a\u00f1os de Violeta Parra gracias al financiamiento del Consejo [&hellip;]<\/p>\n","protected":false},"author":5,"featured_media":4483,"comment_status":"open","ping_status":"open","sticky":false,"template":"","format":"standard","meta":{"site-sidebar-layout":"default","site-content-layout":"","ast-site-content-layout":"default","site-content-style":"default","site-sidebar-style":"default","ast-global-header-display":"","ast-banner-title-visibility":"","ast-main-header-display":"","ast-hfb-above-header-display":"","ast-hfb-below-header-display":"","ast-hfb-mobile-header-display":"","site-post-title":"","ast-breadcrumbs-content":"","ast-featured-img":"","footer-sml-layout":"","theme-transparent-header-meta":"","adv-header-id-meta":"","stick-header-meta":"","header-above-stick-meta":"","header-main-stick-meta":"","header-below-stick-meta":"","astra-migrate-meta-layouts":"default","ast-page-background-enabled":"default","ast-page-background-meta":{"desktop":{"background-color":"var(--ast-global-color-4)","background-image":"","background-repeat":"repeat","background-position":"center center","background-size":"auto","background-attachment":"scroll","background-type":"","background-media":"","overlay-type":"","overlay-color":"","overlay-opacity":"","overlay-gradient":""},"tablet":{"background-color":"","background-image":"","background-repeat":"repeat","background-position":"center center","background-size":"auto","background-attachment":"scroll","background-type":"","background-media":"","overlay-type":"","overlay-color":"","overlay-opacity":"","overlay-gradient":""},"mobile":{"background-color":"","background-image":"","background-repeat":"repeat","background-position":"center center","background-size":"auto","background-attachment":"scroll","background-type":"","background-media":"","overlay-type":"","overlay-color":"","overlay-opacity":"","overlay-gradient":""}},"ast-content-background-meta":{"desktop":{"background-color":"var(--ast-global-color-5)","background-image":"","background-repeat":"repeat","background-position":"center center","background-size":"auto","background-attachment":"scroll","background-type":"","background-media":"","overlay-type":"","overlay-color":"","overlay-opacity":"","overlay-gradient":""},"tablet":{"background-color":"var(--ast-global-color-5)","background-image":"","background-repeat":"repeat","background-position":"center center","background-size":"auto","background-attachment":"scroll","background-type":"","background-media":"","overlay-type":"","overlay-color":"","overlay-opacity":"","overlay-gradient":""},"mobile":{"background-color":"var(--ast-global-color-5)","background-image":"","background-repeat":"repeat","background-position":"center center","background-size":"auto","background-attachment":"scroll","background-type":"","background-media":"","overlay-type":"","overlay-color":"","overlay-opacity":"","overlay-gradient":""}},"footnotes":""},"categories":[59,8,61],"tags":[],"class_list":["post-4447","post","type-post","status-publish","format-standard","has-post-thumbnail","hentry","category-destacado-noticia","category-noticias","category-novedades"],"yoast_head":"<!-- This site is optimized with the Yoast SEO plugin v25.4 - https:\/\/yoast.com\/wordpress\/plugins\/seo\/ -->\n<title>Museo Violeta Parra inaugura Sala Run Run, nuevo espacio multiprop\u00f3sito para la cultura y las artes - Museo Violeta Parra<\/title>\n<meta name=\"robots\" content=\"index, follow, max-snippet:-1, max-image-preview:large, max-video-preview:-1\" \/>\n<link rel=\"canonical\" href=\"http:\/\/vientosur.top\/museo\/museo-violeta-parra-inaugura-sala-run-run-nuevo-espacio-multiproposito-para-la-cultura-y-las-artes\/\" \/>\n<meta property=\"og:locale\" content=\"es_ES\" \/>\n<meta property=\"og:type\" content=\"article\" \/>\n<meta property=\"og:title\" content=\"Museo Violeta Parra inaugura Sala Run Run, nuevo espacio multiprop\u00f3sito para la cultura y las artes - Museo Violeta Parra\" \/>\n<meta property=\"og:description\" content=\"El mi\u00e9rcoles 28 de junio al mediod\u00eda, Cecilia Garc\u00eda-Huidobro, Directora del Museo Violeta Parra, y el Ministro de Cultura, Ernesto Ottone, inauguraron la nueva Sala Run Run. El espacio fue implementado durante el primer semestre de 2017, en el marco de los actividades de los 100 a\u00f1os de Violeta Parra gracias al financiamiento del Consejo [&hellip;]\" \/>\n<meta property=\"og:url\" content=\"http:\/\/vientosur.top\/museo\/museo-violeta-parra-inaugura-sala-run-run-nuevo-espacio-multiproposito-para-la-cultura-y-las-artes\/\" \/>\n<meta property=\"og:site_name\" content=\"Museo Violeta Parra\" \/>\n<meta property=\"article:published_time\" content=\"2017-06-30T21:44:39+00:00\" \/>\n<meta property=\"og:image\" content=\"http:\/\/vientosur.top\/museo\/wp-content\/uploads\/2017\/06\/salarunrun1.jpg\" \/>\n\t<meta property=\"og:image:width\" content=\"1200\" \/>\n\t<meta property=\"og:image:height\" content=\"639\" \/>\n\t<meta property=\"og:image:type\" content=\"image\/jpeg\" \/>\n<meta name=\"author\" content=\"admin\" \/>\n<meta name=\"twitter:card\" content=\"summary_large_image\" \/>\n<meta name=\"twitter:label1\" content=\"Escrito por\" \/>\n\t<meta name=\"twitter:data1\" content=\"admin\" \/>\n\t<meta name=\"twitter:label2\" content=\"Tiempo de lectura\" \/>\n\t<meta name=\"twitter:data2\" content=\"2 minutos\" \/>\n<script type=\"application\/ld+json\" class=\"yoast-schema-graph\">{\"@context\":\"https:\/\/schema.org\",\"@graph\":[{\"@type\":\"WebPage\",\"@id\":\"http:\/\/vientosur.top\/museo\/museo-violeta-parra-inaugura-sala-run-run-nuevo-espacio-multiproposito-para-la-cultura-y-las-artes\/\",\"url\":\"http:\/\/vientosur.top\/museo\/museo-violeta-parra-inaugura-sala-run-run-nuevo-espacio-multiproposito-para-la-cultura-y-las-artes\/\",\"name\":\"Museo Violeta Parra inaugura Sala Run Run, nuevo espacio multiprop\u00f3sito para la cultura y las artes - Museo Violeta Parra\",\"isPartOf\":{\"@id\":\"http:\/\/vientosur.top\/museo\/#website\"},\"primaryImageOfPage\":{\"@id\":\"http:\/\/vientosur.top\/museo\/museo-violeta-parra-inaugura-sala-run-run-nuevo-espacio-multiproposito-para-la-cultura-y-las-artes\/#primaryimage\"},\"image\":{\"@id\":\"http:\/\/vientosur.top\/museo\/museo-violeta-parra-inaugura-sala-run-run-nuevo-espacio-multiproposito-para-la-cultura-y-las-artes\/#primaryimage\"},\"thumbnailUrl\":\"http:\/\/vientosur.top\/museo\/wp-content\/uploads\/2017\/06\/salarunrun1.jpg\",\"datePublished\":\"2017-06-30T21:44:39+00:00\",\"author\":{\"@id\":\"http:\/\/vientosur.top\/museo\/#\/schema\/person\/20c79d3c38800971feec8c2693c3dd9c\"},\"breadcrumb\":{\"@id\":\"http:\/\/vientosur.top\/museo\/museo-violeta-parra-inaugura-sala-run-run-nuevo-espacio-multiproposito-para-la-cultura-y-las-artes\/#breadcrumb\"},\"inLanguage\":\"es\",\"potentialAction\":[{\"@type\":\"ReadAction\",\"target\":[\"http:\/\/vientosur.top\/museo\/museo-violeta-parra-inaugura-sala-run-run-nuevo-espacio-multiproposito-para-la-cultura-y-las-artes\/\"]}]},{\"@type\":\"ImageObject\",\"inLanguage\":\"es\",\"@id\":\"http:\/\/vientosur.top\/museo\/museo-violeta-parra-inaugura-sala-run-run-nuevo-espacio-multiproposito-para-la-cultura-y-las-artes\/#primaryimage\",\"url\":\"http:\/\/vientosur.top\/museo\/wp-content\/uploads\/2017\/06\/salarunrun1.jpg\",\"contentUrl\":\"http:\/\/vientosur.top\/museo\/wp-content\/uploads\/2017\/06\/salarunrun1.jpg\",\"width\":1200,\"height\":639},{\"@type\":\"BreadcrumbList\",\"@id\":\"http:\/\/vientosur.top\/museo\/museo-violeta-parra-inaugura-sala-run-run-nuevo-espacio-multiproposito-para-la-cultura-y-las-artes\/#breadcrumb\",\"itemListElement\":[{\"@type\":\"ListItem\",\"position\":1,\"name\":\"Portada\",\"item\":\"http:\/\/vientosur.top\/museo\/\"},{\"@type\":\"ListItem\",\"position\":2,\"name\":\"Museo Violeta Parra inaugura Sala Run Run, nuevo espacio multiprop\u00f3sito para la cultura y las artes\"}]},{\"@type\":\"WebSite\",\"@id\":\"http:\/\/vientosur.top\/museo\/#website\",\"url\":\"http:\/\/vientosur.top\/museo\/\",\"name\":\"Museo Violeta Parra\",\"description\":\"Espacio que alberga tanto la memoria y legado creativo de la artista\",\"potentialAction\":[{\"@type\":\"SearchAction\",\"target\":{\"@type\":\"EntryPoint\",\"urlTemplate\":\"http:\/\/vientosur.top\/museo\/?s={search_term_string}\"},\"query-input\":{\"@type\":\"PropertyValueSpecification\",\"valueRequired\":true,\"valueName\":\"search_term_string\"}}],\"inLanguage\":\"es\"},{\"@type\":\"Person\",\"@id\":\"http:\/\/vientosur.top\/museo\/#\/schema\/person\/20c79d3c38800971feec8c2693c3dd9c\",\"name\":\"admin\",\"image\":{\"@type\":\"ImageObject\",\"inLanguage\":\"es\",\"@id\":\"http:\/\/vientosur.top\/museo\/#\/schema\/person\/image\/\",\"url\":\"https:\/\/secure.gravatar.com\/avatar\/713677ece3ffa642287213a80e5b773bce9ab81c269dd6d95102a990951c922f?s=96&d=mm&r=g\",\"contentUrl\":\"https:\/\/secure.gravatar.com\/avatar\/713677ece3ffa642287213a80e5b773bce9ab81c269dd6d95102a990951c922f?s=96&d=mm&r=g\",\"caption\":\"admin\"},\"sameAs\":[\"http:\/\/vientosur.top\/museo\"],\"url\":\"http:\/\/vientosur.top\/museo\/author\/comunicacionesmvp\/\"}]}<\/script>\n<!-- \/ Yoast SEO plugin. -->","yoast_head_json":{"title":"Museo Violeta Parra inaugura Sala Run Run, nuevo espacio multiprop\u00f3sito para la cultura y las artes - Museo Violeta Parra","robots":{"index":"index","follow":"follow","max-snippet":"max-snippet:-1","max-image-preview":"max-image-preview:large","max-video-preview":"max-video-preview:-1"},"canonical":"http:\/\/vientosur.top\/museo\/museo-violeta-parra-inaugura-sala-run-run-nuevo-espacio-multiproposito-para-la-cultura-y-las-artes\/","og_locale":"es_ES","og_type":"article","og_title":"Museo Violeta Parra inaugura Sala Run Run, nuevo espacio multiprop\u00f3sito para la cultura y las artes - Museo Violeta Parra","og_description":"El mi\u00e9rcoles 28 de junio al mediod\u00eda, Cecilia Garc\u00eda-Huidobro, Directora del Museo Violeta Parra, y el Ministro de Cultura, Ernesto Ottone, inauguraron la nueva Sala Run Run. El espacio fue implementado durante el primer semestre de 2017, en el marco de los actividades de los 100 a\u00f1os de Violeta Parra gracias al financiamiento del Consejo [&hellip;]","og_url":"http:\/\/vientosur.top\/museo\/museo-violeta-parra-inaugura-sala-run-run-nuevo-espacio-multiproposito-para-la-cultura-y-las-artes\/","og_site_name":"Museo Violeta Parra","article_published_time":"2017-06-30T21:44:39+00:00","og_image":[{"width":1200,"height":639,"url":"http:\/\/vientosur.top\/museo\/wp-content\/uploads\/2017\/06\/salarunrun1.jpg","type":"image\/jpeg"}],"author":"admin","twitter_card":"summary_large_image","twitter_misc":{"Escrito por":"admin","Tiempo de lectura":"2 minutos"},"schema":{"@context":"https:\/\/schema.org","@graph":[{"@type":"WebPage","@id":"http:\/\/vientosur.top\/museo\/museo-violeta-parra-inaugura-sala-run-run-nuevo-espacio-multiproposito-para-la-cultura-y-las-artes\/","url":"http:\/\/vientosur.top\/museo\/museo-violeta-parra-inaugura-sala-run-run-nuevo-espacio-multiproposito-para-la-cultura-y-las-artes\/","name":"Museo Violeta Parra inaugura Sala Run Run, nuevo espacio multiprop\u00f3sito para la cultura y las artes - Museo Violeta Parra","isPartOf":{"@id":"http:\/\/vientosur.top\/museo\/#website"},"primaryImageOfPage":{"@id":"http:\/\/vientosur.top\/museo\/museo-violeta-parra-inaugura-sala-run-run-nuevo-espacio-multiproposito-para-la-cultura-y-las-artes\/#primaryimage"},"image":{"@id":"http:\/\/vientosur.top\/museo\/museo-violeta-parra-inaugura-sala-run-run-nuevo-espacio-multiproposito-para-la-cultura-y-las-artes\/#primaryimage"},"thumbnailUrl":"http:\/\/vientosur.top\/museo\/wp-content\/uploads\/2017\/06\/salarunrun1.jpg","datePublished":"2017-06-30T21:44:39+00:00","author":{"@id":"http:\/\/vientosur.top\/museo\/#\/schema\/person\/20c79d3c38800971feec8c2693c3dd9c"},"breadcrumb":{"@id":"http:\/\/vientosur.top\/museo\/museo-violeta-parra-inaugura-sala-run-run-nuevo-espacio-multiproposito-para-la-cultura-y-las-artes\/#breadcrumb"},"inLanguage":"es","potentialAction":[{"@type":"ReadAction","target":["http:\/\/vientosur.top\/museo\/museo-violeta-parra-inaugura-sala-run-run-nuevo-espacio-multiproposito-para-la-cultura-y-las-artes\/"]}]},{"@type":"ImageObject","inLanguage":"es","@id":"http:\/\/vientosur.top\/museo\/museo-violeta-parra-inaugura-sala-run-run-nuevo-espacio-multiproposito-para-la-cultura-y-las-artes\/#primaryimage","url":"http:\/\/vientosur.top\/museo\/wp-content\/uploads\/2017\/06\/salarunrun1.jpg","contentUrl":"http:\/\/vientosur.top\/museo\/wp-content\/uploads\/2017\/06\/salarunrun1.jpg","width":1200,"height":639},{"@type":"BreadcrumbList","@id":"http:\/\/vientosur.top\/museo\/museo-violeta-parra-inaugura-sala-run-run-nuevo-espacio-multiproposito-para-la-cultura-y-las-artes\/#breadcrumb","itemListElement":[{"@type":"ListItem","position":1,"name":"Portada","item":"http:\/\/vientosur.top\/museo\/"},{"@type":"ListItem","position":2,"name":"Museo Violeta Parra inaugura Sala Run Run, nuevo espacio multiprop\u00f3sito para la cultura y las artes"}]},{"@type":"WebSite","@id":"http:\/\/vientosur.top\/museo\/#website","url":"http:\/\/vientosur.top\/museo\/","name":"Museo Violeta Parra","description":"Espacio que alberga tanto la memoria y legado creativo de la artista","potentialAction":[{"@type":"SearchAction","target":{"@type":"EntryPoint","urlTemplate":"http:\/\/vientosur.top\/museo\/?s={search_term_string}"},"query-input":{"@type":"PropertyValueSpecification","valueRequired":true,"valueName":"search_term_string"}}],"inLanguage":"es"},{"@type":"Person","@id":"http:\/\/vientosur.top\/museo\/#\/schema\/person\/20c79d3c38800971feec8c2693c3dd9c","name":"admin","image":{"@type":"ImageObject","inLanguage":"es","@id":"http:\/\/vientosur.top\/museo\/#\/schema\/person\/image\/","url":"https:\/\/secure.gravatar.com\/avatar\/713677ece3ffa642287213a80e5b773bce9ab81c269dd6d95102a990951c922f?s=96&d=mm&r=g","contentUrl":"https:\/\/secure.gravatar.com\/avatar\/713677ece3ffa642287213a80e5b773bce9ab81c269dd6d95102a990951c922f?s=96&d=mm&r=g","caption":"admin"},"sameAs":["http:\/\/vientosur.top\/museo"],"url":"http:\/\/vientosur.top\/museo\/author\/comunicacionesmvp\/"}]}},"_links":{"self":[{"href":"http:\/\/vientosur.top\/museo\/wp-json\/wp\/v2\/posts\/4447","targetHints":{"allow":["GET"]}}],"collection":[{"href":"http:\/\/vientosur.top\/museo\/wp-json\/wp\/v2\/posts"}],"about":[{"href":"http:\/\/vientosur.top\/museo\/wp-json\/wp\/v2\/types\/post"}],"author":[{"embeddable":true,"href":"http:\/\/vientosur.top\/museo\/wp-json\/wp\/v2\/users\/5"}],"replies":[{"embeddable":true,"href":"http:\/\/vientosur.top\/museo\/wp-json\/wp\/v2\/comments?post=4447"}],"version-history":[{"count":0,"href":"http:\/\/vientosur.top\/museo\/wp-json\/wp\/v2\/posts\/4447\/revisions"}],"wp:featuredmedia":[{"embeddable":true,"href":"http:\/\/vientosur.top\/museo\/wp-json\/wp\/v2\/media\/4483"}],"wp:attachment":[{"href":"http:\/\/vientosur.top\/museo\/wp-json\/wp\/v2\/media?parent=4447"}],"wp:term":[{"taxonomy":"category","embeddable":true,"href":"http:\/\/vientosur.top\/museo\/wp-json\/wp\/v2\/categories?post=4447"},{"taxonomy":"post_tag","embeddable":true,"href":"http:\/\/vientosur.top\/museo\/wp-json\/wp\/v2\/tags?post=4447"}],"curies":[{"name":"wp","href":"https:\/\/api.w.org\/{rel}","templated":true}]}}