{"id":4457,"date":"2017-07-01T19:00:11","date_gmt":"2017-07-01T19:00:11","guid":{"rendered":"http:\/\/vientosur.top\/museo\/\/?p=4457"},"modified":"2017-07-01T19:00:11","modified_gmt":"2017-07-01T19:00:11","slug":"museo-sin-fronteras-la-maleta-de-violeta-visito-cuatro-escuelas-del-valle-del-elqui","status":"publish","type":"post","link":"http:\/\/vientosur.top\/museo\/museo-sin-fronteras-la-maleta-de-violeta-visito-cuatro-escuelas-del-valle-del-elqui\/","title":{"rendered":"Museo sin fronteras: \u00abLa Maleta de Violeta\u00bb visit\u00f3 cuatro escuelas del Valle del Elqui"},"content":{"rendered":"<p>Hasta la Regi\u00f3n de Coquimbo se traslad\u00f3 el equipo de Educaci\u00f3n del Museo Violeta Parra entre el lunes 26 y el jueves 29 de junio. Viajaron junto a \u00abLa Maleta de Violeta\u00bb, el proyecto de muestra itinerante que ha visitado diversos rincones de Chile gracias al financiamiento del Consejo Nacional de la Cultura y las Artes.<\/p>\n<p>&nbsp;<\/p>\n<p>La Escuela Municipal de Alcohuaz, el Colegio Joaqu\u00edn Vicu\u00f1a Larra\u00edn de Vicu\u00f1a, la Escuela Gabriela Mistral de Paihuano y el Colegio Leonardo Da Vinci participaron del programa educativo creado en 2016.<\/p>\n<p>&nbsp;<\/p>\n<p><strong>Primera visita al norte<\/strong><\/p>\n<p>&nbsp;<\/p>\n<p>\u00abNunca hab\u00edamos ido al norte con la maleta. Quer\u00edamos llegar a zonas m\u00e1s apartadas, pueblos m\u00e1s peque\u00f1os, que sab\u00edamos que no tendr\u00edan la facilidad de venir al museo. Quer\u00edamos llevar la vida y obra de Violeta Parra a esas zonas, fue muy bueno. Al igual que nuestra visita a San Fabi\u00e1n de Alico, se dio un proceso colaborativo con diversas instituciones, como el municipio o los profesores de la zona\u00bb, cuenta Esteban Torres, Jefe de Educaci\u00f3n del Museo Violeta Parra.<\/p>\n<p>&nbsp;<\/p>\n<p>Por su parte Natacha Osorio, mediadora cultural del museo, cuenta que: \u00abConoc\u00edan poco de Violeta, porque la zona es donde naci\u00f3 Gabriela Mistral. Tratamos de hacer la mediaci\u00f3n con la relaci\u00f3n que tuvieron ellas dos, los textos que le\u00edmos fueron textos de Violeta sobre la Gabriela, tratamos de hacer una experiencia s\u00faper cercana con ellos. El taller de bordado les gust\u00f3 mucho, porque ellos estaban acostumbrados a trabajar s\u00f3lo con reciclaje. Los ni\u00f1os nos cantaron y \u00a0visitamos a un luthier que nos cont\u00f3 su experiencia que hab\u00eda tenido con Violeta Parra y V\u00edctor Jara\u00bb.<\/p>\n<p>&nbsp;<\/p>\n<p>La tercera asistente al viaje fue Dayana Barrera, quien destaca: \u00abNos recibieron con las canciones de la Violeta. Las canciones tambi\u00e9n estaban relacionadas con los pueblos originarios. Tienen un real contacto de su territorio y eso estaba relacionado con la m\u00fasica. Volvimos con harto \u00e1nimo porque efectivamente hay escuelas y colegios que est\u00e1n haciendo patria a trav\u00e9s del arte en lugares remotos\u00bb.<\/p>\n<p>&nbsp;<\/p>\n<p>Como parte de la conmemoraci\u00f3n de los 100 a\u00f1os del nacimiento de Violeta, la maleta recorrer\u00e1 durante este a\u00f1o ocho ciudades de Chile gracias al financiamiento del Consejo Nacional de la Cultura y las Artes.\u00a0El martes 4 de julio ser\u00e1 el turno del Centro de Creaci\u00f3n de la ciudad de Temuco, en el que participar\u00e1n\u00a0estudiantes de colegios de\u00a0Pitrufqu\u00e9n y de Labranza.<br \/>\n<a href=\"https:\/\/www.facebook.com\/pg\/MuseoVioletaParra\/photos\/?tab=album&amp;album_id=1952651474978264\" target=\"_blank\" rel=\"noopener noreferrer\"><strong>Ver galer\u00eda de im\u00e1genes<\/strong><\/a><\/p>\n<p>&nbsp;<\/p>\n","protected":false},"excerpt":{"rendered":"<p>Hasta la Regi\u00f3n de Coquimbo se traslad\u00f3 el equipo de Educaci\u00f3n del Museo Violeta Parra entre el lunes 26 y el jueves 29 de junio. Viajaron junto a \u00abLa Maleta de Violeta\u00bb, el proyecto de muestra itinerante que ha visitado diversos rincones de Chile gracias al financiamiento del Consejo Nacional de la Cultura y las [&hellip;]<\/p>\n","protected":false},"author":5,"featured_media":4497,"comment_status":"open","ping_status":"open","sticky":false,"template":"","format":"standard","meta":{"site-sidebar-layout":"default","site-content-layout":"","ast-site-content-layout":"default","site-content-style":"default","site-sidebar-style":"default","ast-global-header-display":"","ast-banner-title-visibility":"","ast-main-header-display":"","ast-hfb-above-header-display":"","ast-hfb-below-header-display":"","ast-hfb-mobile-header-display":"","site-post-title":"","ast-breadcrumbs-content":"","ast-featured-img":"","footer-sml-layout":"","theme-transparent-header-meta":"","adv-header-id-meta":"","stick-header-meta":"","header-above-stick-meta":"","header-main-stick-meta":"","header-below-stick-meta":"","astra-migrate-meta-layouts":"default","ast-page-background-enabled":"default","ast-page-background-meta":{"desktop":{"background-color":"var(--ast-global-color-4)","background-image":"","background-repeat":"repeat","background-position":"center center","background-size":"auto","background-attachment":"scroll","background-type":"","background-media":"","overlay-type":"","overlay-color":"","overlay-opacity":"","overlay-gradient":""},"tablet":{"background-color":"","background-image":"","background-repeat":"repeat","background-position":"center center","background-size":"auto","background-attachment":"scroll","background-type":"","background-media":"","overlay-type":"","overlay-color":"","overlay-opacity":"","overlay-gradient":""},"mobile":{"background-color":"","background-image":"","background-repeat":"repeat","background-position":"center center","background-size":"auto","background-attachment":"scroll","background-type":"","background-media":"","overlay-type":"","overlay-color":"","overlay-opacity":"","overlay-gradient":""}},"ast-content-background-meta":{"desktop":{"background-color":"var(--ast-global-color-5)","background-image":"","background-repeat":"repeat","background-position":"center center","background-size":"auto","background-attachment":"scroll","background-type":"","background-media":"","overlay-type":"","overlay-color":"","overlay-opacity":"","overlay-gradient":""},"tablet":{"background-color":"var(--ast-global-color-5)","background-image":"","background-repeat":"repeat","background-position":"center center","background-size":"auto","background-attachment":"scroll","background-type":"","background-media":"","overlay-type":"","overlay-color":"","overlay-opacity":"","overlay-gradient":""},"mobile":{"background-color":"var(--ast-global-color-5)","background-image":"","background-repeat":"repeat","background-position":"center center","background-size":"auto","background-attachment":"scroll","background-type":"","background-media":"","overlay-type":"","overlay-color":"","overlay-opacity":"","overlay-gradient":""}},"footnotes":""},"categories":[59,8,61],"tags":[],"class_list":["post-4457","post","type-post","status-publish","format-standard","has-post-thumbnail","hentry","category-destacado-noticia","category-noticias","category-novedades"],"yoast_head":"<!-- This site is optimized with the Yoast SEO plugin v25.4 - https:\/\/yoast.com\/wordpress\/plugins\/seo\/ -->\n<title>Museo sin fronteras: &quot;La Maleta de Violeta&quot; visit\u00f3 cuatro escuelas del Valle del Elqui - Museo Violeta Parra<\/title>\n<meta name=\"robots\" content=\"index, follow, max-snippet:-1, max-image-preview:large, max-video-preview:-1\" \/>\n<link rel=\"canonical\" href=\"http:\/\/vientosur.top\/museo\/museo-sin-fronteras-la-maleta-de-violeta-visito-cuatro-escuelas-del-valle-del-elqui\/\" \/>\n<meta property=\"og:locale\" content=\"es_ES\" \/>\n<meta property=\"og:type\" content=\"article\" \/>\n<meta property=\"og:title\" content=\"Museo sin fronteras: &quot;La Maleta de Violeta&quot; visit\u00f3 cuatro escuelas del Valle del Elqui - Museo Violeta Parra\" \/>\n<meta property=\"og:description\" content=\"Hasta la Regi\u00f3n de Coquimbo se traslad\u00f3 el equipo de Educaci\u00f3n del Museo Violeta Parra entre el lunes 26 y el jueves 29 de junio. Viajaron junto a \u00abLa Maleta de Violeta\u00bb, el proyecto de muestra itinerante que ha visitado diversos rincones de Chile gracias al financiamiento del Consejo Nacional de la Cultura y las [&hellip;]\" \/>\n<meta property=\"og:url\" content=\"http:\/\/vientosur.top\/museo\/museo-sin-fronteras-la-maleta-de-violeta-visito-cuatro-escuelas-del-valle-del-elqui\/\" \/>\n<meta property=\"og:site_name\" content=\"Museo Violeta Parra\" \/>\n<meta property=\"article:published_time\" content=\"2017-07-01T19:00:11+00:00\" \/>\n<meta property=\"og:image\" content=\"http:\/\/vientosur.top\/museo\/wp-content\/uploads\/2017\/07\/maletavic.jpg\" \/>\n\t<meta property=\"og:image:width\" content=\"1200\" \/>\n\t<meta property=\"og:image:height\" content=\"675\" \/>\n\t<meta property=\"og:image:type\" content=\"image\/jpeg\" \/>\n<meta name=\"author\" content=\"admin\" \/>\n<meta name=\"twitter:card\" content=\"summary_large_image\" \/>\n<meta name=\"twitter:label1\" content=\"Escrito por\" \/>\n\t<meta name=\"twitter:data1\" content=\"admin\" \/>\n\t<meta name=\"twitter:label2\" content=\"Tiempo de lectura\" \/>\n\t<meta name=\"twitter:data2\" content=\"2 minutos\" \/>\n<script type=\"application\/ld+json\" class=\"yoast-schema-graph\">{\"@context\":\"https:\/\/schema.org\",\"@graph\":[{\"@type\":\"WebPage\",\"@id\":\"http:\/\/vientosur.top\/museo\/museo-sin-fronteras-la-maleta-de-violeta-visito-cuatro-escuelas-del-valle-del-elqui\/\",\"url\":\"http:\/\/vientosur.top\/museo\/museo-sin-fronteras-la-maleta-de-violeta-visito-cuatro-escuelas-del-valle-del-elqui\/\",\"name\":\"Museo sin fronteras: \\\"La Maleta de Violeta\\\" visit\u00f3 cuatro escuelas del Valle del Elqui - Museo Violeta Parra\",\"isPartOf\":{\"@id\":\"http:\/\/vientosur.top\/museo\/#website\"},\"primaryImageOfPage\":{\"@id\":\"http:\/\/vientosur.top\/museo\/museo-sin-fronteras-la-maleta-de-violeta-visito-cuatro-escuelas-del-valle-del-elqui\/#primaryimage\"},\"image\":{\"@id\":\"http:\/\/vientosur.top\/museo\/museo-sin-fronteras-la-maleta-de-violeta-visito-cuatro-escuelas-del-valle-del-elqui\/#primaryimage\"},\"thumbnailUrl\":\"http:\/\/vientosur.top\/museo\/wp-content\/uploads\/2017\/07\/maletavic.jpg\",\"datePublished\":\"2017-07-01T19:00:11+00:00\",\"author\":{\"@id\":\"http:\/\/vientosur.top\/museo\/#\/schema\/person\/20c79d3c38800971feec8c2693c3dd9c\"},\"breadcrumb\":{\"@id\":\"http:\/\/vientosur.top\/museo\/museo-sin-fronteras-la-maleta-de-violeta-visito-cuatro-escuelas-del-valle-del-elqui\/#breadcrumb\"},\"inLanguage\":\"es\",\"potentialAction\":[{\"@type\":\"ReadAction\",\"target\":[\"http:\/\/vientosur.top\/museo\/museo-sin-fronteras-la-maleta-de-violeta-visito-cuatro-escuelas-del-valle-del-elqui\/\"]}]},{\"@type\":\"ImageObject\",\"inLanguage\":\"es\",\"@id\":\"http:\/\/vientosur.top\/museo\/museo-sin-fronteras-la-maleta-de-violeta-visito-cuatro-escuelas-del-valle-del-elqui\/#primaryimage\",\"url\":\"http:\/\/vientosur.top\/museo\/wp-content\/uploads\/2017\/07\/maletavic.jpg\",\"contentUrl\":\"http:\/\/vientosur.top\/museo\/wp-content\/uploads\/2017\/07\/maletavic.jpg\",\"width\":1200,\"height\":675},{\"@type\":\"BreadcrumbList\",\"@id\":\"http:\/\/vientosur.top\/museo\/museo-sin-fronteras-la-maleta-de-violeta-visito-cuatro-escuelas-del-valle-del-elqui\/#breadcrumb\",\"itemListElement\":[{\"@type\":\"ListItem\",\"position\":1,\"name\":\"Portada\",\"item\":\"http:\/\/vientosur.top\/museo\/\"},{\"@type\":\"ListItem\",\"position\":2,\"name\":\"Museo sin fronteras: \u00abLa Maleta de Violeta\u00bb visit\u00f3 cuatro escuelas del Valle del Elqui\"}]},{\"@type\":\"WebSite\",\"@id\":\"http:\/\/vientosur.top\/museo\/#website\",\"url\":\"http:\/\/vientosur.top\/museo\/\",\"name\":\"Museo Violeta Parra\",\"description\":\"Espacio que alberga tanto la memoria y legado creativo de la artista\",\"potentialAction\":[{\"@type\":\"SearchAction\",\"target\":{\"@type\":\"EntryPoint\",\"urlTemplate\":\"http:\/\/vientosur.top\/museo\/?s={search_term_string}\"},\"query-input\":{\"@type\":\"PropertyValueSpecification\",\"valueRequired\":true,\"valueName\":\"search_term_string\"}}],\"inLanguage\":\"es\"},{\"@type\":\"Person\",\"@id\":\"http:\/\/vientosur.top\/museo\/#\/schema\/person\/20c79d3c38800971feec8c2693c3dd9c\",\"name\":\"admin\",\"image\":{\"@type\":\"ImageObject\",\"inLanguage\":\"es\",\"@id\":\"http:\/\/vientosur.top\/museo\/#\/schema\/person\/image\/\",\"url\":\"https:\/\/secure.gravatar.com\/avatar\/713677ece3ffa642287213a80e5b773bce9ab81c269dd6d95102a990951c922f?s=96&d=mm&r=g\",\"contentUrl\":\"https:\/\/secure.gravatar.com\/avatar\/713677ece3ffa642287213a80e5b773bce9ab81c269dd6d95102a990951c922f?s=96&d=mm&r=g\",\"caption\":\"admin\"},\"sameAs\":[\"http:\/\/vientosur.top\/museo\"],\"url\":\"http:\/\/vientosur.top\/museo\/author\/comunicacionesmvp\/\"}]}<\/script>\n<!-- \/ Yoast SEO plugin. -->","yoast_head_json":{"title":"Museo sin fronteras: \"La Maleta de Violeta\" visit\u00f3 cuatro escuelas del Valle del Elqui - Museo Violeta Parra","robots":{"index":"index","follow":"follow","max-snippet":"max-snippet:-1","max-image-preview":"max-image-preview:large","max-video-preview":"max-video-preview:-1"},"canonical":"http:\/\/vientosur.top\/museo\/museo-sin-fronteras-la-maleta-de-violeta-visito-cuatro-escuelas-del-valle-del-elqui\/","og_locale":"es_ES","og_type":"article","og_title":"Museo sin fronteras: \"La Maleta de Violeta\" visit\u00f3 cuatro escuelas del Valle del Elqui - Museo Violeta Parra","og_description":"Hasta la Regi\u00f3n de Coquimbo se traslad\u00f3 el equipo de Educaci\u00f3n del Museo Violeta Parra entre el lunes 26 y el jueves 29 de junio. Viajaron junto a \u00abLa Maleta de Violeta\u00bb, el proyecto de muestra itinerante que ha visitado diversos rincones de Chile gracias al financiamiento del Consejo Nacional de la Cultura y las [&hellip;]","og_url":"http:\/\/vientosur.top\/museo\/museo-sin-fronteras-la-maleta-de-violeta-visito-cuatro-escuelas-del-valle-del-elqui\/","og_site_name":"Museo Violeta Parra","article_published_time":"2017-07-01T19:00:11+00:00","og_image":[{"width":1200,"height":675,"url":"http:\/\/vientosur.top\/museo\/wp-content\/uploads\/2017\/07\/maletavic.jpg","type":"image\/jpeg"}],"author":"admin","twitter_card":"summary_large_image","twitter_misc":{"Escrito por":"admin","Tiempo de lectura":"2 minutos"},"schema":{"@context":"https:\/\/schema.org","@graph":[{"@type":"WebPage","@id":"http:\/\/vientosur.top\/museo\/museo-sin-fronteras-la-maleta-de-violeta-visito-cuatro-escuelas-del-valle-del-elqui\/","url":"http:\/\/vientosur.top\/museo\/museo-sin-fronteras-la-maleta-de-violeta-visito-cuatro-escuelas-del-valle-del-elqui\/","name":"Museo sin fronteras: \"La Maleta de Violeta\" visit\u00f3 cuatro escuelas del Valle del Elqui - Museo Violeta Parra","isPartOf":{"@id":"http:\/\/vientosur.top\/museo\/#website"},"primaryImageOfPage":{"@id":"http:\/\/vientosur.top\/museo\/museo-sin-fronteras-la-maleta-de-violeta-visito-cuatro-escuelas-del-valle-del-elqui\/#primaryimage"},"image":{"@id":"http:\/\/vientosur.top\/museo\/museo-sin-fronteras-la-maleta-de-violeta-visito-cuatro-escuelas-del-valle-del-elqui\/#primaryimage"},"thumbnailUrl":"http:\/\/vientosur.top\/museo\/wp-content\/uploads\/2017\/07\/maletavic.jpg","datePublished":"2017-07-01T19:00:11+00:00","author":{"@id":"http:\/\/vientosur.top\/museo\/#\/schema\/person\/20c79d3c38800971feec8c2693c3dd9c"},"breadcrumb":{"@id":"http:\/\/vientosur.top\/museo\/museo-sin-fronteras-la-maleta-de-violeta-visito-cuatro-escuelas-del-valle-del-elqui\/#breadcrumb"},"inLanguage":"es","potentialAction":[{"@type":"ReadAction","target":["http:\/\/vientosur.top\/museo\/museo-sin-fronteras-la-maleta-de-violeta-visito-cuatro-escuelas-del-valle-del-elqui\/"]}]},{"@type":"ImageObject","inLanguage":"es","@id":"http:\/\/vientosur.top\/museo\/museo-sin-fronteras-la-maleta-de-violeta-visito-cuatro-escuelas-del-valle-del-elqui\/#primaryimage","url":"http:\/\/vientosur.top\/museo\/wp-content\/uploads\/2017\/07\/maletavic.jpg","contentUrl":"http:\/\/vientosur.top\/museo\/wp-content\/uploads\/2017\/07\/maletavic.jpg","width":1200,"height":675},{"@type":"BreadcrumbList","@id":"http:\/\/vientosur.top\/museo\/museo-sin-fronteras-la-maleta-de-violeta-visito-cuatro-escuelas-del-valle-del-elqui\/#breadcrumb","itemListElement":[{"@type":"ListItem","position":1,"name":"Portada","item":"http:\/\/vientosur.top\/museo\/"},{"@type":"ListItem","position":2,"name":"Museo sin fronteras: \u00abLa Maleta de Violeta\u00bb visit\u00f3 cuatro escuelas del Valle del Elqui"}]},{"@type":"WebSite","@id":"http:\/\/vientosur.top\/museo\/#website","url":"http:\/\/vientosur.top\/museo\/","name":"Museo Violeta Parra","description":"Espacio que alberga tanto la memoria y legado creativo de la artista","potentialAction":[{"@type":"SearchAction","target":{"@type":"EntryPoint","urlTemplate":"http:\/\/vientosur.top\/museo\/?s={search_term_string}"},"query-input":{"@type":"PropertyValueSpecification","valueRequired":true,"valueName":"search_term_string"}}],"inLanguage":"es"},{"@type":"Person","@id":"http:\/\/vientosur.top\/museo\/#\/schema\/person\/20c79d3c38800971feec8c2693c3dd9c","name":"admin","image":{"@type":"ImageObject","inLanguage":"es","@id":"http:\/\/vientosur.top\/museo\/#\/schema\/person\/image\/","url":"https:\/\/secure.gravatar.com\/avatar\/713677ece3ffa642287213a80e5b773bce9ab81c269dd6d95102a990951c922f?s=96&d=mm&r=g","contentUrl":"https:\/\/secure.gravatar.com\/avatar\/713677ece3ffa642287213a80e5b773bce9ab81c269dd6d95102a990951c922f?s=96&d=mm&r=g","caption":"admin"},"sameAs":["http:\/\/vientosur.top\/museo"],"url":"http:\/\/vientosur.top\/museo\/author\/comunicacionesmvp\/"}]}},"_links":{"self":[{"href":"http:\/\/vientosur.top\/museo\/wp-json\/wp\/v2\/posts\/4457","targetHints":{"allow":["GET"]}}],"collection":[{"href":"http:\/\/vientosur.top\/museo\/wp-json\/wp\/v2\/posts"}],"about":[{"href":"http:\/\/vientosur.top\/museo\/wp-json\/wp\/v2\/types\/post"}],"author":[{"embeddable":true,"href":"http:\/\/vientosur.top\/museo\/wp-json\/wp\/v2\/users\/5"}],"replies":[{"embeddable":true,"href":"http:\/\/vientosur.top\/museo\/wp-json\/wp\/v2\/comments?post=4457"}],"version-history":[{"count":0,"href":"http:\/\/vientosur.top\/museo\/wp-json\/wp\/v2\/posts\/4457\/revisions"}],"wp:featuredmedia":[{"embeddable":true,"href":"http:\/\/vientosur.top\/museo\/wp-json\/wp\/v2\/media\/4497"}],"wp:attachment":[{"href":"http:\/\/vientosur.top\/museo\/wp-json\/wp\/v2\/media?parent=4457"}],"wp:term":[{"taxonomy":"category","embeddable":true,"href":"http:\/\/vientosur.top\/museo\/wp-json\/wp\/v2\/categories?post=4457"},{"taxonomy":"post_tag","embeddable":true,"href":"http:\/\/vientosur.top\/museo\/wp-json\/wp\/v2\/tags?post=4457"}],"curies":[{"name":"wp","href":"https:\/\/api.w.org\/{rel}","templated":true}]}}