{"id":4596,"date":"2017-07-11T13:58:27","date_gmt":"2017-07-11T13:58:27","guid":{"rendered":"http:\/\/vientosur.top\/museo\/\/?p=4596"},"modified":"2017-07-11T13:58:27","modified_gmt":"2017-07-11T13:58:27","slug":"inscripciones-abiertas-para-el-recital-poetico-del-fip-santiago-este-sabado-en-el-museo-violeta-parra","status":"publish","type":"post","link":"http:\/\/vientosur.top\/museo\/inscripciones-abiertas-para-el-recital-poetico-del-fip-santiago-este-sabado-en-el-museo-violeta-parra\/","title":{"rendered":"Nueve poetas realizaron homenaje este s\u00e1bado en el Museo Violeta Parra"},"content":{"rendered":"<p>Todo un \u00e9xito fue el homenaje po\u00e9tico a Violeta Parra en el marco de los 100 a\u00f1os de su nacimiento. Esta actividad, desarrollada por el Museo Violeta Parra y el Festival Internacional de Poes\u00eda de Santiago (FIP Santiago), cont\u00f3 con la participaci\u00f3n de nueve mujeres poetas: Carmen Garc\u00eda, Julieta Marchant,\u00a0Mar\u00eda Jos\u00e9 Viera-Gallo, Fernanda Mart\u00ednez Varela, Carmen Berenguer,Ver\u00f3nica Jim\u00e9nez, Florencia Smiths, Paula Ilabaca y una poeta invitada elegida de en una\u00a0<a href=\"https:\/\/docs.google.com\/forms\/d\/e\/1FAIpQLSevWTiPr2eNxe1BzW7OSeA3EXjSo-AMF_Z1T3OSrClZQXgymg\/viewform\" target=\"_blank\" rel=\"noopener noreferrer\">convocatoria abierta en redes sociales<\/a>.<\/p>\n<p>Adem\u00e1s se present\u00f3\u00a0<strong>Jaime V\u00e1squez y cuarteto de saxofones con \u201cM\u00fasica y territorio por Violeta Parra\u201d<\/strong>. V\u00e1squez es compositor e int\u00e9rprete de diversos grupos de m\u00fasica antigua como el Collegium Musicum, y el Musicantiga con danzas medievales y renacentistas.<\/p>\n<p>El homenaje tambi\u00e9n cont\u00f3 con la participaci\u00f3n de la artista visual Pamela Iglesias, quien exhibi\u00f3 su muestra \u201cYo la quer\u00eda harto, eso s\u00ed\u201d.<\/p>\n<p>&nbsp;<\/p>\n<p>&nbsp;<\/p>\n<p>&nbsp;<\/p>\n<p>&nbsp;<\/p>\n<p>&nbsp;<\/p>\n<p>&nbsp;<\/p>\n<p>&nbsp;<\/p>\n","protected":false},"excerpt":{"rendered":"<p>Todo un \u00e9xito fue el homenaje po\u00e9tico a Violeta Parra en el marco de los 100 a\u00f1os de su nacimiento. Esta actividad, desarrollada por el Museo Violeta Parra y el Festival Internacional de Poes\u00eda de Santiago (FIP Santiago), cont\u00f3 con la participaci\u00f3n de nueve mujeres poetas: Carmen Garc\u00eda, Julieta Marchant,\u00a0Mar\u00eda Jos\u00e9 Viera-Gallo, Fernanda Mart\u00ednez Varela, [&hellip;]<\/p>\n","protected":false},"author":5,"featured_media":4600,"comment_status":"open","ping_status":"open","sticky":false,"template":"","format":"standard","meta":{"site-sidebar-layout":"default","site-content-layout":"","ast-site-content-layout":"default","site-content-style":"default","site-sidebar-style":"default","ast-global-header-display":"","ast-banner-title-visibility":"","ast-main-header-display":"","ast-hfb-above-header-display":"","ast-hfb-below-header-display":"","ast-hfb-mobile-header-display":"","site-post-title":"","ast-breadcrumbs-content":"","ast-featured-img":"","footer-sml-layout":"","theme-transparent-header-meta":"","adv-header-id-meta":"","stick-header-meta":"","header-above-stick-meta":"","header-main-stick-meta":"","header-below-stick-meta":"","astra-migrate-meta-layouts":"default","ast-page-background-enabled":"default","ast-page-background-meta":{"desktop":{"background-color":"var(--ast-global-color-4)","background-image":"","background-repeat":"repeat","background-position":"center center","background-size":"auto","background-attachment":"scroll","background-type":"","background-media":"","overlay-type":"","overlay-color":"","overlay-opacity":"","overlay-gradient":""},"tablet":{"background-color":"","background-image":"","background-repeat":"repeat","background-position":"center center","background-size":"auto","background-attachment":"scroll","background-type":"","background-media":"","overlay-type":"","overlay-color":"","overlay-opacity":"","overlay-gradient":""},"mobile":{"background-color":"","background-image":"","background-repeat":"repeat","background-position":"center center","background-size":"auto","background-attachment":"scroll","background-type":"","background-media":"","overlay-type":"","overlay-color":"","overlay-opacity":"","overlay-gradient":""}},"ast-content-background-meta":{"desktop":{"background-color":"var(--ast-global-color-5)","background-image":"","background-repeat":"repeat","background-position":"center center","background-size":"auto","background-attachment":"scroll","background-type":"","background-media":"","overlay-type":"","overlay-color":"","overlay-opacity":"","overlay-gradient":""},"tablet":{"background-color":"var(--ast-global-color-5)","background-image":"","background-repeat":"repeat","background-position":"center center","background-size":"auto","background-attachment":"scroll","background-type":"","background-media":"","overlay-type":"","overlay-color":"","overlay-opacity":"","overlay-gradient":""},"mobile":{"background-color":"var(--ast-global-color-5)","background-image":"","background-repeat":"repeat","background-position":"center center","background-size":"auto","background-attachment":"scroll","background-type":"","background-media":"","overlay-type":"","overlay-color":"","overlay-opacity":"","overlay-gradient":""}},"footnotes":""},"categories":[59,8,61],"tags":[],"class_list":["post-4596","post","type-post","status-publish","format-standard","has-post-thumbnail","hentry","category-destacado-noticia","category-noticias","category-novedades"],"yoast_head":"<!-- This site is optimized with the Yoast SEO plugin v25.4 - https:\/\/yoast.com\/wordpress\/plugins\/seo\/ -->\n<title>Nueve poetas realizaron homenaje este s\u00e1bado en el Museo Violeta Parra - Museo Violeta Parra<\/title>\n<meta name=\"robots\" content=\"index, follow, max-snippet:-1, max-image-preview:large, max-video-preview:-1\" \/>\n<link rel=\"canonical\" href=\"http:\/\/vientosur.top\/museo\/inscripciones-abiertas-para-el-recital-poetico-del-fip-santiago-este-sabado-en-el-museo-violeta-parra\/\" \/>\n<meta property=\"og:locale\" content=\"es_ES\" \/>\n<meta property=\"og:type\" content=\"article\" \/>\n<meta property=\"og:title\" content=\"Nueve poetas realizaron homenaje este s\u00e1bado en el Museo Violeta Parra - Museo Violeta Parra\" \/>\n<meta property=\"og:description\" content=\"Todo un \u00e9xito fue el homenaje po\u00e9tico a Violeta Parra en el marco de los 100 a\u00f1os de su nacimiento. Esta actividad, desarrollada por el Museo Violeta Parra y el Festival Internacional de Poes\u00eda de Santiago (FIP Santiago), cont\u00f3 con la participaci\u00f3n de nueve mujeres poetas: Carmen Garc\u00eda, Julieta Marchant,\u00a0Mar\u00eda Jos\u00e9 Viera-Gallo, Fernanda Mart\u00ednez Varela, [&hellip;]\" \/>\n<meta property=\"og:url\" content=\"http:\/\/vientosur.top\/museo\/inscripciones-abiertas-para-el-recital-poetico-del-fip-santiago-este-sabado-en-el-museo-violeta-parra\/\" \/>\n<meta property=\"og:site_name\" content=\"Museo Violeta Parra\" \/>\n<meta property=\"article:published_time\" content=\"2017-07-11T13:58:27+00:00\" \/>\n<meta property=\"og:image\" content=\"http:\/\/vientosur.top\/museo\/wp-content\/uploads\/2017\/07\/otracosaes-1.png\" \/>\n\t<meta property=\"og:image:width\" content=\"1200\" \/>\n\t<meta property=\"og:image:height\" content=\"449\" \/>\n\t<meta property=\"og:image:type\" content=\"image\/png\" \/>\n<meta name=\"author\" content=\"admin\" \/>\n<meta name=\"twitter:card\" content=\"summary_large_image\" \/>\n<meta name=\"twitter:label1\" content=\"Escrito por\" \/>\n\t<meta name=\"twitter:data1\" content=\"admin\" \/>\n\t<meta name=\"twitter:label2\" content=\"Tiempo de lectura\" \/>\n\t<meta name=\"twitter:data2\" content=\"1 minuto\" \/>\n<script type=\"application\/ld+json\" class=\"yoast-schema-graph\">{\"@context\":\"https:\/\/schema.org\",\"@graph\":[{\"@type\":\"WebPage\",\"@id\":\"http:\/\/vientosur.top\/museo\/inscripciones-abiertas-para-el-recital-poetico-del-fip-santiago-este-sabado-en-el-museo-violeta-parra\/\",\"url\":\"http:\/\/vientosur.top\/museo\/inscripciones-abiertas-para-el-recital-poetico-del-fip-santiago-este-sabado-en-el-museo-violeta-parra\/\",\"name\":\"Nueve poetas realizaron homenaje este s\u00e1bado en el Museo Violeta Parra - Museo Violeta Parra\",\"isPartOf\":{\"@id\":\"http:\/\/vientosur.top\/museo\/#website\"},\"primaryImageOfPage\":{\"@id\":\"http:\/\/vientosur.top\/museo\/inscripciones-abiertas-para-el-recital-poetico-del-fip-santiago-este-sabado-en-el-museo-violeta-parra\/#primaryimage\"},\"image\":{\"@id\":\"http:\/\/vientosur.top\/museo\/inscripciones-abiertas-para-el-recital-poetico-del-fip-santiago-este-sabado-en-el-museo-violeta-parra\/#primaryimage\"},\"thumbnailUrl\":\"http:\/\/vientosur.top\/museo\/wp-content\/uploads\/2017\/07\/otracosaes-1.png\",\"datePublished\":\"2017-07-11T13:58:27+00:00\",\"author\":{\"@id\":\"http:\/\/vientosur.top\/museo\/#\/schema\/person\/20c79d3c38800971feec8c2693c3dd9c\"},\"breadcrumb\":{\"@id\":\"http:\/\/vientosur.top\/museo\/inscripciones-abiertas-para-el-recital-poetico-del-fip-santiago-este-sabado-en-el-museo-violeta-parra\/#breadcrumb\"},\"inLanguage\":\"es\",\"potentialAction\":[{\"@type\":\"ReadAction\",\"target\":[\"http:\/\/vientosur.top\/museo\/inscripciones-abiertas-para-el-recital-poetico-del-fip-santiago-este-sabado-en-el-museo-violeta-parra\/\"]}]},{\"@type\":\"ImageObject\",\"inLanguage\":\"es\",\"@id\":\"http:\/\/vientosur.top\/museo\/inscripciones-abiertas-para-el-recital-poetico-del-fip-santiago-este-sabado-en-el-museo-violeta-parra\/#primaryimage\",\"url\":\"http:\/\/vientosur.top\/museo\/wp-content\/uploads\/2017\/07\/otracosaes-1.png\",\"contentUrl\":\"http:\/\/vientosur.top\/museo\/wp-content\/uploads\/2017\/07\/otracosaes-1.png\",\"width\":1200,\"height\":449},{\"@type\":\"BreadcrumbList\",\"@id\":\"http:\/\/vientosur.top\/museo\/inscripciones-abiertas-para-el-recital-poetico-del-fip-santiago-este-sabado-en-el-museo-violeta-parra\/#breadcrumb\",\"itemListElement\":[{\"@type\":\"ListItem\",\"position\":1,\"name\":\"Portada\",\"item\":\"http:\/\/vientosur.top\/museo\/\"},{\"@type\":\"ListItem\",\"position\":2,\"name\":\"Nueve poetas realizaron homenaje este s\u00e1bado en el Museo Violeta Parra\"}]},{\"@type\":\"WebSite\",\"@id\":\"http:\/\/vientosur.top\/museo\/#website\",\"url\":\"http:\/\/vientosur.top\/museo\/\",\"name\":\"Museo Violeta Parra\",\"description\":\"Espacio que alberga tanto la memoria y legado creativo de la artista\",\"potentialAction\":[{\"@type\":\"SearchAction\",\"target\":{\"@type\":\"EntryPoint\",\"urlTemplate\":\"http:\/\/vientosur.top\/museo\/?s={search_term_string}\"},\"query-input\":{\"@type\":\"PropertyValueSpecification\",\"valueRequired\":true,\"valueName\":\"search_term_string\"}}],\"inLanguage\":\"es\"},{\"@type\":\"Person\",\"@id\":\"http:\/\/vientosur.top\/museo\/#\/schema\/person\/20c79d3c38800971feec8c2693c3dd9c\",\"name\":\"admin\",\"image\":{\"@type\":\"ImageObject\",\"inLanguage\":\"es\",\"@id\":\"http:\/\/vientosur.top\/museo\/#\/schema\/person\/image\/\",\"url\":\"https:\/\/secure.gravatar.com\/avatar\/713677ece3ffa642287213a80e5b773bce9ab81c269dd6d95102a990951c922f?s=96&d=mm&r=g\",\"contentUrl\":\"https:\/\/secure.gravatar.com\/avatar\/713677ece3ffa642287213a80e5b773bce9ab81c269dd6d95102a990951c922f?s=96&d=mm&r=g\",\"caption\":\"admin\"},\"sameAs\":[\"http:\/\/vientosur.top\/museo\"],\"url\":\"http:\/\/vientosur.top\/museo\/author\/comunicacionesmvp\/\"}]}<\/script>\n<!-- \/ Yoast SEO plugin. -->","yoast_head_json":{"title":"Nueve poetas realizaron homenaje este s\u00e1bado en el Museo Violeta Parra - Museo Violeta Parra","robots":{"index":"index","follow":"follow","max-snippet":"max-snippet:-1","max-image-preview":"max-image-preview:large","max-video-preview":"max-video-preview:-1"},"canonical":"http:\/\/vientosur.top\/museo\/inscripciones-abiertas-para-el-recital-poetico-del-fip-santiago-este-sabado-en-el-museo-violeta-parra\/","og_locale":"es_ES","og_type":"article","og_title":"Nueve poetas realizaron homenaje este s\u00e1bado en el Museo Violeta Parra - Museo Violeta Parra","og_description":"Todo un \u00e9xito fue el homenaje po\u00e9tico a Violeta Parra en el marco de los 100 a\u00f1os de su nacimiento. Esta actividad, desarrollada por el Museo Violeta Parra y el Festival Internacional de Poes\u00eda de Santiago (FIP Santiago), cont\u00f3 con la participaci\u00f3n de nueve mujeres poetas: Carmen Garc\u00eda, Julieta Marchant,\u00a0Mar\u00eda Jos\u00e9 Viera-Gallo, Fernanda Mart\u00ednez Varela, [&hellip;]","og_url":"http:\/\/vientosur.top\/museo\/inscripciones-abiertas-para-el-recital-poetico-del-fip-santiago-este-sabado-en-el-museo-violeta-parra\/","og_site_name":"Museo Violeta Parra","article_published_time":"2017-07-11T13:58:27+00:00","og_image":[{"width":1200,"height":449,"url":"http:\/\/vientosur.top\/museo\/wp-content\/uploads\/2017\/07\/otracosaes-1.png","type":"image\/png"}],"author":"admin","twitter_card":"summary_large_image","twitter_misc":{"Escrito por":"admin","Tiempo de lectura":"1 minuto"},"schema":{"@context":"https:\/\/schema.org","@graph":[{"@type":"WebPage","@id":"http:\/\/vientosur.top\/museo\/inscripciones-abiertas-para-el-recital-poetico-del-fip-santiago-este-sabado-en-el-museo-violeta-parra\/","url":"http:\/\/vientosur.top\/museo\/inscripciones-abiertas-para-el-recital-poetico-del-fip-santiago-este-sabado-en-el-museo-violeta-parra\/","name":"Nueve poetas realizaron homenaje este s\u00e1bado en el Museo Violeta Parra - Museo Violeta Parra","isPartOf":{"@id":"http:\/\/vientosur.top\/museo\/#website"},"primaryImageOfPage":{"@id":"http:\/\/vientosur.top\/museo\/inscripciones-abiertas-para-el-recital-poetico-del-fip-santiago-este-sabado-en-el-museo-violeta-parra\/#primaryimage"},"image":{"@id":"http:\/\/vientosur.top\/museo\/inscripciones-abiertas-para-el-recital-poetico-del-fip-santiago-este-sabado-en-el-museo-violeta-parra\/#primaryimage"},"thumbnailUrl":"http:\/\/vientosur.top\/museo\/wp-content\/uploads\/2017\/07\/otracosaes-1.png","datePublished":"2017-07-11T13:58:27+00:00","author":{"@id":"http:\/\/vientosur.top\/museo\/#\/schema\/person\/20c79d3c38800971feec8c2693c3dd9c"},"breadcrumb":{"@id":"http:\/\/vientosur.top\/museo\/inscripciones-abiertas-para-el-recital-poetico-del-fip-santiago-este-sabado-en-el-museo-violeta-parra\/#breadcrumb"},"inLanguage":"es","potentialAction":[{"@type":"ReadAction","target":["http:\/\/vientosur.top\/museo\/inscripciones-abiertas-para-el-recital-poetico-del-fip-santiago-este-sabado-en-el-museo-violeta-parra\/"]}]},{"@type":"ImageObject","inLanguage":"es","@id":"http:\/\/vientosur.top\/museo\/inscripciones-abiertas-para-el-recital-poetico-del-fip-santiago-este-sabado-en-el-museo-violeta-parra\/#primaryimage","url":"http:\/\/vientosur.top\/museo\/wp-content\/uploads\/2017\/07\/otracosaes-1.png","contentUrl":"http:\/\/vientosur.top\/museo\/wp-content\/uploads\/2017\/07\/otracosaes-1.png","width":1200,"height":449},{"@type":"BreadcrumbList","@id":"http:\/\/vientosur.top\/museo\/inscripciones-abiertas-para-el-recital-poetico-del-fip-santiago-este-sabado-en-el-museo-violeta-parra\/#breadcrumb","itemListElement":[{"@type":"ListItem","position":1,"name":"Portada","item":"http:\/\/vientosur.top\/museo\/"},{"@type":"ListItem","position":2,"name":"Nueve poetas realizaron homenaje este s\u00e1bado en el Museo Violeta Parra"}]},{"@type":"WebSite","@id":"http:\/\/vientosur.top\/museo\/#website","url":"http:\/\/vientosur.top\/museo\/","name":"Museo Violeta Parra","description":"Espacio que alberga tanto la memoria y legado creativo de la artista","potentialAction":[{"@type":"SearchAction","target":{"@type":"EntryPoint","urlTemplate":"http:\/\/vientosur.top\/museo\/?s={search_term_string}"},"query-input":{"@type":"PropertyValueSpecification","valueRequired":true,"valueName":"search_term_string"}}],"inLanguage":"es"},{"@type":"Person","@id":"http:\/\/vientosur.top\/museo\/#\/schema\/person\/20c79d3c38800971feec8c2693c3dd9c","name":"admin","image":{"@type":"ImageObject","inLanguage":"es","@id":"http:\/\/vientosur.top\/museo\/#\/schema\/person\/image\/","url":"https:\/\/secure.gravatar.com\/avatar\/713677ece3ffa642287213a80e5b773bce9ab81c269dd6d95102a990951c922f?s=96&d=mm&r=g","contentUrl":"https:\/\/secure.gravatar.com\/avatar\/713677ece3ffa642287213a80e5b773bce9ab81c269dd6d95102a990951c922f?s=96&d=mm&r=g","caption":"admin"},"sameAs":["http:\/\/vientosur.top\/museo"],"url":"http:\/\/vientosur.top\/museo\/author\/comunicacionesmvp\/"}]}},"_links":{"self":[{"href":"http:\/\/vientosur.top\/museo\/wp-json\/wp\/v2\/posts\/4596","targetHints":{"allow":["GET"]}}],"collection":[{"href":"http:\/\/vientosur.top\/museo\/wp-json\/wp\/v2\/posts"}],"about":[{"href":"http:\/\/vientosur.top\/museo\/wp-json\/wp\/v2\/types\/post"}],"author":[{"embeddable":true,"href":"http:\/\/vientosur.top\/museo\/wp-json\/wp\/v2\/users\/5"}],"replies":[{"embeddable":true,"href":"http:\/\/vientosur.top\/museo\/wp-json\/wp\/v2\/comments?post=4596"}],"version-history":[{"count":0,"href":"http:\/\/vientosur.top\/museo\/wp-json\/wp\/v2\/posts\/4596\/revisions"}],"wp:featuredmedia":[{"embeddable":true,"href":"http:\/\/vientosur.top\/museo\/wp-json\/wp\/v2\/media\/4600"}],"wp:attachment":[{"href":"http:\/\/vientosur.top\/museo\/wp-json\/wp\/v2\/media?parent=4596"}],"wp:term":[{"taxonomy":"category","embeddable":true,"href":"http:\/\/vientosur.top\/museo\/wp-json\/wp\/v2\/categories?post=4596"},{"taxonomy":"post_tag","embeddable":true,"href":"http:\/\/vientosur.top\/museo\/wp-json\/wp\/v2\/tags?post=4596"}],"curies":[{"name":"wp","href":"https:\/\/api.w.org\/{rel}","templated":true}]}}