{"id":4632,"date":"2017-07-17T14:03:42","date_gmt":"2017-07-17T14:03:42","guid":{"rendered":"http:\/\/vientosur.top\/museo\/\/?p=4632"},"modified":"2017-07-17T14:03:42","modified_gmt":"2017-07-17T14:03:42","slug":"gran-concierto-sinfonico-en-homenaje-a-violeta-se-tomara-el-colon-de-buenos-aires","status":"publish","type":"post","link":"http:\/\/vientosur.top\/museo\/gran-concierto-sinfonico-en-homenaje-a-violeta-se-tomara-el-colon-de-buenos-aires\/","title":{"rendered":"Gran concierto sinf\u00f3nico en homenaje a Violeta Parra se tom\u00f3 el Teatro Col\u00f3n de Buenos Aires"},"content":{"rendered":"<p><strong>El espect\u00e1culo fue dirigido por \u00c1ngel Parra y cont\u00f3 con la participaci\u00f3n de la orquesta Filarm\u00f3nica de Buenos Aires, junto con destacados m\u00fasicos de Chile y Argentina, entre ellos Javiera Parra, Sandra Mihanovich, Soledad Pastorutti, Camila Moreno, Kevin Johansen, Roberto M\u00e1rquez, Beto Cuevas y Gepe.<\/strong><\/p>\n<p>&nbsp;<\/p>\n<p>El espect\u00e1culo, realizado el mi\u00e9rcoles 19 de julio a las 20:00 hrs en el Teatro Col\u00f3n de la capital trasandina, plante\u00f3 una matriz conceptual en la que convive la Violeta Parra Instrumental con los arreglos orquestales del Maestro Guillermo Rifo, bajo la direcci\u00f3n art\u00edstica de \u00c1ngel Parra Orrego. Al espect\u00e1culo asistieron la Presidenta Michelle Bachelet; Ernesto Ottone, Ministro de Cultura; Isabel Parra; Presidenta de la Fundaci\u00f3n Violeta Parra; Carlos Aldunate, Presidente del directorio de la Fundaci\u00f3n Museo Violeta Parra y Cecilia Garc\u00eda-Huidobro, Directora del Museo Violeta Parra.<\/p>\n<p>&nbsp;<\/p>\n<p>El Ministro de Cultura, Ernesto Ottone, destac\u00f3 la relevancia de este montaje, que es resultado de un largo y colaborativo trabajo entre m\u00fasicos de Chile y Argentina. \u201cEste concierto ser\u00e1 un hito inolvidable dentro de las actividades para celebrar los cien a\u00f1os de Violeta Parra, tanto en Chile como el extranjero. Ser\u00e1 la uni\u00f3n de destacados m\u00fasicos de ambos pa\u00edses, cant\u00e1ndole a quien fue y seguir\u00e1 siendo fuente de inspiraci\u00f3n y conocimiento para las artes de nuestro continente\u201d.<\/p>\n<p>&nbsp;<\/p>\n<p>Adem\u00e1s de contar con la participaci\u00f3n de Orquesta Filarm\u00f3nica de Buenos Aires, connotados artistas chilenos y argentinos estuvieron presentes. Todos, nombres fundamentales de la m\u00fasica contempor\u00e1nea de ambos pa\u00edses, quienes han tenido una relaci\u00f3n poderosa con Violeta Parra, lo que configurar\u00e1 un montaje muy atractivo y transversal art\u00edsticamente. Entre ellos participaron Javiera Parra, Sandra Mihanovich, Soledad Pastorutti, Loli Molina, Camila Moreno, \u00c1ngel Parra Orrego, Los Tekis, Patricio Manns, Kevin Johansen, Roberto M\u00e1rquez, Beto Cuevas, Gepe y Horacio Romo. Tambi\u00e9n destac\u00f3 \u00a0la participaci\u00f3n del Concertino y Primer Viol\u00edn de la Orquesta Filarm\u00f3nica de Buenos Aires, Freddy Varela, un personaje clave en esta cooperaci\u00f3n cultural, \u00a0quien adem\u00e1s es chileno y penquista.<\/p>\n<p>&nbsp;<\/p>\n<p>El proyecto fue \u00a0financiado por el Consejo Nacional de la Cultura y las Artes, el Ministerio de Relaciones Exteriores, a trav\u00e9s de la Embajada de Chile en Argentina, y la DIRAC. El Teatro Col\u00f3n adem\u00e1s pone a disposici\u00f3n su infraestructura, personal, equipamiento y horas de ensayo de la Filarm\u00f3nica de Buenos Aires (OFBA).<\/p>\n<p>&nbsp;<\/p>\n<p><a href=\"https:\/\/www.flickr.com\/photos\/consejocultura\/sets\/72157683751790044\" target=\"_blank\" rel=\"noopener noreferrer\">Ver galer\u00eda de im\u00e1genes<\/a>\u00a0por Natalia Espina (CNCA)<\/p>\n<p>&nbsp;<\/p>\n<p>&nbsp;<\/p>\n<p><iframe src=\"https:\/\/www.youtube.com\/embed\/H4EaHOArVhk\" width=\"560\" height=\"315\" frameborder=\"0\" allowfullscreen=\"allowfullscreen\"><\/iframe><\/p>\n<p><iframe src=\"https:\/\/www.youtube.com\/embed\/GsI74uWVYNs\" width=\"560\" height=\"315\" frameborder=\"0\" allowfullscreen=\"allowfullscreen\"><\/iframe><\/p>\n<h2><\/h2>\n","protected":false},"excerpt":{"rendered":"<p>El espect\u00e1culo fue dirigido por \u00c1ngel Parra y cont\u00f3 con la participaci\u00f3n de la orquesta Filarm\u00f3nica de Buenos Aires, junto con destacados m\u00fasicos de Chile y Argentina, entre ellos Javiera Parra, Sandra Mihanovich, Soledad Pastorutti, Camila Moreno, Kevin Johansen, Roberto M\u00e1rquez, Beto Cuevas y Gepe. &nbsp; El espect\u00e1culo, realizado el mi\u00e9rcoles 19 de julio a [&hellip;]<\/p>\n","protected":false},"author":5,"featured_media":4651,"comment_status":"open","ping_status":"open","sticky":false,"template":"","format":"standard","meta":{"site-sidebar-layout":"default","site-content-layout":"","ast-site-content-layout":"default","site-content-style":"default","site-sidebar-style":"default","ast-global-header-display":"","ast-banner-title-visibility":"","ast-main-header-display":"","ast-hfb-above-header-display":"","ast-hfb-below-header-display":"","ast-hfb-mobile-header-display":"","site-post-title":"","ast-breadcrumbs-content":"","ast-featured-img":"","footer-sml-layout":"","theme-transparent-header-meta":"","adv-header-id-meta":"","stick-header-meta":"","header-above-stick-meta":"","header-main-stick-meta":"","header-below-stick-meta":"","astra-migrate-meta-layouts":"default","ast-page-background-enabled":"default","ast-page-background-meta":{"desktop":{"background-color":"var(--ast-global-color-4)","background-image":"","background-repeat":"repeat","background-position":"center center","background-size":"auto","background-attachment":"scroll","background-type":"","background-media":"","overlay-type":"","overlay-color":"","overlay-opacity":"","overlay-gradient":""},"tablet":{"background-color":"","background-image":"","background-repeat":"repeat","background-position":"center center","background-size":"auto","background-attachment":"scroll","background-type":"","background-media":"","overlay-type":"","overlay-color":"","overlay-opacity":"","overlay-gradient":""},"mobile":{"background-color":"","background-image":"","background-repeat":"repeat","background-position":"center center","background-size":"auto","background-attachment":"scroll","background-type":"","background-media":"","overlay-type":"","overlay-color":"","overlay-opacity":"","overlay-gradient":""}},"ast-content-background-meta":{"desktop":{"background-color":"var(--ast-global-color-5)","background-image":"","background-repeat":"repeat","background-position":"center center","background-size":"auto","background-attachment":"scroll","background-type":"","background-media":"","overlay-type":"","overlay-color":"","overlay-opacity":"","overlay-gradient":""},"tablet":{"background-color":"var(--ast-global-color-5)","background-image":"","background-repeat":"repeat","background-position":"center center","background-size":"auto","background-attachment":"scroll","background-type":"","background-media":"","overlay-type":"","overlay-color":"","overlay-opacity":"","overlay-gradient":""},"mobile":{"background-color":"var(--ast-global-color-5)","background-image":"","background-repeat":"repeat","background-position":"center center","background-size":"auto","background-attachment":"scroll","background-type":"","background-media":"","overlay-type":"","overlay-color":"","overlay-opacity":"","overlay-gradient":""}},"footnotes":""},"categories":[59,8,61],"tags":[],"class_list":["post-4632","post","type-post","status-publish","format-standard","has-post-thumbnail","hentry","category-destacado-noticia","category-noticias","category-novedades"],"yoast_head":"<!-- This site is optimized with the Yoast SEO plugin v25.4 - https:\/\/yoast.com\/wordpress\/plugins\/seo\/ -->\n<title>Gran concierto sinf\u00f3nico en homenaje a Violeta Parra se tom\u00f3 el Teatro Col\u00f3n de Buenos Aires - Museo Violeta Parra<\/title>\n<meta name=\"robots\" content=\"index, follow, max-snippet:-1, max-image-preview:large, max-video-preview:-1\" \/>\n<link rel=\"canonical\" href=\"http:\/\/vientosur.top\/museo\/gran-concierto-sinfonico-en-homenaje-a-violeta-se-tomara-el-colon-de-buenos-aires\/\" \/>\n<meta property=\"og:locale\" content=\"es_ES\" \/>\n<meta property=\"og:type\" content=\"article\" \/>\n<meta property=\"og:title\" content=\"Gran concierto sinf\u00f3nico en homenaje a Violeta Parra se tom\u00f3 el Teatro Col\u00f3n de Buenos Aires - Museo Violeta Parra\" \/>\n<meta property=\"og:description\" content=\"El espect\u00e1culo fue dirigido por \u00c1ngel Parra y cont\u00f3 con la participaci\u00f3n de la orquesta Filarm\u00f3nica de Buenos Aires, junto con destacados m\u00fasicos de Chile y Argentina, entre ellos Javiera Parra, Sandra Mihanovich, Soledad Pastorutti, Camila Moreno, Kevin Johansen, Roberto M\u00e1rquez, Beto Cuevas y Gepe. &nbsp; El espect\u00e1culo, realizado el mi\u00e9rcoles 19 de julio a [&hellip;]\" \/>\n<meta property=\"og:url\" content=\"http:\/\/vientosur.top\/museo\/gran-concierto-sinfonico-en-homenaje-a-violeta-se-tomara-el-colon-de-buenos-aires\/\" \/>\n<meta property=\"og:site_name\" content=\"Museo Violeta Parra\" \/>\n<meta property=\"article:published_time\" content=\"2017-07-17T14:03:42+00:00\" \/>\n<meta property=\"og:image\" content=\"http:\/\/vientosur.top\/museo\/wp-content\/uploads\/2017\/07\/35867677942_9f33572ed2_o-scaled.jpg\" \/>\n\t<meta property=\"og:image:width\" content=\"2560\" \/>\n\t<meta property=\"og:image:height\" content=\"1707\" \/>\n\t<meta property=\"og:image:type\" content=\"image\/jpeg\" \/>\n<meta name=\"author\" content=\"admin\" \/>\n<meta name=\"twitter:card\" content=\"summary_large_image\" \/>\n<meta name=\"twitter:label1\" content=\"Escrito por\" \/>\n\t<meta name=\"twitter:data1\" content=\"admin\" \/>\n\t<meta name=\"twitter:label2\" content=\"Tiempo de lectura\" \/>\n\t<meta name=\"twitter:data2\" content=\"2 minutos\" \/>\n<script type=\"application\/ld+json\" class=\"yoast-schema-graph\">{\"@context\":\"https:\/\/schema.org\",\"@graph\":[{\"@type\":\"WebPage\",\"@id\":\"http:\/\/vientosur.top\/museo\/gran-concierto-sinfonico-en-homenaje-a-violeta-se-tomara-el-colon-de-buenos-aires\/\",\"url\":\"http:\/\/vientosur.top\/museo\/gran-concierto-sinfonico-en-homenaje-a-violeta-se-tomara-el-colon-de-buenos-aires\/\",\"name\":\"Gran concierto sinf\u00f3nico en homenaje a Violeta Parra se tom\u00f3 el Teatro Col\u00f3n de Buenos Aires - Museo Violeta Parra\",\"isPartOf\":{\"@id\":\"http:\/\/vientosur.top\/museo\/#website\"},\"primaryImageOfPage\":{\"@id\":\"http:\/\/vientosur.top\/museo\/gran-concierto-sinfonico-en-homenaje-a-violeta-se-tomara-el-colon-de-buenos-aires\/#primaryimage\"},\"image\":{\"@id\":\"http:\/\/vientosur.top\/museo\/gran-concierto-sinfonico-en-homenaje-a-violeta-se-tomara-el-colon-de-buenos-aires\/#primaryimage\"},\"thumbnailUrl\":\"http:\/\/vientosur.top\/museo\/wp-content\/uploads\/2017\/07\/35867677942_9f33572ed2_o-scaled.jpg\",\"datePublished\":\"2017-07-17T14:03:42+00:00\",\"author\":{\"@id\":\"http:\/\/vientosur.top\/museo\/#\/schema\/person\/20c79d3c38800971feec8c2693c3dd9c\"},\"breadcrumb\":{\"@id\":\"http:\/\/vientosur.top\/museo\/gran-concierto-sinfonico-en-homenaje-a-violeta-se-tomara-el-colon-de-buenos-aires\/#breadcrumb\"},\"inLanguage\":\"es\",\"potentialAction\":[{\"@type\":\"ReadAction\",\"target\":[\"http:\/\/vientosur.top\/museo\/gran-concierto-sinfonico-en-homenaje-a-violeta-se-tomara-el-colon-de-buenos-aires\/\"]}]},{\"@type\":\"ImageObject\",\"inLanguage\":\"es\",\"@id\":\"http:\/\/vientosur.top\/museo\/gran-concierto-sinfonico-en-homenaje-a-violeta-se-tomara-el-colon-de-buenos-aires\/#primaryimage\",\"url\":\"http:\/\/vientosur.top\/museo\/wp-content\/uploads\/2017\/07\/35867677942_9f33572ed2_o-scaled.jpg\",\"contentUrl\":\"http:\/\/vientosur.top\/museo\/wp-content\/uploads\/2017\/07\/35867677942_9f33572ed2_o-scaled.jpg\",\"width\":2560,\"height\":1707},{\"@type\":\"BreadcrumbList\",\"@id\":\"http:\/\/vientosur.top\/museo\/gran-concierto-sinfonico-en-homenaje-a-violeta-se-tomara-el-colon-de-buenos-aires\/#breadcrumb\",\"itemListElement\":[{\"@type\":\"ListItem\",\"position\":1,\"name\":\"Portada\",\"item\":\"http:\/\/vientosur.top\/museo\/\"},{\"@type\":\"ListItem\",\"position\":2,\"name\":\"Gran concierto sinf\u00f3nico en homenaje a Violeta Parra se tom\u00f3 el Teatro Col\u00f3n de Buenos Aires\"}]},{\"@type\":\"WebSite\",\"@id\":\"http:\/\/vientosur.top\/museo\/#website\",\"url\":\"http:\/\/vientosur.top\/museo\/\",\"name\":\"Museo Violeta Parra\",\"description\":\"Espacio que alberga tanto la memoria y legado creativo de la artista\",\"potentialAction\":[{\"@type\":\"SearchAction\",\"target\":{\"@type\":\"EntryPoint\",\"urlTemplate\":\"http:\/\/vientosur.top\/museo\/?s={search_term_string}\"},\"query-input\":{\"@type\":\"PropertyValueSpecification\",\"valueRequired\":true,\"valueName\":\"search_term_string\"}}],\"inLanguage\":\"es\"},{\"@type\":\"Person\",\"@id\":\"http:\/\/vientosur.top\/museo\/#\/schema\/person\/20c79d3c38800971feec8c2693c3dd9c\",\"name\":\"admin\",\"image\":{\"@type\":\"ImageObject\",\"inLanguage\":\"es\",\"@id\":\"http:\/\/vientosur.top\/museo\/#\/schema\/person\/image\/\",\"url\":\"https:\/\/secure.gravatar.com\/avatar\/713677ece3ffa642287213a80e5b773bce9ab81c269dd6d95102a990951c922f?s=96&d=mm&r=g\",\"contentUrl\":\"https:\/\/secure.gravatar.com\/avatar\/713677ece3ffa642287213a80e5b773bce9ab81c269dd6d95102a990951c922f?s=96&d=mm&r=g\",\"caption\":\"admin\"},\"sameAs\":[\"http:\/\/vientosur.top\/museo\"],\"url\":\"http:\/\/vientosur.top\/museo\/author\/comunicacionesmvp\/\"}]}<\/script>\n<!-- \/ Yoast SEO plugin. -->","yoast_head_json":{"title":"Gran concierto sinf\u00f3nico en homenaje a Violeta Parra se tom\u00f3 el Teatro Col\u00f3n de Buenos Aires - Museo Violeta Parra","robots":{"index":"index","follow":"follow","max-snippet":"max-snippet:-1","max-image-preview":"max-image-preview:large","max-video-preview":"max-video-preview:-1"},"canonical":"http:\/\/vientosur.top\/museo\/gran-concierto-sinfonico-en-homenaje-a-violeta-se-tomara-el-colon-de-buenos-aires\/","og_locale":"es_ES","og_type":"article","og_title":"Gran concierto sinf\u00f3nico en homenaje a Violeta Parra se tom\u00f3 el Teatro Col\u00f3n de Buenos Aires - Museo Violeta Parra","og_description":"El espect\u00e1culo fue dirigido por \u00c1ngel Parra y cont\u00f3 con la participaci\u00f3n de la orquesta Filarm\u00f3nica de Buenos Aires, junto con destacados m\u00fasicos de Chile y Argentina, entre ellos Javiera Parra, Sandra Mihanovich, Soledad Pastorutti, Camila Moreno, Kevin Johansen, Roberto M\u00e1rquez, Beto Cuevas y Gepe. &nbsp; El espect\u00e1culo, realizado el mi\u00e9rcoles 19 de julio a [&hellip;]","og_url":"http:\/\/vientosur.top\/museo\/gran-concierto-sinfonico-en-homenaje-a-violeta-se-tomara-el-colon-de-buenos-aires\/","og_site_name":"Museo Violeta Parra","article_published_time":"2017-07-17T14:03:42+00:00","og_image":[{"width":2560,"height":1707,"url":"http:\/\/vientosur.top\/museo\/wp-content\/uploads\/2017\/07\/35867677942_9f33572ed2_o-scaled.jpg","type":"image\/jpeg"}],"author":"admin","twitter_card":"summary_large_image","twitter_misc":{"Escrito por":"admin","Tiempo de lectura":"2 minutos"},"schema":{"@context":"https:\/\/schema.org","@graph":[{"@type":"WebPage","@id":"http:\/\/vientosur.top\/museo\/gran-concierto-sinfonico-en-homenaje-a-violeta-se-tomara-el-colon-de-buenos-aires\/","url":"http:\/\/vientosur.top\/museo\/gran-concierto-sinfonico-en-homenaje-a-violeta-se-tomara-el-colon-de-buenos-aires\/","name":"Gran concierto sinf\u00f3nico en homenaje a Violeta Parra se tom\u00f3 el Teatro Col\u00f3n de Buenos Aires - Museo Violeta Parra","isPartOf":{"@id":"http:\/\/vientosur.top\/museo\/#website"},"primaryImageOfPage":{"@id":"http:\/\/vientosur.top\/museo\/gran-concierto-sinfonico-en-homenaje-a-violeta-se-tomara-el-colon-de-buenos-aires\/#primaryimage"},"image":{"@id":"http:\/\/vientosur.top\/museo\/gran-concierto-sinfonico-en-homenaje-a-violeta-se-tomara-el-colon-de-buenos-aires\/#primaryimage"},"thumbnailUrl":"http:\/\/vientosur.top\/museo\/wp-content\/uploads\/2017\/07\/35867677942_9f33572ed2_o-scaled.jpg","datePublished":"2017-07-17T14:03:42+00:00","author":{"@id":"http:\/\/vientosur.top\/museo\/#\/schema\/person\/20c79d3c38800971feec8c2693c3dd9c"},"breadcrumb":{"@id":"http:\/\/vientosur.top\/museo\/gran-concierto-sinfonico-en-homenaje-a-violeta-se-tomara-el-colon-de-buenos-aires\/#breadcrumb"},"inLanguage":"es","potentialAction":[{"@type":"ReadAction","target":["http:\/\/vientosur.top\/museo\/gran-concierto-sinfonico-en-homenaje-a-violeta-se-tomara-el-colon-de-buenos-aires\/"]}]},{"@type":"ImageObject","inLanguage":"es","@id":"http:\/\/vientosur.top\/museo\/gran-concierto-sinfonico-en-homenaje-a-violeta-se-tomara-el-colon-de-buenos-aires\/#primaryimage","url":"http:\/\/vientosur.top\/museo\/wp-content\/uploads\/2017\/07\/35867677942_9f33572ed2_o-scaled.jpg","contentUrl":"http:\/\/vientosur.top\/museo\/wp-content\/uploads\/2017\/07\/35867677942_9f33572ed2_o-scaled.jpg","width":2560,"height":1707},{"@type":"BreadcrumbList","@id":"http:\/\/vientosur.top\/museo\/gran-concierto-sinfonico-en-homenaje-a-violeta-se-tomara-el-colon-de-buenos-aires\/#breadcrumb","itemListElement":[{"@type":"ListItem","position":1,"name":"Portada","item":"http:\/\/vientosur.top\/museo\/"},{"@type":"ListItem","position":2,"name":"Gran concierto sinf\u00f3nico en homenaje a Violeta Parra se tom\u00f3 el Teatro Col\u00f3n de Buenos Aires"}]},{"@type":"WebSite","@id":"http:\/\/vientosur.top\/museo\/#website","url":"http:\/\/vientosur.top\/museo\/","name":"Museo Violeta Parra","description":"Espacio que alberga tanto la memoria y legado creativo de la artista","potentialAction":[{"@type":"SearchAction","target":{"@type":"EntryPoint","urlTemplate":"http:\/\/vientosur.top\/museo\/?s={search_term_string}"},"query-input":{"@type":"PropertyValueSpecification","valueRequired":true,"valueName":"search_term_string"}}],"inLanguage":"es"},{"@type":"Person","@id":"http:\/\/vientosur.top\/museo\/#\/schema\/person\/20c79d3c38800971feec8c2693c3dd9c","name":"admin","image":{"@type":"ImageObject","inLanguage":"es","@id":"http:\/\/vientosur.top\/museo\/#\/schema\/person\/image\/","url":"https:\/\/secure.gravatar.com\/avatar\/713677ece3ffa642287213a80e5b773bce9ab81c269dd6d95102a990951c922f?s=96&d=mm&r=g","contentUrl":"https:\/\/secure.gravatar.com\/avatar\/713677ece3ffa642287213a80e5b773bce9ab81c269dd6d95102a990951c922f?s=96&d=mm&r=g","caption":"admin"},"sameAs":["http:\/\/vientosur.top\/museo"],"url":"http:\/\/vientosur.top\/museo\/author\/comunicacionesmvp\/"}]}},"_links":{"self":[{"href":"http:\/\/vientosur.top\/museo\/wp-json\/wp\/v2\/posts\/4632","targetHints":{"allow":["GET"]}}],"collection":[{"href":"http:\/\/vientosur.top\/museo\/wp-json\/wp\/v2\/posts"}],"about":[{"href":"http:\/\/vientosur.top\/museo\/wp-json\/wp\/v2\/types\/post"}],"author":[{"embeddable":true,"href":"http:\/\/vientosur.top\/museo\/wp-json\/wp\/v2\/users\/5"}],"replies":[{"embeddable":true,"href":"http:\/\/vientosur.top\/museo\/wp-json\/wp\/v2\/comments?post=4632"}],"version-history":[{"count":0,"href":"http:\/\/vientosur.top\/museo\/wp-json\/wp\/v2\/posts\/4632\/revisions"}],"wp:featuredmedia":[{"embeddable":true,"href":"http:\/\/vientosur.top\/museo\/wp-json\/wp\/v2\/media\/4651"}],"wp:attachment":[{"href":"http:\/\/vientosur.top\/museo\/wp-json\/wp\/v2\/media?parent=4632"}],"wp:term":[{"taxonomy":"category","embeddable":true,"href":"http:\/\/vientosur.top\/museo\/wp-json\/wp\/v2\/categories?post=4632"},{"taxonomy":"post_tag","embeddable":true,"href":"http:\/\/vientosur.top\/museo\/wp-json\/wp\/v2\/tags?post=4632"}],"curies":[{"name":"wp","href":"https:\/\/api.w.org\/{rel}","templated":true}]}}