{"id":4666,"date":"2017-07-20T16:55:32","date_gmt":"2017-07-20T16:55:32","guid":{"rendered":"http:\/\/vientosur.top\/museo\/\/?p=4666"},"modified":"2017-07-20T16:55:32","modified_gmt":"2017-07-20T16:55:32","slug":"las-obras-que-se-suman-al-acervo-del-museo-violeta-parra-en-la-tercera","status":"publish","type":"post","link":"http:\/\/vientosur.top\/museo\/las-obras-que-se-suman-al-acervo-del-museo-violeta-parra-en-la-tercera\/","title":{"rendered":"\u00abLas obras que se suman al acervo del Museo Violeta Parra\u00bb en La Tercera"},"content":{"rendered":"<p class=\"entradilla\">La secci\u00f3n Cultura del diario La Tercera realiz\u00f3 un reportaje sobre las donaciones que ha recibido la instituci\u00f3n desde su inauguraci\u00f3n el 4 de octubre de 2015.<\/p>\n<p class=\"entradilla\">\u00abEn sus dos a\u00f1os de vida, la instituci\u00f3n ha adquirido nuevas piezas que de a poco van incrementando el legado de la autora de Gracias a la vida. Tres pinturas, desconocidas por el p\u00fablico, se suman al cat\u00e1logo, adem\u00e1s de la colecci\u00f3n completa de sus vinilos, donada por un seguidor. El 25 de julio los donantes recibir\u00e1n un homenaje por su contribuci\u00f3n\u00bb.<\/p>\n<p class=\"entradilla\">\n<p class=\"entradilla\"><strong><a href=\"http:\/\/www.latercera.com\/noticia\/las-obras-se-suman-al-acervo-del-museo-violeta-parra\/\">Revisa la nota de La Tercera<\/a><\/strong><\/p>\n","protected":false},"excerpt":{"rendered":"<p>La secci\u00f3n Cultura del diario La Tercera realiz\u00f3 un reportaje sobre las donaciones que ha recibido la instituci\u00f3n desde su inauguraci\u00f3n el 4 de octubre de 2015. \u00abEn sus dos a\u00f1os de vida, la instituci\u00f3n ha adquirido nuevas piezas que de a poco van incrementando el legado de la autora de Gracias a la vida. [&hellip;]<\/p>\n","protected":false},"author":5,"featured_media":4670,"comment_status":"open","ping_status":"open","sticky":false,"template":"","format":"standard","meta":{"site-sidebar-layout":"default","site-content-layout":"","ast-site-content-layout":"default","site-content-style":"default","site-sidebar-style":"default","ast-global-header-display":"","ast-banner-title-visibility":"","ast-main-header-display":"","ast-hfb-above-header-display":"","ast-hfb-below-header-display":"","ast-hfb-mobile-header-display":"","site-post-title":"","ast-breadcrumbs-content":"","ast-featured-img":"","footer-sml-layout":"","theme-transparent-header-meta":"","adv-header-id-meta":"","stick-header-meta":"","header-above-stick-meta":"","header-main-stick-meta":"","header-below-stick-meta":"","astra-migrate-meta-layouts":"default","ast-page-background-enabled":"default","ast-page-background-meta":{"desktop":{"background-color":"var(--ast-global-color-4)","background-image":"","background-repeat":"repeat","background-position":"center center","background-size":"auto","background-attachment":"scroll","background-type":"","background-media":"","overlay-type":"","overlay-color":"","overlay-opacity":"","overlay-gradient":""},"tablet":{"background-color":"","background-image":"","background-repeat":"repeat","background-position":"center center","background-size":"auto","background-attachment":"scroll","background-type":"","background-media":"","overlay-type":"","overlay-color":"","overlay-opacity":"","overlay-gradient":""},"mobile":{"background-color":"","background-image":"","background-repeat":"repeat","background-position":"center center","background-size":"auto","background-attachment":"scroll","background-type":"","background-media":"","overlay-type":"","overlay-color":"","overlay-opacity":"","overlay-gradient":""}},"ast-content-background-meta":{"desktop":{"background-color":"var(--ast-global-color-5)","background-image":"","background-repeat":"repeat","background-position":"center center","background-size":"auto","background-attachment":"scroll","background-type":"","background-media":"","overlay-type":"","overlay-color":"","overlay-opacity":"","overlay-gradient":""},"tablet":{"background-color":"var(--ast-global-color-5)","background-image":"","background-repeat":"repeat","background-position":"center center","background-size":"auto","background-attachment":"scroll","background-type":"","background-media":"","overlay-type":"","overlay-color":"","overlay-opacity":"","overlay-gradient":""},"mobile":{"background-color":"var(--ast-global-color-5)","background-image":"","background-repeat":"repeat","background-position":"center center","background-size":"auto","background-attachment":"scroll","background-type":"","background-media":"","overlay-type":"","overlay-color":"","overlay-opacity":"","overlay-gradient":""}},"footnotes":""},"categories":[59,94,8],"tags":[],"class_list":["post-4666","post","type-post","status-publish","format-standard","has-post-thumbnail","hentry","category-destacado-noticia","category-museo-en-los-medios","category-noticias"],"yoast_head":"<!-- This site is optimized with the Yoast SEO plugin v25.4 - https:\/\/yoast.com\/wordpress\/plugins\/seo\/ -->\n<title>&quot;Las obras que se suman al acervo del Museo Violeta Parra&quot; en La Tercera - Museo Violeta Parra<\/title>\n<meta name=\"robots\" content=\"index, follow, max-snippet:-1, max-image-preview:large, max-video-preview:-1\" \/>\n<link rel=\"canonical\" href=\"http:\/\/vientosur.top\/museo\/las-obras-que-se-suman-al-acervo-del-museo-violeta-parra-en-la-tercera\/\" \/>\n<meta property=\"og:locale\" content=\"es_ES\" \/>\n<meta property=\"og:type\" content=\"article\" \/>\n<meta property=\"og:title\" content=\"&quot;Las obras que se suman al acervo del Museo Violeta Parra&quot; en La Tercera - Museo Violeta Parra\" \/>\n<meta property=\"og:description\" content=\"La secci\u00f3n Cultura del diario La Tercera realiz\u00f3 un reportaje sobre las donaciones que ha recibido la instituci\u00f3n desde su inauguraci\u00f3n el 4 de octubre de 2015. \u00abEn sus dos a\u00f1os de vida, la instituci\u00f3n ha adquirido nuevas piezas que de a poco van incrementando el legado de la autora de Gracias a la vida. [&hellip;]\" \/>\n<meta property=\"og:url\" content=\"http:\/\/vientosur.top\/museo\/las-obras-que-se-suman-al-acervo-del-museo-violeta-parra-en-la-tercera\/\" \/>\n<meta property=\"og:site_name\" content=\"Museo Violeta Parra\" \/>\n<meta property=\"article:published_time\" content=\"2017-07-20T16:55:32+00:00\" \/>\n<meta property=\"og:image\" content=\"http:\/\/vientosur.top\/museo\/wp-content\/uploads\/2017\/07\/disco-1.jpg\" \/>\n\t<meta property=\"og:image:width\" content=\"1371\" \/>\n\t<meta property=\"og:image:height\" content=\"1000\" \/>\n\t<meta property=\"og:image:type\" content=\"image\/jpeg\" \/>\n<meta name=\"author\" content=\"admin\" \/>\n<meta name=\"twitter:card\" content=\"summary_large_image\" \/>\n<meta name=\"twitter:label1\" content=\"Escrito por\" \/>\n\t<meta name=\"twitter:data1\" content=\"admin\" \/>\n\t<meta name=\"twitter:label2\" content=\"Tiempo de lectura\" \/>\n\t<meta name=\"twitter:data2\" content=\"1 minuto\" \/>\n<script type=\"application\/ld+json\" class=\"yoast-schema-graph\">{\"@context\":\"https:\/\/schema.org\",\"@graph\":[{\"@type\":\"WebPage\",\"@id\":\"http:\/\/vientosur.top\/museo\/las-obras-que-se-suman-al-acervo-del-museo-violeta-parra-en-la-tercera\/\",\"url\":\"http:\/\/vientosur.top\/museo\/las-obras-que-se-suman-al-acervo-del-museo-violeta-parra-en-la-tercera\/\",\"name\":\"\\\"Las obras que se suman al acervo del Museo Violeta Parra\\\" en La Tercera - Museo Violeta Parra\",\"isPartOf\":{\"@id\":\"http:\/\/vientosur.top\/museo\/#website\"},\"primaryImageOfPage\":{\"@id\":\"http:\/\/vientosur.top\/museo\/las-obras-que-se-suman-al-acervo-del-museo-violeta-parra-en-la-tercera\/#primaryimage\"},\"image\":{\"@id\":\"http:\/\/vientosur.top\/museo\/las-obras-que-se-suman-al-acervo-del-museo-violeta-parra-en-la-tercera\/#primaryimage\"},\"thumbnailUrl\":\"http:\/\/vientosur.top\/museo\/wp-content\/uploads\/2017\/07\/disco-1.jpg\",\"datePublished\":\"2017-07-20T16:55:32+00:00\",\"author\":{\"@id\":\"http:\/\/vientosur.top\/museo\/#\/schema\/person\/20c79d3c38800971feec8c2693c3dd9c\"},\"breadcrumb\":{\"@id\":\"http:\/\/vientosur.top\/museo\/las-obras-que-se-suman-al-acervo-del-museo-violeta-parra-en-la-tercera\/#breadcrumb\"},\"inLanguage\":\"es\",\"potentialAction\":[{\"@type\":\"ReadAction\",\"target\":[\"http:\/\/vientosur.top\/museo\/las-obras-que-se-suman-al-acervo-del-museo-violeta-parra-en-la-tercera\/\"]}]},{\"@type\":\"ImageObject\",\"inLanguage\":\"es\",\"@id\":\"http:\/\/vientosur.top\/museo\/las-obras-que-se-suman-al-acervo-del-museo-violeta-parra-en-la-tercera\/#primaryimage\",\"url\":\"http:\/\/vientosur.top\/museo\/wp-content\/uploads\/2017\/07\/disco-1.jpg\",\"contentUrl\":\"http:\/\/vientosur.top\/museo\/wp-content\/uploads\/2017\/07\/disco-1.jpg\",\"width\":1371,\"height\":1000},{\"@type\":\"BreadcrumbList\",\"@id\":\"http:\/\/vientosur.top\/museo\/las-obras-que-se-suman-al-acervo-del-museo-violeta-parra-en-la-tercera\/#breadcrumb\",\"itemListElement\":[{\"@type\":\"ListItem\",\"position\":1,\"name\":\"Portada\",\"item\":\"http:\/\/vientosur.top\/museo\/\"},{\"@type\":\"ListItem\",\"position\":2,\"name\":\"\u00abLas obras que se suman al acervo del Museo Violeta Parra\u00bb en La Tercera\"}]},{\"@type\":\"WebSite\",\"@id\":\"http:\/\/vientosur.top\/museo\/#website\",\"url\":\"http:\/\/vientosur.top\/museo\/\",\"name\":\"Museo Violeta Parra\",\"description\":\"Espacio que alberga tanto la memoria y legado creativo de la artista\",\"potentialAction\":[{\"@type\":\"SearchAction\",\"target\":{\"@type\":\"EntryPoint\",\"urlTemplate\":\"http:\/\/vientosur.top\/museo\/?s={search_term_string}\"},\"query-input\":{\"@type\":\"PropertyValueSpecification\",\"valueRequired\":true,\"valueName\":\"search_term_string\"}}],\"inLanguage\":\"es\"},{\"@type\":\"Person\",\"@id\":\"http:\/\/vientosur.top\/museo\/#\/schema\/person\/20c79d3c38800971feec8c2693c3dd9c\",\"name\":\"admin\",\"image\":{\"@type\":\"ImageObject\",\"inLanguage\":\"es\",\"@id\":\"http:\/\/vientosur.top\/museo\/#\/schema\/person\/image\/\",\"url\":\"https:\/\/secure.gravatar.com\/avatar\/713677ece3ffa642287213a80e5b773bce9ab81c269dd6d95102a990951c922f?s=96&d=mm&r=g\",\"contentUrl\":\"https:\/\/secure.gravatar.com\/avatar\/713677ece3ffa642287213a80e5b773bce9ab81c269dd6d95102a990951c922f?s=96&d=mm&r=g\",\"caption\":\"admin\"},\"sameAs\":[\"http:\/\/vientosur.top\/museo\"],\"url\":\"http:\/\/vientosur.top\/museo\/author\/comunicacionesmvp\/\"}]}<\/script>\n<!-- \/ Yoast SEO plugin. -->","yoast_head_json":{"title":"\"Las obras que se suman al acervo del Museo Violeta Parra\" en La Tercera - Museo Violeta Parra","robots":{"index":"index","follow":"follow","max-snippet":"max-snippet:-1","max-image-preview":"max-image-preview:large","max-video-preview":"max-video-preview:-1"},"canonical":"http:\/\/vientosur.top\/museo\/las-obras-que-se-suman-al-acervo-del-museo-violeta-parra-en-la-tercera\/","og_locale":"es_ES","og_type":"article","og_title":"\"Las obras que se suman al acervo del Museo Violeta Parra\" en La Tercera - Museo Violeta Parra","og_description":"La secci\u00f3n Cultura del diario La Tercera realiz\u00f3 un reportaje sobre las donaciones que ha recibido la instituci\u00f3n desde su inauguraci\u00f3n el 4 de octubre de 2015. \u00abEn sus dos a\u00f1os de vida, la instituci\u00f3n ha adquirido nuevas piezas que de a poco van incrementando el legado de la autora de Gracias a la vida. [&hellip;]","og_url":"http:\/\/vientosur.top\/museo\/las-obras-que-se-suman-al-acervo-del-museo-violeta-parra-en-la-tercera\/","og_site_name":"Museo Violeta Parra","article_published_time":"2017-07-20T16:55:32+00:00","og_image":[{"width":1371,"height":1000,"url":"http:\/\/vientosur.top\/museo\/wp-content\/uploads\/2017\/07\/disco-1.jpg","type":"image\/jpeg"}],"author":"admin","twitter_card":"summary_large_image","twitter_misc":{"Escrito por":"admin","Tiempo de lectura":"1 minuto"},"schema":{"@context":"https:\/\/schema.org","@graph":[{"@type":"WebPage","@id":"http:\/\/vientosur.top\/museo\/las-obras-que-se-suman-al-acervo-del-museo-violeta-parra-en-la-tercera\/","url":"http:\/\/vientosur.top\/museo\/las-obras-que-se-suman-al-acervo-del-museo-violeta-parra-en-la-tercera\/","name":"\"Las obras que se suman al acervo del Museo Violeta Parra\" en La Tercera - Museo Violeta Parra","isPartOf":{"@id":"http:\/\/vientosur.top\/museo\/#website"},"primaryImageOfPage":{"@id":"http:\/\/vientosur.top\/museo\/las-obras-que-se-suman-al-acervo-del-museo-violeta-parra-en-la-tercera\/#primaryimage"},"image":{"@id":"http:\/\/vientosur.top\/museo\/las-obras-que-se-suman-al-acervo-del-museo-violeta-parra-en-la-tercera\/#primaryimage"},"thumbnailUrl":"http:\/\/vientosur.top\/museo\/wp-content\/uploads\/2017\/07\/disco-1.jpg","datePublished":"2017-07-20T16:55:32+00:00","author":{"@id":"http:\/\/vientosur.top\/museo\/#\/schema\/person\/20c79d3c38800971feec8c2693c3dd9c"},"breadcrumb":{"@id":"http:\/\/vientosur.top\/museo\/las-obras-que-se-suman-al-acervo-del-museo-violeta-parra-en-la-tercera\/#breadcrumb"},"inLanguage":"es","potentialAction":[{"@type":"ReadAction","target":["http:\/\/vientosur.top\/museo\/las-obras-que-se-suman-al-acervo-del-museo-violeta-parra-en-la-tercera\/"]}]},{"@type":"ImageObject","inLanguage":"es","@id":"http:\/\/vientosur.top\/museo\/las-obras-que-se-suman-al-acervo-del-museo-violeta-parra-en-la-tercera\/#primaryimage","url":"http:\/\/vientosur.top\/museo\/wp-content\/uploads\/2017\/07\/disco-1.jpg","contentUrl":"http:\/\/vientosur.top\/museo\/wp-content\/uploads\/2017\/07\/disco-1.jpg","width":1371,"height":1000},{"@type":"BreadcrumbList","@id":"http:\/\/vientosur.top\/museo\/las-obras-que-se-suman-al-acervo-del-museo-violeta-parra-en-la-tercera\/#breadcrumb","itemListElement":[{"@type":"ListItem","position":1,"name":"Portada","item":"http:\/\/vientosur.top\/museo\/"},{"@type":"ListItem","position":2,"name":"\u00abLas obras que se suman al acervo del Museo Violeta Parra\u00bb en La Tercera"}]},{"@type":"WebSite","@id":"http:\/\/vientosur.top\/museo\/#website","url":"http:\/\/vientosur.top\/museo\/","name":"Museo Violeta Parra","description":"Espacio que alberga tanto la memoria y legado creativo de la artista","potentialAction":[{"@type":"SearchAction","target":{"@type":"EntryPoint","urlTemplate":"http:\/\/vientosur.top\/museo\/?s={search_term_string}"},"query-input":{"@type":"PropertyValueSpecification","valueRequired":true,"valueName":"search_term_string"}}],"inLanguage":"es"},{"@type":"Person","@id":"http:\/\/vientosur.top\/museo\/#\/schema\/person\/20c79d3c38800971feec8c2693c3dd9c","name":"admin","image":{"@type":"ImageObject","inLanguage":"es","@id":"http:\/\/vientosur.top\/museo\/#\/schema\/person\/image\/","url":"https:\/\/secure.gravatar.com\/avatar\/713677ece3ffa642287213a80e5b773bce9ab81c269dd6d95102a990951c922f?s=96&d=mm&r=g","contentUrl":"https:\/\/secure.gravatar.com\/avatar\/713677ece3ffa642287213a80e5b773bce9ab81c269dd6d95102a990951c922f?s=96&d=mm&r=g","caption":"admin"},"sameAs":["http:\/\/vientosur.top\/museo"],"url":"http:\/\/vientosur.top\/museo\/author\/comunicacionesmvp\/"}]}},"_links":{"self":[{"href":"http:\/\/vientosur.top\/museo\/wp-json\/wp\/v2\/posts\/4666","targetHints":{"allow":["GET"]}}],"collection":[{"href":"http:\/\/vientosur.top\/museo\/wp-json\/wp\/v2\/posts"}],"about":[{"href":"http:\/\/vientosur.top\/museo\/wp-json\/wp\/v2\/types\/post"}],"author":[{"embeddable":true,"href":"http:\/\/vientosur.top\/museo\/wp-json\/wp\/v2\/users\/5"}],"replies":[{"embeddable":true,"href":"http:\/\/vientosur.top\/museo\/wp-json\/wp\/v2\/comments?post=4666"}],"version-history":[{"count":0,"href":"http:\/\/vientosur.top\/museo\/wp-json\/wp\/v2\/posts\/4666\/revisions"}],"wp:featuredmedia":[{"embeddable":true,"href":"http:\/\/vientosur.top\/museo\/wp-json\/wp\/v2\/media\/4670"}],"wp:attachment":[{"href":"http:\/\/vientosur.top\/museo\/wp-json\/wp\/v2\/media?parent=4666"}],"wp:term":[{"taxonomy":"category","embeddable":true,"href":"http:\/\/vientosur.top\/museo\/wp-json\/wp\/v2\/categories?post=4666"},{"taxonomy":"post_tag","embeddable":true,"href":"http:\/\/vientosur.top\/museo\/wp-json\/wp\/v2\/tags?post=4666"}],"curies":[{"name":"wp","href":"https:\/\/api.w.org\/{rel}","templated":true}]}}