{"id":4673,"date":"2017-07-21T14:32:09","date_gmt":"2017-07-21T14:32:09","guid":{"rendered":"http:\/\/vientosur.top\/museo\/\/?p=4673"},"modified":"2017-07-21T14:32:09","modified_gmt":"2017-07-21T14:32:09","slug":"muy-buenos-dias-de-tvn-visito-el-museo-violeta-parra-en-vacaciones-de-invierno","status":"publish","type":"post","link":"http:\/\/vientosur.top\/museo\/muy-buenos-dias-de-tvn-visito-el-museo-violeta-parra-en-vacaciones-de-invierno\/","title":{"rendered":"\u00abMuy Buenos D\u00edas\u00bb de TVN visit\u00f3 el Museo Violeta Parra en vacaciones de invierno"},"content":{"rendered":"<p>En conmemoraci\u00f3n al natalicio de la artista nacional Violeta Parra, en el museo que lleva su nombre podr\u00e1s encontrar los mejores expositores de afiches construidos en su memoria, que fueron parte de un concurso nacional.<br \/>\nAdem\u00e1s, puedes conocer un poco de la vida y obra de la cantante, conocer la muestra permanente, participar de recitales, conciertos y otras actividades gratuitas. Todo totalmente gratis.<\/p>\n<p>&nbsp;<\/p>\n<p><strong><a href=\"http:\/\/www.tvn.cl\/programas\/muybuenosdias\/destacados\/visita-el-museo-violeta-parra-y-gratis-2451429\" target=\"_blank\" rel=\"noopener noreferrer\">Ver despacho con Cecilia Garc\u00eda-Huidobro, Directora del Museo Violeta Parra\u00a0<\/a><\/strong><\/p>\n","protected":false},"excerpt":{"rendered":"<p>En conmemoraci\u00f3n al natalicio de la artista nacional Violeta Parra, en el museo que lleva su nombre podr\u00e1s encontrar los mejores expositores de afiches construidos en su memoria, que fueron parte de un concurso nacional. Adem\u00e1s, puedes conocer un poco de la vida y obra de la cantante, conocer la muestra permanente, participar de recitales, [&hellip;]<\/p>\n","protected":false},"author":5,"featured_media":4674,"comment_status":"open","ping_status":"open","sticky":false,"template":"","format":"standard","meta":{"site-sidebar-layout":"default","site-content-layout":"","ast-site-content-layout":"default","site-content-style":"default","site-sidebar-style":"default","ast-global-header-display":"","ast-banner-title-visibility":"","ast-main-header-display":"","ast-hfb-above-header-display":"","ast-hfb-below-header-display":"","ast-hfb-mobile-header-display":"","site-post-title":"","ast-breadcrumbs-content":"","ast-featured-img":"","footer-sml-layout":"","theme-transparent-header-meta":"","adv-header-id-meta":"","stick-header-meta":"","header-above-stick-meta":"","header-main-stick-meta":"","header-below-stick-meta":"","astra-migrate-meta-layouts":"default","ast-page-background-enabled":"default","ast-page-background-meta":{"desktop":{"background-color":"var(--ast-global-color-4)","background-image":"","background-repeat":"repeat","background-position":"center center","background-size":"auto","background-attachment":"scroll","background-type":"","background-media":"","overlay-type":"","overlay-color":"","overlay-opacity":"","overlay-gradient":""},"tablet":{"background-color":"","background-image":"","background-repeat":"repeat","background-position":"center center","background-size":"auto","background-attachment":"scroll","background-type":"","background-media":"","overlay-type":"","overlay-color":"","overlay-opacity":"","overlay-gradient":""},"mobile":{"background-color":"","background-image":"","background-repeat":"repeat","background-position":"center center","background-size":"auto","background-attachment":"scroll","background-type":"","background-media":"","overlay-type":"","overlay-color":"","overlay-opacity":"","overlay-gradient":""}},"ast-content-background-meta":{"desktop":{"background-color":"var(--ast-global-color-5)","background-image":"","background-repeat":"repeat","background-position":"center center","background-size":"auto","background-attachment":"scroll","background-type":"","background-media":"","overlay-type":"","overlay-color":"","overlay-opacity":"","overlay-gradient":""},"tablet":{"background-color":"var(--ast-global-color-5)","background-image":"","background-repeat":"repeat","background-position":"center center","background-size":"auto","background-attachment":"scroll","background-type":"","background-media":"","overlay-type":"","overlay-color":"","overlay-opacity":"","overlay-gradient":""},"mobile":{"background-color":"var(--ast-global-color-5)","background-image":"","background-repeat":"repeat","background-position":"center center","background-size":"auto","background-attachment":"scroll","background-type":"","background-media":"","overlay-type":"","overlay-color":"","overlay-opacity":"","overlay-gradient":""}},"footnotes":""},"categories":[94,8],"tags":[],"class_list":["post-4673","post","type-post","status-publish","format-standard","has-post-thumbnail","hentry","category-museo-en-los-medios","category-noticias"],"yoast_head":"<!-- This site is optimized with the Yoast SEO plugin v25.4 - https:\/\/yoast.com\/wordpress\/plugins\/seo\/ -->\n<title>&quot;Muy Buenos D\u00edas&quot; de TVN visit\u00f3 el Museo Violeta Parra en vacaciones de invierno - Museo Violeta Parra<\/title>\n<meta name=\"robots\" content=\"index, follow, max-snippet:-1, max-image-preview:large, max-video-preview:-1\" \/>\n<link rel=\"canonical\" href=\"http:\/\/vientosur.top\/museo\/muy-buenos-dias-de-tvn-visito-el-museo-violeta-parra-en-vacaciones-de-invierno\/\" \/>\n<meta property=\"og:locale\" content=\"es_ES\" \/>\n<meta property=\"og:type\" content=\"article\" \/>\n<meta property=\"og:title\" content=\"&quot;Muy Buenos D\u00edas&quot; de TVN visit\u00f3 el Museo Violeta Parra en vacaciones de invierno - Museo Violeta Parra\" \/>\n<meta property=\"og:description\" content=\"En conmemoraci\u00f3n al natalicio de la artista nacional Violeta Parra, en el museo que lleva su nombre podr\u00e1s encontrar los mejores expositores de afiches construidos en su memoria, que fueron parte de un concurso nacional. Adem\u00e1s, puedes conocer un poco de la vida y obra de la cantante, conocer la muestra permanente, participar de recitales, [&hellip;]\" \/>\n<meta property=\"og:url\" content=\"http:\/\/vientosur.top\/museo\/muy-buenos-dias-de-tvn-visito-el-museo-violeta-parra-en-vacaciones-de-invierno\/\" \/>\n<meta property=\"og:site_name\" content=\"Museo Violeta Parra\" \/>\n<meta property=\"article:published_time\" content=\"2017-07-21T14:32:09+00:00\" \/>\n<meta property=\"og:image\" content=\"http:\/\/vientosur.top\/museo\/wp-content\/uploads\/2017\/07\/MVP.jpg\" \/>\n\t<meta property=\"og:image:width\" content=\"1366\" \/>\n\t<meta property=\"og:image:height\" content=\"768\" \/>\n\t<meta property=\"og:image:type\" content=\"image\/jpeg\" \/>\n<meta name=\"author\" content=\"admin\" \/>\n<meta name=\"twitter:card\" content=\"summary_large_image\" \/>\n<meta name=\"twitter:label1\" content=\"Escrito por\" \/>\n\t<meta name=\"twitter:data1\" content=\"admin\" \/>\n<script type=\"application\/ld+json\" class=\"yoast-schema-graph\">{\"@context\":\"https:\/\/schema.org\",\"@graph\":[{\"@type\":\"WebPage\",\"@id\":\"http:\/\/vientosur.top\/museo\/muy-buenos-dias-de-tvn-visito-el-museo-violeta-parra-en-vacaciones-de-invierno\/\",\"url\":\"http:\/\/vientosur.top\/museo\/muy-buenos-dias-de-tvn-visito-el-museo-violeta-parra-en-vacaciones-de-invierno\/\",\"name\":\"\\\"Muy Buenos D\u00edas\\\" de TVN visit\u00f3 el Museo Violeta Parra en vacaciones de invierno - Museo Violeta Parra\",\"isPartOf\":{\"@id\":\"http:\/\/vientosur.top\/museo\/#website\"},\"primaryImageOfPage\":{\"@id\":\"http:\/\/vientosur.top\/museo\/muy-buenos-dias-de-tvn-visito-el-museo-violeta-parra-en-vacaciones-de-invierno\/#primaryimage\"},\"image\":{\"@id\":\"http:\/\/vientosur.top\/museo\/muy-buenos-dias-de-tvn-visito-el-museo-violeta-parra-en-vacaciones-de-invierno\/#primaryimage\"},\"thumbnailUrl\":\"http:\/\/vientosur.top\/museo\/wp-content\/uploads\/2017\/07\/MVP.jpg\",\"datePublished\":\"2017-07-21T14:32:09+00:00\",\"author\":{\"@id\":\"http:\/\/vientosur.top\/museo\/#\/schema\/person\/20c79d3c38800971feec8c2693c3dd9c\"},\"breadcrumb\":{\"@id\":\"http:\/\/vientosur.top\/museo\/muy-buenos-dias-de-tvn-visito-el-museo-violeta-parra-en-vacaciones-de-invierno\/#breadcrumb\"},\"inLanguage\":\"es\",\"potentialAction\":[{\"@type\":\"ReadAction\",\"target\":[\"http:\/\/vientosur.top\/museo\/muy-buenos-dias-de-tvn-visito-el-museo-violeta-parra-en-vacaciones-de-invierno\/\"]}]},{\"@type\":\"ImageObject\",\"inLanguage\":\"es\",\"@id\":\"http:\/\/vientosur.top\/museo\/muy-buenos-dias-de-tvn-visito-el-museo-violeta-parra-en-vacaciones-de-invierno\/#primaryimage\",\"url\":\"http:\/\/vientosur.top\/museo\/wp-content\/uploads\/2017\/07\/MVP.jpg\",\"contentUrl\":\"http:\/\/vientosur.top\/museo\/wp-content\/uploads\/2017\/07\/MVP.jpg\",\"width\":1366,\"height\":768},{\"@type\":\"BreadcrumbList\",\"@id\":\"http:\/\/vientosur.top\/museo\/muy-buenos-dias-de-tvn-visito-el-museo-violeta-parra-en-vacaciones-de-invierno\/#breadcrumb\",\"itemListElement\":[{\"@type\":\"ListItem\",\"position\":1,\"name\":\"Portada\",\"item\":\"http:\/\/vientosur.top\/museo\/\"},{\"@type\":\"ListItem\",\"position\":2,\"name\":\"\u00abMuy Buenos D\u00edas\u00bb de TVN visit\u00f3 el Museo Violeta Parra en vacaciones de invierno\"}]},{\"@type\":\"WebSite\",\"@id\":\"http:\/\/vientosur.top\/museo\/#website\",\"url\":\"http:\/\/vientosur.top\/museo\/\",\"name\":\"Museo Violeta Parra\",\"description\":\"Espacio que alberga tanto la memoria y legado creativo de la artista\",\"potentialAction\":[{\"@type\":\"SearchAction\",\"target\":{\"@type\":\"EntryPoint\",\"urlTemplate\":\"http:\/\/vientosur.top\/museo\/?s={search_term_string}\"},\"query-input\":{\"@type\":\"PropertyValueSpecification\",\"valueRequired\":true,\"valueName\":\"search_term_string\"}}],\"inLanguage\":\"es\"},{\"@type\":\"Person\",\"@id\":\"http:\/\/vientosur.top\/museo\/#\/schema\/person\/20c79d3c38800971feec8c2693c3dd9c\",\"name\":\"admin\",\"image\":{\"@type\":\"ImageObject\",\"inLanguage\":\"es\",\"@id\":\"http:\/\/vientosur.top\/museo\/#\/schema\/person\/image\/\",\"url\":\"https:\/\/secure.gravatar.com\/avatar\/713677ece3ffa642287213a80e5b773bce9ab81c269dd6d95102a990951c922f?s=96&d=mm&r=g\",\"contentUrl\":\"https:\/\/secure.gravatar.com\/avatar\/713677ece3ffa642287213a80e5b773bce9ab81c269dd6d95102a990951c922f?s=96&d=mm&r=g\",\"caption\":\"admin\"},\"sameAs\":[\"http:\/\/vientosur.top\/museo\"],\"url\":\"http:\/\/vientosur.top\/museo\/author\/comunicacionesmvp\/\"}]}<\/script>\n<!-- \/ Yoast SEO plugin. -->","yoast_head_json":{"title":"\"Muy Buenos D\u00edas\" de TVN visit\u00f3 el Museo Violeta Parra en vacaciones de invierno - Museo Violeta Parra","robots":{"index":"index","follow":"follow","max-snippet":"max-snippet:-1","max-image-preview":"max-image-preview:large","max-video-preview":"max-video-preview:-1"},"canonical":"http:\/\/vientosur.top\/museo\/muy-buenos-dias-de-tvn-visito-el-museo-violeta-parra-en-vacaciones-de-invierno\/","og_locale":"es_ES","og_type":"article","og_title":"\"Muy Buenos D\u00edas\" de TVN visit\u00f3 el Museo Violeta Parra en vacaciones de invierno - Museo Violeta Parra","og_description":"En conmemoraci\u00f3n al natalicio de la artista nacional Violeta Parra, en el museo que lleva su nombre podr\u00e1s encontrar los mejores expositores de afiches construidos en su memoria, que fueron parte de un concurso nacional. Adem\u00e1s, puedes conocer un poco de la vida y obra de la cantante, conocer la muestra permanente, participar de recitales, [&hellip;]","og_url":"http:\/\/vientosur.top\/museo\/muy-buenos-dias-de-tvn-visito-el-museo-violeta-parra-en-vacaciones-de-invierno\/","og_site_name":"Museo Violeta Parra","article_published_time":"2017-07-21T14:32:09+00:00","og_image":[{"width":1366,"height":768,"url":"http:\/\/vientosur.top\/museo\/wp-content\/uploads\/2017\/07\/MVP.jpg","type":"image\/jpeg"}],"author":"admin","twitter_card":"summary_large_image","twitter_misc":{"Escrito por":"admin"},"schema":{"@context":"https:\/\/schema.org","@graph":[{"@type":"WebPage","@id":"http:\/\/vientosur.top\/museo\/muy-buenos-dias-de-tvn-visito-el-museo-violeta-parra-en-vacaciones-de-invierno\/","url":"http:\/\/vientosur.top\/museo\/muy-buenos-dias-de-tvn-visito-el-museo-violeta-parra-en-vacaciones-de-invierno\/","name":"\"Muy Buenos D\u00edas\" de TVN visit\u00f3 el Museo Violeta Parra en vacaciones de invierno - Museo Violeta Parra","isPartOf":{"@id":"http:\/\/vientosur.top\/museo\/#website"},"primaryImageOfPage":{"@id":"http:\/\/vientosur.top\/museo\/muy-buenos-dias-de-tvn-visito-el-museo-violeta-parra-en-vacaciones-de-invierno\/#primaryimage"},"image":{"@id":"http:\/\/vientosur.top\/museo\/muy-buenos-dias-de-tvn-visito-el-museo-violeta-parra-en-vacaciones-de-invierno\/#primaryimage"},"thumbnailUrl":"http:\/\/vientosur.top\/museo\/wp-content\/uploads\/2017\/07\/MVP.jpg","datePublished":"2017-07-21T14:32:09+00:00","author":{"@id":"http:\/\/vientosur.top\/museo\/#\/schema\/person\/20c79d3c38800971feec8c2693c3dd9c"},"breadcrumb":{"@id":"http:\/\/vientosur.top\/museo\/muy-buenos-dias-de-tvn-visito-el-museo-violeta-parra-en-vacaciones-de-invierno\/#breadcrumb"},"inLanguage":"es","potentialAction":[{"@type":"ReadAction","target":["http:\/\/vientosur.top\/museo\/muy-buenos-dias-de-tvn-visito-el-museo-violeta-parra-en-vacaciones-de-invierno\/"]}]},{"@type":"ImageObject","inLanguage":"es","@id":"http:\/\/vientosur.top\/museo\/muy-buenos-dias-de-tvn-visito-el-museo-violeta-parra-en-vacaciones-de-invierno\/#primaryimage","url":"http:\/\/vientosur.top\/museo\/wp-content\/uploads\/2017\/07\/MVP.jpg","contentUrl":"http:\/\/vientosur.top\/museo\/wp-content\/uploads\/2017\/07\/MVP.jpg","width":1366,"height":768},{"@type":"BreadcrumbList","@id":"http:\/\/vientosur.top\/museo\/muy-buenos-dias-de-tvn-visito-el-museo-violeta-parra-en-vacaciones-de-invierno\/#breadcrumb","itemListElement":[{"@type":"ListItem","position":1,"name":"Portada","item":"http:\/\/vientosur.top\/museo\/"},{"@type":"ListItem","position":2,"name":"\u00abMuy Buenos D\u00edas\u00bb de TVN visit\u00f3 el Museo Violeta Parra en vacaciones de invierno"}]},{"@type":"WebSite","@id":"http:\/\/vientosur.top\/museo\/#website","url":"http:\/\/vientosur.top\/museo\/","name":"Museo Violeta Parra","description":"Espacio que alberga tanto la memoria y legado creativo de la artista","potentialAction":[{"@type":"SearchAction","target":{"@type":"EntryPoint","urlTemplate":"http:\/\/vientosur.top\/museo\/?s={search_term_string}"},"query-input":{"@type":"PropertyValueSpecification","valueRequired":true,"valueName":"search_term_string"}}],"inLanguage":"es"},{"@type":"Person","@id":"http:\/\/vientosur.top\/museo\/#\/schema\/person\/20c79d3c38800971feec8c2693c3dd9c","name":"admin","image":{"@type":"ImageObject","inLanguage":"es","@id":"http:\/\/vientosur.top\/museo\/#\/schema\/person\/image\/","url":"https:\/\/secure.gravatar.com\/avatar\/713677ece3ffa642287213a80e5b773bce9ab81c269dd6d95102a990951c922f?s=96&d=mm&r=g","contentUrl":"https:\/\/secure.gravatar.com\/avatar\/713677ece3ffa642287213a80e5b773bce9ab81c269dd6d95102a990951c922f?s=96&d=mm&r=g","caption":"admin"},"sameAs":["http:\/\/vientosur.top\/museo"],"url":"http:\/\/vientosur.top\/museo\/author\/comunicacionesmvp\/"}]}},"_links":{"self":[{"href":"http:\/\/vientosur.top\/museo\/wp-json\/wp\/v2\/posts\/4673","targetHints":{"allow":["GET"]}}],"collection":[{"href":"http:\/\/vientosur.top\/museo\/wp-json\/wp\/v2\/posts"}],"about":[{"href":"http:\/\/vientosur.top\/museo\/wp-json\/wp\/v2\/types\/post"}],"author":[{"embeddable":true,"href":"http:\/\/vientosur.top\/museo\/wp-json\/wp\/v2\/users\/5"}],"replies":[{"embeddable":true,"href":"http:\/\/vientosur.top\/museo\/wp-json\/wp\/v2\/comments?post=4673"}],"version-history":[{"count":0,"href":"http:\/\/vientosur.top\/museo\/wp-json\/wp\/v2\/posts\/4673\/revisions"}],"wp:featuredmedia":[{"embeddable":true,"href":"http:\/\/vientosur.top\/museo\/wp-json\/wp\/v2\/media\/4674"}],"wp:attachment":[{"href":"http:\/\/vientosur.top\/museo\/wp-json\/wp\/v2\/media?parent=4673"}],"wp:term":[{"taxonomy":"category","embeddable":true,"href":"http:\/\/vientosur.top\/museo\/wp-json\/wp\/v2\/categories?post=4673"},{"taxonomy":"post_tag","embeddable":true,"href":"http:\/\/vientosur.top\/museo\/wp-json\/wp\/v2\/tags?post=4673"}],"curies":[{"name":"wp","href":"https:\/\/api.w.org\/{rel}","templated":true}]}}