{"id":4680,"date":"2017-07-25T10:13:13","date_gmt":"2017-07-25T10:13:13","guid":{"rendered":"http:\/\/vientosur.top\/museo\/\/?p=4680"},"modified":"2017-07-25T10:13:13","modified_gmt":"2017-07-25T10:13:13","slug":"este-martes-museo-violeta-parra-agradece-a-las-instituciones-y-personas-que-espontaneamente-le-han-legado-obras-relativas-a-la-artista-chilena","status":"publish","type":"post","link":"http:\/\/vientosur.top\/museo\/este-martes-museo-violeta-parra-agradece-a-las-instituciones-y-personas-que-espontaneamente-le-han-legado-obras-relativas-a-la-artista-chilena\/","title":{"rendered":"Museo Violeta Parra agradeci\u00f3 a las instituciones y personas que espont\u00e1neamente le han legado obras relativas a la artista chilena"},"content":{"rendered":"<p><em>La instituci\u00f3n present\u00f3\u00a0<\/em><em>este martes los objetos que enriquecer\u00e1n su archivo y colecci\u00f3n, entre los que se incluyen \u00f3leos, fotograf\u00edas, manuscritos y registros de prensa.\u00a0<\/em><\/p>\n<p>&nbsp;<\/p>\n<p>El martes 25 de julio a las 12:00\u00a0horas el Museo Violeta Parra realiz\u00f3 la ceremonia de agradecimiento a sus benefactores. En la actividad, abierta al p\u00fablico general, se reconoci\u00f3 a personas e instituciones que han aportado al crecimiento de la colecci\u00f3n\u00a0 y archivo en el marco de las celebraciones por los 100 a\u00f1os de la autora de \u201cLa Jardinera\u201d.<\/p>\n<p>&nbsp;<\/p>\n<p><strong>Diversos registros<\/strong><\/p>\n<p><strong>\u00a0<\/strong><\/p>\n<p>Entre los participantes de la ceremonia estuvo el fot\u00f3grafo Luis Navarro, quien entreg\u00f3 fotograf\u00edas de la exposici\u00f3n de la obra visual de Violeta Parra realizada, con motivo de la conmemoraci\u00f3n de los 80 a\u00f1os de su nacimiento, en el Museo del Louvre en 1997. Adem\u00e1s, el hijo del fallecido fot\u00f3grafo Ra\u00fal \u00c1lvarez, quien fuera primer fot\u00f3grafo de la Revista Paula en los 60, don\u00f3 un valioso registro de Violeta Parra en la Pe\u00f1a de los Parra de diciembre de 1966.<\/p>\n<p>&nbsp;<\/p>\n<p>Tambi\u00e9n recibi\u00f3 su reconocimiento Gloria Herrera, quien comparti\u00f3 las im\u00e1genes de Violeta Parra cuando visit\u00f3 a su familia en el sur de Chile; el ingeniero Miroslav Sk\u00e1rmeta, a quien la artista le obsequi\u00f3 quintetas manuscritas; el asistente social Ricardo Echeverr\u00eda, quien don\u00f3 su colecci\u00f3n de discos de vinilos de Violeta Parra; Edmundo Valderrama trajo una imagen de 1960 en la que aparece con la artista visual; la familia Vicencio Aedo, que hizo entrega al museo de un \u00f3leo que Violeta obsequiara al m\u00e9dico Ra\u00fal Vicencio; Cristi\u00e1n Prieto, hijo de Paz Subercaseaux, quien don\u00f3 en vida un \u00f3leo.<\/p>\n<p>&nbsp;<\/p>\n<p>Televisi\u00f3n Nacional de Chile, \u00a0representada por Ricardo Solari -Presidente del directorio- y Jaime de Aguirre -director ejecutivo- entregaron el archivo audiovisual sobre Violeta que resguarda el canal. La otra instituci\u00f3n que particip\u00f3 fue la Biblioteca Nacional de Chile, representada por Pedro Pablo Zegers, Subdirector, quien entreg\u00f3 m\u00e1s de 300 registros digitalizados de prensa de su Archivo de Referencias Cr\u00edticas al Museo Violeta Parra.<\/p>\n<p>&nbsp;<\/p>\n<p><strong>Violeta vuelve a casa<\/strong><\/p>\n<p><strong>\u00a0<\/strong><\/p>\n<p>\u00abValoramos mucho el acto de confianza al entregarnos tan valiosos legados. Somos una entidad joven, pero que est\u00e1 preparada para recibir donaciones. Hacemos un llamado a quienes se sientan motivados\u00bb, se\u00f1al\u00f3 la Directora Cecilia Garc\u00eda-Huidobro. \u00abEsta es la casa de Violeta para Chile y el mundo y, ojal\u00e1, conservara la mayor cantidad de material sobre Violeta, aunque no sean originales\u00bb, a\u00f1adi\u00f3.<\/p>\n<p>&nbsp;<\/p>\n<p>A dos meses de celebrarse el cumplea\u00f1os n\u00famero 100 de Violeta, el museo hace un llamado p\u00fablico a quienes posean obras, fotograf\u00edas, manuscritos, registros sonoros, audiovisuales o primeras ediciones de libros de Violeta a contactarse al correo\u00a0<a href=\"mailto:comunicaciones@museovioletaparra.cl\">comunicaciones@museovioletaparra.cl<\/a>\u00a0o al tel\u00e9fono\u00a0<a href=\"tel:23554600\">23554600<\/a>.<\/p>\n<p>&nbsp;<\/p>\n<p>&nbsp;<\/p>\n<h3><a href=\"https:\/\/www.facebook.com\/pg\/MuseoVioletaParra\/photos\/?tab=album&amp;album_id=1966283426948402\" target=\"_blank\" rel=\"noopener noreferrer\"><strong>Ver galer\u00eda de im\u00e1genes<\/strong><\/a><\/h3>\n<p>&nbsp;<\/p>\n<p><iframe src=\"https:\/\/www.youtube.com\/embed\/8WskEWUqjwA\" width=\"560\" height=\"315\" frameborder=\"0\" allowfullscreen=\"allowfullscreen\"><\/iframe><\/p>\n<p>&nbsp;<\/p>\n","protected":false},"excerpt":{"rendered":"<p>La instituci\u00f3n present\u00f3\u00a0este martes los objetos que enriquecer\u00e1n su archivo y colecci\u00f3n, entre los que se incluyen \u00f3leos, fotograf\u00edas, manuscritos y registros de prensa.\u00a0 &nbsp; El martes 25 de julio a las 12:00\u00a0horas el Museo Violeta Parra realiz\u00f3 la ceremonia de agradecimiento a sus benefactores. En la actividad, abierta al p\u00fablico general, se reconoci\u00f3 a [&hellip;]<\/p>\n","protected":false},"author":5,"featured_media":4741,"comment_status":"open","ping_status":"open","sticky":false,"template":"","format":"standard","meta":{"site-sidebar-layout":"default","site-content-layout":"","ast-site-content-layout":"default","site-content-style":"default","site-sidebar-style":"default","ast-global-header-display":"","ast-banner-title-visibility":"","ast-main-header-display":"","ast-hfb-above-header-display":"","ast-hfb-below-header-display":"","ast-hfb-mobile-header-display":"","site-post-title":"","ast-breadcrumbs-content":"","ast-featured-img":"","footer-sml-layout":"","theme-transparent-header-meta":"","adv-header-id-meta":"","stick-header-meta":"","header-above-stick-meta":"","header-main-stick-meta":"","header-below-stick-meta":"","astra-migrate-meta-layouts":"default","ast-page-background-enabled":"default","ast-page-background-meta":{"desktop":{"background-color":"var(--ast-global-color-4)","background-image":"","background-repeat":"repeat","background-position":"center center","background-size":"auto","background-attachment":"scroll","background-type":"","background-media":"","overlay-type":"","overlay-color":"","overlay-opacity":"","overlay-gradient":""},"tablet":{"background-color":"","background-image":"","background-repeat":"repeat","background-position":"center center","background-size":"auto","background-attachment":"scroll","background-type":"","background-media":"","overlay-type":"","overlay-color":"","overlay-opacity":"","overlay-gradient":""},"mobile":{"background-color":"","background-image":"","background-repeat":"repeat","background-position":"center center","background-size":"auto","background-attachment":"scroll","background-type":"","background-media":"","overlay-type":"","overlay-color":"","overlay-opacity":"","overlay-gradient":""}},"ast-content-background-meta":{"desktop":{"background-color":"var(--ast-global-color-5)","background-image":"","background-repeat":"repeat","background-position":"center center","background-size":"auto","background-attachment":"scroll","background-type":"","background-media":"","overlay-type":"","overlay-color":"","overlay-opacity":"","overlay-gradient":""},"tablet":{"background-color":"var(--ast-global-color-5)","background-image":"","background-repeat":"repeat","background-position":"center center","background-size":"auto","background-attachment":"scroll","background-type":"","background-media":"","overlay-type":"","overlay-color":"","overlay-opacity":"","overlay-gradient":""},"mobile":{"background-color":"var(--ast-global-color-5)","background-image":"","background-repeat":"repeat","background-position":"center center","background-size":"auto","background-attachment":"scroll","background-type":"","background-media":"","overlay-type":"","overlay-color":"","overlay-opacity":"","overlay-gradient":""}},"footnotes":""},"categories":[59,8,61],"tags":[],"class_list":["post-4680","post","type-post","status-publish","format-standard","has-post-thumbnail","hentry","category-destacado-noticia","category-noticias","category-novedades"],"yoast_head":"<!-- This site is optimized with the Yoast SEO plugin v25.4 - https:\/\/yoast.com\/wordpress\/plugins\/seo\/ -->\n<title>Museo Violeta Parra agradeci\u00f3 a las instituciones y personas que espont\u00e1neamente le han legado obras relativas a la artista chilena - Museo Violeta Parra<\/title>\n<meta name=\"robots\" content=\"index, follow, max-snippet:-1, max-image-preview:large, max-video-preview:-1\" \/>\n<link rel=\"canonical\" href=\"http:\/\/vientosur.top\/museo\/este-martes-museo-violeta-parra-agradece-a-las-instituciones-y-personas-que-espontaneamente-le-han-legado-obras-relativas-a-la-artista-chilena\/\" \/>\n<meta property=\"og:locale\" content=\"es_ES\" \/>\n<meta property=\"og:type\" content=\"article\" \/>\n<meta property=\"og:title\" content=\"Museo Violeta Parra agradeci\u00f3 a las instituciones y personas que espont\u00e1neamente le han legado obras relativas a la artista chilena - Museo Violeta Parra\" \/>\n<meta property=\"og:description\" content=\"La instituci\u00f3n present\u00f3\u00a0este martes los objetos que enriquecer\u00e1n su archivo y colecci\u00f3n, entre los que se incluyen \u00f3leos, fotograf\u00edas, manuscritos y registros de prensa.\u00a0 &nbsp; El martes 25 de julio a las 12:00\u00a0horas el Museo Violeta Parra realiz\u00f3 la ceremonia de agradecimiento a sus benefactores. En la actividad, abierta al p\u00fablico general, se reconoci\u00f3 a [&hellip;]\" \/>\n<meta property=\"og:url\" content=\"http:\/\/vientosur.top\/museo\/este-martes-museo-violeta-parra-agradece-a-las-instituciones-y-personas-que-espontaneamente-le-han-legado-obras-relativas-a-la-artista-chilena\/\" \/>\n<meta property=\"og:site_name\" content=\"Museo Violeta Parra\" \/>\n<meta property=\"article:published_time\" content=\"2017-07-25T10:13:13+00:00\" \/>\n<meta property=\"og:image\" content=\"http:\/\/vientosur.top\/museo\/wp-content\/uploads\/2017\/07\/DSC_0407.jpg\" \/>\n\t<meta property=\"og:image:width\" content=\"1200\" \/>\n\t<meta property=\"og:image:height\" content=\"798\" \/>\n\t<meta property=\"og:image:type\" content=\"image\/jpeg\" \/>\n<meta name=\"author\" content=\"admin\" \/>\n<meta name=\"twitter:card\" content=\"summary_large_image\" \/>\n<meta name=\"twitter:label1\" content=\"Escrito por\" \/>\n\t<meta name=\"twitter:data1\" content=\"admin\" \/>\n\t<meta name=\"twitter:label2\" content=\"Tiempo de lectura\" \/>\n\t<meta name=\"twitter:data2\" content=\"2 minutos\" \/>\n<script type=\"application\/ld+json\" class=\"yoast-schema-graph\">{\"@context\":\"https:\/\/schema.org\",\"@graph\":[{\"@type\":\"WebPage\",\"@id\":\"http:\/\/vientosur.top\/museo\/este-martes-museo-violeta-parra-agradece-a-las-instituciones-y-personas-que-espontaneamente-le-han-legado-obras-relativas-a-la-artista-chilena\/\",\"url\":\"http:\/\/vientosur.top\/museo\/este-martes-museo-violeta-parra-agradece-a-las-instituciones-y-personas-que-espontaneamente-le-han-legado-obras-relativas-a-la-artista-chilena\/\",\"name\":\"Museo Violeta Parra agradeci\u00f3 a las instituciones y personas que espont\u00e1neamente le han legado obras relativas a la artista chilena - Museo Violeta Parra\",\"isPartOf\":{\"@id\":\"http:\/\/vientosur.top\/museo\/#website\"},\"primaryImageOfPage\":{\"@id\":\"http:\/\/vientosur.top\/museo\/este-martes-museo-violeta-parra-agradece-a-las-instituciones-y-personas-que-espontaneamente-le-han-legado-obras-relativas-a-la-artista-chilena\/#primaryimage\"},\"image\":{\"@id\":\"http:\/\/vientosur.top\/museo\/este-martes-museo-violeta-parra-agradece-a-las-instituciones-y-personas-que-espontaneamente-le-han-legado-obras-relativas-a-la-artista-chilena\/#primaryimage\"},\"thumbnailUrl\":\"http:\/\/vientosur.top\/museo\/wp-content\/uploads\/2017\/07\/DSC_0407.jpg\",\"datePublished\":\"2017-07-25T10:13:13+00:00\",\"author\":{\"@id\":\"http:\/\/vientosur.top\/museo\/#\/schema\/person\/20c79d3c38800971feec8c2693c3dd9c\"},\"breadcrumb\":{\"@id\":\"http:\/\/vientosur.top\/museo\/este-martes-museo-violeta-parra-agradece-a-las-instituciones-y-personas-que-espontaneamente-le-han-legado-obras-relativas-a-la-artista-chilena\/#breadcrumb\"},\"inLanguage\":\"es\",\"potentialAction\":[{\"@type\":\"ReadAction\",\"target\":[\"http:\/\/vientosur.top\/museo\/este-martes-museo-violeta-parra-agradece-a-las-instituciones-y-personas-que-espontaneamente-le-han-legado-obras-relativas-a-la-artista-chilena\/\"]}]},{\"@type\":\"ImageObject\",\"inLanguage\":\"es\",\"@id\":\"http:\/\/vientosur.top\/museo\/este-martes-museo-violeta-parra-agradece-a-las-instituciones-y-personas-que-espontaneamente-le-han-legado-obras-relativas-a-la-artista-chilena\/#primaryimage\",\"url\":\"http:\/\/vientosur.top\/museo\/wp-content\/uploads\/2017\/07\/DSC_0407.jpg\",\"contentUrl\":\"http:\/\/vientosur.top\/museo\/wp-content\/uploads\/2017\/07\/DSC_0407.jpg\",\"width\":1200,\"height\":798},{\"@type\":\"BreadcrumbList\",\"@id\":\"http:\/\/vientosur.top\/museo\/este-martes-museo-violeta-parra-agradece-a-las-instituciones-y-personas-que-espontaneamente-le-han-legado-obras-relativas-a-la-artista-chilena\/#breadcrumb\",\"itemListElement\":[{\"@type\":\"ListItem\",\"position\":1,\"name\":\"Portada\",\"item\":\"http:\/\/vientosur.top\/museo\/\"},{\"@type\":\"ListItem\",\"position\":2,\"name\":\"Museo Violeta Parra agradeci\u00f3 a las instituciones y personas que espont\u00e1neamente le han legado obras relativas a la artista chilena\"}]},{\"@type\":\"WebSite\",\"@id\":\"http:\/\/vientosur.top\/museo\/#website\",\"url\":\"http:\/\/vientosur.top\/museo\/\",\"name\":\"Museo Violeta Parra\",\"description\":\"Espacio que alberga tanto la memoria y legado creativo de la artista\",\"potentialAction\":[{\"@type\":\"SearchAction\",\"target\":{\"@type\":\"EntryPoint\",\"urlTemplate\":\"http:\/\/vientosur.top\/museo\/?s={search_term_string}\"},\"query-input\":{\"@type\":\"PropertyValueSpecification\",\"valueRequired\":true,\"valueName\":\"search_term_string\"}}],\"inLanguage\":\"es\"},{\"@type\":\"Person\",\"@id\":\"http:\/\/vientosur.top\/museo\/#\/schema\/person\/20c79d3c38800971feec8c2693c3dd9c\",\"name\":\"admin\",\"image\":{\"@type\":\"ImageObject\",\"inLanguage\":\"es\",\"@id\":\"http:\/\/vientosur.top\/museo\/#\/schema\/person\/image\/\",\"url\":\"https:\/\/secure.gravatar.com\/avatar\/713677ece3ffa642287213a80e5b773bce9ab81c269dd6d95102a990951c922f?s=96&d=mm&r=g\",\"contentUrl\":\"https:\/\/secure.gravatar.com\/avatar\/713677ece3ffa642287213a80e5b773bce9ab81c269dd6d95102a990951c922f?s=96&d=mm&r=g\",\"caption\":\"admin\"},\"sameAs\":[\"http:\/\/vientosur.top\/museo\"],\"url\":\"http:\/\/vientosur.top\/museo\/author\/comunicacionesmvp\/\"}]}<\/script>\n<!-- \/ Yoast SEO plugin. -->","yoast_head_json":{"title":"Museo Violeta Parra agradeci\u00f3 a las instituciones y personas que espont\u00e1neamente le han legado obras relativas a la artista chilena - Museo Violeta Parra","robots":{"index":"index","follow":"follow","max-snippet":"max-snippet:-1","max-image-preview":"max-image-preview:large","max-video-preview":"max-video-preview:-1"},"canonical":"http:\/\/vientosur.top\/museo\/este-martes-museo-violeta-parra-agradece-a-las-instituciones-y-personas-que-espontaneamente-le-han-legado-obras-relativas-a-la-artista-chilena\/","og_locale":"es_ES","og_type":"article","og_title":"Museo Violeta Parra agradeci\u00f3 a las instituciones y personas que espont\u00e1neamente le han legado obras relativas a la artista chilena - Museo Violeta Parra","og_description":"La instituci\u00f3n present\u00f3\u00a0este martes los objetos que enriquecer\u00e1n su archivo y colecci\u00f3n, entre los que se incluyen \u00f3leos, fotograf\u00edas, manuscritos y registros de prensa.\u00a0 &nbsp; El martes 25 de julio a las 12:00\u00a0horas el Museo Violeta Parra realiz\u00f3 la ceremonia de agradecimiento a sus benefactores. En la actividad, abierta al p\u00fablico general, se reconoci\u00f3 a [&hellip;]","og_url":"http:\/\/vientosur.top\/museo\/este-martes-museo-violeta-parra-agradece-a-las-instituciones-y-personas-que-espontaneamente-le-han-legado-obras-relativas-a-la-artista-chilena\/","og_site_name":"Museo Violeta Parra","article_published_time":"2017-07-25T10:13:13+00:00","og_image":[{"width":1200,"height":798,"url":"http:\/\/vientosur.top\/museo\/wp-content\/uploads\/2017\/07\/DSC_0407.jpg","type":"image\/jpeg"}],"author":"admin","twitter_card":"summary_large_image","twitter_misc":{"Escrito por":"admin","Tiempo de lectura":"2 minutos"},"schema":{"@context":"https:\/\/schema.org","@graph":[{"@type":"WebPage","@id":"http:\/\/vientosur.top\/museo\/este-martes-museo-violeta-parra-agradece-a-las-instituciones-y-personas-que-espontaneamente-le-han-legado-obras-relativas-a-la-artista-chilena\/","url":"http:\/\/vientosur.top\/museo\/este-martes-museo-violeta-parra-agradece-a-las-instituciones-y-personas-que-espontaneamente-le-han-legado-obras-relativas-a-la-artista-chilena\/","name":"Museo Violeta Parra agradeci\u00f3 a las instituciones y personas que espont\u00e1neamente le han legado obras relativas a la artista chilena - Museo Violeta Parra","isPartOf":{"@id":"http:\/\/vientosur.top\/museo\/#website"},"primaryImageOfPage":{"@id":"http:\/\/vientosur.top\/museo\/este-martes-museo-violeta-parra-agradece-a-las-instituciones-y-personas-que-espontaneamente-le-han-legado-obras-relativas-a-la-artista-chilena\/#primaryimage"},"image":{"@id":"http:\/\/vientosur.top\/museo\/este-martes-museo-violeta-parra-agradece-a-las-instituciones-y-personas-que-espontaneamente-le-han-legado-obras-relativas-a-la-artista-chilena\/#primaryimage"},"thumbnailUrl":"http:\/\/vientosur.top\/museo\/wp-content\/uploads\/2017\/07\/DSC_0407.jpg","datePublished":"2017-07-25T10:13:13+00:00","author":{"@id":"http:\/\/vientosur.top\/museo\/#\/schema\/person\/20c79d3c38800971feec8c2693c3dd9c"},"breadcrumb":{"@id":"http:\/\/vientosur.top\/museo\/este-martes-museo-violeta-parra-agradece-a-las-instituciones-y-personas-que-espontaneamente-le-han-legado-obras-relativas-a-la-artista-chilena\/#breadcrumb"},"inLanguage":"es","potentialAction":[{"@type":"ReadAction","target":["http:\/\/vientosur.top\/museo\/este-martes-museo-violeta-parra-agradece-a-las-instituciones-y-personas-que-espontaneamente-le-han-legado-obras-relativas-a-la-artista-chilena\/"]}]},{"@type":"ImageObject","inLanguage":"es","@id":"http:\/\/vientosur.top\/museo\/este-martes-museo-violeta-parra-agradece-a-las-instituciones-y-personas-que-espontaneamente-le-han-legado-obras-relativas-a-la-artista-chilena\/#primaryimage","url":"http:\/\/vientosur.top\/museo\/wp-content\/uploads\/2017\/07\/DSC_0407.jpg","contentUrl":"http:\/\/vientosur.top\/museo\/wp-content\/uploads\/2017\/07\/DSC_0407.jpg","width":1200,"height":798},{"@type":"BreadcrumbList","@id":"http:\/\/vientosur.top\/museo\/este-martes-museo-violeta-parra-agradece-a-las-instituciones-y-personas-que-espontaneamente-le-han-legado-obras-relativas-a-la-artista-chilena\/#breadcrumb","itemListElement":[{"@type":"ListItem","position":1,"name":"Portada","item":"http:\/\/vientosur.top\/museo\/"},{"@type":"ListItem","position":2,"name":"Museo Violeta Parra agradeci\u00f3 a las instituciones y personas que espont\u00e1neamente le han legado obras relativas a la artista chilena"}]},{"@type":"WebSite","@id":"http:\/\/vientosur.top\/museo\/#website","url":"http:\/\/vientosur.top\/museo\/","name":"Museo Violeta Parra","description":"Espacio que alberga tanto la memoria y legado creativo de la artista","potentialAction":[{"@type":"SearchAction","target":{"@type":"EntryPoint","urlTemplate":"http:\/\/vientosur.top\/museo\/?s={search_term_string}"},"query-input":{"@type":"PropertyValueSpecification","valueRequired":true,"valueName":"search_term_string"}}],"inLanguage":"es"},{"@type":"Person","@id":"http:\/\/vientosur.top\/museo\/#\/schema\/person\/20c79d3c38800971feec8c2693c3dd9c","name":"admin","image":{"@type":"ImageObject","inLanguage":"es","@id":"http:\/\/vientosur.top\/museo\/#\/schema\/person\/image\/","url":"https:\/\/secure.gravatar.com\/avatar\/713677ece3ffa642287213a80e5b773bce9ab81c269dd6d95102a990951c922f?s=96&d=mm&r=g","contentUrl":"https:\/\/secure.gravatar.com\/avatar\/713677ece3ffa642287213a80e5b773bce9ab81c269dd6d95102a990951c922f?s=96&d=mm&r=g","caption":"admin"},"sameAs":["http:\/\/vientosur.top\/museo"],"url":"http:\/\/vientosur.top\/museo\/author\/comunicacionesmvp\/"}]}},"_links":{"self":[{"href":"http:\/\/vientosur.top\/museo\/wp-json\/wp\/v2\/posts\/4680","targetHints":{"allow":["GET"]}}],"collection":[{"href":"http:\/\/vientosur.top\/museo\/wp-json\/wp\/v2\/posts"}],"about":[{"href":"http:\/\/vientosur.top\/museo\/wp-json\/wp\/v2\/types\/post"}],"author":[{"embeddable":true,"href":"http:\/\/vientosur.top\/museo\/wp-json\/wp\/v2\/users\/5"}],"replies":[{"embeddable":true,"href":"http:\/\/vientosur.top\/museo\/wp-json\/wp\/v2\/comments?post=4680"}],"version-history":[{"count":0,"href":"http:\/\/vientosur.top\/museo\/wp-json\/wp\/v2\/posts\/4680\/revisions"}],"wp:featuredmedia":[{"embeddable":true,"href":"http:\/\/vientosur.top\/museo\/wp-json\/wp\/v2\/media\/4741"}],"wp:attachment":[{"href":"http:\/\/vientosur.top\/museo\/wp-json\/wp\/v2\/media?parent=4680"}],"wp:term":[{"taxonomy":"category","embeddable":true,"href":"http:\/\/vientosur.top\/museo\/wp-json\/wp\/v2\/categories?post=4680"},{"taxonomy":"post_tag","embeddable":true,"href":"http:\/\/vientosur.top\/museo\/wp-json\/wp\/v2\/tags?post=4680"}],"curies":[{"name":"wp","href":"https:\/\/api.w.org\/{rel}","templated":true}]}}