{"id":47,"date":"2015-08-31T18:30:53","date_gmt":"2015-08-31T18:30:53","guid":{"rendered":"http:\/\/vientosur.top\/museo\/\/?p=47"},"modified":"2015-08-31T18:30:53","modified_gmt":"2015-08-31T18:30:53","slug":"visita-guiada","status":"publish","type":"post","link":"http:\/\/vientosur.top\/museo\/visita-guiada\/","title":{"rendered":"Isabel y \u00c1ngel Parra celebran la llegada de obras al museo de Violeta"},"content":{"rendered":"<p>\u201cEstos toritos de alambre no son para ustedes. Ustedes s\u00f3lo son los guardianes, no los due\u00f1os. Todo lo que hago es para el pueblo de Chile. Que les quede bien clarito\u201d, eso dec\u00eda Violeta Parra a sus hijos, recuerda \u00a0su hijo \u00c1ngel. Hoy esas palabras cobran m\u00e1s sentido que nunca cuando estamos ad portas de la inauguraci\u00f3n del museo que lleva su nombre y que har\u00e1 honor a su obra y legado art\u00edstico, social y cultural, con la exhibici\u00f3n de 48 obras visuales, adem\u00e1s de algunos objetos personales: su arpa, guitarr\u00f3n y m\u00e1quina de coser.<\/p>\n<p>&nbsp;<\/p>\n<p>\u201cAs\u00ed era mi madre, precisa en sus instrucciones para con el futuro de su obra. Menuda tarea que nos dej\u00f3\u201d, comenta desde Francia el tambi\u00e9n cantautor, quien dice sentir una \u201cemoci\u00f3n gigante\u201d al ver que este \u201cformidable museo\u201d se abre el p\u00fablico.<\/p>\n<p>&nbsp;<\/p>\n<p>Reconoce que su emoci\u00f3n es tan grande \u201ccomo \u201ccuando nuestra madre nos mostraba sus \u00faltimas canciones en Santiago, Par\u00eds, Ginebra o Concepci\u00f3n\u201d. Y recuerda que en 1958, en la ciudad penquista, Violeta cre\u00f3 el primer Museo de Arte Popular en la Escuela de Bellas Artes. \u201cTal vez fue ah\u00ed que plant\u00f3 su semilla que hoy florece en Santiago\u201d, reflexiona.<\/p>\n<p>&nbsp;<\/p>\n<p>La misma emoci\u00f3n embarga a Isabel, hermana de \u00c1ngel, al comentar su emoci\u00f3n al ver ingresar las obras al que ser\u00e1 el museo Violeta Parra: \u201cVer que se concretan los sue\u00f1os y que se le hace justicia a la Violeta, para nosotros como hijos, es una felicidad enorme\u201d.<\/p>\n<p>&nbsp;<\/p>\n<p>\u201cEsperamos con ansias el 4de octubre para hacer la celebraci\u00f3n y todas las celebraciones que van a venir y que se merece nuestra amada Violeta\u201d, dice Isabel, quien asegura que su madre ahora \u201cva a estar en su lugar\u201d.<\/p>\n<p>&nbsp;<\/p>\n<p>\u201cLo que viene ahora, y es lo que yo deseo, y lo deseo sobre todo por ella, son asuntos positivos. Va a haber aqu\u00ed una atm\u00f3sfera ideal para que la gente conozca a la Violeta Parra en su totalidad y de ah\u00ed saquen sus conclusiones: qui\u00e9n es la Violeta, qu\u00e9 es lo que la Violeta te va a entregar a ti cuando veas su exposici\u00f3n, cuando veas las fotograf\u00edas, cuando conozcas la poes\u00eda en profundidad\u2026 O sea, hay que meterse en el fondo del alma de la Violeta\u201d.<\/p>\n<p>&nbsp;<\/p>\n<p>\u00c1ngel coincide: \u201cDebe ser un espacio de libertad y de creaci\u00f3n, para que j\u00f3venes y viejos, hombres y mujeres sencillos del pueblo, sientan al entrar que est\u00e1 en la casa de Violeta Parra, que ella les abre las puertas para mostrarles lo \u00faltimo que ha hecho\u201d.<\/p>\n<p>\u201cEs ella quien ofrecer\u00e1 el pan amasado reci\u00e9n salido del horno. Ser\u00e1 ella quien les dir\u00e1 al o\u00eddo: \u2018t\u00fa tambi\u00e9n puedes hacer como yo, mujer, madre chilena, campesina, chillaneja. T\u00fa puedes escribir, pintar y cantar. T\u00fa puedes, paso a paso, liberarte gracias a tus manos creadoras. T\u00fa puedes y debes defenderte de la sociedad que te oprime. El arte es un camino y hay otros\u2026\u2019\u201d, finaliza.<\/p>\n<p>Revisa las <a href=\"https:\/\/www.facebook.com\/media\/set\/?set=a.1683549718555109.1073741833.1619584511618297&amp;type=3\" target=\"_blank\" rel=\"noopener noreferrer\">fotograf\u00edas del proceso de traslado de las obras desde el Centro Cultural Palacio de La Moneda en nuestro Facebook<\/a><\/p>\n<p>&nbsp;<\/p>\n<p><a href=\"http:\/\/vientosur.top\/museo\/\/wp-content\/uploads\/2015\/10\/IMG_9853.jpg\"><img fetchpriority=\"high\" decoding=\"async\" class=\"alignnone size-medium wp-image-113\" src=\"http:\/\/vientosur.top\/museo\/\/wp-content\/uploads\/2015\/10\/IMG_9853-300x200.jpg\" alt=\"IMG_9853\" width=\"300\" height=\"200\" \/><\/a> <a href=\"http:\/\/vientosur.top\/museo\/\/wp-content\/uploads\/2015\/10\/IMG_9867.jpg\"><img decoding=\"async\" class=\"alignnone size-medium wp-image-114\" src=\"http:\/\/vientosur.top\/museo\/\/wp-content\/uploads\/2015\/10\/IMG_9867-300x200.jpg\" alt=\"IMG_9867\" width=\"300\" height=\"200\" \/><\/a><\/p>\n","protected":false},"excerpt":{"rendered":"<p>\u201cEstos toritos de alambre no son para ustedes. Ustedes s\u00f3lo son los guardianes, no los due\u00f1os. Todo lo que hago es para el pueblo de Chile. Que les quede bien clarito\u201d, eso dec\u00eda Violeta Parra a sus hijos, recuerda \u00a0su hijo \u00c1ngel. Hoy esas palabras cobran m\u00e1s sentido que nunca cuando estamos ad portas de [&hellip;]<\/p>\n","protected":false},"author":5,"featured_media":110,"comment_status":"open","ping_status":"open","sticky":false,"template":"","format":"standard","meta":{"site-sidebar-layout":"default","site-content-layout":"","ast-site-content-layout":"default","site-content-style":"default","site-sidebar-style":"default","ast-global-header-display":"","ast-banner-title-visibility":"","ast-main-header-display":"","ast-hfb-above-header-display":"","ast-hfb-below-header-display":"","ast-hfb-mobile-header-display":"","site-post-title":"","ast-breadcrumbs-content":"","ast-featured-img":"","footer-sml-layout":"","theme-transparent-header-meta":"","adv-header-id-meta":"","stick-header-meta":"","header-above-stick-meta":"","header-main-stick-meta":"","header-below-stick-meta":"","astra-migrate-meta-layouts":"default","ast-page-background-enabled":"default","ast-page-background-meta":{"desktop":{"background-color":"var(--ast-global-color-4)","background-image":"","background-repeat":"repeat","background-position":"center center","background-size":"auto","background-attachment":"scroll","background-type":"","background-media":"","overlay-type":"","overlay-color":"","overlay-opacity":"","overlay-gradient":""},"tablet":{"background-color":"","background-image":"","background-repeat":"repeat","background-position":"center center","background-size":"auto","background-attachment":"scroll","background-type":"","background-media":"","overlay-type":"","overlay-color":"","overlay-opacity":"","overlay-gradient":""},"mobile":{"background-color":"","background-image":"","background-repeat":"repeat","background-position":"center center","background-size":"auto","background-attachment":"scroll","background-type":"","background-media":"","overlay-type":"","overlay-color":"","overlay-opacity":"","overlay-gradient":""}},"ast-content-background-meta":{"desktop":{"background-color":"var(--ast-global-color-5)","background-image":"","background-repeat":"repeat","background-position":"center center","background-size":"auto","background-attachment":"scroll","background-type":"","background-media":"","overlay-type":"","overlay-color":"","overlay-opacity":"","overlay-gradient":""},"tablet":{"background-color":"var(--ast-global-color-5)","background-image":"","background-repeat":"repeat","background-position":"center center","background-size":"auto","background-attachment":"scroll","background-type":"","background-media":"","overlay-type":"","overlay-color":"","overlay-opacity":"","overlay-gradient":""},"mobile":{"background-color":"var(--ast-global-color-5)","background-image":"","background-repeat":"repeat","background-position":"center center","background-size":"auto","background-attachment":"scroll","background-type":"","background-media":"","overlay-type":"","overlay-color":"","overlay-opacity":"","overlay-gradient":""}},"footnotes":""},"categories":[8],"tags":[42,43,44,45],"class_list":["post-47","post","type-post","status-publish","format-standard","has-post-thumbnail","hentry","category-noticias","tag-angel-parra","tag-isabel-parra","tag-llegada-obras","tag-museo-violeta-parra"],"yoast_head":"<!-- This site is optimized with the Yoast SEO plugin v25.4 - https:\/\/yoast.com\/wordpress\/plugins\/seo\/ -->\n<title>Isabel y \u00c1ngel Parra celebran la llegada de obras al museo de Violeta - Museo Violeta Parra<\/title>\n<meta name=\"robots\" content=\"index, follow, max-snippet:-1, max-image-preview:large, max-video-preview:-1\" \/>\n<link rel=\"canonical\" href=\"http:\/\/vientosur.top\/museo\/visita-guiada\/\" \/>\n<meta property=\"og:locale\" content=\"es_ES\" \/>\n<meta property=\"og:type\" content=\"article\" \/>\n<meta property=\"og:title\" content=\"Isabel y \u00c1ngel Parra celebran la llegada de obras al museo de Violeta - Museo Violeta Parra\" \/>\n<meta property=\"og:description\" content=\"\u201cEstos toritos de alambre no son para ustedes. Ustedes s\u00f3lo son los guardianes, no los due\u00f1os. Todo lo que hago es para el pueblo de Chile. Que les quede bien clarito\u201d, eso dec\u00eda Violeta Parra a sus hijos, recuerda \u00a0su hijo \u00c1ngel. Hoy esas palabras cobran m\u00e1s sentido que nunca cuando estamos ad portas de [&hellip;]\" \/>\n<meta property=\"og:url\" content=\"http:\/\/vientosur.top\/museo\/visita-guiada\/\" \/>\n<meta property=\"og:site_name\" content=\"Museo Violeta Parra\" \/>\n<meta property=\"article:published_time\" content=\"2015-08-31T18:30:53+00:00\" \/>\n<meta property=\"og:image\" content=\"http:\/\/vientosur.top\/museo\/wp-content\/uploads\/2020\/05\/La-cantante-calva-uai-516x406-1.jpg\" \/>\n\t<meta property=\"og:image:width\" content=\"516\" \/>\n\t<meta property=\"og:image:height\" content=\"406\" \/>\n\t<meta property=\"og:image:type\" content=\"image\/jpeg\" \/>\n<meta name=\"author\" content=\"admin\" \/>\n<meta name=\"twitter:card\" content=\"summary_large_image\" \/>\n<meta name=\"twitter:label1\" content=\"Escrito por\" \/>\n\t<meta name=\"twitter:data1\" content=\"admin\" \/>\n\t<meta name=\"twitter:label2\" content=\"Tiempo de lectura\" \/>\n\t<meta name=\"twitter:data2\" content=\"3 minutos\" \/>\n<script type=\"application\/ld+json\" class=\"yoast-schema-graph\">{\"@context\":\"https:\/\/schema.org\",\"@graph\":[{\"@type\":\"WebPage\",\"@id\":\"http:\/\/vientosur.top\/museo\/visita-guiada\/\",\"url\":\"http:\/\/vientosur.top\/museo\/visita-guiada\/\",\"name\":\"Isabel y \u00c1ngel Parra celebran la llegada de obras al museo de Violeta - Museo Violeta Parra\",\"isPartOf\":{\"@id\":\"http:\/\/vientosur.top\/museo\/#website\"},\"primaryImageOfPage\":{\"@id\":\"http:\/\/vientosur.top\/museo\/visita-guiada\/#primaryimage\"},\"image\":{\"@id\":\"http:\/\/vientosur.top\/museo\/visita-guiada\/#primaryimage\"},\"thumbnailUrl\":\"http:\/\/vientosur.top\/museo\/wp-content\/uploads\/2020\/05\/La-cantante-calva-uai-516x406-1.jpg\",\"datePublished\":\"2015-08-31T18:30:53+00:00\",\"author\":{\"@id\":\"http:\/\/vientosur.top\/museo\/#\/schema\/person\/20c79d3c38800971feec8c2693c3dd9c\"},\"breadcrumb\":{\"@id\":\"http:\/\/vientosur.top\/museo\/visita-guiada\/#breadcrumb\"},\"inLanguage\":\"es\",\"potentialAction\":[{\"@type\":\"ReadAction\",\"target\":[\"http:\/\/vientosur.top\/museo\/visita-guiada\/\"]}]},{\"@type\":\"ImageObject\",\"inLanguage\":\"es\",\"@id\":\"http:\/\/vientosur.top\/museo\/visita-guiada\/#primaryimage\",\"url\":\"http:\/\/vientosur.top\/museo\/wp-content\/uploads\/2020\/05\/La-cantante-calva-uai-516x406-1.jpg\",\"contentUrl\":\"http:\/\/vientosur.top\/museo\/wp-content\/uploads\/2020\/05\/La-cantante-calva-uai-516x406-1.jpg\",\"width\":516,\"height\":406},{\"@type\":\"BreadcrumbList\",\"@id\":\"http:\/\/vientosur.top\/museo\/visita-guiada\/#breadcrumb\",\"itemListElement\":[{\"@type\":\"ListItem\",\"position\":1,\"name\":\"Portada\",\"item\":\"http:\/\/vientosur.top\/museo\/\"},{\"@type\":\"ListItem\",\"position\":2,\"name\":\"Isabel y \u00c1ngel Parra celebran la llegada de obras al museo de Violeta\"}]},{\"@type\":\"WebSite\",\"@id\":\"http:\/\/vientosur.top\/museo\/#website\",\"url\":\"http:\/\/vientosur.top\/museo\/\",\"name\":\"Museo Violeta Parra\",\"description\":\"Espacio que alberga tanto la memoria y legado creativo de la artista\",\"potentialAction\":[{\"@type\":\"SearchAction\",\"target\":{\"@type\":\"EntryPoint\",\"urlTemplate\":\"http:\/\/vientosur.top\/museo\/?s={search_term_string}\"},\"query-input\":{\"@type\":\"PropertyValueSpecification\",\"valueRequired\":true,\"valueName\":\"search_term_string\"}}],\"inLanguage\":\"es\"},{\"@type\":\"Person\",\"@id\":\"http:\/\/vientosur.top\/museo\/#\/schema\/person\/20c79d3c38800971feec8c2693c3dd9c\",\"name\":\"admin\",\"image\":{\"@type\":\"ImageObject\",\"inLanguage\":\"es\",\"@id\":\"http:\/\/vientosur.top\/museo\/#\/schema\/person\/image\/\",\"url\":\"https:\/\/secure.gravatar.com\/avatar\/713677ece3ffa642287213a80e5b773bce9ab81c269dd6d95102a990951c922f?s=96&d=mm&r=g\",\"contentUrl\":\"https:\/\/secure.gravatar.com\/avatar\/713677ece3ffa642287213a80e5b773bce9ab81c269dd6d95102a990951c922f?s=96&d=mm&r=g\",\"caption\":\"admin\"},\"sameAs\":[\"http:\/\/vientosur.top\/museo\"],\"url\":\"http:\/\/vientosur.top\/museo\/author\/comunicacionesmvp\/\"}]}<\/script>\n<!-- \/ Yoast SEO plugin. -->","yoast_head_json":{"title":"Isabel y \u00c1ngel Parra celebran la llegada de obras al museo de Violeta - Museo Violeta Parra","robots":{"index":"index","follow":"follow","max-snippet":"max-snippet:-1","max-image-preview":"max-image-preview:large","max-video-preview":"max-video-preview:-1"},"canonical":"http:\/\/vientosur.top\/museo\/visita-guiada\/","og_locale":"es_ES","og_type":"article","og_title":"Isabel y \u00c1ngel Parra celebran la llegada de obras al museo de Violeta - Museo Violeta Parra","og_description":"\u201cEstos toritos de alambre no son para ustedes. Ustedes s\u00f3lo son los guardianes, no los due\u00f1os. Todo lo que hago es para el pueblo de Chile. Que les quede bien clarito\u201d, eso dec\u00eda Violeta Parra a sus hijos, recuerda \u00a0su hijo \u00c1ngel. Hoy esas palabras cobran m\u00e1s sentido que nunca cuando estamos ad portas de [&hellip;]","og_url":"http:\/\/vientosur.top\/museo\/visita-guiada\/","og_site_name":"Museo Violeta Parra","article_published_time":"2015-08-31T18:30:53+00:00","og_image":[{"width":516,"height":406,"url":"http:\/\/vientosur.top\/museo\/wp-content\/uploads\/2020\/05\/La-cantante-calva-uai-516x406-1.jpg","type":"image\/jpeg"}],"author":"admin","twitter_card":"summary_large_image","twitter_misc":{"Escrito por":"admin","Tiempo de lectura":"3 minutos"},"schema":{"@context":"https:\/\/schema.org","@graph":[{"@type":"WebPage","@id":"http:\/\/vientosur.top\/museo\/visita-guiada\/","url":"http:\/\/vientosur.top\/museo\/visita-guiada\/","name":"Isabel y \u00c1ngel Parra celebran la llegada de obras al museo de Violeta - Museo Violeta Parra","isPartOf":{"@id":"http:\/\/vientosur.top\/museo\/#website"},"primaryImageOfPage":{"@id":"http:\/\/vientosur.top\/museo\/visita-guiada\/#primaryimage"},"image":{"@id":"http:\/\/vientosur.top\/museo\/visita-guiada\/#primaryimage"},"thumbnailUrl":"http:\/\/vientosur.top\/museo\/wp-content\/uploads\/2020\/05\/La-cantante-calva-uai-516x406-1.jpg","datePublished":"2015-08-31T18:30:53+00:00","author":{"@id":"http:\/\/vientosur.top\/museo\/#\/schema\/person\/20c79d3c38800971feec8c2693c3dd9c"},"breadcrumb":{"@id":"http:\/\/vientosur.top\/museo\/visita-guiada\/#breadcrumb"},"inLanguage":"es","potentialAction":[{"@type":"ReadAction","target":["http:\/\/vientosur.top\/museo\/visita-guiada\/"]}]},{"@type":"ImageObject","inLanguage":"es","@id":"http:\/\/vientosur.top\/museo\/visita-guiada\/#primaryimage","url":"http:\/\/vientosur.top\/museo\/wp-content\/uploads\/2020\/05\/La-cantante-calva-uai-516x406-1.jpg","contentUrl":"http:\/\/vientosur.top\/museo\/wp-content\/uploads\/2020\/05\/La-cantante-calva-uai-516x406-1.jpg","width":516,"height":406},{"@type":"BreadcrumbList","@id":"http:\/\/vientosur.top\/museo\/visita-guiada\/#breadcrumb","itemListElement":[{"@type":"ListItem","position":1,"name":"Portada","item":"http:\/\/vientosur.top\/museo\/"},{"@type":"ListItem","position":2,"name":"Isabel y \u00c1ngel Parra celebran la llegada de obras al museo de Violeta"}]},{"@type":"WebSite","@id":"http:\/\/vientosur.top\/museo\/#website","url":"http:\/\/vientosur.top\/museo\/","name":"Museo Violeta Parra","description":"Espacio que alberga tanto la memoria y legado creativo de la artista","potentialAction":[{"@type":"SearchAction","target":{"@type":"EntryPoint","urlTemplate":"http:\/\/vientosur.top\/museo\/?s={search_term_string}"},"query-input":{"@type":"PropertyValueSpecification","valueRequired":true,"valueName":"search_term_string"}}],"inLanguage":"es"},{"@type":"Person","@id":"http:\/\/vientosur.top\/museo\/#\/schema\/person\/20c79d3c38800971feec8c2693c3dd9c","name":"admin","image":{"@type":"ImageObject","inLanguage":"es","@id":"http:\/\/vientosur.top\/museo\/#\/schema\/person\/image\/","url":"https:\/\/secure.gravatar.com\/avatar\/713677ece3ffa642287213a80e5b773bce9ab81c269dd6d95102a990951c922f?s=96&d=mm&r=g","contentUrl":"https:\/\/secure.gravatar.com\/avatar\/713677ece3ffa642287213a80e5b773bce9ab81c269dd6d95102a990951c922f?s=96&d=mm&r=g","caption":"admin"},"sameAs":["http:\/\/vientosur.top\/museo"],"url":"http:\/\/vientosur.top\/museo\/author\/comunicacionesmvp\/"}]}},"_links":{"self":[{"href":"http:\/\/vientosur.top\/museo\/wp-json\/wp\/v2\/posts\/47","targetHints":{"allow":["GET"]}}],"collection":[{"href":"http:\/\/vientosur.top\/museo\/wp-json\/wp\/v2\/posts"}],"about":[{"href":"http:\/\/vientosur.top\/museo\/wp-json\/wp\/v2\/types\/post"}],"author":[{"embeddable":true,"href":"http:\/\/vientosur.top\/museo\/wp-json\/wp\/v2\/users\/5"}],"replies":[{"embeddable":true,"href":"http:\/\/vientosur.top\/museo\/wp-json\/wp\/v2\/comments?post=47"}],"version-history":[{"count":0,"href":"http:\/\/vientosur.top\/museo\/wp-json\/wp\/v2\/posts\/47\/revisions"}],"wp:featuredmedia":[{"embeddable":true,"href":"http:\/\/vientosur.top\/museo\/wp-json\/wp\/v2\/media\/110"}],"wp:attachment":[{"href":"http:\/\/vientosur.top\/museo\/wp-json\/wp\/v2\/media?parent=47"}],"wp:term":[{"taxonomy":"category","embeddable":true,"href":"http:\/\/vientosur.top\/museo\/wp-json\/wp\/v2\/categories?post=47"},{"taxonomy":"post_tag","embeddable":true,"href":"http:\/\/vientosur.top\/museo\/wp-json\/wp\/v2\/tags?post=47"}],"curies":[{"name":"wp","href":"https:\/\/api.w.org\/{rel}","templated":true}]}}