{"id":4724,"date":"2017-07-26T16:35:37","date_gmt":"2017-07-26T16:35:37","guid":{"rendered":"http:\/\/vientosur.top\/museo\/\/?p=4724"},"modified":"2017-07-26T16:35:37","modified_gmt":"2017-07-26T16:35:37","slug":"tvn-emitira-concierto-violeta-parra-sinfonico-en-el-teatro-colon-este-sabado-a-las-2230-horas","status":"publish","type":"post","link":"http:\/\/vientosur.top\/museo\/tvn-emitira-concierto-violeta-parra-sinfonico-en-el-teatro-colon-este-sabado-a-las-2230-horas\/","title":{"rendered":"TVN emiti\u00f3 concierto sinf\u00f3nico \u00abVioleta Parra 100 a\u00f1os\u00bb desde el Teatro Col\u00f3n"},"content":{"rendered":"<p><strong>El espect\u00e1culo fue dirigido por \u00c1ngel Parra y cont\u00f3 con la participaci\u00f3n de la orquesta Filarm\u00f3nica de Buenos Aires, junto con destacados m\u00fasicos de Chile y Argentina, entre ellos Javiera Parra, Sandra Mihanovich, Soledad Pastorutti, Camila Moreno, Kevin Johansen, Roberto M\u00e1rquez, Beto Cuevas y Gepe.<\/strong><\/p>\n<p>&nbsp;<\/p>\n<p>Televisi\u00f3n Nacional de Chile transmiti\u00f3 el concierto realizado el mi\u00e9rcoles 19 de julio en el Teatro Col\u00f3n de Buenos Aires. La presentaci\u00f3n fue realizada por la periodista Consuelo Saavedra desde el Museo Violeta Parra.<\/p>\n<p>&nbsp;<\/p>\n<p><a href=\"http:\/\/www.tvn.cl\/especiales\/violetaparra100\/concierto-violeta-parra-100-anos-sinfonico--2462530\" target=\"_blank\" rel=\"noopener noreferrer\"><strong>Ver concierto<\/strong><\/a><\/p>\n<p>&nbsp;<\/p>\n","protected":false},"excerpt":{"rendered":"<p>El espect\u00e1culo fue dirigido por \u00c1ngel Parra y cont\u00f3 con la participaci\u00f3n de la orquesta Filarm\u00f3nica de Buenos Aires, junto con destacados m\u00fasicos de Chile y Argentina, entre ellos Javiera Parra, Sandra Mihanovich, Soledad Pastorutti, Camila Moreno, Kevin Johansen, Roberto M\u00e1rquez, Beto Cuevas y Gepe. &nbsp; Televisi\u00f3n Nacional de Chile transmiti\u00f3 el concierto realizado el [&hellip;]<\/p>\n","protected":false},"author":5,"featured_media":4725,"comment_status":"open","ping_status":"open","sticky":false,"template":"","format":"standard","meta":{"site-sidebar-layout":"default","site-content-layout":"","ast-site-content-layout":"default","site-content-style":"default","site-sidebar-style":"default","ast-global-header-display":"","ast-banner-title-visibility":"","ast-main-header-display":"","ast-hfb-above-header-display":"","ast-hfb-below-header-display":"","ast-hfb-mobile-header-display":"","site-post-title":"","ast-breadcrumbs-content":"","ast-featured-img":"","footer-sml-layout":"","theme-transparent-header-meta":"","adv-header-id-meta":"","stick-header-meta":"","header-above-stick-meta":"","header-main-stick-meta":"","header-below-stick-meta":"","astra-migrate-meta-layouts":"default","ast-page-background-enabled":"default","ast-page-background-meta":{"desktop":{"background-color":"var(--ast-global-color-4)","background-image":"","background-repeat":"repeat","background-position":"center center","background-size":"auto","background-attachment":"scroll","background-type":"","background-media":"","overlay-type":"","overlay-color":"","overlay-opacity":"","overlay-gradient":""},"tablet":{"background-color":"","background-image":"","background-repeat":"repeat","background-position":"center center","background-size":"auto","background-attachment":"scroll","background-type":"","background-media":"","overlay-type":"","overlay-color":"","overlay-opacity":"","overlay-gradient":""},"mobile":{"background-color":"","background-image":"","background-repeat":"repeat","background-position":"center center","background-size":"auto","background-attachment":"scroll","background-type":"","background-media":"","overlay-type":"","overlay-color":"","overlay-opacity":"","overlay-gradient":""}},"ast-content-background-meta":{"desktop":{"background-color":"var(--ast-global-color-5)","background-image":"","background-repeat":"repeat","background-position":"center center","background-size":"auto","background-attachment":"scroll","background-type":"","background-media":"","overlay-type":"","overlay-color":"","overlay-opacity":"","overlay-gradient":""},"tablet":{"background-color":"var(--ast-global-color-5)","background-image":"","background-repeat":"repeat","background-position":"center center","background-size":"auto","background-attachment":"scroll","background-type":"","background-media":"","overlay-type":"","overlay-color":"","overlay-opacity":"","overlay-gradient":""},"mobile":{"background-color":"var(--ast-global-color-5)","background-image":"","background-repeat":"repeat","background-position":"center center","background-size":"auto","background-attachment":"scroll","background-type":"","background-media":"","overlay-type":"","overlay-color":"","overlay-opacity":"","overlay-gradient":""}},"footnotes":""},"categories":[59,8,61],"tags":[],"class_list":["post-4724","post","type-post","status-publish","format-standard","has-post-thumbnail","hentry","category-destacado-noticia","category-noticias","category-novedades"],"yoast_head":"<!-- This site is optimized with the Yoast SEO plugin v25.4 - https:\/\/yoast.com\/wordpress\/plugins\/seo\/ -->\n<title>TVN emiti\u00f3 concierto sinf\u00f3nico &quot;Violeta Parra 100 a\u00f1os&quot; desde el Teatro Col\u00f3n - Museo Violeta Parra<\/title>\n<meta name=\"robots\" content=\"index, follow, max-snippet:-1, max-image-preview:large, max-video-preview:-1\" \/>\n<link rel=\"canonical\" href=\"http:\/\/vientosur.top\/museo\/tvn-emitira-concierto-violeta-parra-sinfonico-en-el-teatro-colon-este-sabado-a-las-2230-horas\/\" \/>\n<meta property=\"og:locale\" content=\"es_ES\" \/>\n<meta property=\"og:type\" content=\"article\" \/>\n<meta property=\"og:title\" content=\"TVN emiti\u00f3 concierto sinf\u00f3nico &quot;Violeta Parra 100 a\u00f1os&quot; desde el Teatro Col\u00f3n - Museo Violeta Parra\" \/>\n<meta property=\"og:description\" content=\"El espect\u00e1culo fue dirigido por \u00c1ngel Parra y cont\u00f3 con la participaci\u00f3n de la orquesta Filarm\u00f3nica de Buenos Aires, junto con destacados m\u00fasicos de Chile y Argentina, entre ellos Javiera Parra, Sandra Mihanovich, Soledad Pastorutti, Camila Moreno, Kevin Johansen, Roberto M\u00e1rquez, Beto Cuevas y Gepe. &nbsp; Televisi\u00f3n Nacional de Chile transmiti\u00f3 el concierto realizado el [&hellip;]\" \/>\n<meta property=\"og:url\" content=\"http:\/\/vientosur.top\/museo\/tvn-emitira-concierto-violeta-parra-sinfonico-en-el-teatro-colon-este-sabado-a-las-2230-horas\/\" \/>\n<meta property=\"og:site_name\" content=\"Museo Violeta Parra\" \/>\n<meta property=\"article:published_time\" content=\"2017-07-26T16:35:37+00:00\" \/>\n<meta property=\"og:image\" content=\"http:\/\/vientosur.top\/museo\/wp-content\/uploads\/2017\/07\/35199106994_cafda2fa44_k.jpg\" \/>\n\t<meta property=\"og:image:width\" content=\"2048\" \/>\n\t<meta property=\"og:image:height\" content=\"1365\" \/>\n\t<meta property=\"og:image:type\" content=\"image\/jpeg\" \/>\n<meta name=\"author\" content=\"admin\" \/>\n<meta name=\"twitter:card\" content=\"summary_large_image\" \/>\n<meta name=\"twitter:label1\" content=\"Escrito por\" \/>\n\t<meta name=\"twitter:data1\" content=\"admin\" \/>\n<script type=\"application\/ld+json\" class=\"yoast-schema-graph\">{\"@context\":\"https:\/\/schema.org\",\"@graph\":[{\"@type\":\"WebPage\",\"@id\":\"http:\/\/vientosur.top\/museo\/tvn-emitira-concierto-violeta-parra-sinfonico-en-el-teatro-colon-este-sabado-a-las-2230-horas\/\",\"url\":\"http:\/\/vientosur.top\/museo\/tvn-emitira-concierto-violeta-parra-sinfonico-en-el-teatro-colon-este-sabado-a-las-2230-horas\/\",\"name\":\"TVN emiti\u00f3 concierto sinf\u00f3nico \\\"Violeta Parra 100 a\u00f1os\\\" desde el Teatro Col\u00f3n - Museo Violeta Parra\",\"isPartOf\":{\"@id\":\"http:\/\/vientosur.top\/museo\/#website\"},\"primaryImageOfPage\":{\"@id\":\"http:\/\/vientosur.top\/museo\/tvn-emitira-concierto-violeta-parra-sinfonico-en-el-teatro-colon-este-sabado-a-las-2230-horas\/#primaryimage\"},\"image\":{\"@id\":\"http:\/\/vientosur.top\/museo\/tvn-emitira-concierto-violeta-parra-sinfonico-en-el-teatro-colon-este-sabado-a-las-2230-horas\/#primaryimage\"},\"thumbnailUrl\":\"http:\/\/vientosur.top\/museo\/wp-content\/uploads\/2017\/07\/35199106994_cafda2fa44_k.jpg\",\"datePublished\":\"2017-07-26T16:35:37+00:00\",\"author\":{\"@id\":\"http:\/\/vientosur.top\/museo\/#\/schema\/person\/20c79d3c38800971feec8c2693c3dd9c\"},\"breadcrumb\":{\"@id\":\"http:\/\/vientosur.top\/museo\/tvn-emitira-concierto-violeta-parra-sinfonico-en-el-teatro-colon-este-sabado-a-las-2230-horas\/#breadcrumb\"},\"inLanguage\":\"es\",\"potentialAction\":[{\"@type\":\"ReadAction\",\"target\":[\"http:\/\/vientosur.top\/museo\/tvn-emitira-concierto-violeta-parra-sinfonico-en-el-teatro-colon-este-sabado-a-las-2230-horas\/\"]}]},{\"@type\":\"ImageObject\",\"inLanguage\":\"es\",\"@id\":\"http:\/\/vientosur.top\/museo\/tvn-emitira-concierto-violeta-parra-sinfonico-en-el-teatro-colon-este-sabado-a-las-2230-horas\/#primaryimage\",\"url\":\"http:\/\/vientosur.top\/museo\/wp-content\/uploads\/2017\/07\/35199106994_cafda2fa44_k.jpg\",\"contentUrl\":\"http:\/\/vientosur.top\/museo\/wp-content\/uploads\/2017\/07\/35199106994_cafda2fa44_k.jpg\",\"width\":2048,\"height\":1365},{\"@type\":\"BreadcrumbList\",\"@id\":\"http:\/\/vientosur.top\/museo\/tvn-emitira-concierto-violeta-parra-sinfonico-en-el-teatro-colon-este-sabado-a-las-2230-horas\/#breadcrumb\",\"itemListElement\":[{\"@type\":\"ListItem\",\"position\":1,\"name\":\"Portada\",\"item\":\"http:\/\/vientosur.top\/museo\/\"},{\"@type\":\"ListItem\",\"position\":2,\"name\":\"TVN emiti\u00f3 concierto sinf\u00f3nico \u00abVioleta Parra 100 a\u00f1os\u00bb desde el Teatro Col\u00f3n\"}]},{\"@type\":\"WebSite\",\"@id\":\"http:\/\/vientosur.top\/museo\/#website\",\"url\":\"http:\/\/vientosur.top\/museo\/\",\"name\":\"Museo Violeta Parra\",\"description\":\"Espacio que alberga tanto la memoria y legado creativo de la artista\",\"potentialAction\":[{\"@type\":\"SearchAction\",\"target\":{\"@type\":\"EntryPoint\",\"urlTemplate\":\"http:\/\/vientosur.top\/museo\/?s={search_term_string}\"},\"query-input\":{\"@type\":\"PropertyValueSpecification\",\"valueRequired\":true,\"valueName\":\"search_term_string\"}}],\"inLanguage\":\"es\"},{\"@type\":\"Person\",\"@id\":\"http:\/\/vientosur.top\/museo\/#\/schema\/person\/20c79d3c38800971feec8c2693c3dd9c\",\"name\":\"admin\",\"image\":{\"@type\":\"ImageObject\",\"inLanguage\":\"es\",\"@id\":\"http:\/\/vientosur.top\/museo\/#\/schema\/person\/image\/\",\"url\":\"https:\/\/secure.gravatar.com\/avatar\/713677ece3ffa642287213a80e5b773bce9ab81c269dd6d95102a990951c922f?s=96&d=mm&r=g\",\"contentUrl\":\"https:\/\/secure.gravatar.com\/avatar\/713677ece3ffa642287213a80e5b773bce9ab81c269dd6d95102a990951c922f?s=96&d=mm&r=g\",\"caption\":\"admin\"},\"sameAs\":[\"http:\/\/vientosur.top\/museo\"],\"url\":\"http:\/\/vientosur.top\/museo\/author\/comunicacionesmvp\/\"}]}<\/script>\n<!-- \/ Yoast SEO plugin. -->","yoast_head_json":{"title":"TVN emiti\u00f3 concierto sinf\u00f3nico \"Violeta Parra 100 a\u00f1os\" desde el Teatro Col\u00f3n - Museo Violeta Parra","robots":{"index":"index","follow":"follow","max-snippet":"max-snippet:-1","max-image-preview":"max-image-preview:large","max-video-preview":"max-video-preview:-1"},"canonical":"http:\/\/vientosur.top\/museo\/tvn-emitira-concierto-violeta-parra-sinfonico-en-el-teatro-colon-este-sabado-a-las-2230-horas\/","og_locale":"es_ES","og_type":"article","og_title":"TVN emiti\u00f3 concierto sinf\u00f3nico \"Violeta Parra 100 a\u00f1os\" desde el Teatro Col\u00f3n - Museo Violeta Parra","og_description":"El espect\u00e1culo fue dirigido por \u00c1ngel Parra y cont\u00f3 con la participaci\u00f3n de la orquesta Filarm\u00f3nica de Buenos Aires, junto con destacados m\u00fasicos de Chile y Argentina, entre ellos Javiera Parra, Sandra Mihanovich, Soledad Pastorutti, Camila Moreno, Kevin Johansen, Roberto M\u00e1rquez, Beto Cuevas y Gepe. &nbsp; Televisi\u00f3n Nacional de Chile transmiti\u00f3 el concierto realizado el [&hellip;]","og_url":"http:\/\/vientosur.top\/museo\/tvn-emitira-concierto-violeta-parra-sinfonico-en-el-teatro-colon-este-sabado-a-las-2230-horas\/","og_site_name":"Museo Violeta Parra","article_published_time":"2017-07-26T16:35:37+00:00","og_image":[{"width":2048,"height":1365,"url":"http:\/\/vientosur.top\/museo\/wp-content\/uploads\/2017\/07\/35199106994_cafda2fa44_k.jpg","type":"image\/jpeg"}],"author":"admin","twitter_card":"summary_large_image","twitter_misc":{"Escrito por":"admin"},"schema":{"@context":"https:\/\/schema.org","@graph":[{"@type":"WebPage","@id":"http:\/\/vientosur.top\/museo\/tvn-emitira-concierto-violeta-parra-sinfonico-en-el-teatro-colon-este-sabado-a-las-2230-horas\/","url":"http:\/\/vientosur.top\/museo\/tvn-emitira-concierto-violeta-parra-sinfonico-en-el-teatro-colon-este-sabado-a-las-2230-horas\/","name":"TVN emiti\u00f3 concierto sinf\u00f3nico \"Violeta Parra 100 a\u00f1os\" desde el Teatro Col\u00f3n - Museo Violeta Parra","isPartOf":{"@id":"http:\/\/vientosur.top\/museo\/#website"},"primaryImageOfPage":{"@id":"http:\/\/vientosur.top\/museo\/tvn-emitira-concierto-violeta-parra-sinfonico-en-el-teatro-colon-este-sabado-a-las-2230-horas\/#primaryimage"},"image":{"@id":"http:\/\/vientosur.top\/museo\/tvn-emitira-concierto-violeta-parra-sinfonico-en-el-teatro-colon-este-sabado-a-las-2230-horas\/#primaryimage"},"thumbnailUrl":"http:\/\/vientosur.top\/museo\/wp-content\/uploads\/2017\/07\/35199106994_cafda2fa44_k.jpg","datePublished":"2017-07-26T16:35:37+00:00","author":{"@id":"http:\/\/vientosur.top\/museo\/#\/schema\/person\/20c79d3c38800971feec8c2693c3dd9c"},"breadcrumb":{"@id":"http:\/\/vientosur.top\/museo\/tvn-emitira-concierto-violeta-parra-sinfonico-en-el-teatro-colon-este-sabado-a-las-2230-horas\/#breadcrumb"},"inLanguage":"es","potentialAction":[{"@type":"ReadAction","target":["http:\/\/vientosur.top\/museo\/tvn-emitira-concierto-violeta-parra-sinfonico-en-el-teatro-colon-este-sabado-a-las-2230-horas\/"]}]},{"@type":"ImageObject","inLanguage":"es","@id":"http:\/\/vientosur.top\/museo\/tvn-emitira-concierto-violeta-parra-sinfonico-en-el-teatro-colon-este-sabado-a-las-2230-horas\/#primaryimage","url":"http:\/\/vientosur.top\/museo\/wp-content\/uploads\/2017\/07\/35199106994_cafda2fa44_k.jpg","contentUrl":"http:\/\/vientosur.top\/museo\/wp-content\/uploads\/2017\/07\/35199106994_cafda2fa44_k.jpg","width":2048,"height":1365},{"@type":"BreadcrumbList","@id":"http:\/\/vientosur.top\/museo\/tvn-emitira-concierto-violeta-parra-sinfonico-en-el-teatro-colon-este-sabado-a-las-2230-horas\/#breadcrumb","itemListElement":[{"@type":"ListItem","position":1,"name":"Portada","item":"http:\/\/vientosur.top\/museo\/"},{"@type":"ListItem","position":2,"name":"TVN emiti\u00f3 concierto sinf\u00f3nico \u00abVioleta Parra 100 a\u00f1os\u00bb desde el Teatro Col\u00f3n"}]},{"@type":"WebSite","@id":"http:\/\/vientosur.top\/museo\/#website","url":"http:\/\/vientosur.top\/museo\/","name":"Museo Violeta Parra","description":"Espacio que alberga tanto la memoria y legado creativo de la artista","potentialAction":[{"@type":"SearchAction","target":{"@type":"EntryPoint","urlTemplate":"http:\/\/vientosur.top\/museo\/?s={search_term_string}"},"query-input":{"@type":"PropertyValueSpecification","valueRequired":true,"valueName":"search_term_string"}}],"inLanguage":"es"},{"@type":"Person","@id":"http:\/\/vientosur.top\/museo\/#\/schema\/person\/20c79d3c38800971feec8c2693c3dd9c","name":"admin","image":{"@type":"ImageObject","inLanguage":"es","@id":"http:\/\/vientosur.top\/museo\/#\/schema\/person\/image\/","url":"https:\/\/secure.gravatar.com\/avatar\/713677ece3ffa642287213a80e5b773bce9ab81c269dd6d95102a990951c922f?s=96&d=mm&r=g","contentUrl":"https:\/\/secure.gravatar.com\/avatar\/713677ece3ffa642287213a80e5b773bce9ab81c269dd6d95102a990951c922f?s=96&d=mm&r=g","caption":"admin"},"sameAs":["http:\/\/vientosur.top\/museo"],"url":"http:\/\/vientosur.top\/museo\/author\/comunicacionesmvp\/"}]}},"_links":{"self":[{"href":"http:\/\/vientosur.top\/museo\/wp-json\/wp\/v2\/posts\/4724","targetHints":{"allow":["GET"]}}],"collection":[{"href":"http:\/\/vientosur.top\/museo\/wp-json\/wp\/v2\/posts"}],"about":[{"href":"http:\/\/vientosur.top\/museo\/wp-json\/wp\/v2\/types\/post"}],"author":[{"embeddable":true,"href":"http:\/\/vientosur.top\/museo\/wp-json\/wp\/v2\/users\/5"}],"replies":[{"embeddable":true,"href":"http:\/\/vientosur.top\/museo\/wp-json\/wp\/v2\/comments?post=4724"}],"version-history":[{"count":0,"href":"http:\/\/vientosur.top\/museo\/wp-json\/wp\/v2\/posts\/4724\/revisions"}],"wp:featuredmedia":[{"embeddable":true,"href":"http:\/\/vientosur.top\/museo\/wp-json\/wp\/v2\/media\/4725"}],"wp:attachment":[{"href":"http:\/\/vientosur.top\/museo\/wp-json\/wp\/v2\/media?parent=4724"}],"wp:term":[{"taxonomy":"category","embeddable":true,"href":"http:\/\/vientosur.top\/museo\/wp-json\/wp\/v2\/categories?post=4724"},{"taxonomy":"post_tag","embeddable":true,"href":"http:\/\/vientosur.top\/museo\/wp-json\/wp\/v2\/tags?post=4724"}],"curies":[{"name":"wp","href":"https:\/\/api.w.org\/{rel}","templated":true}]}}