{"id":4776,"date":"2017-07-27T21:56:02","date_gmt":"2017-07-27T21:56:02","guid":{"rendered":"http:\/\/vientosur.top\/museo\/\/?p=4776"},"modified":"2017-07-27T21:56:02","modified_gmt":"2017-07-27T21:56:02","slug":"museo-violeta-parra-realiza-ii-jornada-de-reflexion-centenario-de-violeta-parra-definiendo-criterios-para-la-exhibicion-y-conservacion-de-su-obra","status":"publish","type":"post","link":"http:\/\/vientosur.top\/museo\/museo-violeta-parra-realiza-ii-jornada-de-reflexion-centenario-de-violeta-parra-definiendo-criterios-para-la-exhibicion-y-conservacion-de-su-obra\/","title":{"rendered":"Museo Violeta Parra realiza II Jornada de Reflexi\u00f3n \u201cCentenario de Violeta Parra: Definiendo criterios para la exhibici\u00f3n y conservaci\u00f3n de su obra\u201d"},"content":{"rendered":"<p>Muse\u00f3grafos, conservadores, restauradores y curadores se reunieron esta ma\u00f1ana en la segunda jornada de reflexi\u00f3n\u00a0\u201cCentenario de Violeta Parra: Definiendo criterios para la exhibici\u00f3n y conservaci\u00f3n de su obra\u201d, que se realiz\u00f3 en la Sala Run Run el jueves 27 de julio por la ma\u00f1ana en la Sala Run Run del Museo Violeta Parra.<\/p>\n<p>&nbsp;<\/p>\n<p>El encuentro, que cont\u00f3 con la participaci\u00f3n de 14 especialistas en museos del \u00e1mbito p\u00fablico y privado, \u00a0fue inaugurado por Cecilia Garc\u00eda-Huidobro, Directora del Museo. Luego Milena Rojas, Jefa de Colecci\u00f3n y Patrimonio, present\u00f3 el itinerario hist\u00f3rico de la obra visual y las exhibiciones en el tiempo de la obra de Violeta. M\u00e1s tarde los asistentes recorrieron el museo y realizaron un an\u00e1lisis de la exhibici\u00f3n actual, identificando las fortalezas y debilidades en las \u00e1reas de museograf\u00eda y conservaci\u00f3n.<\/p>\n<p>&nbsp;<\/p>\n<p>Cecilia Garc\u00eda-Huidobro, Directora del Museo Violeta Parra, \u00a0valor\u00f3 la instancia: \u00abEjercicios de este tipo nos obligan a ahondar m\u00e1s en nuestros procesos de toma de decisiones. Valoro mucho que profesionales tan connotados se tomen el tiempo para venir a analizar la muestra del museo, la problem\u00e1tica de conservaci\u00f3n y los desaf\u00edos futuros\u00bb.<\/p>\n<p>&nbsp;<\/p>\n<p>Por su parte\u00a0Alejandra L\u00fchrs, directora de Museal y asistente a la jornada,\u00a0dijo: \u00abMe parece fant\u00e1stica\u00a0la iniciativa del museo, de cruzar las informaciones de las distintas disciplinas, que antes haya sido conservaci\u00f3n y ahora lo museogr\u00e1fico. Es la forma de llegar a una filosof\u00eda global, porque ac\u00e1 tienes a una cantidad de expertos que pueden hablar desde distintas percepciones y que pueden hablar desde su disciplina, de ver las cosas. \u00a0Es mucho m\u00e1s global, me parece fant\u00e1stico, yo creo que van a llegar a una s\u00faper conclusi\u00f3n y que la pr\u00f3xima jornada va a ser mejor. Ya tienen la experiencia de c\u00f3mo funciona el museo y c\u00f3mo se habit\u00f3, y de muchas otras cosas. Yo creo que van a llegar a un nivel important\u00edsimo con los contenidos que quieren dar\u00bb.<\/p>\n","protected":false},"excerpt":{"rendered":"<p>Muse\u00f3grafos, conservadores, restauradores y curadores se reunieron esta ma\u00f1ana en la segunda jornada de reflexi\u00f3n\u00a0\u201cCentenario de Violeta Parra: Definiendo criterios para la exhibici\u00f3n y conservaci\u00f3n de su obra\u201d, que se realiz\u00f3 en la Sala Run Run el jueves 27 de julio por la ma\u00f1ana en la Sala Run Run del Museo Violeta Parra. &nbsp; El [&hellip;]<\/p>\n","protected":false},"author":5,"featured_media":4771,"comment_status":"open","ping_status":"open","sticky":false,"template":"","format":"standard","meta":{"site-sidebar-layout":"default","site-content-layout":"","ast-site-content-layout":"default","site-content-style":"default","site-sidebar-style":"default","ast-global-header-display":"","ast-banner-title-visibility":"","ast-main-header-display":"","ast-hfb-above-header-display":"","ast-hfb-below-header-display":"","ast-hfb-mobile-header-display":"","site-post-title":"","ast-breadcrumbs-content":"","ast-featured-img":"","footer-sml-layout":"","theme-transparent-header-meta":"","adv-header-id-meta":"","stick-header-meta":"","header-above-stick-meta":"","header-main-stick-meta":"","header-below-stick-meta":"","astra-migrate-meta-layouts":"default","ast-page-background-enabled":"default","ast-page-background-meta":{"desktop":{"background-color":"var(--ast-global-color-4)","background-image":"","background-repeat":"repeat","background-position":"center center","background-size":"auto","background-attachment":"scroll","background-type":"","background-media":"","overlay-type":"","overlay-color":"","overlay-opacity":"","overlay-gradient":""},"tablet":{"background-color":"","background-image":"","background-repeat":"repeat","background-position":"center center","background-size":"auto","background-attachment":"scroll","background-type":"","background-media":"","overlay-type":"","overlay-color":"","overlay-opacity":"","overlay-gradient":""},"mobile":{"background-color":"","background-image":"","background-repeat":"repeat","background-position":"center center","background-size":"auto","background-attachment":"scroll","background-type":"","background-media":"","overlay-type":"","overlay-color":"","overlay-opacity":"","overlay-gradient":""}},"ast-content-background-meta":{"desktop":{"background-color":"var(--ast-global-color-5)","background-image":"","background-repeat":"repeat","background-position":"center center","background-size":"auto","background-attachment":"scroll","background-type":"","background-media":"","overlay-type":"","overlay-color":"","overlay-opacity":"","overlay-gradient":""},"tablet":{"background-color":"var(--ast-global-color-5)","background-image":"","background-repeat":"repeat","background-position":"center center","background-size":"auto","background-attachment":"scroll","background-type":"","background-media":"","overlay-type":"","overlay-color":"","overlay-opacity":"","overlay-gradient":""},"mobile":{"background-color":"var(--ast-global-color-5)","background-image":"","background-repeat":"repeat","background-position":"center center","background-size":"auto","background-attachment":"scroll","background-type":"","background-media":"","overlay-type":"","overlay-color":"","overlay-opacity":"","overlay-gradient":""}},"footnotes":""},"categories":[59,8,61],"tags":[],"class_list":["post-4776","post","type-post","status-publish","format-standard","has-post-thumbnail","hentry","category-destacado-noticia","category-noticias","category-novedades"],"yoast_head":"<!-- This site is optimized with the Yoast SEO plugin v25.4 - https:\/\/yoast.com\/wordpress\/plugins\/seo\/ -->\n<title>Museo Violeta Parra realiza II Jornada de Reflexi\u00f3n \u201cCentenario de Violeta Parra: Definiendo criterios para la exhibici\u00f3n y conservaci\u00f3n de su obra\u201d - Museo Violeta Parra<\/title>\n<meta name=\"robots\" content=\"index, follow, max-snippet:-1, max-image-preview:large, max-video-preview:-1\" \/>\n<link rel=\"canonical\" href=\"http:\/\/vientosur.top\/museo\/museo-violeta-parra-realiza-ii-jornada-de-reflexion-centenario-de-violeta-parra-definiendo-criterios-para-la-exhibicion-y-conservacion-de-su-obra\/\" \/>\n<meta property=\"og:locale\" content=\"es_ES\" \/>\n<meta property=\"og:type\" content=\"article\" \/>\n<meta property=\"og:title\" content=\"Museo Violeta Parra realiza II Jornada de Reflexi\u00f3n \u201cCentenario de Violeta Parra: Definiendo criterios para la exhibici\u00f3n y conservaci\u00f3n de su obra\u201d - Museo Violeta Parra\" \/>\n<meta property=\"og:description\" content=\"Muse\u00f3grafos, conservadores, restauradores y curadores se reunieron esta ma\u00f1ana en la segunda jornada de reflexi\u00f3n\u00a0\u201cCentenario de Violeta Parra: Definiendo criterios para la exhibici\u00f3n y conservaci\u00f3n de su obra\u201d, que se realiz\u00f3 en la Sala Run Run el jueves 27 de julio por la ma\u00f1ana en la Sala Run Run del Museo Violeta Parra. &nbsp; El [&hellip;]\" \/>\n<meta property=\"og:url\" content=\"http:\/\/vientosur.top\/museo\/museo-violeta-parra-realiza-ii-jornada-de-reflexion-centenario-de-violeta-parra-definiendo-criterios-para-la-exhibicion-y-conservacion-de-su-obra\/\" \/>\n<meta property=\"og:site_name\" content=\"Museo Violeta Parra\" \/>\n<meta property=\"article:published_time\" content=\"2017-07-27T21:56:02+00:00\" \/>\n<meta property=\"og:image\" content=\"http:\/\/vientosur.top\/museo\/wp-content\/uploads\/2017\/07\/DSC_0530.jpg\" \/>\n\t<meta property=\"og:image:width\" content=\"1200\" \/>\n\t<meta property=\"og:image:height\" content=\"798\" \/>\n\t<meta property=\"og:image:type\" content=\"image\/jpeg\" \/>\n<meta name=\"author\" content=\"admin\" \/>\n<meta name=\"twitter:card\" content=\"summary_large_image\" \/>\n<meta name=\"twitter:label1\" content=\"Escrito por\" \/>\n\t<meta name=\"twitter:data1\" content=\"admin\" \/>\n\t<meta name=\"twitter:label2\" content=\"Tiempo de lectura\" \/>\n\t<meta name=\"twitter:data2\" content=\"2 minutos\" \/>\n<script type=\"application\/ld+json\" class=\"yoast-schema-graph\">{\"@context\":\"https:\/\/schema.org\",\"@graph\":[{\"@type\":\"WebPage\",\"@id\":\"http:\/\/vientosur.top\/museo\/museo-violeta-parra-realiza-ii-jornada-de-reflexion-centenario-de-violeta-parra-definiendo-criterios-para-la-exhibicion-y-conservacion-de-su-obra\/\",\"url\":\"http:\/\/vientosur.top\/museo\/museo-violeta-parra-realiza-ii-jornada-de-reflexion-centenario-de-violeta-parra-definiendo-criterios-para-la-exhibicion-y-conservacion-de-su-obra\/\",\"name\":\"Museo Violeta Parra realiza II Jornada de Reflexi\u00f3n \u201cCentenario de Violeta Parra: Definiendo criterios para la exhibici\u00f3n y conservaci\u00f3n de su obra\u201d - Museo Violeta Parra\",\"isPartOf\":{\"@id\":\"http:\/\/vientosur.top\/museo\/#website\"},\"primaryImageOfPage\":{\"@id\":\"http:\/\/vientosur.top\/museo\/museo-violeta-parra-realiza-ii-jornada-de-reflexion-centenario-de-violeta-parra-definiendo-criterios-para-la-exhibicion-y-conservacion-de-su-obra\/#primaryimage\"},\"image\":{\"@id\":\"http:\/\/vientosur.top\/museo\/museo-violeta-parra-realiza-ii-jornada-de-reflexion-centenario-de-violeta-parra-definiendo-criterios-para-la-exhibicion-y-conservacion-de-su-obra\/#primaryimage\"},\"thumbnailUrl\":\"http:\/\/vientosur.top\/museo\/wp-content\/uploads\/2017\/07\/DSC_0530.jpg\",\"datePublished\":\"2017-07-27T21:56:02+00:00\",\"author\":{\"@id\":\"http:\/\/vientosur.top\/museo\/#\/schema\/person\/20c79d3c38800971feec8c2693c3dd9c\"},\"breadcrumb\":{\"@id\":\"http:\/\/vientosur.top\/museo\/museo-violeta-parra-realiza-ii-jornada-de-reflexion-centenario-de-violeta-parra-definiendo-criterios-para-la-exhibicion-y-conservacion-de-su-obra\/#breadcrumb\"},\"inLanguage\":\"es\",\"potentialAction\":[{\"@type\":\"ReadAction\",\"target\":[\"http:\/\/vientosur.top\/museo\/museo-violeta-parra-realiza-ii-jornada-de-reflexion-centenario-de-violeta-parra-definiendo-criterios-para-la-exhibicion-y-conservacion-de-su-obra\/\"]}]},{\"@type\":\"ImageObject\",\"inLanguage\":\"es\",\"@id\":\"http:\/\/vientosur.top\/museo\/museo-violeta-parra-realiza-ii-jornada-de-reflexion-centenario-de-violeta-parra-definiendo-criterios-para-la-exhibicion-y-conservacion-de-su-obra\/#primaryimage\",\"url\":\"http:\/\/vientosur.top\/museo\/wp-content\/uploads\/2017\/07\/DSC_0530.jpg\",\"contentUrl\":\"http:\/\/vientosur.top\/museo\/wp-content\/uploads\/2017\/07\/DSC_0530.jpg\",\"width\":1200,\"height\":798},{\"@type\":\"BreadcrumbList\",\"@id\":\"http:\/\/vientosur.top\/museo\/museo-violeta-parra-realiza-ii-jornada-de-reflexion-centenario-de-violeta-parra-definiendo-criterios-para-la-exhibicion-y-conservacion-de-su-obra\/#breadcrumb\",\"itemListElement\":[{\"@type\":\"ListItem\",\"position\":1,\"name\":\"Portada\",\"item\":\"http:\/\/vientosur.top\/museo\/\"},{\"@type\":\"ListItem\",\"position\":2,\"name\":\"Museo Violeta Parra realiza II Jornada de Reflexi\u00f3n \u201cCentenario de Violeta Parra: Definiendo criterios para la exhibici\u00f3n y conservaci\u00f3n de su obra\u201d\"}]},{\"@type\":\"WebSite\",\"@id\":\"http:\/\/vientosur.top\/museo\/#website\",\"url\":\"http:\/\/vientosur.top\/museo\/\",\"name\":\"Museo Violeta Parra\",\"description\":\"Espacio que alberga tanto la memoria y legado creativo de la artista\",\"potentialAction\":[{\"@type\":\"SearchAction\",\"target\":{\"@type\":\"EntryPoint\",\"urlTemplate\":\"http:\/\/vientosur.top\/museo\/?s={search_term_string}\"},\"query-input\":{\"@type\":\"PropertyValueSpecification\",\"valueRequired\":true,\"valueName\":\"search_term_string\"}}],\"inLanguage\":\"es\"},{\"@type\":\"Person\",\"@id\":\"http:\/\/vientosur.top\/museo\/#\/schema\/person\/20c79d3c38800971feec8c2693c3dd9c\",\"name\":\"admin\",\"image\":{\"@type\":\"ImageObject\",\"inLanguage\":\"es\",\"@id\":\"http:\/\/vientosur.top\/museo\/#\/schema\/person\/image\/\",\"url\":\"https:\/\/secure.gravatar.com\/avatar\/713677ece3ffa642287213a80e5b773bce9ab81c269dd6d95102a990951c922f?s=96&d=mm&r=g\",\"contentUrl\":\"https:\/\/secure.gravatar.com\/avatar\/713677ece3ffa642287213a80e5b773bce9ab81c269dd6d95102a990951c922f?s=96&d=mm&r=g\",\"caption\":\"admin\"},\"sameAs\":[\"http:\/\/vientosur.top\/museo\"],\"url\":\"http:\/\/vientosur.top\/museo\/author\/comunicacionesmvp\/\"}]}<\/script>\n<!-- \/ Yoast SEO plugin. -->","yoast_head_json":{"title":"Museo Violeta Parra realiza II Jornada de Reflexi\u00f3n \u201cCentenario de Violeta Parra: Definiendo criterios para la exhibici\u00f3n y conservaci\u00f3n de su obra\u201d - Museo Violeta Parra","robots":{"index":"index","follow":"follow","max-snippet":"max-snippet:-1","max-image-preview":"max-image-preview:large","max-video-preview":"max-video-preview:-1"},"canonical":"http:\/\/vientosur.top\/museo\/museo-violeta-parra-realiza-ii-jornada-de-reflexion-centenario-de-violeta-parra-definiendo-criterios-para-la-exhibicion-y-conservacion-de-su-obra\/","og_locale":"es_ES","og_type":"article","og_title":"Museo Violeta Parra realiza II Jornada de Reflexi\u00f3n \u201cCentenario de Violeta Parra: Definiendo criterios para la exhibici\u00f3n y conservaci\u00f3n de su obra\u201d - Museo Violeta Parra","og_description":"Muse\u00f3grafos, conservadores, restauradores y curadores se reunieron esta ma\u00f1ana en la segunda jornada de reflexi\u00f3n\u00a0\u201cCentenario de Violeta Parra: Definiendo criterios para la exhibici\u00f3n y conservaci\u00f3n de su obra\u201d, que se realiz\u00f3 en la Sala Run Run el jueves 27 de julio por la ma\u00f1ana en la Sala Run Run del Museo Violeta Parra. &nbsp; El [&hellip;]","og_url":"http:\/\/vientosur.top\/museo\/museo-violeta-parra-realiza-ii-jornada-de-reflexion-centenario-de-violeta-parra-definiendo-criterios-para-la-exhibicion-y-conservacion-de-su-obra\/","og_site_name":"Museo Violeta Parra","article_published_time":"2017-07-27T21:56:02+00:00","og_image":[{"width":1200,"height":798,"url":"http:\/\/vientosur.top\/museo\/wp-content\/uploads\/2017\/07\/DSC_0530.jpg","type":"image\/jpeg"}],"author":"admin","twitter_card":"summary_large_image","twitter_misc":{"Escrito por":"admin","Tiempo de lectura":"2 minutos"},"schema":{"@context":"https:\/\/schema.org","@graph":[{"@type":"WebPage","@id":"http:\/\/vientosur.top\/museo\/museo-violeta-parra-realiza-ii-jornada-de-reflexion-centenario-de-violeta-parra-definiendo-criterios-para-la-exhibicion-y-conservacion-de-su-obra\/","url":"http:\/\/vientosur.top\/museo\/museo-violeta-parra-realiza-ii-jornada-de-reflexion-centenario-de-violeta-parra-definiendo-criterios-para-la-exhibicion-y-conservacion-de-su-obra\/","name":"Museo Violeta Parra realiza II Jornada de Reflexi\u00f3n \u201cCentenario de Violeta Parra: Definiendo criterios para la exhibici\u00f3n y conservaci\u00f3n de su obra\u201d - Museo Violeta Parra","isPartOf":{"@id":"http:\/\/vientosur.top\/museo\/#website"},"primaryImageOfPage":{"@id":"http:\/\/vientosur.top\/museo\/museo-violeta-parra-realiza-ii-jornada-de-reflexion-centenario-de-violeta-parra-definiendo-criterios-para-la-exhibicion-y-conservacion-de-su-obra\/#primaryimage"},"image":{"@id":"http:\/\/vientosur.top\/museo\/museo-violeta-parra-realiza-ii-jornada-de-reflexion-centenario-de-violeta-parra-definiendo-criterios-para-la-exhibicion-y-conservacion-de-su-obra\/#primaryimage"},"thumbnailUrl":"http:\/\/vientosur.top\/museo\/wp-content\/uploads\/2017\/07\/DSC_0530.jpg","datePublished":"2017-07-27T21:56:02+00:00","author":{"@id":"http:\/\/vientosur.top\/museo\/#\/schema\/person\/20c79d3c38800971feec8c2693c3dd9c"},"breadcrumb":{"@id":"http:\/\/vientosur.top\/museo\/museo-violeta-parra-realiza-ii-jornada-de-reflexion-centenario-de-violeta-parra-definiendo-criterios-para-la-exhibicion-y-conservacion-de-su-obra\/#breadcrumb"},"inLanguage":"es","potentialAction":[{"@type":"ReadAction","target":["http:\/\/vientosur.top\/museo\/museo-violeta-parra-realiza-ii-jornada-de-reflexion-centenario-de-violeta-parra-definiendo-criterios-para-la-exhibicion-y-conservacion-de-su-obra\/"]}]},{"@type":"ImageObject","inLanguage":"es","@id":"http:\/\/vientosur.top\/museo\/museo-violeta-parra-realiza-ii-jornada-de-reflexion-centenario-de-violeta-parra-definiendo-criterios-para-la-exhibicion-y-conservacion-de-su-obra\/#primaryimage","url":"http:\/\/vientosur.top\/museo\/wp-content\/uploads\/2017\/07\/DSC_0530.jpg","contentUrl":"http:\/\/vientosur.top\/museo\/wp-content\/uploads\/2017\/07\/DSC_0530.jpg","width":1200,"height":798},{"@type":"BreadcrumbList","@id":"http:\/\/vientosur.top\/museo\/museo-violeta-parra-realiza-ii-jornada-de-reflexion-centenario-de-violeta-parra-definiendo-criterios-para-la-exhibicion-y-conservacion-de-su-obra\/#breadcrumb","itemListElement":[{"@type":"ListItem","position":1,"name":"Portada","item":"http:\/\/vientosur.top\/museo\/"},{"@type":"ListItem","position":2,"name":"Museo Violeta Parra realiza II Jornada de Reflexi\u00f3n \u201cCentenario de Violeta Parra: Definiendo criterios para la exhibici\u00f3n y conservaci\u00f3n de su obra\u201d"}]},{"@type":"WebSite","@id":"http:\/\/vientosur.top\/museo\/#website","url":"http:\/\/vientosur.top\/museo\/","name":"Museo Violeta Parra","description":"Espacio que alberga tanto la memoria y legado creativo de la artista","potentialAction":[{"@type":"SearchAction","target":{"@type":"EntryPoint","urlTemplate":"http:\/\/vientosur.top\/museo\/?s={search_term_string}"},"query-input":{"@type":"PropertyValueSpecification","valueRequired":true,"valueName":"search_term_string"}}],"inLanguage":"es"},{"@type":"Person","@id":"http:\/\/vientosur.top\/museo\/#\/schema\/person\/20c79d3c38800971feec8c2693c3dd9c","name":"admin","image":{"@type":"ImageObject","inLanguage":"es","@id":"http:\/\/vientosur.top\/museo\/#\/schema\/person\/image\/","url":"https:\/\/secure.gravatar.com\/avatar\/713677ece3ffa642287213a80e5b773bce9ab81c269dd6d95102a990951c922f?s=96&d=mm&r=g","contentUrl":"https:\/\/secure.gravatar.com\/avatar\/713677ece3ffa642287213a80e5b773bce9ab81c269dd6d95102a990951c922f?s=96&d=mm&r=g","caption":"admin"},"sameAs":["http:\/\/vientosur.top\/museo"],"url":"http:\/\/vientosur.top\/museo\/author\/comunicacionesmvp\/"}]}},"_links":{"self":[{"href":"http:\/\/vientosur.top\/museo\/wp-json\/wp\/v2\/posts\/4776","targetHints":{"allow":["GET"]}}],"collection":[{"href":"http:\/\/vientosur.top\/museo\/wp-json\/wp\/v2\/posts"}],"about":[{"href":"http:\/\/vientosur.top\/museo\/wp-json\/wp\/v2\/types\/post"}],"author":[{"embeddable":true,"href":"http:\/\/vientosur.top\/museo\/wp-json\/wp\/v2\/users\/5"}],"replies":[{"embeddable":true,"href":"http:\/\/vientosur.top\/museo\/wp-json\/wp\/v2\/comments?post=4776"}],"version-history":[{"count":0,"href":"http:\/\/vientosur.top\/museo\/wp-json\/wp\/v2\/posts\/4776\/revisions"}],"wp:featuredmedia":[{"embeddable":true,"href":"http:\/\/vientosur.top\/museo\/wp-json\/wp\/v2\/media\/4771"}],"wp:attachment":[{"href":"http:\/\/vientosur.top\/museo\/wp-json\/wp\/v2\/media?parent=4776"}],"wp:term":[{"taxonomy":"category","embeddable":true,"href":"http:\/\/vientosur.top\/museo\/wp-json\/wp\/v2\/categories?post=4776"},{"taxonomy":"post_tag","embeddable":true,"href":"http:\/\/vientosur.top\/museo\/wp-json\/wp\/v2\/tags?post=4776"}],"curies":[{"name":"wp","href":"https:\/\/api.w.org\/{rel}","templated":true}]}}