{"id":4782,"date":"2017-07-28T21:19:08","date_gmt":"2017-07-28T21:19:08","guid":{"rendered":"http:\/\/vientosur.top\/museo\/\/?p=4782"},"modified":"2017-07-28T21:19:08","modified_gmt":"2017-07-28T21:19:08","slug":"museo-violeta-parra-lamenta-deceso-de-la-cantautora-mariana-montalvo","status":"publish","type":"post","link":"http:\/\/vientosur.top\/museo\/museo-violeta-parra-lamenta-deceso-de-la-cantautora-mariana-montalvo\/","title":{"rendered":"Museo Violeta Parra lamenta partida de la cantautora Mariana Montalvo"},"content":{"rendered":"<p>Mariana Montalvo, cantante chilena, falleci\u00f3 esta semana en Par\u00eds, ciudad en la que resid\u00eda desde la d\u00e9cada del 70. Amiga entra\u00f1able de \u00c1ngel Parra, visit\u00f3 el Museo Violeta Parra donde dej\u00f3 su voz y su talento en un recital para Violeta junto a\u00a0 Isabel Parra, Tita Parra, Milena Rojas y Manuel Garc\u00eda.<\/p>\n<p>&nbsp;<\/p>\n<p><strong>Trayectoria internacional <\/strong><\/p>\n<p>&nbsp;<\/p>\n<p>Como muchos de sus compatriotas chilenos, Mariana Montalvo debi\u00f3 exiliarse en 1974. Por a\u00f1os, Montalvo fue miembro del popular grupo Los Machucambos, famosos en Europa por sus fieles interpretaciones de la m\u00fasica tradicional sudamericana.<\/p>\n<p>&nbsp;<br \/>\nLa obra de poetisas latinoamericanas como la chilena Gabriela Mistral, la argentina Alfonsina Storni y la uruguaya Juana de Ibarburu est\u00e1 presente en algunas de las letras de \u201cCantos del alma\u201d, su primer trabajo discogr\u00e1fico editado en 2000. A este \u00e1lbum le sigui\u00f3 \u201cPiel de aceituna\u201d, editado en 2004 por el sello World Village, en el que Montalvo combina habaneras y bandas de bronces con adaptaciones de poemas chilenos.<\/p>\n<p>&nbsp;<\/p>\n<p>En el funeral de \u00c1ngel Parra, realizado en marzo de este a\u00f1o en Par\u00eds, Mariana cant\u00f3 \u00abLa barcarola\u00bb, canci\u00f3n que -como record\u00f3 con cari\u00f1o en esa oportunidad- le gustaba tanto a su amigo.<\/p>\n<p>&nbsp;<\/p>\n<p><strong><a href=\"https:\/\/www.cooperativa.cl\/noticias\/entretencion\/musica\/musica-chilena\/nuestro-canto-adios-a-mariana-montalvo\/2017-07-27\/235442.html?utm_source=dlvr.it&amp;utm_medium=twitter\" target=\"_blank\" rel=\"noopener noreferrer\">Escuchar programa \u201cNuestro Canto\u201d dedicado a Mariana Montalvo<\/a><\/strong><\/p>\n","protected":false},"excerpt":{"rendered":"<p>Mariana Montalvo, cantante chilena, falleci\u00f3 esta semana en Par\u00eds, ciudad en la que resid\u00eda desde la d\u00e9cada del 70. Amiga entra\u00f1able de \u00c1ngel Parra, visit\u00f3 el Museo Violeta Parra donde dej\u00f3 su voz y su talento en un recital para Violeta junto a\u00a0 Isabel Parra, Tita Parra, Milena Rojas y Manuel Garc\u00eda. &nbsp; Trayectoria internacional [&hellip;]<\/p>\n","protected":false},"author":5,"featured_media":4784,"comment_status":"open","ping_status":"open","sticky":false,"template":"","format":"standard","meta":{"site-sidebar-layout":"default","site-content-layout":"","ast-site-content-layout":"default","site-content-style":"default","site-sidebar-style":"default","ast-global-header-display":"","ast-banner-title-visibility":"","ast-main-header-display":"","ast-hfb-above-header-display":"","ast-hfb-below-header-display":"","ast-hfb-mobile-header-display":"","site-post-title":"","ast-breadcrumbs-content":"","ast-featured-img":"","footer-sml-layout":"","theme-transparent-header-meta":"","adv-header-id-meta":"","stick-header-meta":"","header-above-stick-meta":"","header-main-stick-meta":"","header-below-stick-meta":"","astra-migrate-meta-layouts":"default","ast-page-background-enabled":"default","ast-page-background-meta":{"desktop":{"background-color":"var(--ast-global-color-4)","background-image":"","background-repeat":"repeat","background-position":"center center","background-size":"auto","background-attachment":"scroll","background-type":"","background-media":"","overlay-type":"","overlay-color":"","overlay-opacity":"","overlay-gradient":""},"tablet":{"background-color":"","background-image":"","background-repeat":"repeat","background-position":"center center","background-size":"auto","background-attachment":"scroll","background-type":"","background-media":"","overlay-type":"","overlay-color":"","overlay-opacity":"","overlay-gradient":""},"mobile":{"background-color":"","background-image":"","background-repeat":"repeat","background-position":"center center","background-size":"auto","background-attachment":"scroll","background-type":"","background-media":"","overlay-type":"","overlay-color":"","overlay-opacity":"","overlay-gradient":""}},"ast-content-background-meta":{"desktop":{"background-color":"var(--ast-global-color-5)","background-image":"","background-repeat":"repeat","background-position":"center center","background-size":"auto","background-attachment":"scroll","background-type":"","background-media":"","overlay-type":"","overlay-color":"","overlay-opacity":"","overlay-gradient":""},"tablet":{"background-color":"var(--ast-global-color-5)","background-image":"","background-repeat":"repeat","background-position":"center center","background-size":"auto","background-attachment":"scroll","background-type":"","background-media":"","overlay-type":"","overlay-color":"","overlay-opacity":"","overlay-gradient":""},"mobile":{"background-color":"var(--ast-global-color-5)","background-image":"","background-repeat":"repeat","background-position":"center center","background-size":"auto","background-attachment":"scroll","background-type":"","background-media":"","overlay-type":"","overlay-color":"","overlay-opacity":"","overlay-gradient":""}},"footnotes":""},"categories":[59,8,61],"tags":[],"class_list":["post-4782","post","type-post","status-publish","format-standard","has-post-thumbnail","hentry","category-destacado-noticia","category-noticias","category-novedades"],"yoast_head":"<!-- This site is optimized with the Yoast SEO plugin v25.4 - https:\/\/yoast.com\/wordpress\/plugins\/seo\/ -->\n<title>Museo Violeta Parra lamenta partida de la cantautora Mariana Montalvo - Museo Violeta Parra<\/title>\n<meta name=\"robots\" content=\"index, follow, max-snippet:-1, max-image-preview:large, max-video-preview:-1\" \/>\n<link rel=\"canonical\" href=\"http:\/\/vientosur.top\/museo\/museo-violeta-parra-lamenta-deceso-de-la-cantautora-mariana-montalvo\/\" \/>\n<meta property=\"og:locale\" content=\"es_ES\" \/>\n<meta property=\"og:type\" content=\"article\" \/>\n<meta property=\"og:title\" content=\"Museo Violeta Parra lamenta partida de la cantautora Mariana Montalvo - Museo Violeta Parra\" \/>\n<meta property=\"og:description\" content=\"Mariana Montalvo, cantante chilena, falleci\u00f3 esta semana en Par\u00eds, ciudad en la que resid\u00eda desde la d\u00e9cada del 70. Amiga entra\u00f1able de \u00c1ngel Parra, visit\u00f3 el Museo Violeta Parra donde dej\u00f3 su voz y su talento en un recital para Violeta junto a\u00a0 Isabel Parra, Tita Parra, Milena Rojas y Manuel Garc\u00eda. &nbsp; Trayectoria internacional [&hellip;]\" \/>\n<meta property=\"og:url\" content=\"http:\/\/vientosur.top\/museo\/museo-violeta-parra-lamenta-deceso-de-la-cantautora-mariana-montalvo\/\" \/>\n<meta property=\"og:site_name\" content=\"Museo Violeta Parra\" \/>\n<meta property=\"article:published_time\" content=\"2017-07-28T21:19:08+00:00\" \/>\n<meta property=\"og:image\" content=\"http:\/\/vientosur.top\/museo\/wp-content\/uploads\/2017\/07\/marianamontalvo.png\" \/>\n\t<meta property=\"og:image:width\" content=\"1200\" \/>\n\t<meta property=\"og:image:height\" content=\"801\" \/>\n\t<meta property=\"og:image:type\" content=\"image\/png\" \/>\n<meta name=\"author\" content=\"admin\" \/>\n<meta name=\"twitter:card\" content=\"summary_large_image\" \/>\n<meta name=\"twitter:label1\" content=\"Escrito por\" \/>\n\t<meta name=\"twitter:data1\" content=\"admin\" \/>\n\t<meta name=\"twitter:label2\" content=\"Tiempo de lectura\" \/>\n\t<meta name=\"twitter:data2\" content=\"1 minuto\" \/>\n<script type=\"application\/ld+json\" class=\"yoast-schema-graph\">{\"@context\":\"https:\/\/schema.org\",\"@graph\":[{\"@type\":\"WebPage\",\"@id\":\"http:\/\/vientosur.top\/museo\/museo-violeta-parra-lamenta-deceso-de-la-cantautora-mariana-montalvo\/\",\"url\":\"http:\/\/vientosur.top\/museo\/museo-violeta-parra-lamenta-deceso-de-la-cantautora-mariana-montalvo\/\",\"name\":\"Museo Violeta Parra lamenta partida de la cantautora Mariana Montalvo - Museo Violeta Parra\",\"isPartOf\":{\"@id\":\"http:\/\/vientosur.top\/museo\/#website\"},\"primaryImageOfPage\":{\"@id\":\"http:\/\/vientosur.top\/museo\/museo-violeta-parra-lamenta-deceso-de-la-cantautora-mariana-montalvo\/#primaryimage\"},\"image\":{\"@id\":\"http:\/\/vientosur.top\/museo\/museo-violeta-parra-lamenta-deceso-de-la-cantautora-mariana-montalvo\/#primaryimage\"},\"thumbnailUrl\":\"http:\/\/vientosur.top\/museo\/wp-content\/uploads\/2017\/07\/marianamontalvo.png\",\"datePublished\":\"2017-07-28T21:19:08+00:00\",\"author\":{\"@id\":\"http:\/\/vientosur.top\/museo\/#\/schema\/person\/20c79d3c38800971feec8c2693c3dd9c\"},\"breadcrumb\":{\"@id\":\"http:\/\/vientosur.top\/museo\/museo-violeta-parra-lamenta-deceso-de-la-cantautora-mariana-montalvo\/#breadcrumb\"},\"inLanguage\":\"es\",\"potentialAction\":[{\"@type\":\"ReadAction\",\"target\":[\"http:\/\/vientosur.top\/museo\/museo-violeta-parra-lamenta-deceso-de-la-cantautora-mariana-montalvo\/\"]}]},{\"@type\":\"ImageObject\",\"inLanguage\":\"es\",\"@id\":\"http:\/\/vientosur.top\/museo\/museo-violeta-parra-lamenta-deceso-de-la-cantautora-mariana-montalvo\/#primaryimage\",\"url\":\"http:\/\/vientosur.top\/museo\/wp-content\/uploads\/2017\/07\/marianamontalvo.png\",\"contentUrl\":\"http:\/\/vientosur.top\/museo\/wp-content\/uploads\/2017\/07\/marianamontalvo.png\",\"width\":1200,\"height\":801},{\"@type\":\"BreadcrumbList\",\"@id\":\"http:\/\/vientosur.top\/museo\/museo-violeta-parra-lamenta-deceso-de-la-cantautora-mariana-montalvo\/#breadcrumb\",\"itemListElement\":[{\"@type\":\"ListItem\",\"position\":1,\"name\":\"Portada\",\"item\":\"http:\/\/vientosur.top\/museo\/\"},{\"@type\":\"ListItem\",\"position\":2,\"name\":\"Museo Violeta Parra lamenta partida de la cantautora Mariana Montalvo\"}]},{\"@type\":\"WebSite\",\"@id\":\"http:\/\/vientosur.top\/museo\/#website\",\"url\":\"http:\/\/vientosur.top\/museo\/\",\"name\":\"Museo Violeta Parra\",\"description\":\"Espacio que alberga tanto la memoria y legado creativo de la artista\",\"potentialAction\":[{\"@type\":\"SearchAction\",\"target\":{\"@type\":\"EntryPoint\",\"urlTemplate\":\"http:\/\/vientosur.top\/museo\/?s={search_term_string}\"},\"query-input\":{\"@type\":\"PropertyValueSpecification\",\"valueRequired\":true,\"valueName\":\"search_term_string\"}}],\"inLanguage\":\"es\"},{\"@type\":\"Person\",\"@id\":\"http:\/\/vientosur.top\/museo\/#\/schema\/person\/20c79d3c38800971feec8c2693c3dd9c\",\"name\":\"admin\",\"image\":{\"@type\":\"ImageObject\",\"inLanguage\":\"es\",\"@id\":\"http:\/\/vientosur.top\/museo\/#\/schema\/person\/image\/\",\"url\":\"https:\/\/secure.gravatar.com\/avatar\/713677ece3ffa642287213a80e5b773bce9ab81c269dd6d95102a990951c922f?s=96&d=mm&r=g\",\"contentUrl\":\"https:\/\/secure.gravatar.com\/avatar\/713677ece3ffa642287213a80e5b773bce9ab81c269dd6d95102a990951c922f?s=96&d=mm&r=g\",\"caption\":\"admin\"},\"sameAs\":[\"http:\/\/vientosur.top\/museo\"],\"url\":\"http:\/\/vientosur.top\/museo\/author\/comunicacionesmvp\/\"}]}<\/script>\n<!-- \/ Yoast SEO plugin. -->","yoast_head_json":{"title":"Museo Violeta Parra lamenta partida de la cantautora Mariana Montalvo - Museo Violeta Parra","robots":{"index":"index","follow":"follow","max-snippet":"max-snippet:-1","max-image-preview":"max-image-preview:large","max-video-preview":"max-video-preview:-1"},"canonical":"http:\/\/vientosur.top\/museo\/museo-violeta-parra-lamenta-deceso-de-la-cantautora-mariana-montalvo\/","og_locale":"es_ES","og_type":"article","og_title":"Museo Violeta Parra lamenta partida de la cantautora Mariana Montalvo - Museo Violeta Parra","og_description":"Mariana Montalvo, cantante chilena, falleci\u00f3 esta semana en Par\u00eds, ciudad en la que resid\u00eda desde la d\u00e9cada del 70. Amiga entra\u00f1able de \u00c1ngel Parra, visit\u00f3 el Museo Violeta Parra donde dej\u00f3 su voz y su talento en un recital para Violeta junto a\u00a0 Isabel Parra, Tita Parra, Milena Rojas y Manuel Garc\u00eda. &nbsp; Trayectoria internacional [&hellip;]","og_url":"http:\/\/vientosur.top\/museo\/museo-violeta-parra-lamenta-deceso-de-la-cantautora-mariana-montalvo\/","og_site_name":"Museo Violeta Parra","article_published_time":"2017-07-28T21:19:08+00:00","og_image":[{"width":1200,"height":801,"url":"http:\/\/vientosur.top\/museo\/wp-content\/uploads\/2017\/07\/marianamontalvo.png","type":"image\/png"}],"author":"admin","twitter_card":"summary_large_image","twitter_misc":{"Escrito por":"admin","Tiempo de lectura":"1 minuto"},"schema":{"@context":"https:\/\/schema.org","@graph":[{"@type":"WebPage","@id":"http:\/\/vientosur.top\/museo\/museo-violeta-parra-lamenta-deceso-de-la-cantautora-mariana-montalvo\/","url":"http:\/\/vientosur.top\/museo\/museo-violeta-parra-lamenta-deceso-de-la-cantautora-mariana-montalvo\/","name":"Museo Violeta Parra lamenta partida de la cantautora Mariana Montalvo - Museo Violeta Parra","isPartOf":{"@id":"http:\/\/vientosur.top\/museo\/#website"},"primaryImageOfPage":{"@id":"http:\/\/vientosur.top\/museo\/museo-violeta-parra-lamenta-deceso-de-la-cantautora-mariana-montalvo\/#primaryimage"},"image":{"@id":"http:\/\/vientosur.top\/museo\/museo-violeta-parra-lamenta-deceso-de-la-cantautora-mariana-montalvo\/#primaryimage"},"thumbnailUrl":"http:\/\/vientosur.top\/museo\/wp-content\/uploads\/2017\/07\/marianamontalvo.png","datePublished":"2017-07-28T21:19:08+00:00","author":{"@id":"http:\/\/vientosur.top\/museo\/#\/schema\/person\/20c79d3c38800971feec8c2693c3dd9c"},"breadcrumb":{"@id":"http:\/\/vientosur.top\/museo\/museo-violeta-parra-lamenta-deceso-de-la-cantautora-mariana-montalvo\/#breadcrumb"},"inLanguage":"es","potentialAction":[{"@type":"ReadAction","target":["http:\/\/vientosur.top\/museo\/museo-violeta-parra-lamenta-deceso-de-la-cantautora-mariana-montalvo\/"]}]},{"@type":"ImageObject","inLanguage":"es","@id":"http:\/\/vientosur.top\/museo\/museo-violeta-parra-lamenta-deceso-de-la-cantautora-mariana-montalvo\/#primaryimage","url":"http:\/\/vientosur.top\/museo\/wp-content\/uploads\/2017\/07\/marianamontalvo.png","contentUrl":"http:\/\/vientosur.top\/museo\/wp-content\/uploads\/2017\/07\/marianamontalvo.png","width":1200,"height":801},{"@type":"BreadcrumbList","@id":"http:\/\/vientosur.top\/museo\/museo-violeta-parra-lamenta-deceso-de-la-cantautora-mariana-montalvo\/#breadcrumb","itemListElement":[{"@type":"ListItem","position":1,"name":"Portada","item":"http:\/\/vientosur.top\/museo\/"},{"@type":"ListItem","position":2,"name":"Museo Violeta Parra lamenta partida de la cantautora Mariana Montalvo"}]},{"@type":"WebSite","@id":"http:\/\/vientosur.top\/museo\/#website","url":"http:\/\/vientosur.top\/museo\/","name":"Museo Violeta Parra","description":"Espacio que alberga tanto la memoria y legado creativo de la artista","potentialAction":[{"@type":"SearchAction","target":{"@type":"EntryPoint","urlTemplate":"http:\/\/vientosur.top\/museo\/?s={search_term_string}"},"query-input":{"@type":"PropertyValueSpecification","valueRequired":true,"valueName":"search_term_string"}}],"inLanguage":"es"},{"@type":"Person","@id":"http:\/\/vientosur.top\/museo\/#\/schema\/person\/20c79d3c38800971feec8c2693c3dd9c","name":"admin","image":{"@type":"ImageObject","inLanguage":"es","@id":"http:\/\/vientosur.top\/museo\/#\/schema\/person\/image\/","url":"https:\/\/secure.gravatar.com\/avatar\/713677ece3ffa642287213a80e5b773bce9ab81c269dd6d95102a990951c922f?s=96&d=mm&r=g","contentUrl":"https:\/\/secure.gravatar.com\/avatar\/713677ece3ffa642287213a80e5b773bce9ab81c269dd6d95102a990951c922f?s=96&d=mm&r=g","caption":"admin"},"sameAs":["http:\/\/vientosur.top\/museo"],"url":"http:\/\/vientosur.top\/museo\/author\/comunicacionesmvp\/"}]}},"_links":{"self":[{"href":"http:\/\/vientosur.top\/museo\/wp-json\/wp\/v2\/posts\/4782","targetHints":{"allow":["GET"]}}],"collection":[{"href":"http:\/\/vientosur.top\/museo\/wp-json\/wp\/v2\/posts"}],"about":[{"href":"http:\/\/vientosur.top\/museo\/wp-json\/wp\/v2\/types\/post"}],"author":[{"embeddable":true,"href":"http:\/\/vientosur.top\/museo\/wp-json\/wp\/v2\/users\/5"}],"replies":[{"embeddable":true,"href":"http:\/\/vientosur.top\/museo\/wp-json\/wp\/v2\/comments?post=4782"}],"version-history":[{"count":0,"href":"http:\/\/vientosur.top\/museo\/wp-json\/wp\/v2\/posts\/4782\/revisions"}],"wp:featuredmedia":[{"embeddable":true,"href":"http:\/\/vientosur.top\/museo\/wp-json\/wp\/v2\/media\/4784"}],"wp:attachment":[{"href":"http:\/\/vientosur.top\/museo\/wp-json\/wp\/v2\/media?parent=4782"}],"wp:term":[{"taxonomy":"category","embeddable":true,"href":"http:\/\/vientosur.top\/museo\/wp-json\/wp\/v2\/categories?post=4782"},{"taxonomy":"post_tag","embeddable":true,"href":"http:\/\/vientosur.top\/museo\/wp-json\/wp\/v2\/tags?post=4782"}],"curies":[{"name":"wp","href":"https:\/\/api.w.org\/{rel}","templated":true}]}}