{"id":4825,"date":"2017-07-31T21:55:44","date_gmt":"2017-07-31T21:55:44","guid":{"rendered":"http:\/\/vientosur.top\/museo\/\/?p=4825"},"modified":"2017-07-31T21:55:44","modified_gmt":"2017-07-31T21:55:44","slug":"museo-violeta-parra-participo-de-gala-en-homenaje-a-la-artista-en-el-teatro-municipal-de-maipu","status":"publish","type":"post","link":"http:\/\/vientosur.top\/museo\/museo-violeta-parra-participo-de-gala-en-homenaje-a-la-artista-en-el-teatro-municipal-de-maipu\/","title":{"rendered":"Museo Violeta Parra particip\u00f3 en gala de homenaje a la artista en el Teatro Municipal de Maip\u00fa"},"content":{"rendered":"<p>El viernes 28 de julio a las 19:30 horas se realiz\u00f3 la Gala \u00abVioleta Parra 100 a\u00f1os\u00bb, organizada por la Casa del Folklore Araucaria de Maip\u00fa. En la oportunidad se presentaron diversos conjunto folcl\u00f3ricos de la comuna y, al finalizar, el Ballet Antumapu interpret\u00f3 parte de su espect\u00e1culo \u00abVioleta del alma\u00bb.<\/p>\n<p>&nbsp;<\/p>\n<p>Nicol\u00e1s Rojas Inostroza, Jefe de Extensi\u00f3n y Comunicaciones, recibi\u00f3 un reconocimiento de la Municipalidad de Maip\u00fa\u00a0 a nombre de la Fundaci\u00f3n Museo Violeta Parra y un recuerdo de la gala organizada por la Casa del Folklore Araucaria de Maip\u00fa, fundada en 1989.<\/p>\n<p>&nbsp;<\/p>\n<p>&nbsp;<\/p>\n<p><a href=\"http:\/\/vientosur.top\/museo\/\/wp-content\/uploads\/2017\/07\/Galvano-1.jpg\"><img fetchpriority=\"high\" decoding=\"async\" class=\"size-medium wp-image-4828 alignleft\" src=\"http:\/\/vientosur.top\/museo\/\/wp-content\/uploads\/2017\/07\/Galvano-1-222x300.jpg\" alt=\"\" width=\"222\" height=\"300\" \/><\/a><\/p>\n<p>&nbsp;<\/p>\n<p>&nbsp;<\/p>\n<p>&nbsp;<\/p>\n<h3><\/h3>\n<h3><\/h3>\n<h3><\/h3>\n<h3><\/h3>\n<p>&nbsp;<\/p>\n<p><strong><a href=\"https:\/\/www.facebook.com\/araucariamaipu\/posts\/793882087439469\" target=\"_blank\" rel=\"noopener noreferrer\">Ver galer\u00eda de im\u00e1genes<\/a><\/strong><\/p>\n<p>&nbsp;<\/p>\n","protected":false},"excerpt":{"rendered":"<p>El viernes 28 de julio a las 19:30 horas se realiz\u00f3 la Gala \u00abVioleta Parra 100 a\u00f1os\u00bb, organizada por la Casa del Folklore Araucaria de Maip\u00fa. En la oportunidad se presentaron diversos conjunto folcl\u00f3ricos de la comuna y, al finalizar, el Ballet Antumapu interpret\u00f3 parte de su espect\u00e1culo \u00abVioleta del alma\u00bb. &nbsp; Nicol\u00e1s Rojas Inostroza, [&hellip;]<\/p>\n","protected":false},"author":5,"featured_media":4826,"comment_status":"open","ping_status":"open","sticky":false,"template":"","format":"standard","meta":{"site-sidebar-layout":"default","site-content-layout":"","ast-site-content-layout":"default","site-content-style":"default","site-sidebar-style":"default","ast-global-header-display":"","ast-banner-title-visibility":"","ast-main-header-display":"","ast-hfb-above-header-display":"","ast-hfb-below-header-display":"","ast-hfb-mobile-header-display":"","site-post-title":"","ast-breadcrumbs-content":"","ast-featured-img":"","footer-sml-layout":"","theme-transparent-header-meta":"","adv-header-id-meta":"","stick-header-meta":"","header-above-stick-meta":"","header-main-stick-meta":"","header-below-stick-meta":"","astra-migrate-meta-layouts":"default","ast-page-background-enabled":"default","ast-page-background-meta":{"desktop":{"background-color":"var(--ast-global-color-4)","background-image":"","background-repeat":"repeat","background-position":"center center","background-size":"auto","background-attachment":"scroll","background-type":"","background-media":"","overlay-type":"","overlay-color":"","overlay-opacity":"","overlay-gradient":""},"tablet":{"background-color":"","background-image":"","background-repeat":"repeat","background-position":"center center","background-size":"auto","background-attachment":"scroll","background-type":"","background-media":"","overlay-type":"","overlay-color":"","overlay-opacity":"","overlay-gradient":""},"mobile":{"background-color":"","background-image":"","background-repeat":"repeat","background-position":"center center","background-size":"auto","background-attachment":"scroll","background-type":"","background-media":"","overlay-type":"","overlay-color":"","overlay-opacity":"","overlay-gradient":""}},"ast-content-background-meta":{"desktop":{"background-color":"var(--ast-global-color-5)","background-image":"","background-repeat":"repeat","background-position":"center center","background-size":"auto","background-attachment":"scroll","background-type":"","background-media":"","overlay-type":"","overlay-color":"","overlay-opacity":"","overlay-gradient":""},"tablet":{"background-color":"var(--ast-global-color-5)","background-image":"","background-repeat":"repeat","background-position":"center center","background-size":"auto","background-attachment":"scroll","background-type":"","background-media":"","overlay-type":"","overlay-color":"","overlay-opacity":"","overlay-gradient":""},"mobile":{"background-color":"var(--ast-global-color-5)","background-image":"","background-repeat":"repeat","background-position":"center center","background-size":"auto","background-attachment":"scroll","background-type":"","background-media":"","overlay-type":"","overlay-color":"","overlay-opacity":"","overlay-gradient":""}},"footnotes":""},"categories":[59,8,61],"tags":[],"class_list":["post-4825","post","type-post","status-publish","format-standard","has-post-thumbnail","hentry","category-destacado-noticia","category-noticias","category-novedades"],"yoast_head":"<!-- This site is optimized with the Yoast SEO plugin v25.4 - https:\/\/yoast.com\/wordpress\/plugins\/seo\/ -->\n<title>Museo Violeta Parra particip\u00f3 en gala de homenaje a la artista en el Teatro Municipal de Maip\u00fa - Museo Violeta Parra<\/title>\n<meta name=\"robots\" content=\"index, follow, max-snippet:-1, max-image-preview:large, max-video-preview:-1\" \/>\n<link rel=\"canonical\" href=\"http:\/\/vientosur.top\/museo\/museo-violeta-parra-participo-de-gala-en-homenaje-a-la-artista-en-el-teatro-municipal-de-maipu\/\" \/>\n<meta property=\"og:locale\" content=\"es_ES\" \/>\n<meta property=\"og:type\" content=\"article\" \/>\n<meta property=\"og:title\" content=\"Museo Violeta Parra particip\u00f3 en gala de homenaje a la artista en el Teatro Municipal de Maip\u00fa - Museo Violeta Parra\" \/>\n<meta property=\"og:description\" content=\"El viernes 28 de julio a las 19:30 horas se realiz\u00f3 la Gala \u00abVioleta Parra 100 a\u00f1os\u00bb, organizada por la Casa del Folklore Araucaria de Maip\u00fa. En la oportunidad se presentaron diversos conjunto folcl\u00f3ricos de la comuna y, al finalizar, el Ballet Antumapu interpret\u00f3 parte de su espect\u00e1culo \u00abVioleta del alma\u00bb. &nbsp; Nicol\u00e1s Rojas Inostroza, [&hellip;]\" \/>\n<meta property=\"og:url\" content=\"http:\/\/vientosur.top\/museo\/museo-violeta-parra-participo-de-gala-en-homenaje-a-la-artista-en-el-teatro-municipal-de-maipu\/\" \/>\n<meta property=\"og:site_name\" content=\"Museo Violeta Parra\" \/>\n<meta property=\"article:published_time\" content=\"2017-07-31T21:55:44+00:00\" \/>\n<meta property=\"og:image\" content=\"http:\/\/vientosur.top\/museo\/wp-content\/uploads\/2017\/07\/20170728_210502.jpg\" \/>\n\t<meta property=\"og:image:width\" content=\"1200\" \/>\n\t<meta property=\"og:image:height\" content=\"900\" \/>\n\t<meta property=\"og:image:type\" content=\"image\/jpeg\" \/>\n<meta name=\"author\" content=\"admin\" \/>\n<meta name=\"twitter:card\" content=\"summary_large_image\" \/>\n<meta name=\"twitter:label1\" content=\"Escrito por\" \/>\n\t<meta name=\"twitter:data1\" content=\"admin\" \/>\n\t<meta name=\"twitter:label2\" content=\"Tiempo de lectura\" \/>\n\t<meta name=\"twitter:data2\" content=\"1 minuto\" \/>\n<script type=\"application\/ld+json\" class=\"yoast-schema-graph\">{\"@context\":\"https:\/\/schema.org\",\"@graph\":[{\"@type\":\"WebPage\",\"@id\":\"http:\/\/vientosur.top\/museo\/museo-violeta-parra-participo-de-gala-en-homenaje-a-la-artista-en-el-teatro-municipal-de-maipu\/\",\"url\":\"http:\/\/vientosur.top\/museo\/museo-violeta-parra-participo-de-gala-en-homenaje-a-la-artista-en-el-teatro-municipal-de-maipu\/\",\"name\":\"Museo Violeta Parra particip\u00f3 en gala de homenaje a la artista en el Teatro Municipal de Maip\u00fa - Museo Violeta Parra\",\"isPartOf\":{\"@id\":\"http:\/\/vientosur.top\/museo\/#website\"},\"primaryImageOfPage\":{\"@id\":\"http:\/\/vientosur.top\/museo\/museo-violeta-parra-participo-de-gala-en-homenaje-a-la-artista-en-el-teatro-municipal-de-maipu\/#primaryimage\"},\"image\":{\"@id\":\"http:\/\/vientosur.top\/museo\/museo-violeta-parra-participo-de-gala-en-homenaje-a-la-artista-en-el-teatro-municipal-de-maipu\/#primaryimage\"},\"thumbnailUrl\":\"http:\/\/vientosur.top\/museo\/wp-content\/uploads\/2017\/07\/20170728_210502.jpg\",\"datePublished\":\"2017-07-31T21:55:44+00:00\",\"author\":{\"@id\":\"http:\/\/vientosur.top\/museo\/#\/schema\/person\/20c79d3c38800971feec8c2693c3dd9c\"},\"breadcrumb\":{\"@id\":\"http:\/\/vientosur.top\/museo\/museo-violeta-parra-participo-de-gala-en-homenaje-a-la-artista-en-el-teatro-municipal-de-maipu\/#breadcrumb\"},\"inLanguage\":\"es\",\"potentialAction\":[{\"@type\":\"ReadAction\",\"target\":[\"http:\/\/vientosur.top\/museo\/museo-violeta-parra-participo-de-gala-en-homenaje-a-la-artista-en-el-teatro-municipal-de-maipu\/\"]}]},{\"@type\":\"ImageObject\",\"inLanguage\":\"es\",\"@id\":\"http:\/\/vientosur.top\/museo\/museo-violeta-parra-participo-de-gala-en-homenaje-a-la-artista-en-el-teatro-municipal-de-maipu\/#primaryimage\",\"url\":\"http:\/\/vientosur.top\/museo\/wp-content\/uploads\/2017\/07\/20170728_210502.jpg\",\"contentUrl\":\"http:\/\/vientosur.top\/museo\/wp-content\/uploads\/2017\/07\/20170728_210502.jpg\",\"width\":1200,\"height\":900},{\"@type\":\"BreadcrumbList\",\"@id\":\"http:\/\/vientosur.top\/museo\/museo-violeta-parra-participo-de-gala-en-homenaje-a-la-artista-en-el-teatro-municipal-de-maipu\/#breadcrumb\",\"itemListElement\":[{\"@type\":\"ListItem\",\"position\":1,\"name\":\"Portada\",\"item\":\"http:\/\/vientosur.top\/museo\/\"},{\"@type\":\"ListItem\",\"position\":2,\"name\":\"Museo Violeta Parra particip\u00f3 en gala de homenaje a la artista en el Teatro Municipal de Maip\u00fa\"}]},{\"@type\":\"WebSite\",\"@id\":\"http:\/\/vientosur.top\/museo\/#website\",\"url\":\"http:\/\/vientosur.top\/museo\/\",\"name\":\"Museo Violeta Parra\",\"description\":\"Espacio que alberga tanto la memoria y legado creativo de la artista\",\"potentialAction\":[{\"@type\":\"SearchAction\",\"target\":{\"@type\":\"EntryPoint\",\"urlTemplate\":\"http:\/\/vientosur.top\/museo\/?s={search_term_string}\"},\"query-input\":{\"@type\":\"PropertyValueSpecification\",\"valueRequired\":true,\"valueName\":\"search_term_string\"}}],\"inLanguage\":\"es\"},{\"@type\":\"Person\",\"@id\":\"http:\/\/vientosur.top\/museo\/#\/schema\/person\/20c79d3c38800971feec8c2693c3dd9c\",\"name\":\"admin\",\"image\":{\"@type\":\"ImageObject\",\"inLanguage\":\"es\",\"@id\":\"http:\/\/vientosur.top\/museo\/#\/schema\/person\/image\/\",\"url\":\"https:\/\/secure.gravatar.com\/avatar\/713677ece3ffa642287213a80e5b773bce9ab81c269dd6d95102a990951c922f?s=96&d=mm&r=g\",\"contentUrl\":\"https:\/\/secure.gravatar.com\/avatar\/713677ece3ffa642287213a80e5b773bce9ab81c269dd6d95102a990951c922f?s=96&d=mm&r=g\",\"caption\":\"admin\"},\"sameAs\":[\"http:\/\/vientosur.top\/museo\"],\"url\":\"http:\/\/vientosur.top\/museo\/author\/comunicacionesmvp\/\"}]}<\/script>\n<!-- \/ Yoast SEO plugin. -->","yoast_head_json":{"title":"Museo Violeta Parra particip\u00f3 en gala de homenaje a la artista en el Teatro Municipal de Maip\u00fa - Museo Violeta Parra","robots":{"index":"index","follow":"follow","max-snippet":"max-snippet:-1","max-image-preview":"max-image-preview:large","max-video-preview":"max-video-preview:-1"},"canonical":"http:\/\/vientosur.top\/museo\/museo-violeta-parra-participo-de-gala-en-homenaje-a-la-artista-en-el-teatro-municipal-de-maipu\/","og_locale":"es_ES","og_type":"article","og_title":"Museo Violeta Parra particip\u00f3 en gala de homenaje a la artista en el Teatro Municipal de Maip\u00fa - Museo Violeta Parra","og_description":"El viernes 28 de julio a las 19:30 horas se realiz\u00f3 la Gala \u00abVioleta Parra 100 a\u00f1os\u00bb, organizada por la Casa del Folklore Araucaria de Maip\u00fa. En la oportunidad se presentaron diversos conjunto folcl\u00f3ricos de la comuna y, al finalizar, el Ballet Antumapu interpret\u00f3 parte de su espect\u00e1culo \u00abVioleta del alma\u00bb. &nbsp; Nicol\u00e1s Rojas Inostroza, [&hellip;]","og_url":"http:\/\/vientosur.top\/museo\/museo-violeta-parra-participo-de-gala-en-homenaje-a-la-artista-en-el-teatro-municipal-de-maipu\/","og_site_name":"Museo Violeta Parra","article_published_time":"2017-07-31T21:55:44+00:00","og_image":[{"width":1200,"height":900,"url":"http:\/\/vientosur.top\/museo\/wp-content\/uploads\/2017\/07\/20170728_210502.jpg","type":"image\/jpeg"}],"author":"admin","twitter_card":"summary_large_image","twitter_misc":{"Escrito por":"admin","Tiempo de lectura":"1 minuto"},"schema":{"@context":"https:\/\/schema.org","@graph":[{"@type":"WebPage","@id":"http:\/\/vientosur.top\/museo\/museo-violeta-parra-participo-de-gala-en-homenaje-a-la-artista-en-el-teatro-municipal-de-maipu\/","url":"http:\/\/vientosur.top\/museo\/museo-violeta-parra-participo-de-gala-en-homenaje-a-la-artista-en-el-teatro-municipal-de-maipu\/","name":"Museo Violeta Parra particip\u00f3 en gala de homenaje a la artista en el Teatro Municipal de Maip\u00fa - Museo Violeta Parra","isPartOf":{"@id":"http:\/\/vientosur.top\/museo\/#website"},"primaryImageOfPage":{"@id":"http:\/\/vientosur.top\/museo\/museo-violeta-parra-participo-de-gala-en-homenaje-a-la-artista-en-el-teatro-municipal-de-maipu\/#primaryimage"},"image":{"@id":"http:\/\/vientosur.top\/museo\/museo-violeta-parra-participo-de-gala-en-homenaje-a-la-artista-en-el-teatro-municipal-de-maipu\/#primaryimage"},"thumbnailUrl":"http:\/\/vientosur.top\/museo\/wp-content\/uploads\/2017\/07\/20170728_210502.jpg","datePublished":"2017-07-31T21:55:44+00:00","author":{"@id":"http:\/\/vientosur.top\/museo\/#\/schema\/person\/20c79d3c38800971feec8c2693c3dd9c"},"breadcrumb":{"@id":"http:\/\/vientosur.top\/museo\/museo-violeta-parra-participo-de-gala-en-homenaje-a-la-artista-en-el-teatro-municipal-de-maipu\/#breadcrumb"},"inLanguage":"es","potentialAction":[{"@type":"ReadAction","target":["http:\/\/vientosur.top\/museo\/museo-violeta-parra-participo-de-gala-en-homenaje-a-la-artista-en-el-teatro-municipal-de-maipu\/"]}]},{"@type":"ImageObject","inLanguage":"es","@id":"http:\/\/vientosur.top\/museo\/museo-violeta-parra-participo-de-gala-en-homenaje-a-la-artista-en-el-teatro-municipal-de-maipu\/#primaryimage","url":"http:\/\/vientosur.top\/museo\/wp-content\/uploads\/2017\/07\/20170728_210502.jpg","contentUrl":"http:\/\/vientosur.top\/museo\/wp-content\/uploads\/2017\/07\/20170728_210502.jpg","width":1200,"height":900},{"@type":"BreadcrumbList","@id":"http:\/\/vientosur.top\/museo\/museo-violeta-parra-participo-de-gala-en-homenaje-a-la-artista-en-el-teatro-municipal-de-maipu\/#breadcrumb","itemListElement":[{"@type":"ListItem","position":1,"name":"Portada","item":"http:\/\/vientosur.top\/museo\/"},{"@type":"ListItem","position":2,"name":"Museo Violeta Parra particip\u00f3 en gala de homenaje a la artista en el Teatro Municipal de Maip\u00fa"}]},{"@type":"WebSite","@id":"http:\/\/vientosur.top\/museo\/#website","url":"http:\/\/vientosur.top\/museo\/","name":"Museo Violeta Parra","description":"Espacio que alberga tanto la memoria y legado creativo de la artista","potentialAction":[{"@type":"SearchAction","target":{"@type":"EntryPoint","urlTemplate":"http:\/\/vientosur.top\/museo\/?s={search_term_string}"},"query-input":{"@type":"PropertyValueSpecification","valueRequired":true,"valueName":"search_term_string"}}],"inLanguage":"es"},{"@type":"Person","@id":"http:\/\/vientosur.top\/museo\/#\/schema\/person\/20c79d3c38800971feec8c2693c3dd9c","name":"admin","image":{"@type":"ImageObject","inLanguage":"es","@id":"http:\/\/vientosur.top\/museo\/#\/schema\/person\/image\/","url":"https:\/\/secure.gravatar.com\/avatar\/713677ece3ffa642287213a80e5b773bce9ab81c269dd6d95102a990951c922f?s=96&d=mm&r=g","contentUrl":"https:\/\/secure.gravatar.com\/avatar\/713677ece3ffa642287213a80e5b773bce9ab81c269dd6d95102a990951c922f?s=96&d=mm&r=g","caption":"admin"},"sameAs":["http:\/\/vientosur.top\/museo"],"url":"http:\/\/vientosur.top\/museo\/author\/comunicacionesmvp\/"}]}},"_links":{"self":[{"href":"http:\/\/vientosur.top\/museo\/wp-json\/wp\/v2\/posts\/4825","targetHints":{"allow":["GET"]}}],"collection":[{"href":"http:\/\/vientosur.top\/museo\/wp-json\/wp\/v2\/posts"}],"about":[{"href":"http:\/\/vientosur.top\/museo\/wp-json\/wp\/v2\/types\/post"}],"author":[{"embeddable":true,"href":"http:\/\/vientosur.top\/museo\/wp-json\/wp\/v2\/users\/5"}],"replies":[{"embeddable":true,"href":"http:\/\/vientosur.top\/museo\/wp-json\/wp\/v2\/comments?post=4825"}],"version-history":[{"count":0,"href":"http:\/\/vientosur.top\/museo\/wp-json\/wp\/v2\/posts\/4825\/revisions"}],"wp:featuredmedia":[{"embeddable":true,"href":"http:\/\/vientosur.top\/museo\/wp-json\/wp\/v2\/media\/4826"}],"wp:attachment":[{"href":"http:\/\/vientosur.top\/museo\/wp-json\/wp\/v2\/media?parent=4825"}],"wp:term":[{"taxonomy":"category","embeddable":true,"href":"http:\/\/vientosur.top\/museo\/wp-json\/wp\/v2\/categories?post=4825"},{"taxonomy":"post_tag","embeddable":true,"href":"http:\/\/vientosur.top\/museo\/wp-json\/wp\/v2\/tags?post=4825"}],"curies":[{"name":"wp","href":"https:\/\/api.w.org\/{rel}","templated":true}]}}