{"id":4836,"date":"2017-08-01T18:07:07","date_gmt":"2017-08-01T18:07:07","guid":{"rendered":"http:\/\/vientosur.top\/museo\/\/?p=4836"},"modified":"2017-08-01T18:07:07","modified_gmt":"2017-08-01T18:07:07","slug":"el-fotografo-jorge-brantmayer-visita-el-museo-violeta-parra","status":"publish","type":"post","link":"http:\/\/vientosur.top\/museo\/el-fotografo-jorge-brantmayer-visita-el-museo-violeta-parra\/","title":{"rendered":"Jorge Brantmayer: \u00abVioleta Parra es una de las m\u00e1s grandes artistas\u00bb"},"content":{"rendered":"<p>La tarde del lunes 31 de julio el fot\u00f3grafo Jorge Brantmayer Barrera visit\u00f3 el Museo Violeta Parra. El autor don\u00f3 una fotograf\u00eda de la \u00abCasa de palos\u00bb de Violeta Parra que se expone junto a la obra \u00abCasa Violeta\u00bb de la artista Pilar Quinteros.<\/p>\n<p><strong>Casa de palos\u00a0<\/strong><\/p>\n<p>La casa de Violeta Parra se construy\u00f3 en 1959, en un terreno que adquiri\u00f3 en la comuna de La Reina. Apenas hubo recibido los derechos de autor de la grabaci\u00f3n <em>Casamiento de negros<\/em> por la Orquesta de Les Baxter pudo edificarla, llam\u00e1ndola <em>Casa de Palos<\/em>. Esta construcci\u00f3n fue la \u00fanica que realiz\u00f3 en su vida y en ella bord\u00f3 su primera arpillera y conoci\u00f3, en el d\u00eda de su cumplea\u00f1os, a Gilbert Favre.<\/p>\n<p>&nbsp;<\/p>\n<p><strong>\u2014\u00bfCu\u00e1l es\u00a0la historia de la fotograf\u00eda que don\u00f3 al Museo?<br \/>\n<\/strong>\u2014Fui convocado por Miguel Laborde, quien es director de la Revista\u00a0Universitaria de la Universidad Cat\u00f3lica, y me habl\u00f3 de la importancia de fotografiar esta casa. \u00a0Yo la verdad no ten\u00eda idea de la existencia de ella, incluso viviendo muy cerca, a\u00a0un par de cuadras. La casa por fuera no dice nada, pero al ver la fachada uno ve\u00eda dos n\u00fameros bastante peculiares: uno municipal, si se quiere decir, y otro que estaba dibujado de manera artesanal. Para entrar, hab\u00eda que preguntarle a Tita Parra, quien es la que actualmente habita la casa. En cuesti\u00f3n de segundos el ambiente te envuelve y transporta a c\u00f3mo hab\u00eda sido su vida, que fue muy breve en esa casa. Pero a\u00fan as\u00ed hab\u00edan pinturas, fotos y decoraci\u00f3n de Violeta.<\/p>\n<p>&nbsp;<\/p>\n<p><strong>\u2014\u00bfQu\u00e9 significa para ti que esta fotograf\u00eda est\u00e9 en exhibici\u00f3n en el Museo Violeta Parra?<br \/>\n<\/strong>\u2014Yo agradezco en realidad. Quiero en lo posible aportar m\u00e1s a estas cosas. \u00a0Si yo tuviera m\u00e1s fotograf\u00edas, feliz las aportar\u00eda al museo. A medida que aporte a la cultura, para m\u00ed es plenamente satisfactorio.<\/p>\n<p><strong><br \/>\n\u2014\u00bfC\u00f3mo podr\u00edas definir a\u00a0Violeta Parra?<br \/>\n<\/strong>\u2014Violeta Parra es una de las m\u00e1s grandes\u00a0artistas. Su obra contiene una inmensidad de mensajes muy\u00a0profundos. <em>Volver a los 17<\/em> y <em>Gracias a la vida<\/em>, son cosas que simplemente no tienen comparativo en la historia de Chile.<\/p>\n<p><a href=\"http:\/\/vientosur.top\/museo\/\/wp-content\/uploads\/2017\/08\/refugio.png\"><img fetchpriority=\"high\" decoding=\"async\" class=\"alignleft wp-image-4844 \" src=\"http:\/\/vientosur.top\/museo\/\/wp-content\/uploads\/2017\/08\/refugio.png\" alt=\"\" width=\"894\" height=\"582\" \/><\/a><\/p>\n<p>&nbsp;<\/p>\n<p>&nbsp;<\/p>\n<p>&nbsp;<\/p>\n<p>La fotograf\u00eda fue realizada por Brantmayer para el reportaje en la Revista Universitaria, en su edici\u00f3n especial \u00abVioleta volc\u00e1nica\u00bb<\/p>\n<p>&nbsp;<\/p>\n<p>https:\/\/issuu.com\/visionuniversitaria\/docs\/ru142_violeta_ok<\/p>\n","protected":false},"excerpt":{"rendered":"<p>La tarde del lunes 31 de julio el fot\u00f3grafo Jorge Brantmayer Barrera visit\u00f3 el Museo Violeta Parra. El autor don\u00f3 una fotograf\u00eda de la \u00abCasa de palos\u00bb de Violeta Parra que se expone junto a la obra \u00abCasa Violeta\u00bb de la artista Pilar Quinteros. Casa de palos\u00a0 La casa de Violeta Parra se construy\u00f3 en [&hellip;]<\/p>\n","protected":false},"author":5,"featured_media":4839,"comment_status":"open","ping_status":"open","sticky":false,"template":"","format":"standard","meta":{"site-sidebar-layout":"default","site-content-layout":"","ast-site-content-layout":"default","site-content-style":"default","site-sidebar-style":"default","ast-global-header-display":"","ast-banner-title-visibility":"","ast-main-header-display":"","ast-hfb-above-header-display":"","ast-hfb-below-header-display":"","ast-hfb-mobile-header-display":"","site-post-title":"","ast-breadcrumbs-content":"","ast-featured-img":"","footer-sml-layout":"","theme-transparent-header-meta":"","adv-header-id-meta":"","stick-header-meta":"","header-above-stick-meta":"","header-main-stick-meta":"","header-below-stick-meta":"","astra-migrate-meta-layouts":"default","ast-page-background-enabled":"default","ast-page-background-meta":{"desktop":{"background-color":"var(--ast-global-color-4)","background-image":"","background-repeat":"repeat","background-position":"center center","background-size":"auto","background-attachment":"scroll","background-type":"","background-media":"","overlay-type":"","overlay-color":"","overlay-opacity":"","overlay-gradient":""},"tablet":{"background-color":"","background-image":"","background-repeat":"repeat","background-position":"center center","background-size":"auto","background-attachment":"scroll","background-type":"","background-media":"","overlay-type":"","overlay-color":"","overlay-opacity":"","overlay-gradient":""},"mobile":{"background-color":"","background-image":"","background-repeat":"repeat","background-position":"center center","background-size":"auto","background-attachment":"scroll","background-type":"","background-media":"","overlay-type":"","overlay-color":"","overlay-opacity":"","overlay-gradient":""}},"ast-content-background-meta":{"desktop":{"background-color":"var(--ast-global-color-5)","background-image":"","background-repeat":"repeat","background-position":"center center","background-size":"auto","background-attachment":"scroll","background-type":"","background-media":"","overlay-type":"","overlay-color":"","overlay-opacity":"","overlay-gradient":""},"tablet":{"background-color":"var(--ast-global-color-5)","background-image":"","background-repeat":"repeat","background-position":"center center","background-size":"auto","background-attachment":"scroll","background-type":"","background-media":"","overlay-type":"","overlay-color":"","overlay-opacity":"","overlay-gradient":""},"mobile":{"background-color":"var(--ast-global-color-5)","background-image":"","background-repeat":"repeat","background-position":"center center","background-size":"auto","background-attachment":"scroll","background-type":"","background-media":"","overlay-type":"","overlay-color":"","overlay-opacity":"","overlay-gradient":""}},"footnotes":""},"categories":[59,8,61],"tags":[],"class_list":["post-4836","post","type-post","status-publish","format-standard","has-post-thumbnail","hentry","category-destacado-noticia","category-noticias","category-novedades"],"yoast_head":"<!-- This site is optimized with the Yoast SEO plugin v25.4 - https:\/\/yoast.com\/wordpress\/plugins\/seo\/ -->\n<title>Jorge Brantmayer: &quot;Violeta Parra es una de las m\u00e1s grandes artistas&quot; - Museo Violeta Parra<\/title>\n<meta name=\"robots\" content=\"index, follow, max-snippet:-1, max-image-preview:large, max-video-preview:-1\" \/>\n<link rel=\"canonical\" href=\"http:\/\/vientosur.top\/museo\/el-fotografo-jorge-brantmayer-visita-el-museo-violeta-parra\/\" \/>\n<meta property=\"og:locale\" content=\"es_ES\" \/>\n<meta property=\"og:type\" content=\"article\" \/>\n<meta property=\"og:title\" content=\"Jorge Brantmayer: &quot;Violeta Parra es una de las m\u00e1s grandes artistas&quot; - Museo Violeta Parra\" \/>\n<meta property=\"og:description\" content=\"La tarde del lunes 31 de julio el fot\u00f3grafo Jorge Brantmayer Barrera visit\u00f3 el Museo Violeta Parra. El autor don\u00f3 una fotograf\u00eda de la \u00abCasa de palos\u00bb de Violeta Parra que se expone junto a la obra \u00abCasa Violeta\u00bb de la artista Pilar Quinteros. Casa de palos\u00a0 La casa de Violeta Parra se construy\u00f3 en [&hellip;]\" \/>\n<meta property=\"og:url\" content=\"http:\/\/vientosur.top\/museo\/el-fotografo-jorge-brantmayer-visita-el-museo-violeta-parra\/\" \/>\n<meta property=\"og:site_name\" content=\"Museo Violeta Parra\" \/>\n<meta property=\"article:published_time\" content=\"2017-08-01T18:07:07+00:00\" \/>\n<meta property=\"og:image\" content=\"http:\/\/vientosur.top\/museo\/wp-content\/uploads\/2017\/08\/DSC_0727.jpg\" \/>\n\t<meta property=\"og:image:width\" content=\"1200\" \/>\n\t<meta property=\"og:image:height\" content=\"798\" \/>\n\t<meta property=\"og:image:type\" content=\"image\/jpeg\" \/>\n<meta name=\"author\" content=\"admin\" \/>\n<meta name=\"twitter:card\" content=\"summary_large_image\" \/>\n<meta name=\"twitter:label1\" content=\"Escrito por\" \/>\n\t<meta name=\"twitter:data1\" content=\"admin\" \/>\n\t<meta name=\"twitter:label2\" content=\"Tiempo de lectura\" \/>\n\t<meta name=\"twitter:data2\" content=\"2 minutos\" \/>\n<script type=\"application\/ld+json\" class=\"yoast-schema-graph\">{\"@context\":\"https:\/\/schema.org\",\"@graph\":[{\"@type\":\"WebPage\",\"@id\":\"http:\/\/vientosur.top\/museo\/el-fotografo-jorge-brantmayer-visita-el-museo-violeta-parra\/\",\"url\":\"http:\/\/vientosur.top\/museo\/el-fotografo-jorge-brantmayer-visita-el-museo-violeta-parra\/\",\"name\":\"Jorge Brantmayer: \\\"Violeta Parra es una de las m\u00e1s grandes artistas\\\" - Museo Violeta Parra\",\"isPartOf\":{\"@id\":\"http:\/\/vientosur.top\/museo\/#website\"},\"primaryImageOfPage\":{\"@id\":\"http:\/\/vientosur.top\/museo\/el-fotografo-jorge-brantmayer-visita-el-museo-violeta-parra\/#primaryimage\"},\"image\":{\"@id\":\"http:\/\/vientosur.top\/museo\/el-fotografo-jorge-brantmayer-visita-el-museo-violeta-parra\/#primaryimage\"},\"thumbnailUrl\":\"http:\/\/vientosur.top\/museo\/wp-content\/uploads\/2017\/08\/DSC_0727.jpg\",\"datePublished\":\"2017-08-01T18:07:07+00:00\",\"author\":{\"@id\":\"http:\/\/vientosur.top\/museo\/#\/schema\/person\/20c79d3c38800971feec8c2693c3dd9c\"},\"breadcrumb\":{\"@id\":\"http:\/\/vientosur.top\/museo\/el-fotografo-jorge-brantmayer-visita-el-museo-violeta-parra\/#breadcrumb\"},\"inLanguage\":\"es\",\"potentialAction\":[{\"@type\":\"ReadAction\",\"target\":[\"http:\/\/vientosur.top\/museo\/el-fotografo-jorge-brantmayer-visita-el-museo-violeta-parra\/\"]}]},{\"@type\":\"ImageObject\",\"inLanguage\":\"es\",\"@id\":\"http:\/\/vientosur.top\/museo\/el-fotografo-jorge-brantmayer-visita-el-museo-violeta-parra\/#primaryimage\",\"url\":\"http:\/\/vientosur.top\/museo\/wp-content\/uploads\/2017\/08\/DSC_0727.jpg\",\"contentUrl\":\"http:\/\/vientosur.top\/museo\/wp-content\/uploads\/2017\/08\/DSC_0727.jpg\",\"width\":1200,\"height\":798},{\"@type\":\"BreadcrumbList\",\"@id\":\"http:\/\/vientosur.top\/museo\/el-fotografo-jorge-brantmayer-visita-el-museo-violeta-parra\/#breadcrumb\",\"itemListElement\":[{\"@type\":\"ListItem\",\"position\":1,\"name\":\"Portada\",\"item\":\"http:\/\/vientosur.top\/museo\/\"},{\"@type\":\"ListItem\",\"position\":2,\"name\":\"Jorge Brantmayer: \u00abVioleta Parra es una de las m\u00e1s grandes artistas\u00bb\"}]},{\"@type\":\"WebSite\",\"@id\":\"http:\/\/vientosur.top\/museo\/#website\",\"url\":\"http:\/\/vientosur.top\/museo\/\",\"name\":\"Museo Violeta Parra\",\"description\":\"Espacio que alberga tanto la memoria y legado creativo de la artista\",\"potentialAction\":[{\"@type\":\"SearchAction\",\"target\":{\"@type\":\"EntryPoint\",\"urlTemplate\":\"http:\/\/vientosur.top\/museo\/?s={search_term_string}\"},\"query-input\":{\"@type\":\"PropertyValueSpecification\",\"valueRequired\":true,\"valueName\":\"search_term_string\"}}],\"inLanguage\":\"es\"},{\"@type\":\"Person\",\"@id\":\"http:\/\/vientosur.top\/museo\/#\/schema\/person\/20c79d3c38800971feec8c2693c3dd9c\",\"name\":\"admin\",\"image\":{\"@type\":\"ImageObject\",\"inLanguage\":\"es\",\"@id\":\"http:\/\/vientosur.top\/museo\/#\/schema\/person\/image\/\",\"url\":\"https:\/\/secure.gravatar.com\/avatar\/713677ece3ffa642287213a80e5b773bce9ab81c269dd6d95102a990951c922f?s=96&d=mm&r=g\",\"contentUrl\":\"https:\/\/secure.gravatar.com\/avatar\/713677ece3ffa642287213a80e5b773bce9ab81c269dd6d95102a990951c922f?s=96&d=mm&r=g\",\"caption\":\"admin\"},\"sameAs\":[\"http:\/\/vientosur.top\/museo\"],\"url\":\"http:\/\/vientosur.top\/museo\/author\/comunicacionesmvp\/\"}]}<\/script>\n<!-- \/ Yoast SEO plugin. -->","yoast_head_json":{"title":"Jorge Brantmayer: \"Violeta Parra es una de las m\u00e1s grandes artistas\" - Museo Violeta Parra","robots":{"index":"index","follow":"follow","max-snippet":"max-snippet:-1","max-image-preview":"max-image-preview:large","max-video-preview":"max-video-preview:-1"},"canonical":"http:\/\/vientosur.top\/museo\/el-fotografo-jorge-brantmayer-visita-el-museo-violeta-parra\/","og_locale":"es_ES","og_type":"article","og_title":"Jorge Brantmayer: \"Violeta Parra es una de las m\u00e1s grandes artistas\" - Museo Violeta Parra","og_description":"La tarde del lunes 31 de julio el fot\u00f3grafo Jorge Brantmayer Barrera visit\u00f3 el Museo Violeta Parra. El autor don\u00f3 una fotograf\u00eda de la \u00abCasa de palos\u00bb de Violeta Parra que se expone junto a la obra \u00abCasa Violeta\u00bb de la artista Pilar Quinteros. Casa de palos\u00a0 La casa de Violeta Parra se construy\u00f3 en [&hellip;]","og_url":"http:\/\/vientosur.top\/museo\/el-fotografo-jorge-brantmayer-visita-el-museo-violeta-parra\/","og_site_name":"Museo Violeta Parra","article_published_time":"2017-08-01T18:07:07+00:00","og_image":[{"width":1200,"height":798,"url":"http:\/\/vientosur.top\/museo\/wp-content\/uploads\/2017\/08\/DSC_0727.jpg","type":"image\/jpeg"}],"author":"admin","twitter_card":"summary_large_image","twitter_misc":{"Escrito por":"admin","Tiempo de lectura":"2 minutos"},"schema":{"@context":"https:\/\/schema.org","@graph":[{"@type":"WebPage","@id":"http:\/\/vientosur.top\/museo\/el-fotografo-jorge-brantmayer-visita-el-museo-violeta-parra\/","url":"http:\/\/vientosur.top\/museo\/el-fotografo-jorge-brantmayer-visita-el-museo-violeta-parra\/","name":"Jorge Brantmayer: \"Violeta Parra es una de las m\u00e1s grandes artistas\" - Museo Violeta Parra","isPartOf":{"@id":"http:\/\/vientosur.top\/museo\/#website"},"primaryImageOfPage":{"@id":"http:\/\/vientosur.top\/museo\/el-fotografo-jorge-brantmayer-visita-el-museo-violeta-parra\/#primaryimage"},"image":{"@id":"http:\/\/vientosur.top\/museo\/el-fotografo-jorge-brantmayer-visita-el-museo-violeta-parra\/#primaryimage"},"thumbnailUrl":"http:\/\/vientosur.top\/museo\/wp-content\/uploads\/2017\/08\/DSC_0727.jpg","datePublished":"2017-08-01T18:07:07+00:00","author":{"@id":"http:\/\/vientosur.top\/museo\/#\/schema\/person\/20c79d3c38800971feec8c2693c3dd9c"},"breadcrumb":{"@id":"http:\/\/vientosur.top\/museo\/el-fotografo-jorge-brantmayer-visita-el-museo-violeta-parra\/#breadcrumb"},"inLanguage":"es","potentialAction":[{"@type":"ReadAction","target":["http:\/\/vientosur.top\/museo\/el-fotografo-jorge-brantmayer-visita-el-museo-violeta-parra\/"]}]},{"@type":"ImageObject","inLanguage":"es","@id":"http:\/\/vientosur.top\/museo\/el-fotografo-jorge-brantmayer-visita-el-museo-violeta-parra\/#primaryimage","url":"http:\/\/vientosur.top\/museo\/wp-content\/uploads\/2017\/08\/DSC_0727.jpg","contentUrl":"http:\/\/vientosur.top\/museo\/wp-content\/uploads\/2017\/08\/DSC_0727.jpg","width":1200,"height":798},{"@type":"BreadcrumbList","@id":"http:\/\/vientosur.top\/museo\/el-fotografo-jorge-brantmayer-visita-el-museo-violeta-parra\/#breadcrumb","itemListElement":[{"@type":"ListItem","position":1,"name":"Portada","item":"http:\/\/vientosur.top\/museo\/"},{"@type":"ListItem","position":2,"name":"Jorge Brantmayer: \u00abVioleta Parra es una de las m\u00e1s grandes artistas\u00bb"}]},{"@type":"WebSite","@id":"http:\/\/vientosur.top\/museo\/#website","url":"http:\/\/vientosur.top\/museo\/","name":"Museo Violeta Parra","description":"Espacio que alberga tanto la memoria y legado creativo de la artista","potentialAction":[{"@type":"SearchAction","target":{"@type":"EntryPoint","urlTemplate":"http:\/\/vientosur.top\/museo\/?s={search_term_string}"},"query-input":{"@type":"PropertyValueSpecification","valueRequired":true,"valueName":"search_term_string"}}],"inLanguage":"es"},{"@type":"Person","@id":"http:\/\/vientosur.top\/museo\/#\/schema\/person\/20c79d3c38800971feec8c2693c3dd9c","name":"admin","image":{"@type":"ImageObject","inLanguage":"es","@id":"http:\/\/vientosur.top\/museo\/#\/schema\/person\/image\/","url":"https:\/\/secure.gravatar.com\/avatar\/713677ece3ffa642287213a80e5b773bce9ab81c269dd6d95102a990951c922f?s=96&d=mm&r=g","contentUrl":"https:\/\/secure.gravatar.com\/avatar\/713677ece3ffa642287213a80e5b773bce9ab81c269dd6d95102a990951c922f?s=96&d=mm&r=g","caption":"admin"},"sameAs":["http:\/\/vientosur.top\/museo"],"url":"http:\/\/vientosur.top\/museo\/author\/comunicacionesmvp\/"}]}},"_links":{"self":[{"href":"http:\/\/vientosur.top\/museo\/wp-json\/wp\/v2\/posts\/4836","targetHints":{"allow":["GET"]}}],"collection":[{"href":"http:\/\/vientosur.top\/museo\/wp-json\/wp\/v2\/posts"}],"about":[{"href":"http:\/\/vientosur.top\/museo\/wp-json\/wp\/v2\/types\/post"}],"author":[{"embeddable":true,"href":"http:\/\/vientosur.top\/museo\/wp-json\/wp\/v2\/users\/5"}],"replies":[{"embeddable":true,"href":"http:\/\/vientosur.top\/museo\/wp-json\/wp\/v2\/comments?post=4836"}],"version-history":[{"count":0,"href":"http:\/\/vientosur.top\/museo\/wp-json\/wp\/v2\/posts\/4836\/revisions"}],"wp:featuredmedia":[{"embeddable":true,"href":"http:\/\/vientosur.top\/museo\/wp-json\/wp\/v2\/media\/4839"}],"wp:attachment":[{"href":"http:\/\/vientosur.top\/museo\/wp-json\/wp\/v2\/media?parent=4836"}],"wp:term":[{"taxonomy":"category","embeddable":true,"href":"http:\/\/vientosur.top\/museo\/wp-json\/wp\/v2\/categories?post=4836"},{"taxonomy":"post_tag","embeddable":true,"href":"http:\/\/vientosur.top\/museo\/wp-json\/wp\/v2\/tags?post=4836"}],"curies":[{"name":"wp","href":"https:\/\/api.w.org\/{rel}","templated":true}]}}