{"id":4909,"date":"2017-08-04T15:21:17","date_gmt":"2017-08-04T15:21:17","guid":{"rendered":"http:\/\/vientosur.top\/museo\/\/?p=4909"},"modified":"2017-08-04T15:21:17","modified_gmt":"2017-08-04T15:21:17","slug":"fundacion-violeta-parra-edita-disco-ultimas-composiciones","status":"publish","type":"post","link":"http:\/\/vientosur.top\/museo\/fundacion-violeta-parra-edita-disco-ultimas-composiciones\/","title":{"rendered":"Fundaci\u00f3n Violeta Parra edita disco \u00ab\u00daltimas Composiciones\u00bb"},"content":{"rendered":"<p>Estos cantos fueron escritos en 1966 en la \u201cCarpa de La Reina\u201d, barrio perif\u00e9rico de Santiago de Chile donde Violeta Parra intent\u00f3 crear un Centro Arte Popular. Seg\u00fan sus palabras, estas canciones son la culminaci\u00f3n de su oficio como autora, compositora e int\u00e9rprete.<\/p>\n<p>El registro, propiedad de la Fundaci\u00f3n Violeta Parra, fue grabado en 1966. En esta edici\u00f3n se han agrupado las canciones de Violeta Parra acompa\u00f1adas por sus hijos Isabel y \u00c1ngel Parra (\u00abLa pericona se ha muerto\u00bb y \u00abUna copla me ha cantado\u00bb).<\/p>\n<p>&nbsp;<\/p>\n<p>El CD se encuentra a la venta en la tienda de la Fundaci\u00f3n Violeta Parra<br \/>\nHorario de atenci\u00f3n: Martes a domingo de 14:00 a 18:00 horas en el primer piso del museo (Vicu\u00f1a Mackenna 37)<\/p>\n<p>&nbsp;<\/p>\n<p><strong>Violeta Parra<\/strong><br \/>\n<strong>\u00daltimas composiciones\u00a0<\/strong><\/p>\n<p>1) Gracias a la vida<br \/>\n2) El Albert\u00edo<br \/>\n3) Cantores que reflexionan<br \/>\n4) Pupila de \u00c1guila<br \/>\n5) Run run se fue pa&#8217;l norte<br \/>\n6) Maldigo del alto cielo<br \/>\n7) La cueca de los poetas<br \/>\n8) Maz\u00farquica mod\u00e9rnica<br \/>\n9) Volver a los 17<br \/>\n10) Rin del angelito<br \/>\n11) La pericona se ha muerto<br \/>\n12) El guillat\u00fan<br \/>\n13) Pastelero a tus pasteles<br \/>\n14) De cuerpo entero<br \/>\n15) Una copla me ha cantado<\/p>\n<p>&nbsp;<\/p>\n<p>&nbsp;<\/p>\n<figure id=\"attachment_4993\" aria-describedby=\"caption-attachment-4993\" style=\"width: 728px\" class=\"wp-caption alignnone\"><a href=\"http:\/\/vientosur.top\/museo\/\/wp-content\/uploads\/2017\/08\/ANGELEISABEL1985.png\"><img fetchpriority=\"high\" decoding=\"async\" class=\"wp-image-4993 size-large\" src=\"http:\/\/vientosur.top\/museo\/\/wp-content\/uploads\/2017\/08\/ANGELEISABEL1985-728x1024.png\" alt=\"\u00c1ngel e Isabel Parra en Par\u00eds (1985) \" width=\"728\" height=\"1024\" \/><\/a><figcaption id=\"caption-attachment-4993\" class=\"wp-caption-text\">\u00c1ngel e Isabel Parra en Par\u00eds (1985)<\/figcaption><\/figure>\n","protected":false},"excerpt":{"rendered":"<p>Estos cantos fueron escritos en 1966 en la \u201cCarpa de La Reina\u201d, barrio perif\u00e9rico de Santiago de Chile donde Violeta Parra intent\u00f3 crear un Centro Arte Popular. Seg\u00fan sus palabras, estas canciones son la culminaci\u00f3n de su oficio como autora, compositora e int\u00e9rprete. El registro, propiedad de la Fundaci\u00f3n Violeta Parra, fue grabado en 1966. [&hellip;]<\/p>\n","protected":false},"author":5,"featured_media":4990,"comment_status":"open","ping_status":"open","sticky":false,"template":"","format":"standard","meta":{"site-sidebar-layout":"default","site-content-layout":"","ast-site-content-layout":"default","site-content-style":"default","site-sidebar-style":"default","ast-global-header-display":"","ast-banner-title-visibility":"","ast-main-header-display":"","ast-hfb-above-header-display":"","ast-hfb-below-header-display":"","ast-hfb-mobile-header-display":"","site-post-title":"","ast-breadcrumbs-content":"","ast-featured-img":"","footer-sml-layout":"","theme-transparent-header-meta":"","adv-header-id-meta":"","stick-header-meta":"","header-above-stick-meta":"","header-main-stick-meta":"","header-below-stick-meta":"","astra-migrate-meta-layouts":"default","ast-page-background-enabled":"default","ast-page-background-meta":{"desktop":{"background-color":"var(--ast-global-color-4)","background-image":"","background-repeat":"repeat","background-position":"center center","background-size":"auto","background-attachment":"scroll","background-type":"","background-media":"","overlay-type":"","overlay-color":"","overlay-opacity":"","overlay-gradient":""},"tablet":{"background-color":"","background-image":"","background-repeat":"repeat","background-position":"center center","background-size":"auto","background-attachment":"scroll","background-type":"","background-media":"","overlay-type":"","overlay-color":"","overlay-opacity":"","overlay-gradient":""},"mobile":{"background-color":"","background-image":"","background-repeat":"repeat","background-position":"center center","background-size":"auto","background-attachment":"scroll","background-type":"","background-media":"","overlay-type":"","overlay-color":"","overlay-opacity":"","overlay-gradient":""}},"ast-content-background-meta":{"desktop":{"background-color":"var(--ast-global-color-5)","background-image":"","background-repeat":"repeat","background-position":"center center","background-size":"auto","background-attachment":"scroll","background-type":"","background-media":"","overlay-type":"","overlay-color":"","overlay-opacity":"","overlay-gradient":""},"tablet":{"background-color":"var(--ast-global-color-5)","background-image":"","background-repeat":"repeat","background-position":"center center","background-size":"auto","background-attachment":"scroll","background-type":"","background-media":"","overlay-type":"","overlay-color":"","overlay-opacity":"","overlay-gradient":""},"mobile":{"background-color":"var(--ast-global-color-5)","background-image":"","background-repeat":"repeat","background-position":"center center","background-size":"auto","background-attachment":"scroll","background-type":"","background-media":"","overlay-type":"","overlay-color":"","overlay-opacity":"","overlay-gradient":""}},"footnotes":""},"categories":[59,8,61],"tags":[],"class_list":["post-4909","post","type-post","status-publish","format-standard","has-post-thumbnail","hentry","category-destacado-noticia","category-noticias","category-novedades"],"yoast_head":"<!-- This site is optimized with the Yoast SEO plugin v25.4 - https:\/\/yoast.com\/wordpress\/plugins\/seo\/ -->\n<title>Fundaci\u00f3n Violeta Parra edita disco &quot;\u00daltimas Composiciones&quot; - Museo Violeta Parra<\/title>\n<meta name=\"robots\" content=\"index, follow, max-snippet:-1, max-image-preview:large, max-video-preview:-1\" \/>\n<link rel=\"canonical\" href=\"http:\/\/vientosur.top\/museo\/fundacion-violeta-parra-edita-disco-ultimas-composiciones\/\" \/>\n<meta property=\"og:locale\" content=\"es_ES\" \/>\n<meta property=\"og:type\" content=\"article\" \/>\n<meta property=\"og:title\" content=\"Fundaci\u00f3n Violeta Parra edita disco &quot;\u00daltimas Composiciones&quot; - Museo Violeta Parra\" \/>\n<meta property=\"og:description\" content=\"Estos cantos fueron escritos en 1966 en la \u201cCarpa de La Reina\u201d, barrio perif\u00e9rico de Santiago de Chile donde Violeta Parra intent\u00f3 crear un Centro Arte Popular. Seg\u00fan sus palabras, estas canciones son la culminaci\u00f3n de su oficio como autora, compositora e int\u00e9rprete. El registro, propiedad de la Fundaci\u00f3n Violeta Parra, fue grabado en 1966. [&hellip;]\" \/>\n<meta property=\"og:url\" content=\"http:\/\/vientosur.top\/museo\/fundacion-violeta-parra-edita-disco-ultimas-composiciones\/\" \/>\n<meta property=\"og:site_name\" content=\"Museo Violeta Parra\" \/>\n<meta property=\"article:published_time\" content=\"2017-08-04T15:21:17+00:00\" \/>\n<meta property=\"og:image\" content=\"http:\/\/vientosur.top\/museo\/wp-content\/uploads\/2017\/08\/DSC_0489.jpg\" \/>\n\t<meta property=\"og:image:width\" content=\"1200\" \/>\n\t<meta property=\"og:image:height\" content=\"798\" \/>\n\t<meta property=\"og:image:type\" content=\"image\/jpeg\" \/>\n<meta name=\"author\" content=\"admin\" \/>\n<meta name=\"twitter:card\" content=\"summary_large_image\" \/>\n<meta name=\"twitter:label1\" content=\"Escrito por\" \/>\n\t<meta name=\"twitter:data1\" content=\"admin\" \/>\n\t<meta name=\"twitter:label2\" content=\"Tiempo de lectura\" \/>\n\t<meta name=\"twitter:data2\" content=\"1 minuto\" \/>\n<script type=\"application\/ld+json\" class=\"yoast-schema-graph\">{\"@context\":\"https:\/\/schema.org\",\"@graph\":[{\"@type\":\"WebPage\",\"@id\":\"http:\/\/vientosur.top\/museo\/fundacion-violeta-parra-edita-disco-ultimas-composiciones\/\",\"url\":\"http:\/\/vientosur.top\/museo\/fundacion-violeta-parra-edita-disco-ultimas-composiciones\/\",\"name\":\"Fundaci\u00f3n Violeta Parra edita disco \\\"\u00daltimas Composiciones\\\" - Museo Violeta Parra\",\"isPartOf\":{\"@id\":\"http:\/\/vientosur.top\/museo\/#website\"},\"primaryImageOfPage\":{\"@id\":\"http:\/\/vientosur.top\/museo\/fundacion-violeta-parra-edita-disco-ultimas-composiciones\/#primaryimage\"},\"image\":{\"@id\":\"http:\/\/vientosur.top\/museo\/fundacion-violeta-parra-edita-disco-ultimas-composiciones\/#primaryimage\"},\"thumbnailUrl\":\"http:\/\/vientosur.top\/museo\/wp-content\/uploads\/2017\/08\/DSC_0489.jpg\",\"datePublished\":\"2017-08-04T15:21:17+00:00\",\"author\":{\"@id\":\"http:\/\/vientosur.top\/museo\/#\/schema\/person\/20c79d3c38800971feec8c2693c3dd9c\"},\"breadcrumb\":{\"@id\":\"http:\/\/vientosur.top\/museo\/fundacion-violeta-parra-edita-disco-ultimas-composiciones\/#breadcrumb\"},\"inLanguage\":\"es\",\"potentialAction\":[{\"@type\":\"ReadAction\",\"target\":[\"http:\/\/vientosur.top\/museo\/fundacion-violeta-parra-edita-disco-ultimas-composiciones\/\"]}]},{\"@type\":\"ImageObject\",\"inLanguage\":\"es\",\"@id\":\"http:\/\/vientosur.top\/museo\/fundacion-violeta-parra-edita-disco-ultimas-composiciones\/#primaryimage\",\"url\":\"http:\/\/vientosur.top\/museo\/wp-content\/uploads\/2017\/08\/DSC_0489.jpg\",\"contentUrl\":\"http:\/\/vientosur.top\/museo\/wp-content\/uploads\/2017\/08\/DSC_0489.jpg\",\"width\":1200,\"height\":798},{\"@type\":\"BreadcrumbList\",\"@id\":\"http:\/\/vientosur.top\/museo\/fundacion-violeta-parra-edita-disco-ultimas-composiciones\/#breadcrumb\",\"itemListElement\":[{\"@type\":\"ListItem\",\"position\":1,\"name\":\"Portada\",\"item\":\"http:\/\/vientosur.top\/museo\/\"},{\"@type\":\"ListItem\",\"position\":2,\"name\":\"Fundaci\u00f3n Violeta Parra edita disco \u00ab\u00daltimas Composiciones\u00bb\"}]},{\"@type\":\"WebSite\",\"@id\":\"http:\/\/vientosur.top\/museo\/#website\",\"url\":\"http:\/\/vientosur.top\/museo\/\",\"name\":\"Museo Violeta Parra\",\"description\":\"Espacio que alberga tanto la memoria y legado creativo de la artista\",\"potentialAction\":[{\"@type\":\"SearchAction\",\"target\":{\"@type\":\"EntryPoint\",\"urlTemplate\":\"http:\/\/vientosur.top\/museo\/?s={search_term_string}\"},\"query-input\":{\"@type\":\"PropertyValueSpecification\",\"valueRequired\":true,\"valueName\":\"search_term_string\"}}],\"inLanguage\":\"es\"},{\"@type\":\"Person\",\"@id\":\"http:\/\/vientosur.top\/museo\/#\/schema\/person\/20c79d3c38800971feec8c2693c3dd9c\",\"name\":\"admin\",\"image\":{\"@type\":\"ImageObject\",\"inLanguage\":\"es\",\"@id\":\"http:\/\/vientosur.top\/museo\/#\/schema\/person\/image\/\",\"url\":\"https:\/\/secure.gravatar.com\/avatar\/713677ece3ffa642287213a80e5b773bce9ab81c269dd6d95102a990951c922f?s=96&d=mm&r=g\",\"contentUrl\":\"https:\/\/secure.gravatar.com\/avatar\/713677ece3ffa642287213a80e5b773bce9ab81c269dd6d95102a990951c922f?s=96&d=mm&r=g\",\"caption\":\"admin\"},\"sameAs\":[\"http:\/\/vientosur.top\/museo\"],\"url\":\"http:\/\/vientosur.top\/museo\/author\/comunicacionesmvp\/\"}]}<\/script>\n<!-- \/ Yoast SEO plugin. -->","yoast_head_json":{"title":"Fundaci\u00f3n Violeta Parra edita disco \"\u00daltimas Composiciones\" - Museo Violeta Parra","robots":{"index":"index","follow":"follow","max-snippet":"max-snippet:-1","max-image-preview":"max-image-preview:large","max-video-preview":"max-video-preview:-1"},"canonical":"http:\/\/vientosur.top\/museo\/fundacion-violeta-parra-edita-disco-ultimas-composiciones\/","og_locale":"es_ES","og_type":"article","og_title":"Fundaci\u00f3n Violeta Parra edita disco \"\u00daltimas Composiciones\" - Museo Violeta Parra","og_description":"Estos cantos fueron escritos en 1966 en la \u201cCarpa de La Reina\u201d, barrio perif\u00e9rico de Santiago de Chile donde Violeta Parra intent\u00f3 crear un Centro Arte Popular. Seg\u00fan sus palabras, estas canciones son la culminaci\u00f3n de su oficio como autora, compositora e int\u00e9rprete. El registro, propiedad de la Fundaci\u00f3n Violeta Parra, fue grabado en 1966. [&hellip;]","og_url":"http:\/\/vientosur.top\/museo\/fundacion-violeta-parra-edita-disco-ultimas-composiciones\/","og_site_name":"Museo Violeta Parra","article_published_time":"2017-08-04T15:21:17+00:00","og_image":[{"width":1200,"height":798,"url":"http:\/\/vientosur.top\/museo\/wp-content\/uploads\/2017\/08\/DSC_0489.jpg","type":"image\/jpeg"}],"author":"admin","twitter_card":"summary_large_image","twitter_misc":{"Escrito por":"admin","Tiempo de lectura":"1 minuto"},"schema":{"@context":"https:\/\/schema.org","@graph":[{"@type":"WebPage","@id":"http:\/\/vientosur.top\/museo\/fundacion-violeta-parra-edita-disco-ultimas-composiciones\/","url":"http:\/\/vientosur.top\/museo\/fundacion-violeta-parra-edita-disco-ultimas-composiciones\/","name":"Fundaci\u00f3n Violeta Parra edita disco \"\u00daltimas Composiciones\" - Museo Violeta Parra","isPartOf":{"@id":"http:\/\/vientosur.top\/museo\/#website"},"primaryImageOfPage":{"@id":"http:\/\/vientosur.top\/museo\/fundacion-violeta-parra-edita-disco-ultimas-composiciones\/#primaryimage"},"image":{"@id":"http:\/\/vientosur.top\/museo\/fundacion-violeta-parra-edita-disco-ultimas-composiciones\/#primaryimage"},"thumbnailUrl":"http:\/\/vientosur.top\/museo\/wp-content\/uploads\/2017\/08\/DSC_0489.jpg","datePublished":"2017-08-04T15:21:17+00:00","author":{"@id":"http:\/\/vientosur.top\/museo\/#\/schema\/person\/20c79d3c38800971feec8c2693c3dd9c"},"breadcrumb":{"@id":"http:\/\/vientosur.top\/museo\/fundacion-violeta-parra-edita-disco-ultimas-composiciones\/#breadcrumb"},"inLanguage":"es","potentialAction":[{"@type":"ReadAction","target":["http:\/\/vientosur.top\/museo\/fundacion-violeta-parra-edita-disco-ultimas-composiciones\/"]}]},{"@type":"ImageObject","inLanguage":"es","@id":"http:\/\/vientosur.top\/museo\/fundacion-violeta-parra-edita-disco-ultimas-composiciones\/#primaryimage","url":"http:\/\/vientosur.top\/museo\/wp-content\/uploads\/2017\/08\/DSC_0489.jpg","contentUrl":"http:\/\/vientosur.top\/museo\/wp-content\/uploads\/2017\/08\/DSC_0489.jpg","width":1200,"height":798},{"@type":"BreadcrumbList","@id":"http:\/\/vientosur.top\/museo\/fundacion-violeta-parra-edita-disco-ultimas-composiciones\/#breadcrumb","itemListElement":[{"@type":"ListItem","position":1,"name":"Portada","item":"http:\/\/vientosur.top\/museo\/"},{"@type":"ListItem","position":2,"name":"Fundaci\u00f3n Violeta Parra edita disco \u00ab\u00daltimas Composiciones\u00bb"}]},{"@type":"WebSite","@id":"http:\/\/vientosur.top\/museo\/#website","url":"http:\/\/vientosur.top\/museo\/","name":"Museo Violeta Parra","description":"Espacio que alberga tanto la memoria y legado creativo de la artista","potentialAction":[{"@type":"SearchAction","target":{"@type":"EntryPoint","urlTemplate":"http:\/\/vientosur.top\/museo\/?s={search_term_string}"},"query-input":{"@type":"PropertyValueSpecification","valueRequired":true,"valueName":"search_term_string"}}],"inLanguage":"es"},{"@type":"Person","@id":"http:\/\/vientosur.top\/museo\/#\/schema\/person\/20c79d3c38800971feec8c2693c3dd9c","name":"admin","image":{"@type":"ImageObject","inLanguage":"es","@id":"http:\/\/vientosur.top\/museo\/#\/schema\/person\/image\/","url":"https:\/\/secure.gravatar.com\/avatar\/713677ece3ffa642287213a80e5b773bce9ab81c269dd6d95102a990951c922f?s=96&d=mm&r=g","contentUrl":"https:\/\/secure.gravatar.com\/avatar\/713677ece3ffa642287213a80e5b773bce9ab81c269dd6d95102a990951c922f?s=96&d=mm&r=g","caption":"admin"},"sameAs":["http:\/\/vientosur.top\/museo"],"url":"http:\/\/vientosur.top\/museo\/author\/comunicacionesmvp\/"}]}},"_links":{"self":[{"href":"http:\/\/vientosur.top\/museo\/wp-json\/wp\/v2\/posts\/4909","targetHints":{"allow":["GET"]}}],"collection":[{"href":"http:\/\/vientosur.top\/museo\/wp-json\/wp\/v2\/posts"}],"about":[{"href":"http:\/\/vientosur.top\/museo\/wp-json\/wp\/v2\/types\/post"}],"author":[{"embeddable":true,"href":"http:\/\/vientosur.top\/museo\/wp-json\/wp\/v2\/users\/5"}],"replies":[{"embeddable":true,"href":"http:\/\/vientosur.top\/museo\/wp-json\/wp\/v2\/comments?post=4909"}],"version-history":[{"count":0,"href":"http:\/\/vientosur.top\/museo\/wp-json\/wp\/v2\/posts\/4909\/revisions"}],"wp:featuredmedia":[{"embeddable":true,"href":"http:\/\/vientosur.top\/museo\/wp-json\/wp\/v2\/media\/4990"}],"wp:attachment":[{"href":"http:\/\/vientosur.top\/museo\/wp-json\/wp\/v2\/media?parent=4909"}],"wp:term":[{"taxonomy":"category","embeddable":true,"href":"http:\/\/vientosur.top\/museo\/wp-json\/wp\/v2\/categories?post=4909"},{"taxonomy":"post_tag","embeddable":true,"href":"http:\/\/vientosur.top\/museo\/wp-json\/wp\/v2\/tags?post=4909"}],"curies":[{"name":"wp","href":"https:\/\/api.w.org\/{rel}","templated":true}]}}