{"id":4920,"date":"2017-08-04T21:32:28","date_gmt":"2017-08-04T21:32:28","guid":{"rendered":"http:\/\/vientosur.top\/museo\/\/?p=4920"},"modified":"2017-08-04T21:32:28","modified_gmt":"2017-08-04T21:32:28","slug":"este-martes-padre-padre-joaquin-alliende-presenta-distancia-mia-poemas-de-algun-viaje-con-recial-poetico-musical","status":"publish","type":"post","link":"http:\/\/vientosur.top\/museo\/este-martes-padre-padre-joaquin-alliende-presenta-distancia-mia-poemas-de-algun-viaje-con-recial-poetico-musical\/","title":{"rendered":"Padre Joaqu\u00edn Alliende present\u00f3 libro \u201cDistancia m\u00eda. Poemas desde alg\u00fan viaje\u201d con emotivo recital po\u00e9tico-musical"},"content":{"rendered":"<p><em>El texto, publicado por Ediciones UC, fue presentado el martes 8 de agosto a las 16:00 horas en la Sala Antar del Museo Violeta Parra. <\/em><\/p>\n<p>El t\u00edtulo de esta obra comprende cien poemas recopilados por Joaqu\u00edn Alliende Luco, sacerdote y poeta, que expresen el recuerdo de aquellas personas que han sido muy cercanas a \u00e9l durante su vida.<\/p>\n<p>La presentaci\u00f3n cont\u00f3 con la participaci\u00f3n de Cecilia Garc\u00eda-Huidobro, Directora del Museo Violeta Parra; Valentina Jensen, quien estuvo a cargo de la selecci\u00f3n po\u00e9tica del libro; y los m\u00fasicos Pedro Villagra (saxof\u00f3n, guitarras y flautas), Francisca Morales (voz) y Joaqu\u00edn Alliende C. (guitarra y bong\u00f3).<\/p>\n<p>Joaqu\u00edn Alliende, ordenado sacerdote en 1961, ha publicado \u00abBienandanzas\u00bb (1964), \u00abReligiosidad popular en Puebla\u00bb (1979); \u00abPelda\u00f1os al Padre\/Pelda\u00f1os de Jos\u00e9 Kentenich\u00bb (1985); \u00abDi\u00e1logos con Mar\u00eda al fin del milenio\u00bb; \u00abNi\u00f1o Dios, Ni\u00f1o Sol\u00bb (2001) y \u00abMaip\u00faCampana\u00bb (2010), entre otros t\u00edtulos.<\/p>\n<p><a href=\"https:\/\/www.facebook.com\/pg\/MuseoVioletaParra\/photos\/?tab=album&amp;album_id=1973568426219902\" target=\"_blank\" rel=\"noopener noreferrer\"><strong>Ver galer\u00eda de im\u00e1genes<\/strong><\/a><\/p>\n","protected":false},"excerpt":{"rendered":"<p>El texto, publicado por Ediciones UC, fue presentado el martes 8 de agosto a las 16:00 horas en la Sala Antar del Museo Violeta Parra. El t\u00edtulo de esta obra comprende cien poemas recopilados por Joaqu\u00edn Alliende Luco, sacerdote y poeta, que expresen el recuerdo de aquellas personas que han sido muy cercanas a \u00e9l [&hellip;]<\/p>\n","protected":false},"author":5,"featured_media":4945,"comment_status":"open","ping_status":"open","sticky":false,"template":"","format":"standard","meta":{"site-sidebar-layout":"default","site-content-layout":"","ast-site-content-layout":"default","site-content-style":"default","site-sidebar-style":"default","ast-global-header-display":"","ast-banner-title-visibility":"","ast-main-header-display":"","ast-hfb-above-header-display":"","ast-hfb-below-header-display":"","ast-hfb-mobile-header-display":"","site-post-title":"","ast-breadcrumbs-content":"","ast-featured-img":"","footer-sml-layout":"","theme-transparent-header-meta":"","adv-header-id-meta":"","stick-header-meta":"","header-above-stick-meta":"","header-main-stick-meta":"","header-below-stick-meta":"","astra-migrate-meta-layouts":"default","ast-page-background-enabled":"default","ast-page-background-meta":{"desktop":{"background-color":"var(--ast-global-color-4)","background-image":"","background-repeat":"repeat","background-position":"center center","background-size":"auto","background-attachment":"scroll","background-type":"","background-media":"","overlay-type":"","overlay-color":"","overlay-opacity":"","overlay-gradient":""},"tablet":{"background-color":"","background-image":"","background-repeat":"repeat","background-position":"center center","background-size":"auto","background-attachment":"scroll","background-type":"","background-media":"","overlay-type":"","overlay-color":"","overlay-opacity":"","overlay-gradient":""},"mobile":{"background-color":"","background-image":"","background-repeat":"repeat","background-position":"center center","background-size":"auto","background-attachment":"scroll","background-type":"","background-media":"","overlay-type":"","overlay-color":"","overlay-opacity":"","overlay-gradient":""}},"ast-content-background-meta":{"desktop":{"background-color":"var(--ast-global-color-5)","background-image":"","background-repeat":"repeat","background-position":"center center","background-size":"auto","background-attachment":"scroll","background-type":"","background-media":"","overlay-type":"","overlay-color":"","overlay-opacity":"","overlay-gradient":""},"tablet":{"background-color":"var(--ast-global-color-5)","background-image":"","background-repeat":"repeat","background-position":"center center","background-size":"auto","background-attachment":"scroll","background-type":"","background-media":"","overlay-type":"","overlay-color":"","overlay-opacity":"","overlay-gradient":""},"mobile":{"background-color":"var(--ast-global-color-5)","background-image":"","background-repeat":"repeat","background-position":"center center","background-size":"auto","background-attachment":"scroll","background-type":"","background-media":"","overlay-type":"","overlay-color":"","overlay-opacity":"","overlay-gradient":""}},"footnotes":""},"categories":[59,8,61],"tags":[],"class_list":["post-4920","post","type-post","status-publish","format-standard","has-post-thumbnail","hentry","category-destacado-noticia","category-noticias","category-novedades"],"yoast_head":"<!-- This site is optimized with the Yoast SEO plugin v25.4 - https:\/\/yoast.com\/wordpress\/plugins\/seo\/ -->\n<title>Padre Joaqu\u00edn Alliende present\u00f3 libro \u201cDistancia m\u00eda. Poemas desde alg\u00fan viaje\u201d con emotivo recital po\u00e9tico-musical - Museo Violeta Parra<\/title>\n<meta name=\"robots\" content=\"index, follow, max-snippet:-1, max-image-preview:large, max-video-preview:-1\" \/>\n<link rel=\"canonical\" href=\"http:\/\/vientosur.top\/museo\/este-martes-padre-padre-joaquin-alliende-presenta-distancia-mia-poemas-de-algun-viaje-con-recial-poetico-musical\/\" \/>\n<meta property=\"og:locale\" content=\"es_ES\" \/>\n<meta property=\"og:type\" content=\"article\" \/>\n<meta property=\"og:title\" content=\"Padre Joaqu\u00edn Alliende present\u00f3 libro \u201cDistancia m\u00eda. Poemas desde alg\u00fan viaje\u201d con emotivo recital po\u00e9tico-musical - Museo Violeta Parra\" \/>\n<meta property=\"og:description\" content=\"El texto, publicado por Ediciones UC, fue presentado el martes 8 de agosto a las 16:00 horas en la Sala Antar del Museo Violeta Parra. El t\u00edtulo de esta obra comprende cien poemas recopilados por Joaqu\u00edn Alliende Luco, sacerdote y poeta, que expresen el recuerdo de aquellas personas que han sido muy cercanas a \u00e9l [&hellip;]\" \/>\n<meta property=\"og:url\" content=\"http:\/\/vientosur.top\/museo\/este-martes-padre-padre-joaquin-alliende-presenta-distancia-mia-poemas-de-algun-viaje-con-recial-poetico-musical\/\" \/>\n<meta property=\"og:site_name\" content=\"Museo Violeta Parra\" \/>\n<meta property=\"article:published_time\" content=\"2017-08-04T21:32:28+00:00\" \/>\n<meta name=\"author\" content=\"admin\" \/>\n<meta name=\"twitter:card\" content=\"summary_large_image\" \/>\n<meta name=\"twitter:label1\" content=\"Escrito por\" \/>\n\t<meta name=\"twitter:data1\" content=\"admin\" \/>\n\t<meta name=\"twitter:label2\" content=\"Tiempo de lectura\" \/>\n\t<meta name=\"twitter:data2\" content=\"1 minuto\" \/>\n<script type=\"application\/ld+json\" class=\"yoast-schema-graph\">{\"@context\":\"https:\/\/schema.org\",\"@graph\":[{\"@type\":\"WebPage\",\"@id\":\"http:\/\/vientosur.top\/museo\/este-martes-padre-padre-joaquin-alliende-presenta-distancia-mia-poemas-de-algun-viaje-con-recial-poetico-musical\/\",\"url\":\"http:\/\/vientosur.top\/museo\/este-martes-padre-padre-joaquin-alliende-presenta-distancia-mia-poemas-de-algun-viaje-con-recial-poetico-musical\/\",\"name\":\"Padre Joaqu\u00edn Alliende present\u00f3 libro \u201cDistancia m\u00eda. Poemas desde alg\u00fan viaje\u201d con emotivo recital po\u00e9tico-musical - Museo Violeta Parra\",\"isPartOf\":{\"@id\":\"http:\/\/vientosur.top\/museo\/#website\"},\"primaryImageOfPage\":{\"@id\":\"http:\/\/vientosur.top\/museo\/este-martes-padre-padre-joaquin-alliende-presenta-distancia-mia-poemas-de-algun-viaje-con-recial-poetico-musical\/#primaryimage\"},\"image\":{\"@id\":\"http:\/\/vientosur.top\/museo\/este-martes-padre-padre-joaquin-alliende-presenta-distancia-mia-poemas-de-algun-viaje-con-recial-poetico-musical\/#primaryimage\"},\"thumbnailUrl\":\"\",\"datePublished\":\"2017-08-04T21:32:28+00:00\",\"author\":{\"@id\":\"http:\/\/vientosur.top\/museo\/#\/schema\/person\/20c79d3c38800971feec8c2693c3dd9c\"},\"breadcrumb\":{\"@id\":\"http:\/\/vientosur.top\/museo\/este-martes-padre-padre-joaquin-alliende-presenta-distancia-mia-poemas-de-algun-viaje-con-recial-poetico-musical\/#breadcrumb\"},\"inLanguage\":\"es\",\"potentialAction\":[{\"@type\":\"ReadAction\",\"target\":[\"http:\/\/vientosur.top\/museo\/este-martes-padre-padre-joaquin-alliende-presenta-distancia-mia-poemas-de-algun-viaje-con-recial-poetico-musical\/\"]}]},{\"@type\":\"ImageObject\",\"inLanguage\":\"es\",\"@id\":\"http:\/\/vientosur.top\/museo\/este-martes-padre-padre-joaquin-alliende-presenta-distancia-mia-poemas-de-algun-viaje-con-recial-poetico-musical\/#primaryimage\",\"url\":\"\",\"contentUrl\":\"\"},{\"@type\":\"BreadcrumbList\",\"@id\":\"http:\/\/vientosur.top\/museo\/este-martes-padre-padre-joaquin-alliende-presenta-distancia-mia-poemas-de-algun-viaje-con-recial-poetico-musical\/#breadcrumb\",\"itemListElement\":[{\"@type\":\"ListItem\",\"position\":1,\"name\":\"Portada\",\"item\":\"http:\/\/vientosur.top\/museo\/\"},{\"@type\":\"ListItem\",\"position\":2,\"name\":\"Padre Joaqu\u00edn Alliende present\u00f3 libro \u201cDistancia m\u00eda. Poemas desde alg\u00fan viaje\u201d con emotivo recital po\u00e9tico-musical\"}]},{\"@type\":\"WebSite\",\"@id\":\"http:\/\/vientosur.top\/museo\/#website\",\"url\":\"http:\/\/vientosur.top\/museo\/\",\"name\":\"Museo Violeta Parra\",\"description\":\"Espacio que alberga tanto la memoria y legado creativo de la artista\",\"potentialAction\":[{\"@type\":\"SearchAction\",\"target\":{\"@type\":\"EntryPoint\",\"urlTemplate\":\"http:\/\/vientosur.top\/museo\/?s={search_term_string}\"},\"query-input\":{\"@type\":\"PropertyValueSpecification\",\"valueRequired\":true,\"valueName\":\"search_term_string\"}}],\"inLanguage\":\"es\"},{\"@type\":\"Person\",\"@id\":\"http:\/\/vientosur.top\/museo\/#\/schema\/person\/20c79d3c38800971feec8c2693c3dd9c\",\"name\":\"admin\",\"image\":{\"@type\":\"ImageObject\",\"inLanguage\":\"es\",\"@id\":\"http:\/\/vientosur.top\/museo\/#\/schema\/person\/image\/\",\"url\":\"https:\/\/secure.gravatar.com\/avatar\/713677ece3ffa642287213a80e5b773bce9ab81c269dd6d95102a990951c922f?s=96&d=mm&r=g\",\"contentUrl\":\"https:\/\/secure.gravatar.com\/avatar\/713677ece3ffa642287213a80e5b773bce9ab81c269dd6d95102a990951c922f?s=96&d=mm&r=g\",\"caption\":\"admin\"},\"sameAs\":[\"http:\/\/vientosur.top\/museo\"],\"url\":\"http:\/\/vientosur.top\/museo\/author\/comunicacionesmvp\/\"}]}<\/script>\n<!-- \/ Yoast SEO plugin. -->","yoast_head_json":{"title":"Padre Joaqu\u00edn Alliende present\u00f3 libro \u201cDistancia m\u00eda. Poemas desde alg\u00fan viaje\u201d con emotivo recital po\u00e9tico-musical - Museo Violeta Parra","robots":{"index":"index","follow":"follow","max-snippet":"max-snippet:-1","max-image-preview":"max-image-preview:large","max-video-preview":"max-video-preview:-1"},"canonical":"http:\/\/vientosur.top\/museo\/este-martes-padre-padre-joaquin-alliende-presenta-distancia-mia-poemas-de-algun-viaje-con-recial-poetico-musical\/","og_locale":"es_ES","og_type":"article","og_title":"Padre Joaqu\u00edn Alliende present\u00f3 libro \u201cDistancia m\u00eda. Poemas desde alg\u00fan viaje\u201d con emotivo recital po\u00e9tico-musical - Museo Violeta Parra","og_description":"El texto, publicado por Ediciones UC, fue presentado el martes 8 de agosto a las 16:00 horas en la Sala Antar del Museo Violeta Parra. El t\u00edtulo de esta obra comprende cien poemas recopilados por Joaqu\u00edn Alliende Luco, sacerdote y poeta, que expresen el recuerdo de aquellas personas que han sido muy cercanas a \u00e9l [&hellip;]","og_url":"http:\/\/vientosur.top\/museo\/este-martes-padre-padre-joaquin-alliende-presenta-distancia-mia-poemas-de-algun-viaje-con-recial-poetico-musical\/","og_site_name":"Museo Violeta Parra","article_published_time":"2017-08-04T21:32:28+00:00","author":"admin","twitter_card":"summary_large_image","twitter_misc":{"Escrito por":"admin","Tiempo de lectura":"1 minuto"},"schema":{"@context":"https:\/\/schema.org","@graph":[{"@type":"WebPage","@id":"http:\/\/vientosur.top\/museo\/este-martes-padre-padre-joaquin-alliende-presenta-distancia-mia-poemas-de-algun-viaje-con-recial-poetico-musical\/","url":"http:\/\/vientosur.top\/museo\/este-martes-padre-padre-joaquin-alliende-presenta-distancia-mia-poemas-de-algun-viaje-con-recial-poetico-musical\/","name":"Padre Joaqu\u00edn Alliende present\u00f3 libro \u201cDistancia m\u00eda. Poemas desde alg\u00fan viaje\u201d con emotivo recital po\u00e9tico-musical - Museo Violeta Parra","isPartOf":{"@id":"http:\/\/vientosur.top\/museo\/#website"},"primaryImageOfPage":{"@id":"http:\/\/vientosur.top\/museo\/este-martes-padre-padre-joaquin-alliende-presenta-distancia-mia-poemas-de-algun-viaje-con-recial-poetico-musical\/#primaryimage"},"image":{"@id":"http:\/\/vientosur.top\/museo\/este-martes-padre-padre-joaquin-alliende-presenta-distancia-mia-poemas-de-algun-viaje-con-recial-poetico-musical\/#primaryimage"},"thumbnailUrl":"","datePublished":"2017-08-04T21:32:28+00:00","author":{"@id":"http:\/\/vientosur.top\/museo\/#\/schema\/person\/20c79d3c38800971feec8c2693c3dd9c"},"breadcrumb":{"@id":"http:\/\/vientosur.top\/museo\/este-martes-padre-padre-joaquin-alliende-presenta-distancia-mia-poemas-de-algun-viaje-con-recial-poetico-musical\/#breadcrumb"},"inLanguage":"es","potentialAction":[{"@type":"ReadAction","target":["http:\/\/vientosur.top\/museo\/este-martes-padre-padre-joaquin-alliende-presenta-distancia-mia-poemas-de-algun-viaje-con-recial-poetico-musical\/"]}]},{"@type":"ImageObject","inLanguage":"es","@id":"http:\/\/vientosur.top\/museo\/este-martes-padre-padre-joaquin-alliende-presenta-distancia-mia-poemas-de-algun-viaje-con-recial-poetico-musical\/#primaryimage","url":"","contentUrl":""},{"@type":"BreadcrumbList","@id":"http:\/\/vientosur.top\/museo\/este-martes-padre-padre-joaquin-alliende-presenta-distancia-mia-poemas-de-algun-viaje-con-recial-poetico-musical\/#breadcrumb","itemListElement":[{"@type":"ListItem","position":1,"name":"Portada","item":"http:\/\/vientosur.top\/museo\/"},{"@type":"ListItem","position":2,"name":"Padre Joaqu\u00edn Alliende present\u00f3 libro \u201cDistancia m\u00eda. Poemas desde alg\u00fan viaje\u201d con emotivo recital po\u00e9tico-musical"}]},{"@type":"WebSite","@id":"http:\/\/vientosur.top\/museo\/#website","url":"http:\/\/vientosur.top\/museo\/","name":"Museo Violeta Parra","description":"Espacio que alberga tanto la memoria y legado creativo de la artista","potentialAction":[{"@type":"SearchAction","target":{"@type":"EntryPoint","urlTemplate":"http:\/\/vientosur.top\/museo\/?s={search_term_string}"},"query-input":{"@type":"PropertyValueSpecification","valueRequired":true,"valueName":"search_term_string"}}],"inLanguage":"es"},{"@type":"Person","@id":"http:\/\/vientosur.top\/museo\/#\/schema\/person\/20c79d3c38800971feec8c2693c3dd9c","name":"admin","image":{"@type":"ImageObject","inLanguage":"es","@id":"http:\/\/vientosur.top\/museo\/#\/schema\/person\/image\/","url":"https:\/\/secure.gravatar.com\/avatar\/713677ece3ffa642287213a80e5b773bce9ab81c269dd6d95102a990951c922f?s=96&d=mm&r=g","contentUrl":"https:\/\/secure.gravatar.com\/avatar\/713677ece3ffa642287213a80e5b773bce9ab81c269dd6d95102a990951c922f?s=96&d=mm&r=g","caption":"admin"},"sameAs":["http:\/\/vientosur.top\/museo"],"url":"http:\/\/vientosur.top\/museo\/author\/comunicacionesmvp\/"}]}},"_links":{"self":[{"href":"http:\/\/vientosur.top\/museo\/wp-json\/wp\/v2\/posts\/4920","targetHints":{"allow":["GET"]}}],"collection":[{"href":"http:\/\/vientosur.top\/museo\/wp-json\/wp\/v2\/posts"}],"about":[{"href":"http:\/\/vientosur.top\/museo\/wp-json\/wp\/v2\/types\/post"}],"author":[{"embeddable":true,"href":"http:\/\/vientosur.top\/museo\/wp-json\/wp\/v2\/users\/5"}],"replies":[{"embeddable":true,"href":"http:\/\/vientosur.top\/museo\/wp-json\/wp\/v2\/comments?post=4920"}],"version-history":[{"count":0,"href":"http:\/\/vientosur.top\/museo\/wp-json\/wp\/v2\/posts\/4920\/revisions"}],"wp:featuredmedia":[{"embeddable":true,"href":"http:\/\/vientosur.top\/museo\/wp-json\/"}],"wp:attachment":[{"href":"http:\/\/vientosur.top\/museo\/wp-json\/wp\/v2\/media?parent=4920"}],"wp:term":[{"taxonomy":"category","embeddable":true,"href":"http:\/\/vientosur.top\/museo\/wp-json\/wp\/v2\/categories?post=4920"},{"taxonomy":"post_tag","embeddable":true,"href":"http:\/\/vientosur.top\/museo\/wp-json\/wp\/v2\/tags?post=4920"}],"curies":[{"name":"wp","href":"https:\/\/api.w.org\/{rel}","templated":true}]}}