{"id":4941,"date":"2017-08-10T13:51:36","date_gmt":"2017-08-10T13:51:36","guid":{"rendered":"http:\/\/vientosur.top\/museo\/\/?p=4941"},"modified":"2017-08-10T13:51:36","modified_gmt":"2017-08-10T13:51:36","slug":"tvn-y-museo-violeta-parra-firman-convenio-de-colaboracion-en-el-marco-de-los-100-anos-de-violeta","status":"publish","type":"post","link":"http:\/\/vientosur.top\/museo\/tvn-y-museo-violeta-parra-firman-convenio-de-colaboracion-en-el-marco-de-los-100-anos-de-violeta\/","title":{"rendered":"TVN y Museo Violeta Parra firman convenio de colaboraci\u00f3n en el marco de los 100 a\u00f1os de Violeta"},"content":{"rendered":"<p class=\"m6173287448446893434gmail-msolistparagraph\" style=\"text-align: justify;\">Ricardo Solari, Presidente del Directorio de Televisi\u00f3n Nacional; Cecilia Garc\u00eda-Huidobro, Directora del Museo Violeta Parra; Jaime de Aguirre, Director Ejecutivo de TVN, y Milena Rojas, Jefa de Colecci\u00f3n y Patrimonio del Museo Violeta Parra. Fotograf\u00eda por Roberto Urz\u00faa (TVN).<\/p>\n<p class=\"m6173287448446893434gmail-msolistparagraph\" style=\"text-align: justify;\"><b>Ambas entidades sellaron un compromiso para visibilizar y homenajear a la artista en los 100 a\u00f1os de su nacimiento.<\/b><\/p>\n<p>&nbsp;<\/p>\n<p class=\"m6173287448446893434gmail-msolistparagraph\" style=\"text-align: justify;\">Con la presencia de Cecilia Garc\u00eda-Huidobro, Directora del Museo Violeta Parra; Milena Rojas, Jefa de Colecci\u00f3n y Patrimonio del Museo Violeta Parra, en representaci\u00f3n de su madre Isabel Parra; Ricardo Solari, presidente del Directorio de TVN y Jaime de Aguirre, Director Ejecutivo de TVN, se firm\u00f3 la tarde del 7 de agosto un acuerdo de cooperaci\u00f3n. Se trata de una alianza entre la televisi\u00f3n p\u00fablica de Chile y el Museo Violeta Parra, el cual busca \u00a0apoyar y celebrar este a\u00f1o los 100 a\u00f1os de la artista.<\/p>\n<p class=\"m6173287448446893434gmail-msolistparagraph\" style=\"text-align: justify;\">Televisi\u00f3n Nacional de Chile ha querido sumarse al homenaje que durante este 2017 \u00a0se le rinde tanto a nivel nacional como internacional, \u00a0generado un proyecto en conjunto con el Museo, el que busca motivar a las audiencias a visitar el Museo Violeta Parra y acercarse a la obra de la artista mediante el estreno del spot \u201cEn los 100 a\u00f1os del nacimiento de Violeta Parra, TVN te invita a su casa\u201d.\u00a0 Cecilia Garc\u00eda-Huidobro, Directora del Museo Violeta Parra, \u00a0destac\u00f3 esta alianza se\u00f1alando que \u00abel Museo Violeta Parra est\u00e1 profundamente agradecido de Televisi\u00f3n Nacional de Chile que en su vocaci\u00f3n p\u00fablica difundir\u00e1 no solamente a Violeta sino que a la casa donde se alberga toda la obra y legado que dej\u00f3 para \u00a0los chilenos\u00bb.<br \/>\n<b><br \/>\n<\/b><\/p>\n<p class=\"m6173287448446893434gmail-msolistparagraph\" style=\"text-align: justify;\">A esto se suma la <a href=\"http:\/\/vientosur.top\/museo\/\/2017\/07\/25\/este-martes-museo-violeta-parra-agradece-a-las-instituciones-y-personas-que-espontaneamente-le-han-legado-obras-relativas-a-la-artista-chilena\/\" target=\"_blank\" rel=\"noopener noreferrer\">donaci\u00f3n de 14 minutos de valioso material f\u00edlmico sobre Violeta<\/a>, que TVN hizo en julio al Museo y a la transmisi\u00f3n del concierto \u00abVioleta Parra 100 a\u00f1os\u00bb, realizado en el Teatro Col\u00f3n de Buenos Aires y <a href=\"http:\/\/www.tvn.cl\/especiales\/violetaparra100\/concierto-violeta-parra-100-anos-sinfonico--2462530\" target=\"_blank\" rel=\"noopener noreferrer\">presentado por Consuelo Saavedra desde el Museo Violeta Parra<\/a>. \u00a0A estas acciones se sumar\u00e1n otras piezas audiovisuales y una especial cobertura a las actividades conmemorativas.<\/p>\n<p>&nbsp;<\/p>\n<p>\u00abCelebrar a Violeta Parra es celebrar a Chile y TVN cumple con su deber al apoyar esta iniciativa. \u00a0<i>S<\/i><i>entimos que estamos haciendo algo importante<\/i> pero a la vez lo hacemos con mucha humildad porque no podr\u00eda ser de otra manera. Son de las cosas que nos corresponde hacer como la Televisi\u00f3n Nacional de Chile\u201d, se\u00f1al\u00f3 Jaime de Aguirre, Director Ejecutivo de Televisi\u00f3n Nacional.<\/p>\n<p><iframe src=\"https:\/\/www.youtube.com\/embed\/S7AIQLk8kA4\" width=\"560\" height=\"315\" frameborder=\"0\" allowfullscreen=\"allowfullscreen\"><\/iframe><\/p>\n","protected":false},"excerpt":{"rendered":"<p>Ricardo Solari, Presidente del Directorio de Televisi\u00f3n Nacional; Cecilia Garc\u00eda-Huidobro, Directora del Museo Violeta Parra; Jaime de Aguirre, Director Ejecutivo de TVN, y Milena Rojas, Jefa de Colecci\u00f3n y Patrimonio del Museo Violeta Parra. Fotograf\u00eda por Roberto Urz\u00faa (TVN). Ambas entidades sellaron un compromiso para visibilizar y homenajear a la artista en los 100 a\u00f1os [&hellip;]<\/p>\n","protected":false},"author":5,"featured_media":4959,"comment_status":"open","ping_status":"open","sticky":false,"template":"","format":"standard","meta":{"site-sidebar-layout":"default","site-content-layout":"","ast-site-content-layout":"default","site-content-style":"default","site-sidebar-style":"default","ast-global-header-display":"","ast-banner-title-visibility":"","ast-main-header-display":"","ast-hfb-above-header-display":"","ast-hfb-below-header-display":"","ast-hfb-mobile-header-display":"","site-post-title":"","ast-breadcrumbs-content":"","ast-featured-img":"","footer-sml-layout":"","theme-transparent-header-meta":"","adv-header-id-meta":"","stick-header-meta":"","header-above-stick-meta":"","header-main-stick-meta":"","header-below-stick-meta":"","astra-migrate-meta-layouts":"default","ast-page-background-enabled":"default","ast-page-background-meta":{"desktop":{"background-color":"var(--ast-global-color-4)","background-image":"","background-repeat":"repeat","background-position":"center center","background-size":"auto","background-attachment":"scroll","background-type":"","background-media":"","overlay-type":"","overlay-color":"","overlay-opacity":"","overlay-gradient":""},"tablet":{"background-color":"","background-image":"","background-repeat":"repeat","background-position":"center center","background-size":"auto","background-attachment":"scroll","background-type":"","background-media":"","overlay-type":"","overlay-color":"","overlay-opacity":"","overlay-gradient":""},"mobile":{"background-color":"","background-image":"","background-repeat":"repeat","background-position":"center center","background-size":"auto","background-attachment":"scroll","background-type":"","background-media":"","overlay-type":"","overlay-color":"","overlay-opacity":"","overlay-gradient":""}},"ast-content-background-meta":{"desktop":{"background-color":"var(--ast-global-color-5)","background-image":"","background-repeat":"repeat","background-position":"center center","background-size":"auto","background-attachment":"scroll","background-type":"","background-media":"","overlay-type":"","overlay-color":"","overlay-opacity":"","overlay-gradient":""},"tablet":{"background-color":"var(--ast-global-color-5)","background-image":"","background-repeat":"repeat","background-position":"center center","background-size":"auto","background-attachment":"scroll","background-type":"","background-media":"","overlay-type":"","overlay-color":"","overlay-opacity":"","overlay-gradient":""},"mobile":{"background-color":"var(--ast-global-color-5)","background-image":"","background-repeat":"repeat","background-position":"center center","background-size":"auto","background-attachment":"scroll","background-type":"","background-media":"","overlay-type":"","overlay-color":"","overlay-opacity":"","overlay-gradient":""}},"footnotes":""},"categories":[59,8,61],"tags":[],"class_list":["post-4941","post","type-post","status-publish","format-standard","has-post-thumbnail","hentry","category-destacado-noticia","category-noticias","category-novedades"],"yoast_head":"<!-- This site is optimized with the Yoast SEO plugin v25.4 - https:\/\/yoast.com\/wordpress\/plugins\/seo\/ -->\n<title>TVN y Museo Violeta Parra firman convenio de colaboraci\u00f3n en el marco de los 100 a\u00f1os de Violeta - Museo Violeta Parra<\/title>\n<meta name=\"robots\" content=\"index, follow, max-snippet:-1, max-image-preview:large, max-video-preview:-1\" \/>\n<link rel=\"canonical\" href=\"http:\/\/vientosur.top\/museo\/tvn-y-museo-violeta-parra-firman-convenio-de-colaboracion-en-el-marco-de-los-100-anos-de-violeta\/\" \/>\n<meta property=\"og:locale\" content=\"es_ES\" \/>\n<meta property=\"og:type\" content=\"article\" \/>\n<meta property=\"og:title\" content=\"TVN y Museo Violeta Parra firman convenio de colaboraci\u00f3n en el marco de los 100 a\u00f1os de Violeta - Museo Violeta Parra\" \/>\n<meta property=\"og:description\" content=\"Ricardo Solari, Presidente del Directorio de Televisi\u00f3n Nacional; Cecilia Garc\u00eda-Huidobro, Directora del Museo Violeta Parra; Jaime de Aguirre, Director Ejecutivo de TVN, y Milena Rojas, Jefa de Colecci\u00f3n y Patrimonio del Museo Violeta Parra. Fotograf\u00eda por Roberto Urz\u00faa (TVN). Ambas entidades sellaron un compromiso para visibilizar y homenajear a la artista en los 100 a\u00f1os [&hellip;]\" \/>\n<meta property=\"og:url\" content=\"http:\/\/vientosur.top\/museo\/tvn-y-museo-violeta-parra-firman-convenio-de-colaboracion-en-el-marco-de-los-100-anos-de-violeta\/\" \/>\n<meta property=\"og:site_name\" content=\"Museo Violeta Parra\" \/>\n<meta property=\"article:published_time\" content=\"2017-08-10T13:51:36+00:00\" \/>\n<meta property=\"og:image\" content=\"http:\/\/vientosur.top\/museo\/wp-content\/uploads\/2017\/08\/fotoconvenio-scaled.jpg\" \/>\n\t<meta property=\"og:image:width\" content=\"2560\" \/>\n\t<meta property=\"og:image:height\" content=\"1003\" \/>\n\t<meta property=\"og:image:type\" content=\"image\/jpeg\" \/>\n<meta name=\"author\" content=\"admin\" \/>\n<meta name=\"twitter:card\" content=\"summary_large_image\" \/>\n<meta name=\"twitter:label1\" content=\"Escrito por\" \/>\n\t<meta name=\"twitter:data1\" content=\"admin\" \/>\n\t<meta name=\"twitter:label2\" content=\"Tiempo de lectura\" \/>\n\t<meta name=\"twitter:data2\" content=\"2 minutos\" \/>\n<script type=\"application\/ld+json\" class=\"yoast-schema-graph\">{\"@context\":\"https:\/\/schema.org\",\"@graph\":[{\"@type\":\"WebPage\",\"@id\":\"http:\/\/vientosur.top\/museo\/tvn-y-museo-violeta-parra-firman-convenio-de-colaboracion-en-el-marco-de-los-100-anos-de-violeta\/\",\"url\":\"http:\/\/vientosur.top\/museo\/tvn-y-museo-violeta-parra-firman-convenio-de-colaboracion-en-el-marco-de-los-100-anos-de-violeta\/\",\"name\":\"TVN y Museo Violeta Parra firman convenio de colaboraci\u00f3n en el marco de los 100 a\u00f1os de Violeta - Museo Violeta Parra\",\"isPartOf\":{\"@id\":\"http:\/\/vientosur.top\/museo\/#website\"},\"primaryImageOfPage\":{\"@id\":\"http:\/\/vientosur.top\/museo\/tvn-y-museo-violeta-parra-firman-convenio-de-colaboracion-en-el-marco-de-los-100-anos-de-violeta\/#primaryimage\"},\"image\":{\"@id\":\"http:\/\/vientosur.top\/museo\/tvn-y-museo-violeta-parra-firman-convenio-de-colaboracion-en-el-marco-de-los-100-anos-de-violeta\/#primaryimage\"},\"thumbnailUrl\":\"http:\/\/vientosur.top\/museo\/wp-content\/uploads\/2017\/08\/fotoconvenio-scaled.jpg\",\"datePublished\":\"2017-08-10T13:51:36+00:00\",\"author\":{\"@id\":\"http:\/\/vientosur.top\/museo\/#\/schema\/person\/20c79d3c38800971feec8c2693c3dd9c\"},\"breadcrumb\":{\"@id\":\"http:\/\/vientosur.top\/museo\/tvn-y-museo-violeta-parra-firman-convenio-de-colaboracion-en-el-marco-de-los-100-anos-de-violeta\/#breadcrumb\"},\"inLanguage\":\"es\",\"potentialAction\":[{\"@type\":\"ReadAction\",\"target\":[\"http:\/\/vientosur.top\/museo\/tvn-y-museo-violeta-parra-firman-convenio-de-colaboracion-en-el-marco-de-los-100-anos-de-violeta\/\"]}]},{\"@type\":\"ImageObject\",\"inLanguage\":\"es\",\"@id\":\"http:\/\/vientosur.top\/museo\/tvn-y-museo-violeta-parra-firman-convenio-de-colaboracion-en-el-marco-de-los-100-anos-de-violeta\/#primaryimage\",\"url\":\"http:\/\/vientosur.top\/museo\/wp-content\/uploads\/2017\/08\/fotoconvenio-scaled.jpg\",\"contentUrl\":\"http:\/\/vientosur.top\/museo\/wp-content\/uploads\/2017\/08\/fotoconvenio-scaled.jpg\",\"width\":2560,\"height\":1003},{\"@type\":\"BreadcrumbList\",\"@id\":\"http:\/\/vientosur.top\/museo\/tvn-y-museo-violeta-parra-firman-convenio-de-colaboracion-en-el-marco-de-los-100-anos-de-violeta\/#breadcrumb\",\"itemListElement\":[{\"@type\":\"ListItem\",\"position\":1,\"name\":\"Portada\",\"item\":\"http:\/\/vientosur.top\/museo\/\"},{\"@type\":\"ListItem\",\"position\":2,\"name\":\"TVN y Museo Violeta Parra firman convenio de colaboraci\u00f3n en el marco de los 100 a\u00f1os de Violeta\"}]},{\"@type\":\"WebSite\",\"@id\":\"http:\/\/vientosur.top\/museo\/#website\",\"url\":\"http:\/\/vientosur.top\/museo\/\",\"name\":\"Museo Violeta Parra\",\"description\":\"Espacio que alberga tanto la memoria y legado creativo de la artista\",\"potentialAction\":[{\"@type\":\"SearchAction\",\"target\":{\"@type\":\"EntryPoint\",\"urlTemplate\":\"http:\/\/vientosur.top\/museo\/?s={search_term_string}\"},\"query-input\":{\"@type\":\"PropertyValueSpecification\",\"valueRequired\":true,\"valueName\":\"search_term_string\"}}],\"inLanguage\":\"es\"},{\"@type\":\"Person\",\"@id\":\"http:\/\/vientosur.top\/museo\/#\/schema\/person\/20c79d3c38800971feec8c2693c3dd9c\",\"name\":\"admin\",\"image\":{\"@type\":\"ImageObject\",\"inLanguage\":\"es\",\"@id\":\"http:\/\/vientosur.top\/museo\/#\/schema\/person\/image\/\",\"url\":\"https:\/\/secure.gravatar.com\/avatar\/713677ece3ffa642287213a80e5b773bce9ab81c269dd6d95102a990951c922f?s=96&d=mm&r=g\",\"contentUrl\":\"https:\/\/secure.gravatar.com\/avatar\/713677ece3ffa642287213a80e5b773bce9ab81c269dd6d95102a990951c922f?s=96&d=mm&r=g\",\"caption\":\"admin\"},\"sameAs\":[\"http:\/\/vientosur.top\/museo\"],\"url\":\"http:\/\/vientosur.top\/museo\/author\/comunicacionesmvp\/\"}]}<\/script>\n<!-- \/ Yoast SEO plugin. -->","yoast_head_json":{"title":"TVN y Museo Violeta Parra firman convenio de colaboraci\u00f3n en el marco de los 100 a\u00f1os de Violeta - Museo Violeta Parra","robots":{"index":"index","follow":"follow","max-snippet":"max-snippet:-1","max-image-preview":"max-image-preview:large","max-video-preview":"max-video-preview:-1"},"canonical":"http:\/\/vientosur.top\/museo\/tvn-y-museo-violeta-parra-firman-convenio-de-colaboracion-en-el-marco-de-los-100-anos-de-violeta\/","og_locale":"es_ES","og_type":"article","og_title":"TVN y Museo Violeta Parra firman convenio de colaboraci\u00f3n en el marco de los 100 a\u00f1os de Violeta - Museo Violeta Parra","og_description":"Ricardo Solari, Presidente del Directorio de Televisi\u00f3n Nacional; Cecilia Garc\u00eda-Huidobro, Directora del Museo Violeta Parra; Jaime de Aguirre, Director Ejecutivo de TVN, y Milena Rojas, Jefa de Colecci\u00f3n y Patrimonio del Museo Violeta Parra. Fotograf\u00eda por Roberto Urz\u00faa (TVN). Ambas entidades sellaron un compromiso para visibilizar y homenajear a la artista en los 100 a\u00f1os [&hellip;]","og_url":"http:\/\/vientosur.top\/museo\/tvn-y-museo-violeta-parra-firman-convenio-de-colaboracion-en-el-marco-de-los-100-anos-de-violeta\/","og_site_name":"Museo Violeta Parra","article_published_time":"2017-08-10T13:51:36+00:00","og_image":[{"width":2560,"height":1003,"url":"http:\/\/vientosur.top\/museo\/wp-content\/uploads\/2017\/08\/fotoconvenio-scaled.jpg","type":"image\/jpeg"}],"author":"admin","twitter_card":"summary_large_image","twitter_misc":{"Escrito por":"admin","Tiempo de lectura":"2 minutos"},"schema":{"@context":"https:\/\/schema.org","@graph":[{"@type":"WebPage","@id":"http:\/\/vientosur.top\/museo\/tvn-y-museo-violeta-parra-firman-convenio-de-colaboracion-en-el-marco-de-los-100-anos-de-violeta\/","url":"http:\/\/vientosur.top\/museo\/tvn-y-museo-violeta-parra-firman-convenio-de-colaboracion-en-el-marco-de-los-100-anos-de-violeta\/","name":"TVN y Museo Violeta Parra firman convenio de colaboraci\u00f3n en el marco de los 100 a\u00f1os de Violeta - Museo Violeta Parra","isPartOf":{"@id":"http:\/\/vientosur.top\/museo\/#website"},"primaryImageOfPage":{"@id":"http:\/\/vientosur.top\/museo\/tvn-y-museo-violeta-parra-firman-convenio-de-colaboracion-en-el-marco-de-los-100-anos-de-violeta\/#primaryimage"},"image":{"@id":"http:\/\/vientosur.top\/museo\/tvn-y-museo-violeta-parra-firman-convenio-de-colaboracion-en-el-marco-de-los-100-anos-de-violeta\/#primaryimage"},"thumbnailUrl":"http:\/\/vientosur.top\/museo\/wp-content\/uploads\/2017\/08\/fotoconvenio-scaled.jpg","datePublished":"2017-08-10T13:51:36+00:00","author":{"@id":"http:\/\/vientosur.top\/museo\/#\/schema\/person\/20c79d3c38800971feec8c2693c3dd9c"},"breadcrumb":{"@id":"http:\/\/vientosur.top\/museo\/tvn-y-museo-violeta-parra-firman-convenio-de-colaboracion-en-el-marco-de-los-100-anos-de-violeta\/#breadcrumb"},"inLanguage":"es","potentialAction":[{"@type":"ReadAction","target":["http:\/\/vientosur.top\/museo\/tvn-y-museo-violeta-parra-firman-convenio-de-colaboracion-en-el-marco-de-los-100-anos-de-violeta\/"]}]},{"@type":"ImageObject","inLanguage":"es","@id":"http:\/\/vientosur.top\/museo\/tvn-y-museo-violeta-parra-firman-convenio-de-colaboracion-en-el-marco-de-los-100-anos-de-violeta\/#primaryimage","url":"http:\/\/vientosur.top\/museo\/wp-content\/uploads\/2017\/08\/fotoconvenio-scaled.jpg","contentUrl":"http:\/\/vientosur.top\/museo\/wp-content\/uploads\/2017\/08\/fotoconvenio-scaled.jpg","width":2560,"height":1003},{"@type":"BreadcrumbList","@id":"http:\/\/vientosur.top\/museo\/tvn-y-museo-violeta-parra-firman-convenio-de-colaboracion-en-el-marco-de-los-100-anos-de-violeta\/#breadcrumb","itemListElement":[{"@type":"ListItem","position":1,"name":"Portada","item":"http:\/\/vientosur.top\/museo\/"},{"@type":"ListItem","position":2,"name":"TVN y Museo Violeta Parra firman convenio de colaboraci\u00f3n en el marco de los 100 a\u00f1os de Violeta"}]},{"@type":"WebSite","@id":"http:\/\/vientosur.top\/museo\/#website","url":"http:\/\/vientosur.top\/museo\/","name":"Museo Violeta Parra","description":"Espacio que alberga tanto la memoria y legado creativo de la artista","potentialAction":[{"@type":"SearchAction","target":{"@type":"EntryPoint","urlTemplate":"http:\/\/vientosur.top\/museo\/?s={search_term_string}"},"query-input":{"@type":"PropertyValueSpecification","valueRequired":true,"valueName":"search_term_string"}}],"inLanguage":"es"},{"@type":"Person","@id":"http:\/\/vientosur.top\/museo\/#\/schema\/person\/20c79d3c38800971feec8c2693c3dd9c","name":"admin","image":{"@type":"ImageObject","inLanguage":"es","@id":"http:\/\/vientosur.top\/museo\/#\/schema\/person\/image\/","url":"https:\/\/secure.gravatar.com\/avatar\/713677ece3ffa642287213a80e5b773bce9ab81c269dd6d95102a990951c922f?s=96&d=mm&r=g","contentUrl":"https:\/\/secure.gravatar.com\/avatar\/713677ece3ffa642287213a80e5b773bce9ab81c269dd6d95102a990951c922f?s=96&d=mm&r=g","caption":"admin"},"sameAs":["http:\/\/vientosur.top\/museo"],"url":"http:\/\/vientosur.top\/museo\/author\/comunicacionesmvp\/"}]}},"_links":{"self":[{"href":"http:\/\/vientosur.top\/museo\/wp-json\/wp\/v2\/posts\/4941","targetHints":{"allow":["GET"]}}],"collection":[{"href":"http:\/\/vientosur.top\/museo\/wp-json\/wp\/v2\/posts"}],"about":[{"href":"http:\/\/vientosur.top\/museo\/wp-json\/wp\/v2\/types\/post"}],"author":[{"embeddable":true,"href":"http:\/\/vientosur.top\/museo\/wp-json\/wp\/v2\/users\/5"}],"replies":[{"embeddable":true,"href":"http:\/\/vientosur.top\/museo\/wp-json\/wp\/v2\/comments?post=4941"}],"version-history":[{"count":0,"href":"http:\/\/vientosur.top\/museo\/wp-json\/wp\/v2\/posts\/4941\/revisions"}],"wp:featuredmedia":[{"embeddable":true,"href":"http:\/\/vientosur.top\/museo\/wp-json\/wp\/v2\/media\/4959"}],"wp:attachment":[{"href":"http:\/\/vientosur.top\/museo\/wp-json\/wp\/v2\/media?parent=4941"}],"wp:term":[{"taxonomy":"category","embeddable":true,"href":"http:\/\/vientosur.top\/museo\/wp-json\/wp\/v2\/categories?post=4941"},{"taxonomy":"post_tag","embeddable":true,"href":"http:\/\/vientosur.top\/museo\/wp-json\/wp\/v2\/tags?post=4941"}],"curies":[{"name":"wp","href":"https:\/\/api.w.org\/{rel}","templated":true}]}}