{"id":5006,"date":"2017-08-11T17:54:57","date_gmt":"2017-08-11T17:54:57","guid":{"rendered":"http:\/\/vientosur.top\/museo\/\/?p=5006"},"modified":"2017-08-11T17:54:57","modified_gmt":"2017-08-11T17:54:57","slug":"museo-violeta-parra-agrega-nueva-sala-a-su-recorrido","status":"publish","type":"post","link":"http:\/\/vientosur.top\/museo\/museo-violeta-parra-agrega-nueva-sala-a-su-recorrido\/","title":{"rendered":"Museo Violeta Parra agrega nueva sala a su recorrido"},"content":{"rendered":"<p><em>Esta semana comenz\u00f3 la construcci\u00f3n de la Sala La Jardinera, espacio al aire libre con propuesta curatorial y educativa.<\/em><\/p>\n<p>&nbsp;<\/p>\n<p>Una nueva sala se sumar\u00e1 en octubre al Museo Violeta Parra, ampliando as\u00ed la exhibici\u00f3n de contendidos que nos introducen en la vida de la artista nacional. Se trata de la Sala La Jardinera, que se ubicar\u00e1 en el jard\u00edn interior del Museo y enfatizar\u00e1 en la relaci\u00f3n que Violeta Parra ten\u00eda con la naturaleza. Los trabajos para la habilitaci\u00f3n de este espacio se iniciaron esta semana, gracias a la colaboraci\u00f3n entre el Museo Violeta Parra y Fundaci\u00f3n Cosmos, con la participaci\u00f3n de la empresa de paisajismo Arbolaria.\u00a0 La iniciativa est\u00e1 acogida a la Ley de Donaciones Culturales.<\/p>\n<p>&nbsp;<\/p>\n<p>&nbsp;<\/p>\n<p>\u201cEn el museo faltaba un lugar que interpretara la vinculaci\u00f3n de Violeta Parra con la naturaleza, especialmente de su tierra natal. Toda su obra est\u00e1 impregnada del elemento sensorial que, de alguna manera, recreamos con este espacio\u201d, se\u00f1ala Cecilia Garc\u00eda-Huidobro, Directora del Museo Violeta Parra.<\/p>\n<p>&nbsp;<br \/>\nInspirada en la canci\u00f3n \u201cLa Jardinera\u201d, este nuevo espacio tendr\u00e1 violetas azules, pensamientos, manzanill\u00f3n, amapolas, toronjil, entre muchas otras especies de plantas a las que la artista hace referencia en sus obras. Contar\u00e1, adem\u00e1s, con acceso universal para que todos puedan recorrerlo y conocer los distintos elementos que destacar\u00e1n la dimensi\u00f3n sensorial de Violeta Parra: un canal y ca\u00edda de agua, bebederos de aves y pajareras, entre otros.\u00a0 La sala ser\u00e1 inaugurada el 4 de octubre pr\u00f3xima, al celebrarse 100 a\u00f1os desde que Violeta Parra naciera en San Fabi\u00e1n de Alico, en la Provincia del \u00d1uble, y dos de la apertura del museo.<\/p>\n<p>&nbsp;<\/p>\n<p>&nbsp;<\/p>\n<p>\u201cEstamos muy contentos de contribuir a plasmar la conexi\u00f3n que Violeta ten\u00eda con la naturaleza y, a la vez, generar un nuevo jard\u00edn para el gozo y beneficio de toda la comunidad\u201d, dice Diego Urrejola, Director Ejecutivo de Fundaci\u00f3n Cosmos.<\/p>\n<p>&nbsp;<\/p>\n<p>&nbsp;<\/p>\n<p>El Museo Violeta Parra fue inaugurado el 4 de octubre de 2015 con el objetivo de resguardar el\u00a0 significativo legado de Violeta Parra, y de trasmit\u00edrselo a las nuevas generaciones a trav\u00e9s de acciones educativas, art\u00edsticas y acad\u00e9micas. Desde su apertura, el Museo ha recibido m\u00e1s de 150.000 visitantes.<\/p>\n<p>&nbsp;<\/p>\n","protected":false},"excerpt":{"rendered":"<p>Esta semana comenz\u00f3 la construcci\u00f3n de la Sala La Jardinera, espacio al aire libre con propuesta curatorial y educativa. &nbsp; Una nueva sala se sumar\u00e1 en octubre al Museo Violeta Parra, ampliando as\u00ed la exhibici\u00f3n de contendidos que nos introducen en la vida de la artista nacional. Se trata de la Sala La Jardinera, que [&hellip;]<\/p>\n","protected":false},"author":5,"featured_media":5012,"comment_status":"open","ping_status":"open","sticky":false,"template":"","format":"standard","meta":{"site-sidebar-layout":"default","site-content-layout":"","ast-site-content-layout":"default","site-content-style":"default","site-sidebar-style":"default","ast-global-header-display":"","ast-banner-title-visibility":"","ast-main-header-display":"","ast-hfb-above-header-display":"","ast-hfb-below-header-display":"","ast-hfb-mobile-header-display":"","site-post-title":"","ast-breadcrumbs-content":"","ast-featured-img":"","footer-sml-layout":"","theme-transparent-header-meta":"","adv-header-id-meta":"","stick-header-meta":"","header-above-stick-meta":"","header-main-stick-meta":"","header-below-stick-meta":"","astra-migrate-meta-layouts":"default","ast-page-background-enabled":"default","ast-page-background-meta":{"desktop":{"background-color":"var(--ast-global-color-4)","background-image":"","background-repeat":"repeat","background-position":"center center","background-size":"auto","background-attachment":"scroll","background-type":"","background-media":"","overlay-type":"","overlay-color":"","overlay-opacity":"","overlay-gradient":""},"tablet":{"background-color":"","background-image":"","background-repeat":"repeat","background-position":"center center","background-size":"auto","background-attachment":"scroll","background-type":"","background-media":"","overlay-type":"","overlay-color":"","overlay-opacity":"","overlay-gradient":""},"mobile":{"background-color":"","background-image":"","background-repeat":"repeat","background-position":"center center","background-size":"auto","background-attachment":"scroll","background-type":"","background-media":"","overlay-type":"","overlay-color":"","overlay-opacity":"","overlay-gradient":""}},"ast-content-background-meta":{"desktop":{"background-color":"var(--ast-global-color-5)","background-image":"","background-repeat":"repeat","background-position":"center center","background-size":"auto","background-attachment":"scroll","background-type":"","background-media":"","overlay-type":"","overlay-color":"","overlay-opacity":"","overlay-gradient":""},"tablet":{"background-color":"var(--ast-global-color-5)","background-image":"","background-repeat":"repeat","background-position":"center center","background-size":"auto","background-attachment":"scroll","background-type":"","background-media":"","overlay-type":"","overlay-color":"","overlay-opacity":"","overlay-gradient":""},"mobile":{"background-color":"var(--ast-global-color-5)","background-image":"","background-repeat":"repeat","background-position":"center center","background-size":"auto","background-attachment":"scroll","background-type":"","background-media":"","overlay-type":"","overlay-color":"","overlay-opacity":"","overlay-gradient":""}},"footnotes":""},"categories":[59,8,61],"tags":[],"class_list":["post-5006","post","type-post","status-publish","format-standard","has-post-thumbnail","hentry","category-destacado-noticia","category-noticias","category-novedades"],"yoast_head":"<!-- This site is optimized with the Yoast SEO plugin v25.4 - https:\/\/yoast.com\/wordpress\/plugins\/seo\/ -->\n<title>Museo Violeta Parra agrega nueva sala a su recorrido - Museo Violeta Parra<\/title>\n<meta name=\"robots\" content=\"index, follow, max-snippet:-1, max-image-preview:large, max-video-preview:-1\" \/>\n<link rel=\"canonical\" href=\"http:\/\/vientosur.top\/museo\/museo-violeta-parra-agrega-nueva-sala-a-su-recorrido\/\" \/>\n<meta property=\"og:locale\" content=\"es_ES\" \/>\n<meta property=\"og:type\" content=\"article\" \/>\n<meta property=\"og:title\" content=\"Museo Violeta Parra agrega nueva sala a su recorrido - Museo Violeta Parra\" \/>\n<meta property=\"og:description\" content=\"Esta semana comenz\u00f3 la construcci\u00f3n de la Sala La Jardinera, espacio al aire libre con propuesta curatorial y educativa. &nbsp; Una nueva sala se sumar\u00e1 en octubre al Museo Violeta Parra, ampliando as\u00ed la exhibici\u00f3n de contendidos que nos introducen en la vida de la artista nacional. Se trata de la Sala La Jardinera, que [&hellip;]\" \/>\n<meta property=\"og:url\" content=\"http:\/\/vientosur.top\/museo\/museo-violeta-parra-agrega-nueva-sala-a-su-recorrido\/\" \/>\n<meta property=\"og:site_name\" content=\"Museo Violeta Parra\" \/>\n<meta property=\"article:published_time\" content=\"2017-08-11T17:54:57+00:00\" \/>\n<meta property=\"og:image\" content=\"http:\/\/vientosur.top\/museo\/wp-content\/uploads\/2017\/08\/DSC_0621.jpg\" \/>\n\t<meta property=\"og:image:width\" content=\"1200\" \/>\n\t<meta property=\"og:image:height\" content=\"798\" \/>\n\t<meta property=\"og:image:type\" content=\"image\/jpeg\" \/>\n<meta name=\"author\" content=\"admin\" \/>\n<meta name=\"twitter:card\" content=\"summary_large_image\" \/>\n<meta name=\"twitter:label1\" content=\"Escrito por\" \/>\n\t<meta name=\"twitter:data1\" content=\"admin\" \/>\n\t<meta name=\"twitter:label2\" content=\"Tiempo de lectura\" \/>\n\t<meta name=\"twitter:data2\" content=\"2 minutos\" \/>\n<script type=\"application\/ld+json\" class=\"yoast-schema-graph\">{\"@context\":\"https:\/\/schema.org\",\"@graph\":[{\"@type\":\"WebPage\",\"@id\":\"http:\/\/vientosur.top\/museo\/museo-violeta-parra-agrega-nueva-sala-a-su-recorrido\/\",\"url\":\"http:\/\/vientosur.top\/museo\/museo-violeta-parra-agrega-nueva-sala-a-su-recorrido\/\",\"name\":\"Museo Violeta Parra agrega nueva sala a su recorrido - Museo Violeta Parra\",\"isPartOf\":{\"@id\":\"http:\/\/vientosur.top\/museo\/#website\"},\"primaryImageOfPage\":{\"@id\":\"http:\/\/vientosur.top\/museo\/museo-violeta-parra-agrega-nueva-sala-a-su-recorrido\/#primaryimage\"},\"image\":{\"@id\":\"http:\/\/vientosur.top\/museo\/museo-violeta-parra-agrega-nueva-sala-a-su-recorrido\/#primaryimage\"},\"thumbnailUrl\":\"http:\/\/vientosur.top\/museo\/wp-content\/uploads\/2017\/08\/DSC_0621.jpg\",\"datePublished\":\"2017-08-11T17:54:57+00:00\",\"author\":{\"@id\":\"http:\/\/vientosur.top\/museo\/#\/schema\/person\/20c79d3c38800971feec8c2693c3dd9c\"},\"breadcrumb\":{\"@id\":\"http:\/\/vientosur.top\/museo\/museo-violeta-parra-agrega-nueva-sala-a-su-recorrido\/#breadcrumb\"},\"inLanguage\":\"es\",\"potentialAction\":[{\"@type\":\"ReadAction\",\"target\":[\"http:\/\/vientosur.top\/museo\/museo-violeta-parra-agrega-nueva-sala-a-su-recorrido\/\"]}]},{\"@type\":\"ImageObject\",\"inLanguage\":\"es\",\"@id\":\"http:\/\/vientosur.top\/museo\/museo-violeta-parra-agrega-nueva-sala-a-su-recorrido\/#primaryimage\",\"url\":\"http:\/\/vientosur.top\/museo\/wp-content\/uploads\/2017\/08\/DSC_0621.jpg\",\"contentUrl\":\"http:\/\/vientosur.top\/museo\/wp-content\/uploads\/2017\/08\/DSC_0621.jpg\",\"width\":1200,\"height\":798},{\"@type\":\"BreadcrumbList\",\"@id\":\"http:\/\/vientosur.top\/museo\/museo-violeta-parra-agrega-nueva-sala-a-su-recorrido\/#breadcrumb\",\"itemListElement\":[{\"@type\":\"ListItem\",\"position\":1,\"name\":\"Portada\",\"item\":\"http:\/\/vientosur.top\/museo\/\"},{\"@type\":\"ListItem\",\"position\":2,\"name\":\"Museo Violeta Parra agrega nueva sala a su recorrido\"}]},{\"@type\":\"WebSite\",\"@id\":\"http:\/\/vientosur.top\/museo\/#website\",\"url\":\"http:\/\/vientosur.top\/museo\/\",\"name\":\"Museo Violeta Parra\",\"description\":\"Espacio que alberga tanto la memoria y legado creativo de la artista\",\"potentialAction\":[{\"@type\":\"SearchAction\",\"target\":{\"@type\":\"EntryPoint\",\"urlTemplate\":\"http:\/\/vientosur.top\/museo\/?s={search_term_string}\"},\"query-input\":{\"@type\":\"PropertyValueSpecification\",\"valueRequired\":true,\"valueName\":\"search_term_string\"}}],\"inLanguage\":\"es\"},{\"@type\":\"Person\",\"@id\":\"http:\/\/vientosur.top\/museo\/#\/schema\/person\/20c79d3c38800971feec8c2693c3dd9c\",\"name\":\"admin\",\"image\":{\"@type\":\"ImageObject\",\"inLanguage\":\"es\",\"@id\":\"http:\/\/vientosur.top\/museo\/#\/schema\/person\/image\/\",\"url\":\"https:\/\/secure.gravatar.com\/avatar\/713677ece3ffa642287213a80e5b773bce9ab81c269dd6d95102a990951c922f?s=96&d=mm&r=g\",\"contentUrl\":\"https:\/\/secure.gravatar.com\/avatar\/713677ece3ffa642287213a80e5b773bce9ab81c269dd6d95102a990951c922f?s=96&d=mm&r=g\",\"caption\":\"admin\"},\"sameAs\":[\"http:\/\/vientosur.top\/museo\"],\"url\":\"http:\/\/vientosur.top\/museo\/author\/comunicacionesmvp\/\"}]}<\/script>\n<!-- \/ Yoast SEO plugin. -->","yoast_head_json":{"title":"Museo Violeta Parra agrega nueva sala a su recorrido - Museo Violeta Parra","robots":{"index":"index","follow":"follow","max-snippet":"max-snippet:-1","max-image-preview":"max-image-preview:large","max-video-preview":"max-video-preview:-1"},"canonical":"http:\/\/vientosur.top\/museo\/museo-violeta-parra-agrega-nueva-sala-a-su-recorrido\/","og_locale":"es_ES","og_type":"article","og_title":"Museo Violeta Parra agrega nueva sala a su recorrido - Museo Violeta Parra","og_description":"Esta semana comenz\u00f3 la construcci\u00f3n de la Sala La Jardinera, espacio al aire libre con propuesta curatorial y educativa. &nbsp; Una nueva sala se sumar\u00e1 en octubre al Museo Violeta Parra, ampliando as\u00ed la exhibici\u00f3n de contendidos que nos introducen en la vida de la artista nacional. Se trata de la Sala La Jardinera, que [&hellip;]","og_url":"http:\/\/vientosur.top\/museo\/museo-violeta-parra-agrega-nueva-sala-a-su-recorrido\/","og_site_name":"Museo Violeta Parra","article_published_time":"2017-08-11T17:54:57+00:00","og_image":[{"width":1200,"height":798,"url":"http:\/\/vientosur.top\/museo\/wp-content\/uploads\/2017\/08\/DSC_0621.jpg","type":"image\/jpeg"}],"author":"admin","twitter_card":"summary_large_image","twitter_misc":{"Escrito por":"admin","Tiempo de lectura":"2 minutos"},"schema":{"@context":"https:\/\/schema.org","@graph":[{"@type":"WebPage","@id":"http:\/\/vientosur.top\/museo\/museo-violeta-parra-agrega-nueva-sala-a-su-recorrido\/","url":"http:\/\/vientosur.top\/museo\/museo-violeta-parra-agrega-nueva-sala-a-su-recorrido\/","name":"Museo Violeta Parra agrega nueva sala a su recorrido - Museo Violeta Parra","isPartOf":{"@id":"http:\/\/vientosur.top\/museo\/#website"},"primaryImageOfPage":{"@id":"http:\/\/vientosur.top\/museo\/museo-violeta-parra-agrega-nueva-sala-a-su-recorrido\/#primaryimage"},"image":{"@id":"http:\/\/vientosur.top\/museo\/museo-violeta-parra-agrega-nueva-sala-a-su-recorrido\/#primaryimage"},"thumbnailUrl":"http:\/\/vientosur.top\/museo\/wp-content\/uploads\/2017\/08\/DSC_0621.jpg","datePublished":"2017-08-11T17:54:57+00:00","author":{"@id":"http:\/\/vientosur.top\/museo\/#\/schema\/person\/20c79d3c38800971feec8c2693c3dd9c"},"breadcrumb":{"@id":"http:\/\/vientosur.top\/museo\/museo-violeta-parra-agrega-nueva-sala-a-su-recorrido\/#breadcrumb"},"inLanguage":"es","potentialAction":[{"@type":"ReadAction","target":["http:\/\/vientosur.top\/museo\/museo-violeta-parra-agrega-nueva-sala-a-su-recorrido\/"]}]},{"@type":"ImageObject","inLanguage":"es","@id":"http:\/\/vientosur.top\/museo\/museo-violeta-parra-agrega-nueva-sala-a-su-recorrido\/#primaryimage","url":"http:\/\/vientosur.top\/museo\/wp-content\/uploads\/2017\/08\/DSC_0621.jpg","contentUrl":"http:\/\/vientosur.top\/museo\/wp-content\/uploads\/2017\/08\/DSC_0621.jpg","width":1200,"height":798},{"@type":"BreadcrumbList","@id":"http:\/\/vientosur.top\/museo\/museo-violeta-parra-agrega-nueva-sala-a-su-recorrido\/#breadcrumb","itemListElement":[{"@type":"ListItem","position":1,"name":"Portada","item":"http:\/\/vientosur.top\/museo\/"},{"@type":"ListItem","position":2,"name":"Museo Violeta Parra agrega nueva sala a su recorrido"}]},{"@type":"WebSite","@id":"http:\/\/vientosur.top\/museo\/#website","url":"http:\/\/vientosur.top\/museo\/","name":"Museo Violeta Parra","description":"Espacio que alberga tanto la memoria y legado creativo de la artista","potentialAction":[{"@type":"SearchAction","target":{"@type":"EntryPoint","urlTemplate":"http:\/\/vientosur.top\/museo\/?s={search_term_string}"},"query-input":{"@type":"PropertyValueSpecification","valueRequired":true,"valueName":"search_term_string"}}],"inLanguage":"es"},{"@type":"Person","@id":"http:\/\/vientosur.top\/museo\/#\/schema\/person\/20c79d3c38800971feec8c2693c3dd9c","name":"admin","image":{"@type":"ImageObject","inLanguage":"es","@id":"http:\/\/vientosur.top\/museo\/#\/schema\/person\/image\/","url":"https:\/\/secure.gravatar.com\/avatar\/713677ece3ffa642287213a80e5b773bce9ab81c269dd6d95102a990951c922f?s=96&d=mm&r=g","contentUrl":"https:\/\/secure.gravatar.com\/avatar\/713677ece3ffa642287213a80e5b773bce9ab81c269dd6d95102a990951c922f?s=96&d=mm&r=g","caption":"admin"},"sameAs":["http:\/\/vientosur.top\/museo"],"url":"http:\/\/vientosur.top\/museo\/author\/comunicacionesmvp\/"}]}},"_links":{"self":[{"href":"http:\/\/vientosur.top\/museo\/wp-json\/wp\/v2\/posts\/5006","targetHints":{"allow":["GET"]}}],"collection":[{"href":"http:\/\/vientosur.top\/museo\/wp-json\/wp\/v2\/posts"}],"about":[{"href":"http:\/\/vientosur.top\/museo\/wp-json\/wp\/v2\/types\/post"}],"author":[{"embeddable":true,"href":"http:\/\/vientosur.top\/museo\/wp-json\/wp\/v2\/users\/5"}],"replies":[{"embeddable":true,"href":"http:\/\/vientosur.top\/museo\/wp-json\/wp\/v2\/comments?post=5006"}],"version-history":[{"count":0,"href":"http:\/\/vientosur.top\/museo\/wp-json\/wp\/v2\/posts\/5006\/revisions"}],"wp:featuredmedia":[{"embeddable":true,"href":"http:\/\/vientosur.top\/museo\/wp-json\/wp\/v2\/media\/5012"}],"wp:attachment":[{"href":"http:\/\/vientosur.top\/museo\/wp-json\/wp\/v2\/media?parent=5006"}],"wp:term":[{"taxonomy":"category","embeddable":true,"href":"http:\/\/vientosur.top\/museo\/wp-json\/wp\/v2\/categories?post=5006"},{"taxonomy":"post_tag","embeddable":true,"href":"http:\/\/vientosur.top\/museo\/wp-json\/wp\/v2\/tags?post=5006"}],"curies":[{"name":"wp","href":"https:\/\/api.w.org\/{rel}","templated":true}]}}