{"id":5174,"date":"2017-08-30T13:56:40","date_gmt":"2017-08-30T13:56:40","guid":{"rendered":"http:\/\/vientosur.top\/museo\/\/?p=5174"},"modified":"2017-08-30T13:56:40","modified_gmt":"2017-08-30T13:56:40","slug":"cecilia-zabala-y-la-valparraiso-orquesta-inauguraron-coloquio-internacional-violeta-parra-en-la-sala-antar","status":"publish","type":"post","link":"http:\/\/vientosur.top\/museo\/cecilia-zabala-y-la-valparraiso-orquesta-inauguraron-coloquio-internacional-violeta-parra-en-la-sala-antar\/","title":{"rendered":"Cecilia Zabala y Valparra\u00edso Orquesta inauguraron Coloquio Internacional Violeta Parra en la Sala Antar"},"content":{"rendered":"<p>La tarde del martes 29 de agosto fue inaugurado el Coloquio Internacional Violeta Parra en la Sala Antar del Museo. La ceremonia cont\u00f3 con palabras inaugurales de Cecilia Garc\u00eda-Huidobro, Directora del Museo Violeta Parra; Ernesto Ottone, Ministro de Cultura; Jos\u00e9 Julio Infante, Presidente de Iberm\u00fasicas y Juan Pablo Gonz\u00e1lez, coordinador acad\u00e9mico del Coloquio Iberm\u00fasicas.<\/p>\n<p>En la ocasi\u00f3n se present\u00f3 la cantautora y guitarrista argentina Cecilia Zabala y la Valparra\u00edso Orquesta, quienes realizaron un homenaje musical a la artista nacida el 4 de octubre de 1917.<\/p>\n<p>El Coloquio Internacional Violeta Parra reunir\u00e1 a m\u00e1s de 40 investigadores, de ocho pa\u00edses, el mi\u00e9rcoles 30 y jueves 31 de agosto en el Centro Cultural Gabriela Mistral. <strong><a href=\"http:\/\/www.violetaparra100.cl\" target=\"_blank\" rel=\"noopener noreferrer\">Sigue la transmisi\u00f3n en vivo del encuentro<\/a>.\u00a0<\/strong><\/p>\n<p>&nbsp;<\/p>\n<p><a href=\"https:\/\/www.facebook.com\/pg\/MuseoVioletaParra\/photos\/?tab=album&amp;album_id=1983489098561168\" target=\"_blank\" rel=\"noopener noreferrer\">Ver galer\u00eda de im\u00e1genes<\/a><\/p>\n","protected":false},"excerpt":{"rendered":"<p>La tarde del martes 29 de agosto fue inaugurado el Coloquio Internacional Violeta Parra en la Sala Antar del Museo. La ceremonia cont\u00f3 con palabras inaugurales de Cecilia Garc\u00eda-Huidobro, Directora del Museo Violeta Parra; Ernesto Ottone, Ministro de Cultura; Jos\u00e9 Julio Infante, Presidente de Iberm\u00fasicas y Juan Pablo Gonz\u00e1lez, coordinador acad\u00e9mico del Coloquio Iberm\u00fasicas. En [&hellip;]<\/p>\n","protected":false},"author":5,"featured_media":5175,"comment_status":"open","ping_status":"open","sticky":false,"template":"","format":"standard","meta":{"site-sidebar-layout":"default","site-content-layout":"","ast-site-content-layout":"default","site-content-style":"default","site-sidebar-style":"default","ast-global-header-display":"","ast-banner-title-visibility":"","ast-main-header-display":"","ast-hfb-above-header-display":"","ast-hfb-below-header-display":"","ast-hfb-mobile-header-display":"","site-post-title":"","ast-breadcrumbs-content":"","ast-featured-img":"","footer-sml-layout":"","theme-transparent-header-meta":"","adv-header-id-meta":"","stick-header-meta":"","header-above-stick-meta":"","header-main-stick-meta":"","header-below-stick-meta":"","astra-migrate-meta-layouts":"default","ast-page-background-enabled":"default","ast-page-background-meta":{"desktop":{"background-color":"var(--ast-global-color-4)","background-image":"","background-repeat":"repeat","background-position":"center center","background-size":"auto","background-attachment":"scroll","background-type":"","background-media":"","overlay-type":"","overlay-color":"","overlay-opacity":"","overlay-gradient":""},"tablet":{"background-color":"","background-image":"","background-repeat":"repeat","background-position":"center center","background-size":"auto","background-attachment":"scroll","background-type":"","background-media":"","overlay-type":"","overlay-color":"","overlay-opacity":"","overlay-gradient":""},"mobile":{"background-color":"","background-image":"","background-repeat":"repeat","background-position":"center center","background-size":"auto","background-attachment":"scroll","background-type":"","background-media":"","overlay-type":"","overlay-color":"","overlay-opacity":"","overlay-gradient":""}},"ast-content-background-meta":{"desktop":{"background-color":"var(--ast-global-color-5)","background-image":"","background-repeat":"repeat","background-position":"center center","background-size":"auto","background-attachment":"scroll","background-type":"","background-media":"","overlay-type":"","overlay-color":"","overlay-opacity":"","overlay-gradient":""},"tablet":{"background-color":"var(--ast-global-color-5)","background-image":"","background-repeat":"repeat","background-position":"center center","background-size":"auto","background-attachment":"scroll","background-type":"","background-media":"","overlay-type":"","overlay-color":"","overlay-opacity":"","overlay-gradient":""},"mobile":{"background-color":"var(--ast-global-color-5)","background-image":"","background-repeat":"repeat","background-position":"center center","background-size":"auto","background-attachment":"scroll","background-type":"","background-media":"","overlay-type":"","overlay-color":"","overlay-opacity":"","overlay-gradient":""}},"footnotes":""},"categories":[59,8,61],"tags":[],"class_list":["post-5174","post","type-post","status-publish","format-standard","has-post-thumbnail","hentry","category-destacado-noticia","category-noticias","category-novedades"],"yoast_head":"<!-- This site is optimized with the Yoast SEO plugin v25.4 - https:\/\/yoast.com\/wordpress\/plugins\/seo\/ -->\n<title>Cecilia Zabala y Valparra\u00edso Orquesta inauguraron Coloquio Internacional Violeta Parra en la Sala Antar - Museo Violeta Parra<\/title>\n<meta name=\"robots\" content=\"index, follow, max-snippet:-1, max-image-preview:large, max-video-preview:-1\" \/>\n<link rel=\"canonical\" href=\"http:\/\/vientosur.top\/museo\/cecilia-zabala-y-la-valparraiso-orquesta-inauguraron-coloquio-internacional-violeta-parra-en-la-sala-antar\/\" \/>\n<meta property=\"og:locale\" content=\"es_ES\" \/>\n<meta property=\"og:type\" content=\"article\" \/>\n<meta property=\"og:title\" content=\"Cecilia Zabala y Valparra\u00edso Orquesta inauguraron Coloquio Internacional Violeta Parra en la Sala Antar - Museo Violeta Parra\" \/>\n<meta property=\"og:description\" content=\"La tarde del martes 29 de agosto fue inaugurado el Coloquio Internacional Violeta Parra en la Sala Antar del Museo. La ceremonia cont\u00f3 con palabras inaugurales de Cecilia Garc\u00eda-Huidobro, Directora del Museo Violeta Parra; Ernesto Ottone, Ministro de Cultura; Jos\u00e9 Julio Infante, Presidente de Iberm\u00fasicas y Juan Pablo Gonz\u00e1lez, coordinador acad\u00e9mico del Coloquio Iberm\u00fasicas. En [&hellip;]\" \/>\n<meta property=\"og:url\" content=\"http:\/\/vientosur.top\/museo\/cecilia-zabala-y-la-valparraiso-orquesta-inauguraron-coloquio-internacional-violeta-parra-en-la-sala-antar\/\" \/>\n<meta property=\"og:site_name\" content=\"Museo Violeta Parra\" \/>\n<meta property=\"article:published_time\" content=\"2017-08-30T13:56:40+00:00\" \/>\n<meta property=\"og:image\" content=\"http:\/\/vientosur.top\/museo\/wp-content\/uploads\/2017\/08\/cecilizabala.jpg\" \/>\n\t<meta property=\"og:image:width\" content=\"2000\" \/>\n\t<meta property=\"og:image:height\" content=\"1330\" \/>\n\t<meta property=\"og:image:type\" content=\"image\/jpeg\" \/>\n<meta name=\"author\" content=\"admin\" \/>\n<meta name=\"twitter:card\" content=\"summary_large_image\" \/>\n<meta name=\"twitter:label1\" content=\"Escrito por\" \/>\n\t<meta name=\"twitter:data1\" content=\"admin\" \/>\n\t<meta name=\"twitter:label2\" content=\"Tiempo de lectura\" \/>\n\t<meta name=\"twitter:data2\" content=\"1 minuto\" \/>\n<script type=\"application\/ld+json\" class=\"yoast-schema-graph\">{\"@context\":\"https:\/\/schema.org\",\"@graph\":[{\"@type\":\"WebPage\",\"@id\":\"http:\/\/vientosur.top\/museo\/cecilia-zabala-y-la-valparraiso-orquesta-inauguraron-coloquio-internacional-violeta-parra-en-la-sala-antar\/\",\"url\":\"http:\/\/vientosur.top\/museo\/cecilia-zabala-y-la-valparraiso-orquesta-inauguraron-coloquio-internacional-violeta-parra-en-la-sala-antar\/\",\"name\":\"Cecilia Zabala y Valparra\u00edso Orquesta inauguraron Coloquio Internacional Violeta Parra en la Sala Antar - Museo Violeta Parra\",\"isPartOf\":{\"@id\":\"http:\/\/vientosur.top\/museo\/#website\"},\"primaryImageOfPage\":{\"@id\":\"http:\/\/vientosur.top\/museo\/cecilia-zabala-y-la-valparraiso-orquesta-inauguraron-coloquio-internacional-violeta-parra-en-la-sala-antar\/#primaryimage\"},\"image\":{\"@id\":\"http:\/\/vientosur.top\/museo\/cecilia-zabala-y-la-valparraiso-orquesta-inauguraron-coloquio-internacional-violeta-parra-en-la-sala-antar\/#primaryimage\"},\"thumbnailUrl\":\"http:\/\/vientosur.top\/museo\/wp-content\/uploads\/2017\/08\/cecilizabala.jpg\",\"datePublished\":\"2017-08-30T13:56:40+00:00\",\"author\":{\"@id\":\"http:\/\/vientosur.top\/museo\/#\/schema\/person\/20c79d3c38800971feec8c2693c3dd9c\"},\"breadcrumb\":{\"@id\":\"http:\/\/vientosur.top\/museo\/cecilia-zabala-y-la-valparraiso-orquesta-inauguraron-coloquio-internacional-violeta-parra-en-la-sala-antar\/#breadcrumb\"},\"inLanguage\":\"es\",\"potentialAction\":[{\"@type\":\"ReadAction\",\"target\":[\"http:\/\/vientosur.top\/museo\/cecilia-zabala-y-la-valparraiso-orquesta-inauguraron-coloquio-internacional-violeta-parra-en-la-sala-antar\/\"]}]},{\"@type\":\"ImageObject\",\"inLanguage\":\"es\",\"@id\":\"http:\/\/vientosur.top\/museo\/cecilia-zabala-y-la-valparraiso-orquesta-inauguraron-coloquio-internacional-violeta-parra-en-la-sala-antar\/#primaryimage\",\"url\":\"http:\/\/vientosur.top\/museo\/wp-content\/uploads\/2017\/08\/cecilizabala.jpg\",\"contentUrl\":\"http:\/\/vientosur.top\/museo\/wp-content\/uploads\/2017\/08\/cecilizabala.jpg\",\"width\":2000,\"height\":1330},{\"@type\":\"BreadcrumbList\",\"@id\":\"http:\/\/vientosur.top\/museo\/cecilia-zabala-y-la-valparraiso-orquesta-inauguraron-coloquio-internacional-violeta-parra-en-la-sala-antar\/#breadcrumb\",\"itemListElement\":[{\"@type\":\"ListItem\",\"position\":1,\"name\":\"Portada\",\"item\":\"http:\/\/vientosur.top\/museo\/\"},{\"@type\":\"ListItem\",\"position\":2,\"name\":\"Cecilia Zabala y Valparra\u00edso Orquesta inauguraron Coloquio Internacional Violeta Parra en la Sala Antar\"}]},{\"@type\":\"WebSite\",\"@id\":\"http:\/\/vientosur.top\/museo\/#website\",\"url\":\"http:\/\/vientosur.top\/museo\/\",\"name\":\"Museo Violeta Parra\",\"description\":\"Espacio que alberga tanto la memoria y legado creativo de la artista\",\"potentialAction\":[{\"@type\":\"SearchAction\",\"target\":{\"@type\":\"EntryPoint\",\"urlTemplate\":\"http:\/\/vientosur.top\/museo\/?s={search_term_string}\"},\"query-input\":{\"@type\":\"PropertyValueSpecification\",\"valueRequired\":true,\"valueName\":\"search_term_string\"}}],\"inLanguage\":\"es\"},{\"@type\":\"Person\",\"@id\":\"http:\/\/vientosur.top\/museo\/#\/schema\/person\/20c79d3c38800971feec8c2693c3dd9c\",\"name\":\"admin\",\"image\":{\"@type\":\"ImageObject\",\"inLanguage\":\"es\",\"@id\":\"http:\/\/vientosur.top\/museo\/#\/schema\/person\/image\/\",\"url\":\"https:\/\/secure.gravatar.com\/avatar\/713677ece3ffa642287213a80e5b773bce9ab81c269dd6d95102a990951c922f?s=96&d=mm&r=g\",\"contentUrl\":\"https:\/\/secure.gravatar.com\/avatar\/713677ece3ffa642287213a80e5b773bce9ab81c269dd6d95102a990951c922f?s=96&d=mm&r=g\",\"caption\":\"admin\"},\"sameAs\":[\"http:\/\/vientosur.top\/museo\"],\"url\":\"http:\/\/vientosur.top\/museo\/author\/comunicacionesmvp\/\"}]}<\/script>\n<!-- \/ Yoast SEO plugin. -->","yoast_head_json":{"title":"Cecilia Zabala y Valparra\u00edso Orquesta inauguraron Coloquio Internacional Violeta Parra en la Sala Antar - Museo Violeta Parra","robots":{"index":"index","follow":"follow","max-snippet":"max-snippet:-1","max-image-preview":"max-image-preview:large","max-video-preview":"max-video-preview:-1"},"canonical":"http:\/\/vientosur.top\/museo\/cecilia-zabala-y-la-valparraiso-orquesta-inauguraron-coloquio-internacional-violeta-parra-en-la-sala-antar\/","og_locale":"es_ES","og_type":"article","og_title":"Cecilia Zabala y Valparra\u00edso Orquesta inauguraron Coloquio Internacional Violeta Parra en la Sala Antar - Museo Violeta Parra","og_description":"La tarde del martes 29 de agosto fue inaugurado el Coloquio Internacional Violeta Parra en la Sala Antar del Museo. La ceremonia cont\u00f3 con palabras inaugurales de Cecilia Garc\u00eda-Huidobro, Directora del Museo Violeta Parra; Ernesto Ottone, Ministro de Cultura; Jos\u00e9 Julio Infante, Presidente de Iberm\u00fasicas y Juan Pablo Gonz\u00e1lez, coordinador acad\u00e9mico del Coloquio Iberm\u00fasicas. En [&hellip;]","og_url":"http:\/\/vientosur.top\/museo\/cecilia-zabala-y-la-valparraiso-orquesta-inauguraron-coloquio-internacional-violeta-parra-en-la-sala-antar\/","og_site_name":"Museo Violeta Parra","article_published_time":"2017-08-30T13:56:40+00:00","og_image":[{"width":2000,"height":1330,"url":"http:\/\/vientosur.top\/museo\/wp-content\/uploads\/2017\/08\/cecilizabala.jpg","type":"image\/jpeg"}],"author":"admin","twitter_card":"summary_large_image","twitter_misc":{"Escrito por":"admin","Tiempo de lectura":"1 minuto"},"schema":{"@context":"https:\/\/schema.org","@graph":[{"@type":"WebPage","@id":"http:\/\/vientosur.top\/museo\/cecilia-zabala-y-la-valparraiso-orquesta-inauguraron-coloquio-internacional-violeta-parra-en-la-sala-antar\/","url":"http:\/\/vientosur.top\/museo\/cecilia-zabala-y-la-valparraiso-orquesta-inauguraron-coloquio-internacional-violeta-parra-en-la-sala-antar\/","name":"Cecilia Zabala y Valparra\u00edso Orquesta inauguraron Coloquio Internacional Violeta Parra en la Sala Antar - Museo Violeta Parra","isPartOf":{"@id":"http:\/\/vientosur.top\/museo\/#website"},"primaryImageOfPage":{"@id":"http:\/\/vientosur.top\/museo\/cecilia-zabala-y-la-valparraiso-orquesta-inauguraron-coloquio-internacional-violeta-parra-en-la-sala-antar\/#primaryimage"},"image":{"@id":"http:\/\/vientosur.top\/museo\/cecilia-zabala-y-la-valparraiso-orquesta-inauguraron-coloquio-internacional-violeta-parra-en-la-sala-antar\/#primaryimage"},"thumbnailUrl":"http:\/\/vientosur.top\/museo\/wp-content\/uploads\/2017\/08\/cecilizabala.jpg","datePublished":"2017-08-30T13:56:40+00:00","author":{"@id":"http:\/\/vientosur.top\/museo\/#\/schema\/person\/20c79d3c38800971feec8c2693c3dd9c"},"breadcrumb":{"@id":"http:\/\/vientosur.top\/museo\/cecilia-zabala-y-la-valparraiso-orquesta-inauguraron-coloquio-internacional-violeta-parra-en-la-sala-antar\/#breadcrumb"},"inLanguage":"es","potentialAction":[{"@type":"ReadAction","target":["http:\/\/vientosur.top\/museo\/cecilia-zabala-y-la-valparraiso-orquesta-inauguraron-coloquio-internacional-violeta-parra-en-la-sala-antar\/"]}]},{"@type":"ImageObject","inLanguage":"es","@id":"http:\/\/vientosur.top\/museo\/cecilia-zabala-y-la-valparraiso-orquesta-inauguraron-coloquio-internacional-violeta-parra-en-la-sala-antar\/#primaryimage","url":"http:\/\/vientosur.top\/museo\/wp-content\/uploads\/2017\/08\/cecilizabala.jpg","contentUrl":"http:\/\/vientosur.top\/museo\/wp-content\/uploads\/2017\/08\/cecilizabala.jpg","width":2000,"height":1330},{"@type":"BreadcrumbList","@id":"http:\/\/vientosur.top\/museo\/cecilia-zabala-y-la-valparraiso-orquesta-inauguraron-coloquio-internacional-violeta-parra-en-la-sala-antar\/#breadcrumb","itemListElement":[{"@type":"ListItem","position":1,"name":"Portada","item":"http:\/\/vientosur.top\/museo\/"},{"@type":"ListItem","position":2,"name":"Cecilia Zabala y Valparra\u00edso Orquesta inauguraron Coloquio Internacional Violeta Parra en la Sala Antar"}]},{"@type":"WebSite","@id":"http:\/\/vientosur.top\/museo\/#website","url":"http:\/\/vientosur.top\/museo\/","name":"Museo Violeta Parra","description":"Espacio que alberga tanto la memoria y legado creativo de la artista","potentialAction":[{"@type":"SearchAction","target":{"@type":"EntryPoint","urlTemplate":"http:\/\/vientosur.top\/museo\/?s={search_term_string}"},"query-input":{"@type":"PropertyValueSpecification","valueRequired":true,"valueName":"search_term_string"}}],"inLanguage":"es"},{"@type":"Person","@id":"http:\/\/vientosur.top\/museo\/#\/schema\/person\/20c79d3c38800971feec8c2693c3dd9c","name":"admin","image":{"@type":"ImageObject","inLanguage":"es","@id":"http:\/\/vientosur.top\/museo\/#\/schema\/person\/image\/","url":"https:\/\/secure.gravatar.com\/avatar\/713677ece3ffa642287213a80e5b773bce9ab81c269dd6d95102a990951c922f?s=96&d=mm&r=g","contentUrl":"https:\/\/secure.gravatar.com\/avatar\/713677ece3ffa642287213a80e5b773bce9ab81c269dd6d95102a990951c922f?s=96&d=mm&r=g","caption":"admin"},"sameAs":["http:\/\/vientosur.top\/museo"],"url":"http:\/\/vientosur.top\/museo\/author\/comunicacionesmvp\/"}]}},"_links":{"self":[{"href":"http:\/\/vientosur.top\/museo\/wp-json\/wp\/v2\/posts\/5174","targetHints":{"allow":["GET"]}}],"collection":[{"href":"http:\/\/vientosur.top\/museo\/wp-json\/wp\/v2\/posts"}],"about":[{"href":"http:\/\/vientosur.top\/museo\/wp-json\/wp\/v2\/types\/post"}],"author":[{"embeddable":true,"href":"http:\/\/vientosur.top\/museo\/wp-json\/wp\/v2\/users\/5"}],"replies":[{"embeddable":true,"href":"http:\/\/vientosur.top\/museo\/wp-json\/wp\/v2\/comments?post=5174"}],"version-history":[{"count":0,"href":"http:\/\/vientosur.top\/museo\/wp-json\/wp\/v2\/posts\/5174\/revisions"}],"wp:featuredmedia":[{"embeddable":true,"href":"http:\/\/vientosur.top\/museo\/wp-json\/wp\/v2\/media\/5175"}],"wp:attachment":[{"href":"http:\/\/vientosur.top\/museo\/wp-json\/wp\/v2\/media?parent=5174"}],"wp:term":[{"taxonomy":"category","embeddable":true,"href":"http:\/\/vientosur.top\/museo\/wp-json\/wp\/v2\/categories?post=5174"},{"taxonomy":"post_tag","embeddable":true,"href":"http:\/\/vientosur.top\/museo\/wp-json\/wp\/v2\/tags?post=5174"}],"curies":[{"name":"wp","href":"https:\/\/api.w.org\/{rel}","templated":true}]}}