{"id":5210,"date":"2017-09-01T19:04:24","date_gmt":"2017-09-01T19:04:24","guid":{"rendered":"http:\/\/vientosur.top\/museo\/\/?p=5210"},"modified":"2017-09-01T19:04:24","modified_gmt":"2017-09-01T19:04:24","slug":"museo-violeta-parra-inicia-proyecto-canciones-que-se-pintan","status":"publish","type":"post","link":"http:\/\/vientosur.top\/museo\/museo-violeta-parra-inicia-proyecto-canciones-que-se-pintan\/","title":{"rendered":"Museo Violeta Parra inicia proyecto \u00abCanciones que se pintan\u00bb"},"content":{"rendered":"<p><em>La iniciativa contar\u00e1 con la participaci\u00f3n de establecimientos educacionales, organizaciones sociales e intervenci\u00f3n del p\u00fablico general que participar\u00e1 en talleres gratuitos. \u00a0\u00a0<\/em><\/p>\n<p>\u00abCanciones que se pintan\u00bb se llama el proyecto que se desarrollar\u00e1 durante septiembre en el Museo Violeta Parra, en el que diversos grupos rendir\u00e1n un homenaje pict\u00f3rico y visual, en el muro de la explanada de la instituci\u00f3n ubicada en Vicu\u00f1a Mackenna 37.<\/p>\n<p>\u201cVioleta Parra se\u00f1al\u00f3 que sus arpilleras son como <em>canciones que se pintan<\/em>, por eso tomamos este concepto como eje curatorial, para llevar a la visualidad los temas m\u00e1s representativos de su vasto repertorio musical, utilizando la pintura como medio de creaci\u00f3n y expresi\u00f3n\u201d, explica Cecilia Garc\u00eda-Huidobro, Directora del Museo Violeta Parra.<\/p>\n<p>Ser\u00e1n 25 murales, desarrollados de forma colectiva, los que se ubicar\u00e1n en el muro interior de la explanada. El motivo ser\u00e1 el repertorio musical de Violeta Parra, poniendo en valor el aporte de la gente como elemento central del trabajo. Diferentes colectivos de estudiantes de todos los niveles de la educaci\u00f3n formal, organizaciones sociales, grupos de personas en situaci\u00f3n de discapacidad y el voluntariado del museo formar\u00e1n parte de este proceso.<\/p>\n<p>Adem\u00e1s, se desarrollar\u00e1n seis talleres de muralismo durante los s\u00e1bados de septiembre, con inscripciones abiertas para agrupaciones o colectivos a trav\u00e9s del tel\u00e9fono 23554648 a contar de las 9:30 horas del martes previo a la realizaci\u00f3n. Los materiales utilizados ser\u00e1n sencillos, tal como los que utilizaba Violeta Parra en sus creaciones.<\/p>\n<p>Entre las organizaciones participantes se encuentran: Escuela de Arquitectura de la Universidad Cat\u00f3lica (\u201cUna chilena en Par\u00eds\u201d), Liceo Doctor Luis Vargas Salcedo (\u201cVolver a los 17\u201d), Telet\u00f3n (\u201cGracias a la vida\u201d), Colegio San Ignacio (\u201cSe juntan dos palomitas\u201d), Liceo Talagante (\u201cMiren como sonr\u00eden\u201d), Colegio Papelucho (\u201cPupila de \u00e1guila\u201d) y estudiantes de la Universidad Metropolitana de Ciencias de la Educaci\u00f3n (\u201cMe gustan los estudiantes\u201d).<\/p>\n<p>&nbsp;<\/p>\n<p><a href=\"https:\/\/www.facebook.com\/MuseoVioletaParra\/photos\/?tab=album&amp;album_id=1990615607848517\" target=\"_blank\" rel=\"noopener noreferrer\"><strong>Ver galer\u00eda de im\u00e1genes<\/strong><\/a><\/p>\n<p>&nbsp;<\/p>\n<p>&nbsp;<\/p>\n","protected":false},"excerpt":{"rendered":"<p>La iniciativa contar\u00e1 con la participaci\u00f3n de establecimientos educacionales, organizaciones sociales e intervenci\u00f3n del p\u00fablico general que participar\u00e1 en talleres gratuitos. \u00a0\u00a0 \u00abCanciones que se pintan\u00bb se llama el proyecto que se desarrollar\u00e1 durante septiembre en el Museo Violeta Parra, en el que diversos grupos rendir\u00e1n un homenaje pict\u00f3rico y visual, en el muro de [&hellip;]<\/p>\n","protected":false},"author":5,"featured_media":15251,"comment_status":"open","ping_status":"open","sticky":false,"template":"","format":"standard","meta":{"site-sidebar-layout":"default","site-content-layout":"","ast-site-content-layout":"default","site-content-style":"default","site-sidebar-style":"default","ast-global-header-display":"","ast-banner-title-visibility":"","ast-main-header-display":"","ast-hfb-above-header-display":"","ast-hfb-below-header-display":"","ast-hfb-mobile-header-display":"","site-post-title":"","ast-breadcrumbs-content":"","ast-featured-img":"","footer-sml-layout":"","theme-transparent-header-meta":"","adv-header-id-meta":"","stick-header-meta":"","header-above-stick-meta":"","header-main-stick-meta":"","header-below-stick-meta":"","astra-migrate-meta-layouts":"default","ast-page-background-enabled":"default","ast-page-background-meta":{"desktop":{"background-color":"var(--ast-global-color-4)","background-image":"","background-repeat":"repeat","background-position":"center center","background-size":"auto","background-attachment":"scroll","background-type":"","background-media":"","overlay-type":"","overlay-color":"","overlay-opacity":"","overlay-gradient":""},"tablet":{"background-color":"","background-image":"","background-repeat":"repeat","background-position":"center center","background-size":"auto","background-attachment":"scroll","background-type":"","background-media":"","overlay-type":"","overlay-color":"","overlay-opacity":"","overlay-gradient":""},"mobile":{"background-color":"","background-image":"","background-repeat":"repeat","background-position":"center center","background-size":"auto","background-attachment":"scroll","background-type":"","background-media":"","overlay-type":"","overlay-color":"","overlay-opacity":"","overlay-gradient":""}},"ast-content-background-meta":{"desktop":{"background-color":"var(--ast-global-color-5)","background-image":"","background-repeat":"repeat","background-position":"center center","background-size":"auto","background-attachment":"scroll","background-type":"","background-media":"","overlay-type":"","overlay-color":"","overlay-opacity":"","overlay-gradient":""},"tablet":{"background-color":"var(--ast-global-color-5)","background-image":"","background-repeat":"repeat","background-position":"center center","background-size":"auto","background-attachment":"scroll","background-type":"","background-media":"","overlay-type":"","overlay-color":"","overlay-opacity":"","overlay-gradient":""},"mobile":{"background-color":"var(--ast-global-color-5)","background-image":"","background-repeat":"repeat","background-position":"center center","background-size":"auto","background-attachment":"scroll","background-type":"","background-media":"","overlay-type":"","overlay-color":"","overlay-opacity":"","overlay-gradient":""}},"footnotes":""},"categories":[59,8,61],"tags":[],"class_list":["post-5210","post","type-post","status-publish","format-standard","has-post-thumbnail","hentry","category-destacado-noticia","category-noticias","category-novedades"],"yoast_head":"<!-- This site is optimized with the Yoast SEO plugin v25.4 - https:\/\/yoast.com\/wordpress\/plugins\/seo\/ -->\n<title>Museo Violeta Parra inicia proyecto &quot;Canciones que se pintan&quot; - Museo Violeta Parra<\/title>\n<meta name=\"robots\" content=\"index, follow, max-snippet:-1, max-image-preview:large, max-video-preview:-1\" \/>\n<link rel=\"canonical\" href=\"http:\/\/vientosur.top\/museo\/museo-violeta-parra-inicia-proyecto-canciones-que-se-pintan\/\" \/>\n<meta property=\"og:locale\" content=\"es_ES\" \/>\n<meta property=\"og:type\" content=\"article\" \/>\n<meta property=\"og:title\" content=\"Museo Violeta Parra inicia proyecto &quot;Canciones que se pintan&quot; - Museo Violeta Parra\" \/>\n<meta property=\"og:description\" content=\"La iniciativa contar\u00e1 con la participaci\u00f3n de establecimientos educacionales, organizaciones sociales e intervenci\u00f3n del p\u00fablico general que participar\u00e1 en talleres gratuitos. \u00a0\u00a0 \u00abCanciones que se pintan\u00bb se llama el proyecto que se desarrollar\u00e1 durante septiembre en el Museo Violeta Parra, en el que diversos grupos rendir\u00e1n un homenaje pict\u00f3rico y visual, en el muro de [&hellip;]\" \/>\n<meta property=\"og:url\" content=\"http:\/\/vientosur.top\/museo\/museo-violeta-parra-inicia-proyecto-canciones-que-se-pintan\/\" \/>\n<meta property=\"og:site_name\" content=\"Museo Violeta Parra\" \/>\n<meta property=\"article:published_time\" content=\"2017-09-01T19:04:24+00:00\" \/>\n<meta property=\"og:image\" content=\"http:\/\/vientosur.top\/museo\/wp-content\/uploads\/2017\/09\/CANCIONESQUESEPINTAN.jpg\" \/>\n\t<meta property=\"og:image:width\" content=\"2048\" \/>\n\t<meta property=\"og:image:height\" content=\"1361\" \/>\n\t<meta property=\"og:image:type\" content=\"image\/jpeg\" \/>\n<meta name=\"author\" content=\"admin\" \/>\n<meta name=\"twitter:card\" content=\"summary_large_image\" \/>\n<meta name=\"twitter:label1\" content=\"Escrito por\" \/>\n\t<meta name=\"twitter:data1\" content=\"admin\" \/>\n\t<meta name=\"twitter:label2\" content=\"Tiempo de lectura\" \/>\n\t<meta name=\"twitter:data2\" content=\"2 minutos\" \/>\n<script type=\"application\/ld+json\" class=\"yoast-schema-graph\">{\"@context\":\"https:\/\/schema.org\",\"@graph\":[{\"@type\":\"WebPage\",\"@id\":\"http:\/\/vientosur.top\/museo\/museo-violeta-parra-inicia-proyecto-canciones-que-se-pintan\/\",\"url\":\"http:\/\/vientosur.top\/museo\/museo-violeta-parra-inicia-proyecto-canciones-que-se-pintan\/\",\"name\":\"Museo Violeta Parra inicia proyecto \\\"Canciones que se pintan\\\" - Museo Violeta Parra\",\"isPartOf\":{\"@id\":\"http:\/\/vientosur.top\/museo\/#website\"},\"primaryImageOfPage\":{\"@id\":\"http:\/\/vientosur.top\/museo\/museo-violeta-parra-inicia-proyecto-canciones-que-se-pintan\/#primaryimage\"},\"image\":{\"@id\":\"http:\/\/vientosur.top\/museo\/museo-violeta-parra-inicia-proyecto-canciones-que-se-pintan\/#primaryimage\"},\"thumbnailUrl\":\"http:\/\/vientosur.top\/museo\/wp-content\/uploads\/2017\/09\/CANCIONESQUESEPINTAN.jpg\",\"datePublished\":\"2017-09-01T19:04:24+00:00\",\"author\":{\"@id\":\"http:\/\/vientosur.top\/museo\/#\/schema\/person\/20c79d3c38800971feec8c2693c3dd9c\"},\"breadcrumb\":{\"@id\":\"http:\/\/vientosur.top\/museo\/museo-violeta-parra-inicia-proyecto-canciones-que-se-pintan\/#breadcrumb\"},\"inLanguage\":\"es\",\"potentialAction\":[{\"@type\":\"ReadAction\",\"target\":[\"http:\/\/vientosur.top\/museo\/museo-violeta-parra-inicia-proyecto-canciones-que-se-pintan\/\"]}]},{\"@type\":\"ImageObject\",\"inLanguage\":\"es\",\"@id\":\"http:\/\/vientosur.top\/museo\/museo-violeta-parra-inicia-proyecto-canciones-que-se-pintan\/#primaryimage\",\"url\":\"http:\/\/vientosur.top\/museo\/wp-content\/uploads\/2017\/09\/CANCIONESQUESEPINTAN.jpg\",\"contentUrl\":\"http:\/\/vientosur.top\/museo\/wp-content\/uploads\/2017\/09\/CANCIONESQUESEPINTAN.jpg\",\"width\":2048,\"height\":1361},{\"@type\":\"BreadcrumbList\",\"@id\":\"http:\/\/vientosur.top\/museo\/museo-violeta-parra-inicia-proyecto-canciones-que-se-pintan\/#breadcrumb\",\"itemListElement\":[{\"@type\":\"ListItem\",\"position\":1,\"name\":\"Portada\",\"item\":\"http:\/\/vientosur.top\/museo\/\"},{\"@type\":\"ListItem\",\"position\":2,\"name\":\"Museo Violeta Parra inicia proyecto \u00abCanciones que se pintan\u00bb\"}]},{\"@type\":\"WebSite\",\"@id\":\"http:\/\/vientosur.top\/museo\/#website\",\"url\":\"http:\/\/vientosur.top\/museo\/\",\"name\":\"Museo Violeta Parra\",\"description\":\"Espacio que alberga tanto la memoria y legado creativo de la artista\",\"potentialAction\":[{\"@type\":\"SearchAction\",\"target\":{\"@type\":\"EntryPoint\",\"urlTemplate\":\"http:\/\/vientosur.top\/museo\/?s={search_term_string}\"},\"query-input\":{\"@type\":\"PropertyValueSpecification\",\"valueRequired\":true,\"valueName\":\"search_term_string\"}}],\"inLanguage\":\"es\"},{\"@type\":\"Person\",\"@id\":\"http:\/\/vientosur.top\/museo\/#\/schema\/person\/20c79d3c38800971feec8c2693c3dd9c\",\"name\":\"admin\",\"image\":{\"@type\":\"ImageObject\",\"inLanguage\":\"es\",\"@id\":\"http:\/\/vientosur.top\/museo\/#\/schema\/person\/image\/\",\"url\":\"https:\/\/secure.gravatar.com\/avatar\/713677ece3ffa642287213a80e5b773bce9ab81c269dd6d95102a990951c922f?s=96&d=mm&r=g\",\"contentUrl\":\"https:\/\/secure.gravatar.com\/avatar\/713677ece3ffa642287213a80e5b773bce9ab81c269dd6d95102a990951c922f?s=96&d=mm&r=g\",\"caption\":\"admin\"},\"sameAs\":[\"http:\/\/vientosur.top\/museo\"],\"url\":\"http:\/\/vientosur.top\/museo\/author\/comunicacionesmvp\/\"}]}<\/script>\n<!-- \/ Yoast SEO plugin. -->","yoast_head_json":{"title":"Museo Violeta Parra inicia proyecto \"Canciones que se pintan\" - Museo Violeta Parra","robots":{"index":"index","follow":"follow","max-snippet":"max-snippet:-1","max-image-preview":"max-image-preview:large","max-video-preview":"max-video-preview:-1"},"canonical":"http:\/\/vientosur.top\/museo\/museo-violeta-parra-inicia-proyecto-canciones-que-se-pintan\/","og_locale":"es_ES","og_type":"article","og_title":"Museo Violeta Parra inicia proyecto \"Canciones que se pintan\" - Museo Violeta Parra","og_description":"La iniciativa contar\u00e1 con la participaci\u00f3n de establecimientos educacionales, organizaciones sociales e intervenci\u00f3n del p\u00fablico general que participar\u00e1 en talleres gratuitos. \u00a0\u00a0 \u00abCanciones que se pintan\u00bb se llama el proyecto que se desarrollar\u00e1 durante septiembre en el Museo Violeta Parra, en el que diversos grupos rendir\u00e1n un homenaje pict\u00f3rico y visual, en el muro de [&hellip;]","og_url":"http:\/\/vientosur.top\/museo\/museo-violeta-parra-inicia-proyecto-canciones-que-se-pintan\/","og_site_name":"Museo Violeta Parra","article_published_time":"2017-09-01T19:04:24+00:00","og_image":[{"width":2048,"height":1361,"url":"http:\/\/vientosur.top\/museo\/wp-content\/uploads\/2017\/09\/CANCIONESQUESEPINTAN.jpg","type":"image\/jpeg"}],"author":"admin","twitter_card":"summary_large_image","twitter_misc":{"Escrito por":"admin","Tiempo de lectura":"2 minutos"},"schema":{"@context":"https:\/\/schema.org","@graph":[{"@type":"WebPage","@id":"http:\/\/vientosur.top\/museo\/museo-violeta-parra-inicia-proyecto-canciones-que-se-pintan\/","url":"http:\/\/vientosur.top\/museo\/museo-violeta-parra-inicia-proyecto-canciones-que-se-pintan\/","name":"Museo Violeta Parra inicia proyecto \"Canciones que se pintan\" - Museo Violeta Parra","isPartOf":{"@id":"http:\/\/vientosur.top\/museo\/#website"},"primaryImageOfPage":{"@id":"http:\/\/vientosur.top\/museo\/museo-violeta-parra-inicia-proyecto-canciones-que-se-pintan\/#primaryimage"},"image":{"@id":"http:\/\/vientosur.top\/museo\/museo-violeta-parra-inicia-proyecto-canciones-que-se-pintan\/#primaryimage"},"thumbnailUrl":"http:\/\/vientosur.top\/museo\/wp-content\/uploads\/2017\/09\/CANCIONESQUESEPINTAN.jpg","datePublished":"2017-09-01T19:04:24+00:00","author":{"@id":"http:\/\/vientosur.top\/museo\/#\/schema\/person\/20c79d3c38800971feec8c2693c3dd9c"},"breadcrumb":{"@id":"http:\/\/vientosur.top\/museo\/museo-violeta-parra-inicia-proyecto-canciones-que-se-pintan\/#breadcrumb"},"inLanguage":"es","potentialAction":[{"@type":"ReadAction","target":["http:\/\/vientosur.top\/museo\/museo-violeta-parra-inicia-proyecto-canciones-que-se-pintan\/"]}]},{"@type":"ImageObject","inLanguage":"es","@id":"http:\/\/vientosur.top\/museo\/museo-violeta-parra-inicia-proyecto-canciones-que-se-pintan\/#primaryimage","url":"http:\/\/vientosur.top\/museo\/wp-content\/uploads\/2017\/09\/CANCIONESQUESEPINTAN.jpg","contentUrl":"http:\/\/vientosur.top\/museo\/wp-content\/uploads\/2017\/09\/CANCIONESQUESEPINTAN.jpg","width":2048,"height":1361},{"@type":"BreadcrumbList","@id":"http:\/\/vientosur.top\/museo\/museo-violeta-parra-inicia-proyecto-canciones-que-se-pintan\/#breadcrumb","itemListElement":[{"@type":"ListItem","position":1,"name":"Portada","item":"http:\/\/vientosur.top\/museo\/"},{"@type":"ListItem","position":2,"name":"Museo Violeta Parra inicia proyecto \u00abCanciones que se pintan\u00bb"}]},{"@type":"WebSite","@id":"http:\/\/vientosur.top\/museo\/#website","url":"http:\/\/vientosur.top\/museo\/","name":"Museo Violeta Parra","description":"Espacio que alberga tanto la memoria y legado creativo de la artista","potentialAction":[{"@type":"SearchAction","target":{"@type":"EntryPoint","urlTemplate":"http:\/\/vientosur.top\/museo\/?s={search_term_string}"},"query-input":{"@type":"PropertyValueSpecification","valueRequired":true,"valueName":"search_term_string"}}],"inLanguage":"es"},{"@type":"Person","@id":"http:\/\/vientosur.top\/museo\/#\/schema\/person\/20c79d3c38800971feec8c2693c3dd9c","name":"admin","image":{"@type":"ImageObject","inLanguage":"es","@id":"http:\/\/vientosur.top\/museo\/#\/schema\/person\/image\/","url":"https:\/\/secure.gravatar.com\/avatar\/713677ece3ffa642287213a80e5b773bce9ab81c269dd6d95102a990951c922f?s=96&d=mm&r=g","contentUrl":"https:\/\/secure.gravatar.com\/avatar\/713677ece3ffa642287213a80e5b773bce9ab81c269dd6d95102a990951c922f?s=96&d=mm&r=g","caption":"admin"},"sameAs":["http:\/\/vientosur.top\/museo"],"url":"http:\/\/vientosur.top\/museo\/author\/comunicacionesmvp\/"}]}},"_links":{"self":[{"href":"http:\/\/vientosur.top\/museo\/wp-json\/wp\/v2\/posts\/5210","targetHints":{"allow":["GET"]}}],"collection":[{"href":"http:\/\/vientosur.top\/museo\/wp-json\/wp\/v2\/posts"}],"about":[{"href":"http:\/\/vientosur.top\/museo\/wp-json\/wp\/v2\/types\/post"}],"author":[{"embeddable":true,"href":"http:\/\/vientosur.top\/museo\/wp-json\/wp\/v2\/users\/5"}],"replies":[{"embeddable":true,"href":"http:\/\/vientosur.top\/museo\/wp-json\/wp\/v2\/comments?post=5210"}],"version-history":[{"count":0,"href":"http:\/\/vientosur.top\/museo\/wp-json\/wp\/v2\/posts\/5210\/revisions"}],"wp:featuredmedia":[{"embeddable":true,"href":"http:\/\/vientosur.top\/museo\/wp-json\/wp\/v2\/media\/15251"}],"wp:attachment":[{"href":"http:\/\/vientosur.top\/museo\/wp-json\/wp\/v2\/media?parent=5210"}],"wp:term":[{"taxonomy":"category","embeddable":true,"href":"http:\/\/vientosur.top\/museo\/wp-json\/wp\/v2\/categories?post=5210"},{"taxonomy":"post_tag","embeddable":true,"href":"http:\/\/vientosur.top\/museo\/wp-json\/wp\/v2\/tags?post=5210"}],"curies":[{"name":"wp","href":"https:\/\/api.w.org\/{rel}","templated":true}]}}