{"id":5244,"date":"2017-09-11T15:49:49","date_gmt":"2017-09-11T15:49:49","guid":{"rendered":"http:\/\/vientosur.top\/museo\/\/?p=5244"},"modified":"2017-09-11T15:49:49","modified_gmt":"2017-09-11T15:49:49","slug":"cecilia-astorga-y-de-patienquincha-presentaron-en-el-museo-violeta-parra-versos-danzas-y-cantares","status":"publish","type":"post","link":"http:\/\/vientosur.top\/museo\/cecilia-astorga-y-de-patienquincha-presentaron-en-el-museo-violeta-parra-versos-danzas-y-cantares\/","title":{"rendered":"Cecilia Astorga y De Patienquincha presentaron en el Museo Violeta Parra \u00abVersos, danzas y cantares\u00bb"},"content":{"rendered":"<p>Este s\u00e1bado 8 de septiembre se presentaron en Sala Antar Cecilia Astorga y De Patienquincha.<\/p>\n<p>La payadora Cecilia Astorga naci\u00f3 en Rancagua en 1967 y es una de las mujeres pioneras en asumir el oficio profesional de improvisaci\u00f3n de la poes\u00eda tradicional. Se present\u00f3 junto al grupo De Patienquincha, integrado por\u00a0Patricia D\u00edaz Vilches, Marco Palma, Mauricio Vega y Cristi\u00e1n Campos, interpretando tonadas, cuecas y valses.<\/p>\n<p>&nbsp;<\/p>\n<p><a href=\"https:\/\/www.facebook.com\/pg\/MuseoVioletaParra\/photos\/?tab=album&amp;album_id=1989006578009420\" target=\"_blank\" rel=\"noopener noreferrer\">Ver galer\u00eda de im\u00e1genes<\/a><\/p>\n","protected":false},"excerpt":{"rendered":"<p>Este s\u00e1bado 8 de septiembre se presentaron en Sala Antar Cecilia Astorga y De Patienquincha. La payadora Cecilia Astorga naci\u00f3 en Rancagua en 1967 y es una de las mujeres pioneras en asumir el oficio profesional de improvisaci\u00f3n de la poes\u00eda tradicional. Se present\u00f3 junto al grupo De Patienquincha, integrado por\u00a0Patricia D\u00edaz Vilches, Marco Palma, [&hellip;]<\/p>\n","protected":false},"author":5,"featured_media":5245,"comment_status":"open","ping_status":"open","sticky":false,"template":"","format":"standard","meta":{"site-sidebar-layout":"default","site-content-layout":"","ast-site-content-layout":"default","site-content-style":"default","site-sidebar-style":"default","ast-global-header-display":"","ast-banner-title-visibility":"","ast-main-header-display":"","ast-hfb-above-header-display":"","ast-hfb-below-header-display":"","ast-hfb-mobile-header-display":"","site-post-title":"","ast-breadcrumbs-content":"","ast-featured-img":"","footer-sml-layout":"","theme-transparent-header-meta":"","adv-header-id-meta":"","stick-header-meta":"","header-above-stick-meta":"","header-main-stick-meta":"","header-below-stick-meta":"","astra-migrate-meta-layouts":"default","ast-page-background-enabled":"default","ast-page-background-meta":{"desktop":{"background-color":"var(--ast-global-color-4)","background-image":"","background-repeat":"repeat","background-position":"center center","background-size":"auto","background-attachment":"scroll","background-type":"","background-media":"","overlay-type":"","overlay-color":"","overlay-opacity":"","overlay-gradient":""},"tablet":{"background-color":"","background-image":"","background-repeat":"repeat","background-position":"center center","background-size":"auto","background-attachment":"scroll","background-type":"","background-media":"","overlay-type":"","overlay-color":"","overlay-opacity":"","overlay-gradient":""},"mobile":{"background-color":"","background-image":"","background-repeat":"repeat","background-position":"center center","background-size":"auto","background-attachment":"scroll","background-type":"","background-media":"","overlay-type":"","overlay-color":"","overlay-opacity":"","overlay-gradient":""}},"ast-content-background-meta":{"desktop":{"background-color":"var(--ast-global-color-5)","background-image":"","background-repeat":"repeat","background-position":"center center","background-size":"auto","background-attachment":"scroll","background-type":"","background-media":"","overlay-type":"","overlay-color":"","overlay-opacity":"","overlay-gradient":""},"tablet":{"background-color":"var(--ast-global-color-5)","background-image":"","background-repeat":"repeat","background-position":"center center","background-size":"auto","background-attachment":"scroll","background-type":"","background-media":"","overlay-type":"","overlay-color":"","overlay-opacity":"","overlay-gradient":""},"mobile":{"background-color":"var(--ast-global-color-5)","background-image":"","background-repeat":"repeat","background-position":"center center","background-size":"auto","background-attachment":"scroll","background-type":"","background-media":"","overlay-type":"","overlay-color":"","overlay-opacity":"","overlay-gradient":""}},"footnotes":""},"categories":[59,8],"tags":[],"class_list":["post-5244","post","type-post","status-publish","format-standard","has-post-thumbnail","hentry","category-destacado-noticia","category-noticias"],"yoast_head":"<!-- This site is optimized with the Yoast SEO plugin v25.4 - https:\/\/yoast.com\/wordpress\/plugins\/seo\/ -->\n<title>Cecilia Astorga y De Patienquincha presentaron en el Museo Violeta Parra &quot;Versos, danzas y cantares&quot; - Museo Violeta Parra<\/title>\n<meta name=\"robots\" content=\"index, follow, max-snippet:-1, max-image-preview:large, max-video-preview:-1\" \/>\n<link rel=\"canonical\" href=\"http:\/\/vientosur.top\/museo\/cecilia-astorga-y-de-patienquincha-presentaron-en-el-museo-violeta-parra-versos-danzas-y-cantares\/\" \/>\n<meta property=\"og:locale\" content=\"es_ES\" \/>\n<meta property=\"og:type\" content=\"article\" \/>\n<meta property=\"og:title\" content=\"Cecilia Astorga y De Patienquincha presentaron en el Museo Violeta Parra &quot;Versos, danzas y cantares&quot; - Museo Violeta Parra\" \/>\n<meta property=\"og:description\" content=\"Este s\u00e1bado 8 de septiembre se presentaron en Sala Antar Cecilia Astorga y De Patienquincha. La payadora Cecilia Astorga naci\u00f3 en Rancagua en 1967 y es una de las mujeres pioneras en asumir el oficio profesional de improvisaci\u00f3n de la poes\u00eda tradicional. Se present\u00f3 junto al grupo De Patienquincha, integrado por\u00a0Patricia D\u00edaz Vilches, Marco Palma, [&hellip;]\" \/>\n<meta property=\"og:url\" content=\"http:\/\/vientosur.top\/museo\/cecilia-astorga-y-de-patienquincha-presentaron-en-el-museo-violeta-parra-versos-danzas-y-cantares\/\" \/>\n<meta property=\"og:site_name\" content=\"Museo Violeta Parra\" \/>\n<meta property=\"article:published_time\" content=\"2017-09-11T15:49:49+00:00\" \/>\n<meta property=\"og:image\" content=\"http:\/\/vientosur.top\/museo\/wp-content\/uploads\/2017\/09\/DSC_0388.jpg\" \/>\n\t<meta property=\"og:image:width\" content=\"1200\" \/>\n\t<meta property=\"og:image:height\" content=\"798\" \/>\n\t<meta property=\"og:image:type\" content=\"image\/jpeg\" \/>\n<meta name=\"author\" content=\"admin\" \/>\n<meta name=\"twitter:card\" content=\"summary_large_image\" \/>\n<meta name=\"twitter:label1\" content=\"Escrito por\" \/>\n\t<meta name=\"twitter:data1\" content=\"admin\" \/>\n<script type=\"application\/ld+json\" class=\"yoast-schema-graph\">{\"@context\":\"https:\/\/schema.org\",\"@graph\":[{\"@type\":\"WebPage\",\"@id\":\"http:\/\/vientosur.top\/museo\/cecilia-astorga-y-de-patienquincha-presentaron-en-el-museo-violeta-parra-versos-danzas-y-cantares\/\",\"url\":\"http:\/\/vientosur.top\/museo\/cecilia-astorga-y-de-patienquincha-presentaron-en-el-museo-violeta-parra-versos-danzas-y-cantares\/\",\"name\":\"Cecilia Astorga y De Patienquincha presentaron en el Museo Violeta Parra \\\"Versos, danzas y cantares\\\" - Museo Violeta Parra\",\"isPartOf\":{\"@id\":\"http:\/\/vientosur.top\/museo\/#website\"},\"primaryImageOfPage\":{\"@id\":\"http:\/\/vientosur.top\/museo\/cecilia-astorga-y-de-patienquincha-presentaron-en-el-museo-violeta-parra-versos-danzas-y-cantares\/#primaryimage\"},\"image\":{\"@id\":\"http:\/\/vientosur.top\/museo\/cecilia-astorga-y-de-patienquincha-presentaron-en-el-museo-violeta-parra-versos-danzas-y-cantares\/#primaryimage\"},\"thumbnailUrl\":\"http:\/\/vientosur.top\/museo\/wp-content\/uploads\/2017\/09\/DSC_0388.jpg\",\"datePublished\":\"2017-09-11T15:49:49+00:00\",\"author\":{\"@id\":\"http:\/\/vientosur.top\/museo\/#\/schema\/person\/20c79d3c38800971feec8c2693c3dd9c\"},\"breadcrumb\":{\"@id\":\"http:\/\/vientosur.top\/museo\/cecilia-astorga-y-de-patienquincha-presentaron-en-el-museo-violeta-parra-versos-danzas-y-cantares\/#breadcrumb\"},\"inLanguage\":\"es\",\"potentialAction\":[{\"@type\":\"ReadAction\",\"target\":[\"http:\/\/vientosur.top\/museo\/cecilia-astorga-y-de-patienquincha-presentaron-en-el-museo-violeta-parra-versos-danzas-y-cantares\/\"]}]},{\"@type\":\"ImageObject\",\"inLanguage\":\"es\",\"@id\":\"http:\/\/vientosur.top\/museo\/cecilia-astorga-y-de-patienquincha-presentaron-en-el-museo-violeta-parra-versos-danzas-y-cantares\/#primaryimage\",\"url\":\"http:\/\/vientosur.top\/museo\/wp-content\/uploads\/2017\/09\/DSC_0388.jpg\",\"contentUrl\":\"http:\/\/vientosur.top\/museo\/wp-content\/uploads\/2017\/09\/DSC_0388.jpg\",\"width\":1200,\"height\":798},{\"@type\":\"BreadcrumbList\",\"@id\":\"http:\/\/vientosur.top\/museo\/cecilia-astorga-y-de-patienquincha-presentaron-en-el-museo-violeta-parra-versos-danzas-y-cantares\/#breadcrumb\",\"itemListElement\":[{\"@type\":\"ListItem\",\"position\":1,\"name\":\"Portada\",\"item\":\"http:\/\/vientosur.top\/museo\/\"},{\"@type\":\"ListItem\",\"position\":2,\"name\":\"Cecilia Astorga y De Patienquincha presentaron en el Museo Violeta Parra \u00abVersos, danzas y cantares\u00bb\"}]},{\"@type\":\"WebSite\",\"@id\":\"http:\/\/vientosur.top\/museo\/#website\",\"url\":\"http:\/\/vientosur.top\/museo\/\",\"name\":\"Museo Violeta Parra\",\"description\":\"Espacio que alberga tanto la memoria y legado creativo de la artista\",\"potentialAction\":[{\"@type\":\"SearchAction\",\"target\":{\"@type\":\"EntryPoint\",\"urlTemplate\":\"http:\/\/vientosur.top\/museo\/?s={search_term_string}\"},\"query-input\":{\"@type\":\"PropertyValueSpecification\",\"valueRequired\":true,\"valueName\":\"search_term_string\"}}],\"inLanguage\":\"es\"},{\"@type\":\"Person\",\"@id\":\"http:\/\/vientosur.top\/museo\/#\/schema\/person\/20c79d3c38800971feec8c2693c3dd9c\",\"name\":\"admin\",\"image\":{\"@type\":\"ImageObject\",\"inLanguage\":\"es\",\"@id\":\"http:\/\/vientosur.top\/museo\/#\/schema\/person\/image\/\",\"url\":\"https:\/\/secure.gravatar.com\/avatar\/713677ece3ffa642287213a80e5b773bce9ab81c269dd6d95102a990951c922f?s=96&d=mm&r=g\",\"contentUrl\":\"https:\/\/secure.gravatar.com\/avatar\/713677ece3ffa642287213a80e5b773bce9ab81c269dd6d95102a990951c922f?s=96&d=mm&r=g\",\"caption\":\"admin\"},\"sameAs\":[\"http:\/\/vientosur.top\/museo\"],\"url\":\"http:\/\/vientosur.top\/museo\/author\/comunicacionesmvp\/\"}]}<\/script>\n<!-- \/ Yoast SEO plugin. -->","yoast_head_json":{"title":"Cecilia Astorga y De Patienquincha presentaron en el Museo Violeta Parra \"Versos, danzas y cantares\" - Museo Violeta Parra","robots":{"index":"index","follow":"follow","max-snippet":"max-snippet:-1","max-image-preview":"max-image-preview:large","max-video-preview":"max-video-preview:-1"},"canonical":"http:\/\/vientosur.top\/museo\/cecilia-astorga-y-de-patienquincha-presentaron-en-el-museo-violeta-parra-versos-danzas-y-cantares\/","og_locale":"es_ES","og_type":"article","og_title":"Cecilia Astorga y De Patienquincha presentaron en el Museo Violeta Parra \"Versos, danzas y cantares\" - Museo Violeta Parra","og_description":"Este s\u00e1bado 8 de septiembre se presentaron en Sala Antar Cecilia Astorga y De Patienquincha. La payadora Cecilia Astorga naci\u00f3 en Rancagua en 1967 y es una de las mujeres pioneras en asumir el oficio profesional de improvisaci\u00f3n de la poes\u00eda tradicional. Se present\u00f3 junto al grupo De Patienquincha, integrado por\u00a0Patricia D\u00edaz Vilches, Marco Palma, [&hellip;]","og_url":"http:\/\/vientosur.top\/museo\/cecilia-astorga-y-de-patienquincha-presentaron-en-el-museo-violeta-parra-versos-danzas-y-cantares\/","og_site_name":"Museo Violeta Parra","article_published_time":"2017-09-11T15:49:49+00:00","og_image":[{"width":1200,"height":798,"url":"http:\/\/vientosur.top\/museo\/wp-content\/uploads\/2017\/09\/DSC_0388.jpg","type":"image\/jpeg"}],"author":"admin","twitter_card":"summary_large_image","twitter_misc":{"Escrito por":"admin"},"schema":{"@context":"https:\/\/schema.org","@graph":[{"@type":"WebPage","@id":"http:\/\/vientosur.top\/museo\/cecilia-astorga-y-de-patienquincha-presentaron-en-el-museo-violeta-parra-versos-danzas-y-cantares\/","url":"http:\/\/vientosur.top\/museo\/cecilia-astorga-y-de-patienquincha-presentaron-en-el-museo-violeta-parra-versos-danzas-y-cantares\/","name":"Cecilia Astorga y De Patienquincha presentaron en el Museo Violeta Parra \"Versos, danzas y cantares\" - Museo Violeta Parra","isPartOf":{"@id":"http:\/\/vientosur.top\/museo\/#website"},"primaryImageOfPage":{"@id":"http:\/\/vientosur.top\/museo\/cecilia-astorga-y-de-patienquincha-presentaron-en-el-museo-violeta-parra-versos-danzas-y-cantares\/#primaryimage"},"image":{"@id":"http:\/\/vientosur.top\/museo\/cecilia-astorga-y-de-patienquincha-presentaron-en-el-museo-violeta-parra-versos-danzas-y-cantares\/#primaryimage"},"thumbnailUrl":"http:\/\/vientosur.top\/museo\/wp-content\/uploads\/2017\/09\/DSC_0388.jpg","datePublished":"2017-09-11T15:49:49+00:00","author":{"@id":"http:\/\/vientosur.top\/museo\/#\/schema\/person\/20c79d3c38800971feec8c2693c3dd9c"},"breadcrumb":{"@id":"http:\/\/vientosur.top\/museo\/cecilia-astorga-y-de-patienquincha-presentaron-en-el-museo-violeta-parra-versos-danzas-y-cantares\/#breadcrumb"},"inLanguage":"es","potentialAction":[{"@type":"ReadAction","target":["http:\/\/vientosur.top\/museo\/cecilia-astorga-y-de-patienquincha-presentaron-en-el-museo-violeta-parra-versos-danzas-y-cantares\/"]}]},{"@type":"ImageObject","inLanguage":"es","@id":"http:\/\/vientosur.top\/museo\/cecilia-astorga-y-de-patienquincha-presentaron-en-el-museo-violeta-parra-versos-danzas-y-cantares\/#primaryimage","url":"http:\/\/vientosur.top\/museo\/wp-content\/uploads\/2017\/09\/DSC_0388.jpg","contentUrl":"http:\/\/vientosur.top\/museo\/wp-content\/uploads\/2017\/09\/DSC_0388.jpg","width":1200,"height":798},{"@type":"BreadcrumbList","@id":"http:\/\/vientosur.top\/museo\/cecilia-astorga-y-de-patienquincha-presentaron-en-el-museo-violeta-parra-versos-danzas-y-cantares\/#breadcrumb","itemListElement":[{"@type":"ListItem","position":1,"name":"Portada","item":"http:\/\/vientosur.top\/museo\/"},{"@type":"ListItem","position":2,"name":"Cecilia Astorga y De Patienquincha presentaron en el Museo Violeta Parra \u00abVersos, danzas y cantares\u00bb"}]},{"@type":"WebSite","@id":"http:\/\/vientosur.top\/museo\/#website","url":"http:\/\/vientosur.top\/museo\/","name":"Museo Violeta Parra","description":"Espacio que alberga tanto la memoria y legado creativo de la artista","potentialAction":[{"@type":"SearchAction","target":{"@type":"EntryPoint","urlTemplate":"http:\/\/vientosur.top\/museo\/?s={search_term_string}"},"query-input":{"@type":"PropertyValueSpecification","valueRequired":true,"valueName":"search_term_string"}}],"inLanguage":"es"},{"@type":"Person","@id":"http:\/\/vientosur.top\/museo\/#\/schema\/person\/20c79d3c38800971feec8c2693c3dd9c","name":"admin","image":{"@type":"ImageObject","inLanguage":"es","@id":"http:\/\/vientosur.top\/museo\/#\/schema\/person\/image\/","url":"https:\/\/secure.gravatar.com\/avatar\/713677ece3ffa642287213a80e5b773bce9ab81c269dd6d95102a990951c922f?s=96&d=mm&r=g","contentUrl":"https:\/\/secure.gravatar.com\/avatar\/713677ece3ffa642287213a80e5b773bce9ab81c269dd6d95102a990951c922f?s=96&d=mm&r=g","caption":"admin"},"sameAs":["http:\/\/vientosur.top\/museo"],"url":"http:\/\/vientosur.top\/museo\/author\/comunicacionesmvp\/"}]}},"_links":{"self":[{"href":"http:\/\/vientosur.top\/museo\/wp-json\/wp\/v2\/posts\/5244","targetHints":{"allow":["GET"]}}],"collection":[{"href":"http:\/\/vientosur.top\/museo\/wp-json\/wp\/v2\/posts"}],"about":[{"href":"http:\/\/vientosur.top\/museo\/wp-json\/wp\/v2\/types\/post"}],"author":[{"embeddable":true,"href":"http:\/\/vientosur.top\/museo\/wp-json\/wp\/v2\/users\/5"}],"replies":[{"embeddable":true,"href":"http:\/\/vientosur.top\/museo\/wp-json\/wp\/v2\/comments?post=5244"}],"version-history":[{"count":0,"href":"http:\/\/vientosur.top\/museo\/wp-json\/wp\/v2\/posts\/5244\/revisions"}],"wp:featuredmedia":[{"embeddable":true,"href":"http:\/\/vientosur.top\/museo\/wp-json\/wp\/v2\/media\/5245"}],"wp:attachment":[{"href":"http:\/\/vientosur.top\/museo\/wp-json\/wp\/v2\/media?parent=5244"}],"wp:term":[{"taxonomy":"category","embeddable":true,"href":"http:\/\/vientosur.top\/museo\/wp-json\/wp\/v2\/categories?post=5244"},{"taxonomy":"post_tag","embeddable":true,"href":"http:\/\/vientosur.top\/museo\/wp-json\/wp\/v2\/tags?post=5244"}],"curies":[{"name":"wp","href":"https:\/\/api.w.org\/{rel}","templated":true}]}}