{"id":5295,"date":"2017-09-13T17:47:51","date_gmt":"2017-09-13T17:47:51","guid":{"rendered":"http:\/\/vientosur.top\/museo\/\/?p=5295"},"modified":"2017-09-13T17:47:51","modified_gmt":"2017-09-13T17:47:51","slug":"ana-elisa-anselmo-realizo-charla-conservacion-preventiva-en-museo-violeta-parra","status":"publish","type":"post","link":"http:\/\/vientosur.top\/museo\/ana-elisa-anselmo-realizo-charla-conservacion-preventiva-en-museo-violeta-parra\/","title":{"rendered":"Ana Elisa Anselmo realiz\u00f3 charla \u00abConservaci\u00f3n Preventiva en Museo Violeta Parra\u00bb"},"content":{"rendered":"<p>Ana Elisa Anselmo, conservadora del Museo Violeta Parra, realiz\u00f3 charla para la conservaci\u00f3n de obras, explicando en qu\u00e9 consiste la conservaci\u00f3n preventiva y c\u00f3mo se aplica en el museo. Posteriormente Se analiz\u00f3 la obra \u00abContra la guerra\u00bb.<\/p>\n<p>Esta forma parte del ciclo anual de charlas del \u00e1rea de conservaci\u00f3n del museo.<\/p>\n<p><a href=\"https:\/\/www.facebook.com\/pg\/MuseoVioletaParra\/photos\/?tab=album&amp;album_id=1989793611264050\">Ver galer\u00eda de im\u00e1genes<\/a><\/p>\n<p>&nbsp;<\/p>\n","protected":false},"excerpt":{"rendered":"<p>Ana Elisa Anselmo, conservadora del Museo Violeta Parra, realiz\u00f3 charla para la conservaci\u00f3n de obras, explicando en qu\u00e9 consiste la conservaci\u00f3n preventiva y c\u00f3mo se aplica en el museo. Posteriormente Se analiz\u00f3 la obra \u00abContra la guerra\u00bb. Esta forma parte del ciclo anual de charlas del \u00e1rea de conservaci\u00f3n del museo. Ver galer\u00eda de im\u00e1genes [&hellip;]<\/p>\n","protected":false},"author":5,"featured_media":5296,"comment_status":"open","ping_status":"open","sticky":false,"template":"","format":"standard","meta":{"site-sidebar-layout":"default","site-content-layout":"","ast-site-content-layout":"default","site-content-style":"default","site-sidebar-style":"default","ast-global-header-display":"","ast-banner-title-visibility":"","ast-main-header-display":"","ast-hfb-above-header-display":"","ast-hfb-below-header-display":"","ast-hfb-mobile-header-display":"","site-post-title":"","ast-breadcrumbs-content":"","ast-featured-img":"","footer-sml-layout":"","theme-transparent-header-meta":"","adv-header-id-meta":"","stick-header-meta":"","header-above-stick-meta":"","header-main-stick-meta":"","header-below-stick-meta":"","astra-migrate-meta-layouts":"default","ast-page-background-enabled":"default","ast-page-background-meta":{"desktop":{"background-color":"var(--ast-global-color-4)","background-image":"","background-repeat":"repeat","background-position":"center center","background-size":"auto","background-attachment":"scroll","background-type":"","background-media":"","overlay-type":"","overlay-color":"","overlay-opacity":"","overlay-gradient":""},"tablet":{"background-color":"","background-image":"","background-repeat":"repeat","background-position":"center center","background-size":"auto","background-attachment":"scroll","background-type":"","background-media":"","overlay-type":"","overlay-color":"","overlay-opacity":"","overlay-gradient":""},"mobile":{"background-color":"","background-image":"","background-repeat":"repeat","background-position":"center center","background-size":"auto","background-attachment":"scroll","background-type":"","background-media":"","overlay-type":"","overlay-color":"","overlay-opacity":"","overlay-gradient":""}},"ast-content-background-meta":{"desktop":{"background-color":"var(--ast-global-color-5)","background-image":"","background-repeat":"repeat","background-position":"center center","background-size":"auto","background-attachment":"scroll","background-type":"","background-media":"","overlay-type":"","overlay-color":"","overlay-opacity":"","overlay-gradient":""},"tablet":{"background-color":"var(--ast-global-color-5)","background-image":"","background-repeat":"repeat","background-position":"center center","background-size":"auto","background-attachment":"scroll","background-type":"","background-media":"","overlay-type":"","overlay-color":"","overlay-opacity":"","overlay-gradient":""},"mobile":{"background-color":"var(--ast-global-color-5)","background-image":"","background-repeat":"repeat","background-position":"center center","background-size":"auto","background-attachment":"scroll","background-type":"","background-media":"","overlay-type":"","overlay-color":"","overlay-opacity":"","overlay-gradient":""}},"footnotes":""},"categories":[59,8,61,1],"tags":[],"class_list":["post-5295","post","type-post","status-publish","format-standard","has-post-thumbnail","hentry","category-destacado-noticia","category-noticias","category-novedades","category-sin-categoria"],"yoast_head":"<!-- This site is optimized with the Yoast SEO plugin v25.4 - https:\/\/yoast.com\/wordpress\/plugins\/seo\/ -->\n<title>Ana Elisa Anselmo realiz\u00f3 charla &quot;Conservaci\u00f3n Preventiva en Museo Violeta Parra&quot; - Museo Violeta Parra<\/title>\n<meta name=\"robots\" content=\"index, follow, max-snippet:-1, max-image-preview:large, max-video-preview:-1\" \/>\n<link rel=\"canonical\" href=\"http:\/\/vientosur.top\/museo\/ana-elisa-anselmo-realizo-charla-conservacion-preventiva-en-museo-violeta-parra\/\" \/>\n<meta property=\"og:locale\" content=\"es_ES\" \/>\n<meta property=\"og:type\" content=\"article\" \/>\n<meta property=\"og:title\" content=\"Ana Elisa Anselmo realiz\u00f3 charla &quot;Conservaci\u00f3n Preventiva en Museo Violeta Parra&quot; - Museo Violeta Parra\" \/>\n<meta property=\"og:description\" content=\"Ana Elisa Anselmo, conservadora del Museo Violeta Parra, realiz\u00f3 charla para la conservaci\u00f3n de obras, explicando en qu\u00e9 consiste la conservaci\u00f3n preventiva y c\u00f3mo se aplica en el museo. Posteriormente Se analiz\u00f3 la obra \u00abContra la guerra\u00bb. Esta forma parte del ciclo anual de charlas del \u00e1rea de conservaci\u00f3n del museo. Ver galer\u00eda de im\u00e1genes [&hellip;]\" \/>\n<meta property=\"og:url\" content=\"http:\/\/vientosur.top\/museo\/ana-elisa-anselmo-realizo-charla-conservacion-preventiva-en-museo-violeta-parra\/\" \/>\n<meta property=\"og:site_name\" content=\"Museo Violeta Parra\" \/>\n<meta property=\"article:published_time\" content=\"2017-09-13T17:47:51+00:00\" \/>\n<meta property=\"og:image\" content=\"http:\/\/vientosur.top\/museo\/wp-content\/uploads\/2017\/09\/DSC_0597.jpg\" \/>\n\t<meta property=\"og:image:width\" content=\"1200\" \/>\n\t<meta property=\"og:image:height\" content=\"798\" \/>\n\t<meta property=\"og:image:type\" content=\"image\/jpeg\" \/>\n<meta name=\"author\" content=\"admin\" \/>\n<meta name=\"twitter:card\" content=\"summary_large_image\" \/>\n<meta name=\"twitter:label1\" content=\"Escrito por\" \/>\n\t<meta name=\"twitter:data1\" content=\"admin\" \/>\n<script type=\"application\/ld+json\" class=\"yoast-schema-graph\">{\"@context\":\"https:\/\/schema.org\",\"@graph\":[{\"@type\":\"WebPage\",\"@id\":\"http:\/\/vientosur.top\/museo\/ana-elisa-anselmo-realizo-charla-conservacion-preventiva-en-museo-violeta-parra\/\",\"url\":\"http:\/\/vientosur.top\/museo\/ana-elisa-anselmo-realizo-charla-conservacion-preventiva-en-museo-violeta-parra\/\",\"name\":\"Ana Elisa Anselmo realiz\u00f3 charla \\\"Conservaci\u00f3n Preventiva en Museo Violeta Parra\\\" - Museo Violeta Parra\",\"isPartOf\":{\"@id\":\"http:\/\/vientosur.top\/museo\/#website\"},\"primaryImageOfPage\":{\"@id\":\"http:\/\/vientosur.top\/museo\/ana-elisa-anselmo-realizo-charla-conservacion-preventiva-en-museo-violeta-parra\/#primaryimage\"},\"image\":{\"@id\":\"http:\/\/vientosur.top\/museo\/ana-elisa-anselmo-realizo-charla-conservacion-preventiva-en-museo-violeta-parra\/#primaryimage\"},\"thumbnailUrl\":\"http:\/\/vientosur.top\/museo\/wp-content\/uploads\/2017\/09\/DSC_0597.jpg\",\"datePublished\":\"2017-09-13T17:47:51+00:00\",\"author\":{\"@id\":\"http:\/\/vientosur.top\/museo\/#\/schema\/person\/20c79d3c38800971feec8c2693c3dd9c\"},\"breadcrumb\":{\"@id\":\"http:\/\/vientosur.top\/museo\/ana-elisa-anselmo-realizo-charla-conservacion-preventiva-en-museo-violeta-parra\/#breadcrumb\"},\"inLanguage\":\"es\",\"potentialAction\":[{\"@type\":\"ReadAction\",\"target\":[\"http:\/\/vientosur.top\/museo\/ana-elisa-anselmo-realizo-charla-conservacion-preventiva-en-museo-violeta-parra\/\"]}]},{\"@type\":\"ImageObject\",\"inLanguage\":\"es\",\"@id\":\"http:\/\/vientosur.top\/museo\/ana-elisa-anselmo-realizo-charla-conservacion-preventiva-en-museo-violeta-parra\/#primaryimage\",\"url\":\"http:\/\/vientosur.top\/museo\/wp-content\/uploads\/2017\/09\/DSC_0597.jpg\",\"contentUrl\":\"http:\/\/vientosur.top\/museo\/wp-content\/uploads\/2017\/09\/DSC_0597.jpg\",\"width\":1200,\"height\":798},{\"@type\":\"BreadcrumbList\",\"@id\":\"http:\/\/vientosur.top\/museo\/ana-elisa-anselmo-realizo-charla-conservacion-preventiva-en-museo-violeta-parra\/#breadcrumb\",\"itemListElement\":[{\"@type\":\"ListItem\",\"position\":1,\"name\":\"Portada\",\"item\":\"http:\/\/vientosur.top\/museo\/\"},{\"@type\":\"ListItem\",\"position\":2,\"name\":\"Ana Elisa Anselmo realiz\u00f3 charla \u00abConservaci\u00f3n Preventiva en Museo Violeta Parra\u00bb\"}]},{\"@type\":\"WebSite\",\"@id\":\"http:\/\/vientosur.top\/museo\/#website\",\"url\":\"http:\/\/vientosur.top\/museo\/\",\"name\":\"Museo Violeta Parra\",\"description\":\"Espacio que alberga tanto la memoria y legado creativo de la artista\",\"potentialAction\":[{\"@type\":\"SearchAction\",\"target\":{\"@type\":\"EntryPoint\",\"urlTemplate\":\"http:\/\/vientosur.top\/museo\/?s={search_term_string}\"},\"query-input\":{\"@type\":\"PropertyValueSpecification\",\"valueRequired\":true,\"valueName\":\"search_term_string\"}}],\"inLanguage\":\"es\"},{\"@type\":\"Person\",\"@id\":\"http:\/\/vientosur.top\/museo\/#\/schema\/person\/20c79d3c38800971feec8c2693c3dd9c\",\"name\":\"admin\",\"image\":{\"@type\":\"ImageObject\",\"inLanguage\":\"es\",\"@id\":\"http:\/\/vientosur.top\/museo\/#\/schema\/person\/image\/\",\"url\":\"https:\/\/secure.gravatar.com\/avatar\/713677ece3ffa642287213a80e5b773bce9ab81c269dd6d95102a990951c922f?s=96&d=mm&r=g\",\"contentUrl\":\"https:\/\/secure.gravatar.com\/avatar\/713677ece3ffa642287213a80e5b773bce9ab81c269dd6d95102a990951c922f?s=96&d=mm&r=g\",\"caption\":\"admin\"},\"sameAs\":[\"http:\/\/vientosur.top\/museo\"],\"url\":\"http:\/\/vientosur.top\/museo\/author\/comunicacionesmvp\/\"}]}<\/script>\n<!-- \/ Yoast SEO plugin. -->","yoast_head_json":{"title":"Ana Elisa Anselmo realiz\u00f3 charla \"Conservaci\u00f3n Preventiva en Museo Violeta Parra\" - Museo Violeta Parra","robots":{"index":"index","follow":"follow","max-snippet":"max-snippet:-1","max-image-preview":"max-image-preview:large","max-video-preview":"max-video-preview:-1"},"canonical":"http:\/\/vientosur.top\/museo\/ana-elisa-anselmo-realizo-charla-conservacion-preventiva-en-museo-violeta-parra\/","og_locale":"es_ES","og_type":"article","og_title":"Ana Elisa Anselmo realiz\u00f3 charla \"Conservaci\u00f3n Preventiva en Museo Violeta Parra\" - Museo Violeta Parra","og_description":"Ana Elisa Anselmo, conservadora del Museo Violeta Parra, realiz\u00f3 charla para la conservaci\u00f3n de obras, explicando en qu\u00e9 consiste la conservaci\u00f3n preventiva y c\u00f3mo se aplica en el museo. Posteriormente Se analiz\u00f3 la obra \u00abContra la guerra\u00bb. Esta forma parte del ciclo anual de charlas del \u00e1rea de conservaci\u00f3n del museo. Ver galer\u00eda de im\u00e1genes [&hellip;]","og_url":"http:\/\/vientosur.top\/museo\/ana-elisa-anselmo-realizo-charla-conservacion-preventiva-en-museo-violeta-parra\/","og_site_name":"Museo Violeta Parra","article_published_time":"2017-09-13T17:47:51+00:00","og_image":[{"width":1200,"height":798,"url":"http:\/\/vientosur.top\/museo\/wp-content\/uploads\/2017\/09\/DSC_0597.jpg","type":"image\/jpeg"}],"author":"admin","twitter_card":"summary_large_image","twitter_misc":{"Escrito por":"admin"},"schema":{"@context":"https:\/\/schema.org","@graph":[{"@type":"WebPage","@id":"http:\/\/vientosur.top\/museo\/ana-elisa-anselmo-realizo-charla-conservacion-preventiva-en-museo-violeta-parra\/","url":"http:\/\/vientosur.top\/museo\/ana-elisa-anselmo-realizo-charla-conservacion-preventiva-en-museo-violeta-parra\/","name":"Ana Elisa Anselmo realiz\u00f3 charla \"Conservaci\u00f3n Preventiva en Museo Violeta Parra\" - Museo Violeta Parra","isPartOf":{"@id":"http:\/\/vientosur.top\/museo\/#website"},"primaryImageOfPage":{"@id":"http:\/\/vientosur.top\/museo\/ana-elisa-anselmo-realizo-charla-conservacion-preventiva-en-museo-violeta-parra\/#primaryimage"},"image":{"@id":"http:\/\/vientosur.top\/museo\/ana-elisa-anselmo-realizo-charla-conservacion-preventiva-en-museo-violeta-parra\/#primaryimage"},"thumbnailUrl":"http:\/\/vientosur.top\/museo\/wp-content\/uploads\/2017\/09\/DSC_0597.jpg","datePublished":"2017-09-13T17:47:51+00:00","author":{"@id":"http:\/\/vientosur.top\/museo\/#\/schema\/person\/20c79d3c38800971feec8c2693c3dd9c"},"breadcrumb":{"@id":"http:\/\/vientosur.top\/museo\/ana-elisa-anselmo-realizo-charla-conservacion-preventiva-en-museo-violeta-parra\/#breadcrumb"},"inLanguage":"es","potentialAction":[{"@type":"ReadAction","target":["http:\/\/vientosur.top\/museo\/ana-elisa-anselmo-realizo-charla-conservacion-preventiva-en-museo-violeta-parra\/"]}]},{"@type":"ImageObject","inLanguage":"es","@id":"http:\/\/vientosur.top\/museo\/ana-elisa-anselmo-realizo-charla-conservacion-preventiva-en-museo-violeta-parra\/#primaryimage","url":"http:\/\/vientosur.top\/museo\/wp-content\/uploads\/2017\/09\/DSC_0597.jpg","contentUrl":"http:\/\/vientosur.top\/museo\/wp-content\/uploads\/2017\/09\/DSC_0597.jpg","width":1200,"height":798},{"@type":"BreadcrumbList","@id":"http:\/\/vientosur.top\/museo\/ana-elisa-anselmo-realizo-charla-conservacion-preventiva-en-museo-violeta-parra\/#breadcrumb","itemListElement":[{"@type":"ListItem","position":1,"name":"Portada","item":"http:\/\/vientosur.top\/museo\/"},{"@type":"ListItem","position":2,"name":"Ana Elisa Anselmo realiz\u00f3 charla \u00abConservaci\u00f3n Preventiva en Museo Violeta Parra\u00bb"}]},{"@type":"WebSite","@id":"http:\/\/vientosur.top\/museo\/#website","url":"http:\/\/vientosur.top\/museo\/","name":"Museo Violeta Parra","description":"Espacio que alberga tanto la memoria y legado creativo de la artista","potentialAction":[{"@type":"SearchAction","target":{"@type":"EntryPoint","urlTemplate":"http:\/\/vientosur.top\/museo\/?s={search_term_string}"},"query-input":{"@type":"PropertyValueSpecification","valueRequired":true,"valueName":"search_term_string"}}],"inLanguage":"es"},{"@type":"Person","@id":"http:\/\/vientosur.top\/museo\/#\/schema\/person\/20c79d3c38800971feec8c2693c3dd9c","name":"admin","image":{"@type":"ImageObject","inLanguage":"es","@id":"http:\/\/vientosur.top\/museo\/#\/schema\/person\/image\/","url":"https:\/\/secure.gravatar.com\/avatar\/713677ece3ffa642287213a80e5b773bce9ab81c269dd6d95102a990951c922f?s=96&d=mm&r=g","contentUrl":"https:\/\/secure.gravatar.com\/avatar\/713677ece3ffa642287213a80e5b773bce9ab81c269dd6d95102a990951c922f?s=96&d=mm&r=g","caption":"admin"},"sameAs":["http:\/\/vientosur.top\/museo"],"url":"http:\/\/vientosur.top\/museo\/author\/comunicacionesmvp\/"}]}},"_links":{"self":[{"href":"http:\/\/vientosur.top\/museo\/wp-json\/wp\/v2\/posts\/5295","targetHints":{"allow":["GET"]}}],"collection":[{"href":"http:\/\/vientosur.top\/museo\/wp-json\/wp\/v2\/posts"}],"about":[{"href":"http:\/\/vientosur.top\/museo\/wp-json\/wp\/v2\/types\/post"}],"author":[{"embeddable":true,"href":"http:\/\/vientosur.top\/museo\/wp-json\/wp\/v2\/users\/5"}],"replies":[{"embeddable":true,"href":"http:\/\/vientosur.top\/museo\/wp-json\/wp\/v2\/comments?post=5295"}],"version-history":[{"count":0,"href":"http:\/\/vientosur.top\/museo\/wp-json\/wp\/v2\/posts\/5295\/revisions"}],"wp:featuredmedia":[{"embeddable":true,"href":"http:\/\/vientosur.top\/museo\/wp-json\/wp\/v2\/media\/5296"}],"wp:attachment":[{"href":"http:\/\/vientosur.top\/museo\/wp-json\/wp\/v2\/media?parent=5295"}],"wp:term":[{"taxonomy":"category","embeddable":true,"href":"http:\/\/vientosur.top\/museo\/wp-json\/wp\/v2\/categories?post=5295"},{"taxonomy":"post_tag","embeddable":true,"href":"http:\/\/vientosur.top\/museo\/wp-json\/wp\/v2\/tags?post=5295"}],"curies":[{"name":"wp","href":"https:\/\/api.w.org\/{rel}","templated":true}]}}