{"id":5314,"date":"2017-09-15T17:37:03","date_gmt":"2017-09-15T17:37:03","guid":{"rendered":"http:\/\/vientosur.top\/museo\/\/?p=5314"},"modified":"2017-09-15T17:37:03","modified_gmt":"2017-09-15T17:37:03","slug":"isabel-parra-recibio-el-premio-barnasants-a-la-trayectoria-artistica-en-barcelona","status":"publish","type":"post","link":"http:\/\/vientosur.top\/museo\/isabel-parra-recibio-el-premio-barnasants-a-la-trayectoria-artistica-en-barcelona\/","title":{"rendered":"Isabel Parra recibi\u00f3 el Premio Barnasants a la Trayectoria Art\u00edstica en Barcelona"},"content":{"rendered":"<p>\u00abLa cultura es la madre de todas las patrias\u00bb, se\u00f1al\u00f3 Ada Colau, Alcaldesa de Barcelona, antes de entregar el galard\u00f3n a la Presidenta de la Fundaci\u00f3n Violeta Parra.<\/p>\n<p>En tanto Pere Camps, director de Barnasants, destac\u00f3 la carrera de Isabel Parra, responsable de un extenso repertorio de ra\u00edz folcl\u00f3rica.<\/p>\n<p>Han recibido el Premio Barnasants a la Trayectoria Art\u00edstica Roberto Vecchioni (2010), Raimon (2011), Daniel Viglietti (2012); Francesc Pi de la Serra (2013), Silvio Rodr\u00edguez (2014), Maria del Mar Bonet (2015) y Luis Eduardo Aute (2016).<\/p>\n<p><strong><a href=\"https:\/\/www.facebook.com\/MuseoVioletaParra\/posts\/1990716021171809\" target=\"_blank\" rel=\"noopener noreferrer\">Ver galer\u00eda de im\u00e1genes<\/a><\/strong><\/p>\n","protected":false},"excerpt":{"rendered":"<p>\u00abLa cultura es la madre de todas las patrias\u00bb, se\u00f1al\u00f3 Ada Colau, Alcaldesa de Barcelona, antes de entregar el galard\u00f3n a la Presidenta de la Fundaci\u00f3n Violeta Parra. En tanto Pere Camps, director de Barnasants, destac\u00f3 la carrera de Isabel Parra, responsable de un extenso repertorio de ra\u00edz folcl\u00f3rica. Han recibido el Premio Barnasants a [&hellip;]<\/p>\n","protected":false},"author":5,"featured_media":5315,"comment_status":"open","ping_status":"open","sticky":false,"template":"","format":"standard","meta":{"site-sidebar-layout":"default","site-content-layout":"","ast-site-content-layout":"default","site-content-style":"default","site-sidebar-style":"default","ast-global-header-display":"","ast-banner-title-visibility":"","ast-main-header-display":"","ast-hfb-above-header-display":"","ast-hfb-below-header-display":"","ast-hfb-mobile-header-display":"","site-post-title":"","ast-breadcrumbs-content":"","ast-featured-img":"","footer-sml-layout":"","theme-transparent-header-meta":"","adv-header-id-meta":"","stick-header-meta":"","header-above-stick-meta":"","header-main-stick-meta":"","header-below-stick-meta":"","astra-migrate-meta-layouts":"default","ast-page-background-enabled":"default","ast-page-background-meta":{"desktop":{"background-color":"var(--ast-global-color-4)","background-image":"","background-repeat":"repeat","background-position":"center center","background-size":"auto","background-attachment":"scroll","background-type":"","background-media":"","overlay-type":"","overlay-color":"","overlay-opacity":"","overlay-gradient":""},"tablet":{"background-color":"","background-image":"","background-repeat":"repeat","background-position":"center center","background-size":"auto","background-attachment":"scroll","background-type":"","background-media":"","overlay-type":"","overlay-color":"","overlay-opacity":"","overlay-gradient":""},"mobile":{"background-color":"","background-image":"","background-repeat":"repeat","background-position":"center center","background-size":"auto","background-attachment":"scroll","background-type":"","background-media":"","overlay-type":"","overlay-color":"","overlay-opacity":"","overlay-gradient":""}},"ast-content-background-meta":{"desktop":{"background-color":"var(--ast-global-color-5)","background-image":"","background-repeat":"repeat","background-position":"center center","background-size":"auto","background-attachment":"scroll","background-type":"","background-media":"","overlay-type":"","overlay-color":"","overlay-opacity":"","overlay-gradient":""},"tablet":{"background-color":"var(--ast-global-color-5)","background-image":"","background-repeat":"repeat","background-position":"center center","background-size":"auto","background-attachment":"scroll","background-type":"","background-media":"","overlay-type":"","overlay-color":"","overlay-opacity":"","overlay-gradient":""},"mobile":{"background-color":"var(--ast-global-color-5)","background-image":"","background-repeat":"repeat","background-position":"center center","background-size":"auto","background-attachment":"scroll","background-type":"","background-media":"","overlay-type":"","overlay-color":"","overlay-opacity":"","overlay-gradient":""}},"footnotes":""},"categories":[59,8,61],"tags":[],"class_list":["post-5314","post","type-post","status-publish","format-standard","has-post-thumbnail","hentry","category-destacado-noticia","category-noticias","category-novedades"],"yoast_head":"<!-- This site is optimized with the Yoast SEO plugin v25.4 - https:\/\/yoast.com\/wordpress\/plugins\/seo\/ -->\n<title>Isabel Parra recibi\u00f3 el Premio Barnasants a la Trayectoria Art\u00edstica en Barcelona - Museo Violeta Parra<\/title>\n<meta name=\"robots\" content=\"index, follow, max-snippet:-1, max-image-preview:large, max-video-preview:-1\" \/>\n<link rel=\"canonical\" href=\"http:\/\/vientosur.top\/museo\/isabel-parra-recibio-el-premio-barnasants-a-la-trayectoria-artistica-en-barcelona\/\" \/>\n<meta property=\"og:locale\" content=\"es_ES\" \/>\n<meta property=\"og:type\" content=\"article\" \/>\n<meta property=\"og:title\" content=\"Isabel Parra recibi\u00f3 el Premio Barnasants a la Trayectoria Art\u00edstica en Barcelona - Museo Violeta Parra\" \/>\n<meta property=\"og:description\" content=\"\u00abLa cultura es la madre de todas las patrias\u00bb, se\u00f1al\u00f3 Ada Colau, Alcaldesa de Barcelona, antes de entregar el galard\u00f3n a la Presidenta de la Fundaci\u00f3n Violeta Parra. En tanto Pere Camps, director de Barnasants, destac\u00f3 la carrera de Isabel Parra, responsable de un extenso repertorio de ra\u00edz folcl\u00f3rica. Han recibido el Premio Barnasants a [&hellip;]\" \/>\n<meta property=\"og:url\" content=\"http:\/\/vientosur.top\/museo\/isabel-parra-recibio-el-premio-barnasants-a-la-trayectoria-artistica-en-barcelona\/\" \/>\n<meta property=\"og:site_name\" content=\"Museo Violeta Parra\" \/>\n<meta property=\"article:published_time\" content=\"2017-09-15T17:37:03+00:00\" \/>\n<meta property=\"og:image\" content=\"http:\/\/vientosur.top\/museo\/wp-content\/uploads\/2017\/09\/barnasant1.jpg\" \/>\n\t<meta property=\"og:image:width\" content=\"1200\" \/>\n\t<meta property=\"og:image:height\" content=\"900\" \/>\n\t<meta property=\"og:image:type\" content=\"image\/jpeg\" \/>\n<meta name=\"author\" content=\"admin\" \/>\n<meta name=\"twitter:card\" content=\"summary_large_image\" \/>\n<meta name=\"twitter:label1\" content=\"Escrito por\" \/>\n\t<meta name=\"twitter:data1\" content=\"admin\" \/>\n<script type=\"application\/ld+json\" class=\"yoast-schema-graph\">{\"@context\":\"https:\/\/schema.org\",\"@graph\":[{\"@type\":\"WebPage\",\"@id\":\"http:\/\/vientosur.top\/museo\/isabel-parra-recibio-el-premio-barnasants-a-la-trayectoria-artistica-en-barcelona\/\",\"url\":\"http:\/\/vientosur.top\/museo\/isabel-parra-recibio-el-premio-barnasants-a-la-trayectoria-artistica-en-barcelona\/\",\"name\":\"Isabel Parra recibi\u00f3 el Premio Barnasants a la Trayectoria Art\u00edstica en Barcelona - Museo Violeta Parra\",\"isPartOf\":{\"@id\":\"http:\/\/vientosur.top\/museo\/#website\"},\"primaryImageOfPage\":{\"@id\":\"http:\/\/vientosur.top\/museo\/isabel-parra-recibio-el-premio-barnasants-a-la-trayectoria-artistica-en-barcelona\/#primaryimage\"},\"image\":{\"@id\":\"http:\/\/vientosur.top\/museo\/isabel-parra-recibio-el-premio-barnasants-a-la-trayectoria-artistica-en-barcelona\/#primaryimage\"},\"thumbnailUrl\":\"http:\/\/vientosur.top\/museo\/wp-content\/uploads\/2017\/09\/barnasant1.jpg\",\"datePublished\":\"2017-09-15T17:37:03+00:00\",\"author\":{\"@id\":\"http:\/\/vientosur.top\/museo\/#\/schema\/person\/20c79d3c38800971feec8c2693c3dd9c\"},\"breadcrumb\":{\"@id\":\"http:\/\/vientosur.top\/museo\/isabel-parra-recibio-el-premio-barnasants-a-la-trayectoria-artistica-en-barcelona\/#breadcrumb\"},\"inLanguage\":\"es\",\"potentialAction\":[{\"@type\":\"ReadAction\",\"target\":[\"http:\/\/vientosur.top\/museo\/isabel-parra-recibio-el-premio-barnasants-a-la-trayectoria-artistica-en-barcelona\/\"]}]},{\"@type\":\"ImageObject\",\"inLanguage\":\"es\",\"@id\":\"http:\/\/vientosur.top\/museo\/isabel-parra-recibio-el-premio-barnasants-a-la-trayectoria-artistica-en-barcelona\/#primaryimage\",\"url\":\"http:\/\/vientosur.top\/museo\/wp-content\/uploads\/2017\/09\/barnasant1.jpg\",\"contentUrl\":\"http:\/\/vientosur.top\/museo\/wp-content\/uploads\/2017\/09\/barnasant1.jpg\",\"width\":1200,\"height\":900},{\"@type\":\"BreadcrumbList\",\"@id\":\"http:\/\/vientosur.top\/museo\/isabel-parra-recibio-el-premio-barnasants-a-la-trayectoria-artistica-en-barcelona\/#breadcrumb\",\"itemListElement\":[{\"@type\":\"ListItem\",\"position\":1,\"name\":\"Portada\",\"item\":\"http:\/\/vientosur.top\/museo\/\"},{\"@type\":\"ListItem\",\"position\":2,\"name\":\"Isabel Parra recibi\u00f3 el Premio Barnasants a la Trayectoria Art\u00edstica en Barcelona\"}]},{\"@type\":\"WebSite\",\"@id\":\"http:\/\/vientosur.top\/museo\/#website\",\"url\":\"http:\/\/vientosur.top\/museo\/\",\"name\":\"Museo Violeta Parra\",\"description\":\"Espacio que alberga tanto la memoria y legado creativo de la artista\",\"potentialAction\":[{\"@type\":\"SearchAction\",\"target\":{\"@type\":\"EntryPoint\",\"urlTemplate\":\"http:\/\/vientosur.top\/museo\/?s={search_term_string}\"},\"query-input\":{\"@type\":\"PropertyValueSpecification\",\"valueRequired\":true,\"valueName\":\"search_term_string\"}}],\"inLanguage\":\"es\"},{\"@type\":\"Person\",\"@id\":\"http:\/\/vientosur.top\/museo\/#\/schema\/person\/20c79d3c38800971feec8c2693c3dd9c\",\"name\":\"admin\",\"image\":{\"@type\":\"ImageObject\",\"inLanguage\":\"es\",\"@id\":\"http:\/\/vientosur.top\/museo\/#\/schema\/person\/image\/\",\"url\":\"https:\/\/secure.gravatar.com\/avatar\/713677ece3ffa642287213a80e5b773bce9ab81c269dd6d95102a990951c922f?s=96&d=mm&r=g\",\"contentUrl\":\"https:\/\/secure.gravatar.com\/avatar\/713677ece3ffa642287213a80e5b773bce9ab81c269dd6d95102a990951c922f?s=96&d=mm&r=g\",\"caption\":\"admin\"},\"sameAs\":[\"http:\/\/vientosur.top\/museo\"],\"url\":\"http:\/\/vientosur.top\/museo\/author\/comunicacionesmvp\/\"}]}<\/script>\n<!-- \/ Yoast SEO plugin. -->","yoast_head_json":{"title":"Isabel Parra recibi\u00f3 el Premio Barnasants a la Trayectoria Art\u00edstica en Barcelona - Museo Violeta Parra","robots":{"index":"index","follow":"follow","max-snippet":"max-snippet:-1","max-image-preview":"max-image-preview:large","max-video-preview":"max-video-preview:-1"},"canonical":"http:\/\/vientosur.top\/museo\/isabel-parra-recibio-el-premio-barnasants-a-la-trayectoria-artistica-en-barcelona\/","og_locale":"es_ES","og_type":"article","og_title":"Isabel Parra recibi\u00f3 el Premio Barnasants a la Trayectoria Art\u00edstica en Barcelona - Museo Violeta Parra","og_description":"\u00abLa cultura es la madre de todas las patrias\u00bb, se\u00f1al\u00f3 Ada Colau, Alcaldesa de Barcelona, antes de entregar el galard\u00f3n a la Presidenta de la Fundaci\u00f3n Violeta Parra. En tanto Pere Camps, director de Barnasants, destac\u00f3 la carrera de Isabel Parra, responsable de un extenso repertorio de ra\u00edz folcl\u00f3rica. Han recibido el Premio Barnasants a [&hellip;]","og_url":"http:\/\/vientosur.top\/museo\/isabel-parra-recibio-el-premio-barnasants-a-la-trayectoria-artistica-en-barcelona\/","og_site_name":"Museo Violeta Parra","article_published_time":"2017-09-15T17:37:03+00:00","og_image":[{"width":1200,"height":900,"url":"http:\/\/vientosur.top\/museo\/wp-content\/uploads\/2017\/09\/barnasant1.jpg","type":"image\/jpeg"}],"author":"admin","twitter_card":"summary_large_image","twitter_misc":{"Escrito por":"admin"},"schema":{"@context":"https:\/\/schema.org","@graph":[{"@type":"WebPage","@id":"http:\/\/vientosur.top\/museo\/isabel-parra-recibio-el-premio-barnasants-a-la-trayectoria-artistica-en-barcelona\/","url":"http:\/\/vientosur.top\/museo\/isabel-parra-recibio-el-premio-barnasants-a-la-trayectoria-artistica-en-barcelona\/","name":"Isabel Parra recibi\u00f3 el Premio Barnasants a la Trayectoria Art\u00edstica en Barcelona - Museo Violeta Parra","isPartOf":{"@id":"http:\/\/vientosur.top\/museo\/#website"},"primaryImageOfPage":{"@id":"http:\/\/vientosur.top\/museo\/isabel-parra-recibio-el-premio-barnasants-a-la-trayectoria-artistica-en-barcelona\/#primaryimage"},"image":{"@id":"http:\/\/vientosur.top\/museo\/isabel-parra-recibio-el-premio-barnasants-a-la-trayectoria-artistica-en-barcelona\/#primaryimage"},"thumbnailUrl":"http:\/\/vientosur.top\/museo\/wp-content\/uploads\/2017\/09\/barnasant1.jpg","datePublished":"2017-09-15T17:37:03+00:00","author":{"@id":"http:\/\/vientosur.top\/museo\/#\/schema\/person\/20c79d3c38800971feec8c2693c3dd9c"},"breadcrumb":{"@id":"http:\/\/vientosur.top\/museo\/isabel-parra-recibio-el-premio-barnasants-a-la-trayectoria-artistica-en-barcelona\/#breadcrumb"},"inLanguage":"es","potentialAction":[{"@type":"ReadAction","target":["http:\/\/vientosur.top\/museo\/isabel-parra-recibio-el-premio-barnasants-a-la-trayectoria-artistica-en-barcelona\/"]}]},{"@type":"ImageObject","inLanguage":"es","@id":"http:\/\/vientosur.top\/museo\/isabel-parra-recibio-el-premio-barnasants-a-la-trayectoria-artistica-en-barcelona\/#primaryimage","url":"http:\/\/vientosur.top\/museo\/wp-content\/uploads\/2017\/09\/barnasant1.jpg","contentUrl":"http:\/\/vientosur.top\/museo\/wp-content\/uploads\/2017\/09\/barnasant1.jpg","width":1200,"height":900},{"@type":"BreadcrumbList","@id":"http:\/\/vientosur.top\/museo\/isabel-parra-recibio-el-premio-barnasants-a-la-trayectoria-artistica-en-barcelona\/#breadcrumb","itemListElement":[{"@type":"ListItem","position":1,"name":"Portada","item":"http:\/\/vientosur.top\/museo\/"},{"@type":"ListItem","position":2,"name":"Isabel Parra recibi\u00f3 el Premio Barnasants a la Trayectoria Art\u00edstica en Barcelona"}]},{"@type":"WebSite","@id":"http:\/\/vientosur.top\/museo\/#website","url":"http:\/\/vientosur.top\/museo\/","name":"Museo Violeta Parra","description":"Espacio que alberga tanto la memoria y legado creativo de la artista","potentialAction":[{"@type":"SearchAction","target":{"@type":"EntryPoint","urlTemplate":"http:\/\/vientosur.top\/museo\/?s={search_term_string}"},"query-input":{"@type":"PropertyValueSpecification","valueRequired":true,"valueName":"search_term_string"}}],"inLanguage":"es"},{"@type":"Person","@id":"http:\/\/vientosur.top\/museo\/#\/schema\/person\/20c79d3c38800971feec8c2693c3dd9c","name":"admin","image":{"@type":"ImageObject","inLanguage":"es","@id":"http:\/\/vientosur.top\/museo\/#\/schema\/person\/image\/","url":"https:\/\/secure.gravatar.com\/avatar\/713677ece3ffa642287213a80e5b773bce9ab81c269dd6d95102a990951c922f?s=96&d=mm&r=g","contentUrl":"https:\/\/secure.gravatar.com\/avatar\/713677ece3ffa642287213a80e5b773bce9ab81c269dd6d95102a990951c922f?s=96&d=mm&r=g","caption":"admin"},"sameAs":["http:\/\/vientosur.top\/museo"],"url":"http:\/\/vientosur.top\/museo\/author\/comunicacionesmvp\/"}]}},"_links":{"self":[{"href":"http:\/\/vientosur.top\/museo\/wp-json\/wp\/v2\/posts\/5314","targetHints":{"allow":["GET"]}}],"collection":[{"href":"http:\/\/vientosur.top\/museo\/wp-json\/wp\/v2\/posts"}],"about":[{"href":"http:\/\/vientosur.top\/museo\/wp-json\/wp\/v2\/types\/post"}],"author":[{"embeddable":true,"href":"http:\/\/vientosur.top\/museo\/wp-json\/wp\/v2\/users\/5"}],"replies":[{"embeddable":true,"href":"http:\/\/vientosur.top\/museo\/wp-json\/wp\/v2\/comments?post=5314"}],"version-history":[{"count":0,"href":"http:\/\/vientosur.top\/museo\/wp-json\/wp\/v2\/posts\/5314\/revisions"}],"wp:featuredmedia":[{"embeddable":true,"href":"http:\/\/vientosur.top\/museo\/wp-json\/wp\/v2\/media\/5315"}],"wp:attachment":[{"href":"http:\/\/vientosur.top\/museo\/wp-json\/wp\/v2\/media?parent=5314"}],"wp:term":[{"taxonomy":"category","embeddable":true,"href":"http:\/\/vientosur.top\/museo\/wp-json\/wp\/v2\/categories?post=5314"},{"taxonomy":"post_tag","embeddable":true,"href":"http:\/\/vientosur.top\/museo\/wp-json\/wp\/v2\/tags?post=5314"}],"curies":[{"name":"wp","href":"https:\/\/api.w.org\/{rel}","templated":true}]}}