{"id":5442,"date":"2017-10-04T16:49:32","date_gmt":"2017-10-04T16:49:32","guid":{"rendered":"http:\/\/vientosur.top\/museo\/\/?p=5442"},"modified":"2017-10-04T16:49:32","modified_gmt":"2017-10-04T16:49:32","slug":"5442-2","status":"publish","type":"post","link":"http:\/\/vientosur.top\/museo\/5442-2\/","title":{"rendered":"Museo Violeta Parra celebr\u00f3 100 a\u00f1os de la artista con inauguraci\u00f3n de Sala La Jardinera y exhibici\u00f3n, por primera vez, del \u00f3leo \u201cFiesta en casa de Violeta\u00bb"},"content":{"rendered":"<p>&nbsp;<\/p>\n<p><em>Al espacio educativo al aire libre, inspirado en la canci\u00f3n, se suma la exhibici\u00f3n in\u00e9dita del cuadro \u201cFiesta en casa de Violeta\u201d y la presentaci\u00f3n del \u00e1rbol geneal\u00f3gico de la familia Parra, comisionado a la artista Grace Weinrib.<\/em><\/p>\n<p><em>\u00a0<\/em><\/p>\n<p>Justo al cumplirse un siglo del nacimiento de Violeta del Carmen Parra Sandoval, el museo que conserva su legado celebra este hito con la apertura de la Sala La Jardinera. El espacio educativo y sensorial, desarrollado por el Museo Violeta Parra, financiado por Fundaci\u00f3n Cosmos y acogido a la Ley de Donaciones Culturales, fue inaugurado por la Presidenta Michelle Bachelet el 4 de octubre al mediod\u00eda.<\/p>\n<p>&nbsp;<\/p>\n<p>La Jardinera se ubica en el interior del museo y enfatiza en la relaci\u00f3n que Violeta Parra ten\u00eda con la naturaleza.\u00a0Este nuevo espacio tiene\u00a0violetas, pensamientos, manzanillones, amapolas, toronjil, entre muchas otras especies de plantas a las que la artista hace referencia en sus obras. La sala, con acceso universal, cuenta con una fuente de agua, bebederos de aves y pajareras, en un entorno que recuerda la flora maulina de su infancia.<\/p>\n<p>&nbsp;<\/p>\n<p>La Mandataria tambi\u00e9n visit\u00f3 el \u00f3leo \u201cFiesta en casa de Violeta\u201d, obra perteneciente a Milena Rojas Cereceda que se expondr\u00e1 durante el mes de octubre en la Sala Divina, y la obra \u201cVioleta\u201d creada por la artista visual Grace Weinrib en colaboraci\u00f3n con Milena, quien es nieta de la artista homenajeada. Esta obra contempor\u00e1nea se suma a \u201cCasa Violeta\u201d, de Pilar Quinteros, y al mural del frontis de la instituci\u00f3n pintado por Basco Vazko.<\/p>\n<p>&nbsp;<\/p>\n<p>\u201cEsta es una instituci\u00f3n viva, que le da nuevos br\u00edos al legado y memoria de Violeta Parra, aportando desde distintas \u00e1reas\u201d, se\u00f1ala Cecilia Garc\u00eda-Huidobro, Directora del museo.<\/p>\n<p>&nbsp;<\/p>\n<p>\u201cCumplimos dos a\u00f1os de vida, con m\u00e1s de 170.000 visitas que han participado de las muestras, conciertos, talleres y visitas guiadas de manera gratuita\u201d, agrega.<\/p>\n<p><a href=\"https:\/\/www.facebook.com\/pg\/MuseoVioletaParra\/photos\/?tab=album&amp;album_id=1999487686961309\" target=\"_blank\" rel=\"noopener noreferrer\"><strong>Ver galer\u00eda de im\u00e1genes\u00a0<\/strong><\/a><\/p>\n<p>&nbsp;<\/p>\n<p><a href=\"http:\/\/vientosur.top\/museo\/\/wp-content\/uploads\/2017\/10\/fiestaencasa.jpg\"><img fetchpriority=\"high\" decoding=\"async\" class=\"alignnone wp-image-5449\" src=\"http:\/\/vientosur.top\/museo\/\/wp-content\/uploads\/2017\/10\/fiestaencasa-1024x587.jpg\" alt=\"\" width=\"877\" height=\"503\" srcset=\"http:\/\/vientosur.top\/museo\/wp-content\/uploads\/2017\/10\/fiestaencasa-1024x587.jpg 1024w, http:\/\/vientosur.top\/museo\/wp-content\/uploads\/2017\/10\/fiestaencasa-600x344.jpg 600w, http:\/\/vientosur.top\/museo\/wp-content\/uploads\/2017\/10\/fiestaencasa-300x172.jpg 300w, http:\/\/vientosur.top\/museo\/wp-content\/uploads\/2017\/10\/fiestaencasa-768x441.jpg 768w, http:\/\/vientosur.top\/museo\/wp-content\/uploads\/2017\/10\/fiestaencasa-1536x881.jpg 1536w, http:\/\/vientosur.top\/museo\/wp-content\/uploads\/2017\/10\/fiestaencasa-2048x1175.jpg 2048w, http:\/\/vientosur.top\/museo\/wp-content\/uploads\/2017\/10\/fiestaencasa-1200x688.jpg 1200w, http:\/\/vientosur.top\/museo\/wp-content\/uploads\/2017\/10\/fiestaencasa-1980x1136.jpg 1980w\" sizes=\"(max-width: 877px) 100vw, 877px\" \/><\/a><\/p>\n<p><strong><br \/>\n4 de octubre: Fiesta en casa de Violeta<\/strong><\/p>\n<p><strong><br \/>\n<\/strong>Luego de la realizaci\u00f3n del acto oficial, el\u00a0museo recibi\u00f3 al p\u00fablico desde las 13:30 hasta las 18:00 horas. La \u201cFiesta en casa de Violeta\u201d comenz\u00f3 con la presentaci\u00f3n musical del grupo Las Primas, quienes interpretaron diversas cuecas de la autora de \u201cLa Jardinera\u201d. A las 14:00 horas se realiz\u00f3 en la explanada el\u00a0<a href=\"http:\/\/vientosur.top\/museo\/\/actividades\/actividad\/taller-de-libro-textil-sobre-arpillera-decimas-autobiograficas-para-ninos-y-adultos\/\">Taller de Libro Textil sobre Arpillera, basado en las \u201cD\u00e9cimas Autobiogr\u00e1ficas\u201d<\/a>\u00a0de la cantautora. A las 15:30 horas el equipo del \u00e1rea educativa realiz\u00f3 una mediaci\u00f3n al aire libre del proyecto itinerante \u201cLa Maleta de Violeta\u201d, seguida de la presentaci\u00f3n de la hist\u00f3rica familia Lizana de chinchineros y organilleros.<\/p>\n<p>&nbsp;<\/p>\n<p>Finalmente la jornada termin\u00f3 con la banda copiapina As\u00ed e\u2019la Cosa que, por medio de la investigaci\u00f3n geogr\u00e1fica y difusi\u00f3n de la m\u00fasica tradicional, busca dar a conocer el ambiente que se vive en las fiestas \u201ca la chilena\u201d.<\/p>\n<p>&nbsp;<\/p>\n<p><strong>M\u00fasica en el museo\u00a0<\/strong><\/p>\n<p><strong><br \/>\n<\/strong>El Museo Violeta Parra celebrar\u00e1 los 100 a\u00f1os de la artista con diversas presentaciones musicales a las 16:00 horas, entre las que destacan: Homenaje del Sindicato de Folkloristas (s\u00e1bado 7), Coro Barbagelata (domingo 8), Canto Mayor de Algarrobo (s\u00e1bado 14), Tita Parra (domingo 15), Mar\u00eda Esther Zamora y Pepe Fuentes (s\u00e1bado 21), Isabel Parra (domingo 22), The League of Guitarists (s\u00e1bado 28) y el Coro Madrigalistas de la Universidad de Playa Ancha (domingo 29). Los espect\u00e1culos en la explanada son abiertos al p\u00fablico por orden de llegada y los que se realizan en el auditorio cuentan con reserva gratuita de entradas por el sitio web <a href=\"http:\/\/vientosur.top\/museo\">www.museovioletaparra.cl<\/a>, desde el lunes anterior a su realizaci\u00f3n.<\/p>\n<p>&nbsp;<\/p>\n<p>Al programa de extensi\u00f3n cultural tambi\u00e9n se suman las charlas: \u201cVioleta Parra. El canto de todos\u201d por Patricia Stambuk (martes 11 a las 16:00 horas), \u201cVioleta Parra: creadora de mundos y canciones\u201d por el music\u00f3logo Juan Pablo Gonz\u00e1lez (mi\u00e9rcoles 12 a las 18:30 horas), \u201cVioleta Parra en el Wallmapu\u201d por Elisa Loncon, Paula Miranda y Allison Ramay (jueves 19 a las 16:00 horas), \u00abIm\u00e1genes del Chile de Violeta Parra (1917-1967) en el Archivo Fotogr\u00e1fico de la Biblioteca Nacional\u00bb por Soledad Abarca (jueves 26 a las 16:00 horas) y \u201cLa m\u00fasica de Violeta Parra en el cine chileno\u201d por Luis Horta de la Cineteca de la U. de Chile (viernes 27 a las 16:00 horas). \u00a0<a href=\"http:\/\/vientosur.top\/museo\/\/actividades\/actividad\">Ver toda la programaci\u00f3n de octubre en este enlace<\/a>.<\/p>\n<p>&nbsp;<\/p>\n<p><a href=\"http:\/\/vientosur.top\/museo\/\/wp-content\/uploads\/2017\/10\/Carteleraoctubre.png\"><img decoding=\"async\" class=\"alignleft wp-image-5453\" src=\"http:\/\/vientosur.top\/museo\/\/wp-content\/uploads\/2017\/10\/Carteleraoctubre-602x1024.png\" alt=\"\" width=\"877\" height=\"1492\" \/><\/a><\/p>\n<p>&nbsp;<\/p>\n<p>&nbsp;<\/p>\n<p>&nbsp;<\/p>\n<p>&nbsp;<\/p>\n","protected":false},"excerpt":{"rendered":"<p>&nbsp; Al espacio educativo al aire libre, inspirado en la canci\u00f3n, se suma la exhibici\u00f3n in\u00e9dita del cuadro \u201cFiesta en casa de Violeta\u201d y la presentaci\u00f3n del \u00e1rbol geneal\u00f3gico de la familia Parra, comisionado a la artista Grace Weinrib. \u00a0 Justo al cumplirse un siglo del nacimiento de Violeta del Carmen Parra Sandoval, el museo [&hellip;]<\/p>\n","protected":false},"author":5,"featured_media":5448,"comment_status":"open","ping_status":"open","sticky":false,"template":"","format":"standard","meta":{"site-sidebar-layout":"default","site-content-layout":"","ast-site-content-layout":"default","site-content-style":"default","site-sidebar-style":"default","ast-global-header-display":"","ast-banner-title-visibility":"","ast-main-header-display":"","ast-hfb-above-header-display":"","ast-hfb-below-header-display":"","ast-hfb-mobile-header-display":"","site-post-title":"","ast-breadcrumbs-content":"","ast-featured-img":"","footer-sml-layout":"","theme-transparent-header-meta":"","adv-header-id-meta":"","stick-header-meta":"","header-above-stick-meta":"","header-main-stick-meta":"","header-below-stick-meta":"","astra-migrate-meta-layouts":"default","ast-page-background-enabled":"default","ast-page-background-meta":{"desktop":{"background-color":"var(--ast-global-color-4)","background-image":"","background-repeat":"repeat","background-position":"center center","background-size":"auto","background-attachment":"scroll","background-type":"","background-media":"","overlay-type":"","overlay-color":"","overlay-opacity":"","overlay-gradient":""},"tablet":{"background-color":"","background-image":"","background-repeat":"repeat","background-position":"center center","background-size":"auto","background-attachment":"scroll","background-type":"","background-media":"","overlay-type":"","overlay-color":"","overlay-opacity":"","overlay-gradient":""},"mobile":{"background-color":"","background-image":"","background-repeat":"repeat","background-position":"center center","background-size":"auto","background-attachment":"scroll","background-type":"","background-media":"","overlay-type":"","overlay-color":"","overlay-opacity":"","overlay-gradient":""}},"ast-content-background-meta":{"desktop":{"background-color":"var(--ast-global-color-5)","background-image":"","background-repeat":"repeat","background-position":"center center","background-size":"auto","background-attachment":"scroll","background-type":"","background-media":"","overlay-type":"","overlay-color":"","overlay-opacity":"","overlay-gradient":""},"tablet":{"background-color":"var(--ast-global-color-5)","background-image":"","background-repeat":"repeat","background-position":"center center","background-size":"auto","background-attachment":"scroll","background-type":"","background-media":"","overlay-type":"","overlay-color":"","overlay-opacity":"","overlay-gradient":""},"mobile":{"background-color":"var(--ast-global-color-5)","background-image":"","background-repeat":"repeat","background-position":"center center","background-size":"auto","background-attachment":"scroll","background-type":"","background-media":"","overlay-type":"","overlay-color":"","overlay-opacity":"","overlay-gradient":""}},"footnotes":""},"categories":[59,8,61],"tags":[],"class_list":["post-5442","post","type-post","status-publish","format-standard","has-post-thumbnail","hentry","category-destacado-noticia","category-noticias","category-novedades"],"yoast_head":"<!-- This site is optimized with the Yoast SEO plugin v25.4 - https:\/\/yoast.com\/wordpress\/plugins\/seo\/ -->\n<title>Museo Violeta Parra celebr\u00f3 100 a\u00f1os de la artista con inauguraci\u00f3n de Sala La Jardinera y exhibici\u00f3n, por primera vez, del \u00f3leo \u201cFiesta en casa de Violeta&quot; - Museo Violeta Parra<\/title>\n<meta name=\"robots\" content=\"index, follow, max-snippet:-1, max-image-preview:large, max-video-preview:-1\" \/>\n<link rel=\"canonical\" href=\"http:\/\/vientosur.top\/museo\/5442-2\/\" \/>\n<meta property=\"og:locale\" content=\"es_ES\" \/>\n<meta property=\"og:type\" content=\"article\" \/>\n<meta property=\"og:title\" content=\"Museo Violeta Parra celebr\u00f3 100 a\u00f1os de la artista con inauguraci\u00f3n de Sala La Jardinera y exhibici\u00f3n, por primera vez, del \u00f3leo \u201cFiesta en casa de Violeta&quot; - Museo Violeta Parra\" \/>\n<meta property=\"og:description\" content=\"&nbsp; Al espacio educativo al aire libre, inspirado en la canci\u00f3n, se suma la exhibici\u00f3n in\u00e9dita del cuadro \u201cFiesta en casa de Violeta\u201d y la presentaci\u00f3n del \u00e1rbol geneal\u00f3gico de la familia Parra, comisionado a la artista Grace Weinrib. \u00a0 Justo al cumplirse un siglo del nacimiento de Violeta del Carmen Parra Sandoval, el museo [&hellip;]\" \/>\n<meta property=\"og:url\" content=\"http:\/\/vientosur.top\/museo\/5442-2\/\" \/>\n<meta property=\"og:site_name\" content=\"Museo Violeta Parra\" \/>\n<meta property=\"article:published_time\" content=\"2017-10-04T16:49:32+00:00\" \/>\n<meta property=\"og:image\" content=\"http:\/\/vientosur.top\/museo\/wp-content\/uploads\/2017\/10\/lajardinera1.jpg\" \/>\n\t<meta property=\"og:image:width\" content=\"1200\" \/>\n\t<meta property=\"og:image:height\" content=\"800\" \/>\n\t<meta property=\"og:image:type\" content=\"image\/jpeg\" \/>\n<meta name=\"author\" content=\"admin\" \/>\n<meta name=\"twitter:card\" content=\"summary_large_image\" \/>\n<meta name=\"twitter:label1\" content=\"Escrito por\" \/>\n\t<meta name=\"twitter:data1\" content=\"admin\" \/>\n\t<meta name=\"twitter:label2\" content=\"Tiempo de lectura\" \/>\n\t<meta name=\"twitter:data2\" content=\"4 minutos\" \/>\n<script type=\"application\/ld+json\" class=\"yoast-schema-graph\">{\"@context\":\"https:\/\/schema.org\",\"@graph\":[{\"@type\":\"WebPage\",\"@id\":\"http:\/\/vientosur.top\/museo\/5442-2\/\",\"url\":\"http:\/\/vientosur.top\/museo\/5442-2\/\",\"name\":\"Museo Violeta Parra celebr\u00f3 100 a\u00f1os de la artista con inauguraci\u00f3n de Sala La Jardinera y exhibici\u00f3n, por primera vez, del \u00f3leo \u201cFiesta en casa de Violeta\\\" - Museo Violeta Parra\",\"isPartOf\":{\"@id\":\"http:\/\/vientosur.top\/museo\/#website\"},\"primaryImageOfPage\":{\"@id\":\"http:\/\/vientosur.top\/museo\/5442-2\/#primaryimage\"},\"image\":{\"@id\":\"http:\/\/vientosur.top\/museo\/5442-2\/#primaryimage\"},\"thumbnailUrl\":\"http:\/\/vientosur.top\/museo\/wp-content\/uploads\/2017\/10\/lajardinera1.jpg\",\"datePublished\":\"2017-10-04T16:49:32+00:00\",\"author\":{\"@id\":\"http:\/\/vientosur.top\/museo\/#\/schema\/person\/20c79d3c38800971feec8c2693c3dd9c\"},\"breadcrumb\":{\"@id\":\"http:\/\/vientosur.top\/museo\/5442-2\/#breadcrumb\"},\"inLanguage\":\"es\",\"potentialAction\":[{\"@type\":\"ReadAction\",\"target\":[\"http:\/\/vientosur.top\/museo\/5442-2\/\"]}]},{\"@type\":\"ImageObject\",\"inLanguage\":\"es\",\"@id\":\"http:\/\/vientosur.top\/museo\/5442-2\/#primaryimage\",\"url\":\"http:\/\/vientosur.top\/museo\/wp-content\/uploads\/2017\/10\/lajardinera1.jpg\",\"contentUrl\":\"http:\/\/vientosur.top\/museo\/wp-content\/uploads\/2017\/10\/lajardinera1.jpg\",\"width\":1200,\"height\":800},{\"@type\":\"BreadcrumbList\",\"@id\":\"http:\/\/vientosur.top\/museo\/5442-2\/#breadcrumb\",\"itemListElement\":[{\"@type\":\"ListItem\",\"position\":1,\"name\":\"Portada\",\"item\":\"http:\/\/vientosur.top\/museo\/\"},{\"@type\":\"ListItem\",\"position\":2,\"name\":\"Museo Violeta Parra celebr\u00f3 100 a\u00f1os de la artista con inauguraci\u00f3n de Sala La Jardinera y exhibici\u00f3n, por primera vez, del \u00f3leo \u201cFiesta en casa de Violeta\u00bb\"}]},{\"@type\":\"WebSite\",\"@id\":\"http:\/\/vientosur.top\/museo\/#website\",\"url\":\"http:\/\/vientosur.top\/museo\/\",\"name\":\"Museo Violeta Parra\",\"description\":\"Espacio que alberga tanto la memoria y legado creativo de la artista\",\"potentialAction\":[{\"@type\":\"SearchAction\",\"target\":{\"@type\":\"EntryPoint\",\"urlTemplate\":\"http:\/\/vientosur.top\/museo\/?s={search_term_string}\"},\"query-input\":{\"@type\":\"PropertyValueSpecification\",\"valueRequired\":true,\"valueName\":\"search_term_string\"}}],\"inLanguage\":\"es\"},{\"@type\":\"Person\",\"@id\":\"http:\/\/vientosur.top\/museo\/#\/schema\/person\/20c79d3c38800971feec8c2693c3dd9c\",\"name\":\"admin\",\"image\":{\"@type\":\"ImageObject\",\"inLanguage\":\"es\",\"@id\":\"http:\/\/vientosur.top\/museo\/#\/schema\/person\/image\/\",\"url\":\"https:\/\/secure.gravatar.com\/avatar\/713677ece3ffa642287213a80e5b773bce9ab81c269dd6d95102a990951c922f?s=96&d=mm&r=g\",\"contentUrl\":\"https:\/\/secure.gravatar.com\/avatar\/713677ece3ffa642287213a80e5b773bce9ab81c269dd6d95102a990951c922f?s=96&d=mm&r=g\",\"caption\":\"admin\"},\"sameAs\":[\"http:\/\/vientosur.top\/museo\"],\"url\":\"http:\/\/vientosur.top\/museo\/author\/comunicacionesmvp\/\"}]}<\/script>\n<!-- \/ Yoast SEO plugin. -->","yoast_head_json":{"title":"Museo Violeta Parra celebr\u00f3 100 a\u00f1os de la artista con inauguraci\u00f3n de Sala La Jardinera y exhibici\u00f3n, por primera vez, del \u00f3leo \u201cFiesta en casa de Violeta\" - Museo Violeta Parra","robots":{"index":"index","follow":"follow","max-snippet":"max-snippet:-1","max-image-preview":"max-image-preview:large","max-video-preview":"max-video-preview:-1"},"canonical":"http:\/\/vientosur.top\/museo\/5442-2\/","og_locale":"es_ES","og_type":"article","og_title":"Museo Violeta Parra celebr\u00f3 100 a\u00f1os de la artista con inauguraci\u00f3n de Sala La Jardinera y exhibici\u00f3n, por primera vez, del \u00f3leo \u201cFiesta en casa de Violeta\" - Museo Violeta Parra","og_description":"&nbsp; Al espacio educativo al aire libre, inspirado en la canci\u00f3n, se suma la exhibici\u00f3n in\u00e9dita del cuadro \u201cFiesta en casa de Violeta\u201d y la presentaci\u00f3n del \u00e1rbol geneal\u00f3gico de la familia Parra, comisionado a la artista Grace Weinrib. \u00a0 Justo al cumplirse un siglo del nacimiento de Violeta del Carmen Parra Sandoval, el museo [&hellip;]","og_url":"http:\/\/vientosur.top\/museo\/5442-2\/","og_site_name":"Museo Violeta Parra","article_published_time":"2017-10-04T16:49:32+00:00","og_image":[{"width":1200,"height":800,"url":"http:\/\/vientosur.top\/museo\/wp-content\/uploads\/2017\/10\/lajardinera1.jpg","type":"image\/jpeg"}],"author":"admin","twitter_card":"summary_large_image","twitter_misc":{"Escrito por":"admin","Tiempo de lectura":"4 minutos"},"schema":{"@context":"https:\/\/schema.org","@graph":[{"@type":"WebPage","@id":"http:\/\/vientosur.top\/museo\/5442-2\/","url":"http:\/\/vientosur.top\/museo\/5442-2\/","name":"Museo Violeta Parra celebr\u00f3 100 a\u00f1os de la artista con inauguraci\u00f3n de Sala La Jardinera y exhibici\u00f3n, por primera vez, del \u00f3leo \u201cFiesta en casa de Violeta\" - Museo Violeta Parra","isPartOf":{"@id":"http:\/\/vientosur.top\/museo\/#website"},"primaryImageOfPage":{"@id":"http:\/\/vientosur.top\/museo\/5442-2\/#primaryimage"},"image":{"@id":"http:\/\/vientosur.top\/museo\/5442-2\/#primaryimage"},"thumbnailUrl":"http:\/\/vientosur.top\/museo\/wp-content\/uploads\/2017\/10\/lajardinera1.jpg","datePublished":"2017-10-04T16:49:32+00:00","author":{"@id":"http:\/\/vientosur.top\/museo\/#\/schema\/person\/20c79d3c38800971feec8c2693c3dd9c"},"breadcrumb":{"@id":"http:\/\/vientosur.top\/museo\/5442-2\/#breadcrumb"},"inLanguage":"es","potentialAction":[{"@type":"ReadAction","target":["http:\/\/vientosur.top\/museo\/5442-2\/"]}]},{"@type":"ImageObject","inLanguage":"es","@id":"http:\/\/vientosur.top\/museo\/5442-2\/#primaryimage","url":"http:\/\/vientosur.top\/museo\/wp-content\/uploads\/2017\/10\/lajardinera1.jpg","contentUrl":"http:\/\/vientosur.top\/museo\/wp-content\/uploads\/2017\/10\/lajardinera1.jpg","width":1200,"height":800},{"@type":"BreadcrumbList","@id":"http:\/\/vientosur.top\/museo\/5442-2\/#breadcrumb","itemListElement":[{"@type":"ListItem","position":1,"name":"Portada","item":"http:\/\/vientosur.top\/museo\/"},{"@type":"ListItem","position":2,"name":"Museo Violeta Parra celebr\u00f3 100 a\u00f1os de la artista con inauguraci\u00f3n de Sala La Jardinera y exhibici\u00f3n, por primera vez, del \u00f3leo \u201cFiesta en casa de Violeta\u00bb"}]},{"@type":"WebSite","@id":"http:\/\/vientosur.top\/museo\/#website","url":"http:\/\/vientosur.top\/museo\/","name":"Museo Violeta Parra","description":"Espacio que alberga tanto la memoria y legado creativo de la artista","potentialAction":[{"@type":"SearchAction","target":{"@type":"EntryPoint","urlTemplate":"http:\/\/vientosur.top\/museo\/?s={search_term_string}"},"query-input":{"@type":"PropertyValueSpecification","valueRequired":true,"valueName":"search_term_string"}}],"inLanguage":"es"},{"@type":"Person","@id":"http:\/\/vientosur.top\/museo\/#\/schema\/person\/20c79d3c38800971feec8c2693c3dd9c","name":"admin","image":{"@type":"ImageObject","inLanguage":"es","@id":"http:\/\/vientosur.top\/museo\/#\/schema\/person\/image\/","url":"https:\/\/secure.gravatar.com\/avatar\/713677ece3ffa642287213a80e5b773bce9ab81c269dd6d95102a990951c922f?s=96&d=mm&r=g","contentUrl":"https:\/\/secure.gravatar.com\/avatar\/713677ece3ffa642287213a80e5b773bce9ab81c269dd6d95102a990951c922f?s=96&d=mm&r=g","caption":"admin"},"sameAs":["http:\/\/vientosur.top\/museo"],"url":"http:\/\/vientosur.top\/museo\/author\/comunicacionesmvp\/"}]}},"_links":{"self":[{"href":"http:\/\/vientosur.top\/museo\/wp-json\/wp\/v2\/posts\/5442","targetHints":{"allow":["GET"]}}],"collection":[{"href":"http:\/\/vientosur.top\/museo\/wp-json\/wp\/v2\/posts"}],"about":[{"href":"http:\/\/vientosur.top\/museo\/wp-json\/wp\/v2\/types\/post"}],"author":[{"embeddable":true,"href":"http:\/\/vientosur.top\/museo\/wp-json\/wp\/v2\/users\/5"}],"replies":[{"embeddable":true,"href":"http:\/\/vientosur.top\/museo\/wp-json\/wp\/v2\/comments?post=5442"}],"version-history":[{"count":0,"href":"http:\/\/vientosur.top\/museo\/wp-json\/wp\/v2\/posts\/5442\/revisions"}],"wp:featuredmedia":[{"embeddable":true,"href":"http:\/\/vientosur.top\/museo\/wp-json\/wp\/v2\/media\/5448"}],"wp:attachment":[{"href":"http:\/\/vientosur.top\/museo\/wp-json\/wp\/v2\/media?parent=5442"}],"wp:term":[{"taxonomy":"category","embeddable":true,"href":"http:\/\/vientosur.top\/museo\/wp-json\/wp\/v2\/categories?post=5442"},{"taxonomy":"post_tag","embeddable":true,"href":"http:\/\/vientosur.top\/museo\/wp-json\/wp\/v2\/tags?post=5442"}],"curies":[{"name":"wp","href":"https:\/\/api.w.org\/{rel}","templated":true}]}}